{"id":44302,"date":"2023-10-17T16:16:14","date_gmt":"2023-10-17T20:16:14","guid":{"rendered":"https:\/\/www.uqac.ca\/?p=44302"},"modified":"2024-07-31T15:04:19","modified_gmt":"2024-07-31T19:04:19","slug":"une-chaire-de-recherche-de-niveau-2-en-technologie-durabilite-et-societe-pour-la-professeure-myriam-ertz","status":"publish","type":"post","link":"https:\/\/www.uqac.ca\/uqactualites\/2023\/10\/17\/une-chaire-de-recherche-de-niveau-2-en-technologie-durabilite-et-societe-pour-la-professeure-myriam-ertz\/","title":{"rendered":"Une chaire de recherche du Canada en technologie, durabilit\u00e9 et soci\u00e9t\u00e9 pour la professeure Myriam Ertz"},"content":{"rendered":"<p><span data-contrast=\"auto\">Toutes nos f\u00e9licitations \u00e0 <a href=\"https:\/\/www.uqac.ca\/portfolio\/myriamertz\/\" target=\"_blank\" rel=\"noopener\">la professeure<\/a> du D\u00e9partement des sciences \u00e9conomiques et administratives (DSEA) <\/span><span data-contrast=\"none\">Myriam Ertz<\/span><span data-contrast=\"auto\">, qui a obtenu une nouvelle Chaire de recherche du Canada (CRC) de niveau 2 en technologie, durabilit\u00e9 et soci\u00e9t\u00e9. Cette CRC octroy\u00e9e par le <\/span><a href=\"https:\/\/www.sshrc-crsh.gc.ca\/home-accueil-fra.aspx\" target=\"_blank\" rel=\"noopener\"><span data-contrast=\"none\">Conseil de recherches en sciences humaines (CRSH)<\/span><\/a><span data-contrast=\"auto\"> vise \u00e0 \u00e9tudier comment les nouvelles technologies contribuent au d\u00e9veloppement durable afin de r\u00e9pondre de mani\u00e8re optimale aux besoins humains.<\/span><\/p>\n<p>Les chaires de recherche de niveau 2 ont une dur\u00e9e de cinq ans et son renouvelable une fois. Elles sont destin\u00e9es aux chercheuses et chercheurs \u00e9mergents exceptionnels consid\u00e9r\u00e9s par leurs pairs comme \u00e9tant susceptibles de devenir des chefs de file dans leur domaine. Pour chaque chaire de niveau\u00a02, l\u2019\u00e9tablissement re\u00e7oit\u00a0 un montant 100\u00a0000\u00a0$ par ann\u00e9e pendant cinq\u00a0ans, auquel s\u2019ajoute une somme additionnelle de 20\u00a0000\u00a0$ par ann\u00e9e \u00e0 titre d\u2019allocation de recherche pour tout titulaire d\u2019une chaire de niveau\u00a02 qui en est \u00e0 son premier\u00a0mandat.<\/p>\n<p><span data-contrast=\"auto\">Les activit\u00e9s de recherche de la Chaire de la professeure Myriam Ertz seront effectu\u00e9es en trois axes. L\u2019axe 1 <\/span><i><span data-contrast=\"auto\">Nouvelles technologies et besoins humains <\/span><\/i><span data-contrast=\"auto\">cherche \u00e0 documenter le lien entre les nouveaux outils, les nouvelles plateformes technologiques et les besoins humains. Ensuite, l\u2019axe 2 <\/span><i><span data-contrast=\"auto\">Durabilit\u00e9 des solutions technologiques\u00a0<\/span><\/i><span data-contrast=\"auto\">a\u00a0<\/span><span data-contrast=\"auto\">pour objectif d\u2019\u00e9valuer les limites et les fronti\u00e8res des nouvelles technologies pour la durabilit\u00e9 et le bien \u00eatre humain. Finalement, dans l\u2019axe 3 <\/span><i><span data-contrast=\"auto\">Nouvelles technologies pour la promotion de la durabilit\u00e9<\/span><\/i><span data-contrast=\"auto\">, il s\u2019agit d\u2019explorer la mani\u00e8re de mobiliser la technologie pour motiver la collectivit\u00e9 vers un changement d\u2019habitudes de consommations et de m\u00e9thodes de productions, afin d\u2019\u00e9voluer vers des comportements et pratiques plus durables.<\/span><span data-ccp-props=\"{&quot;201341983&quot;:0,&quot;335559739&quot;:160,&quot;335559740&quot;:259}\">\u00a0<\/span><\/p>\n<p><span data-contrast=\"auto\">La chaire pourra b\u00e9n\u00e9ficier de l\u2019expertise en recherche du <\/span><a href=\"https:\/\/www.uqac.ca\/departements\/dsea\/\" target=\"_blank\" rel=\"noopener\"><span data-contrast=\"none\">D\u00e9partement des sciences \u00e9conomiques et administratives<\/span><\/a><span data-contrast=\"auto\">, mais aussi d\u2019une collaboration \u00e9troite avec le <\/span><a href=\"https:\/\/recherche.uqac.ca\/labonfc\/\" target=\"_blank\" rel=\"noopener\"><span data-contrast=\"none\">Laboratoire de recherche sur les nouvelles formes de consommation (LaboNFC)<\/span><\/a><span data-contrast=\"auto\">,<\/span><span data-contrast=\"auto\">\u00a0fond\u00e9 et dirig\u00e9 par la professeure Ertz. Ce laboratoire de l\u2019UQAC unique en Am\u00e9rique du Nord mobilise plusieurs professeures et professeurs du DSEA dans l\u2019\u00e9laboration de projets de recherches en lien avec les nouvelles technologies et avec les nouvelles formes de consommation. De plus, il implique plusieurs \u00e9tudiantes et \u00e9tudiants issus du D\u00e9partement afin de parfaire leur formation en recherche.<\/span><\/p>\n","protected":false},"excerpt":{"rendered":"<p>Toutes nos f\u00e9licitations \u00e0 la professeure du D\u00e9partement des sciences \u00e9conomiques et administratives (DSEA) Myriam Ertz, qui a obtenu une nouvelle Chaire de recherche du Canada (CRC) de niveau 2 en technologie, durabilit\u00e9 et soci\u00e9t\u00e9. Cette CRC octroy\u00e9e par le Conseil de recherches en sciences humaines (CRSH) vise \u00e0 \u00e9tudier comment les nouvelles technologies contribuent [&hellip;]<\/p>\n","protected":false},"author":5,"featured_media":39675,"comment_status":"closed","ping_status":"closed","sticky":false,"template":"","format":"standard","meta":{"footnotes":""},"categories":[2795,4],"tags":[327,503,8,202],"yoast_head":"<!-- This site is optimized with the Yoast SEO plugin v24.2 - https:\/\/yoast.com\/wordpress\/plugins\/seo\/ -->\r\n<title>Une chaire de recherche du Canada en technologie, durabilit\u00e9 et soci\u00e9t\u00e9 pour la professeure Myriam Ertz - UQACtualit\u00e9s<\/title>\r\n<meta name=\"description\" content=\"F\u00e9licitations \u00e0 la professeure Myriam Ertz, qui a obtenu une Chaire de recherche du Canada de niveau 2 en technologie, durabilit\u00e9 et soci\u00e9t\u00e9.\" \/>\r\n<meta name=\"robots\" content=\"index, follow, max-snippet:-1, max-image-preview:large, max-video-preview:-1\" \/>\r\n<link rel=\"canonical\" href=\"https:\/\/www.uqac.ca\/uqactualites\/2023\/10\/17\/une-chaire-de-recherche-de-niveau-2-en-technologie-durabilite-et-societe-pour-la-professeure-myriam-ertz\/\" \/>\r\n<meta property=\"og:locale\" content=\"fr_CA\" \/>\r\n<meta property=\"og:type\" content=\"article\" \/>\r\n<meta property=\"og:title\" content=\"Une chaire de recherche du Canada en technologie, durabilit\u00e9 et soci\u00e9t\u00e9 pour la professeure Myriam Ertz - UQACtualit\u00e9s\" \/>\r\n<meta property=\"og:description\" content=\"F\u00e9licitations \u00e0 la professeure Myriam Ertz, qui a obtenu une Chaire de recherche du Canada de niveau 2 en technologie, durabilit\u00e9 et soci\u00e9t\u00e9.\" \/>\r\n<meta property=\"og:url\" content=\"https:\/\/www.uqac.ca\/uqactualites\/2023\/10\/17\/une-chaire-de-recherche-de-niveau-2-en-technologie-durabilite-et-societe-pour-la-professeure-myriam-ertz\/\" \/>\r\n<meta property=\"og:site_name\" content=\"UQACtualit\u00e9s\" \/>\r\n<meta property=\"article:published_time\" content=\"2023-10-17T20:16:14+00:00\" \/>\r\n<meta property=\"article:modified_time\" content=\"2024-07-31T19:04:19+00:00\" \/>\r\n<meta property=\"og:image\" content=\"https:\/\/www.uqac.ca\/uqactualites\/wp-content\/uploads\/2021\/04\/NUM_MyriamErtzH21_Uqctualite1920X1080-scaled.jpg\" \/>\r\n\t<meta property=\"og:image:width\" content=\"2560\" \/>\r\n\t<meta property=\"og:image:height\" content=\"1440\" \/>\r\n\t<meta property=\"og:image:type\" content=\"image\/jpeg\" \/>\r\n<meta name=\"author\" content=\"Service des communications et des relations publiques\" \/>\r\n<meta name=\"twitter:card\" content=\"summary_large_image\" \/>\r\n<meta name=\"twitter:label1\" content=\"\u00c9crit par\" \/>\n\t<meta name=\"twitter:data1\" content=\"Service des communications et des relations publiques\" \/>\n\t<meta name=\"twitter:label2\" content=\"Estimation du temps de lecture\" \/>\n\t<meta name=\"twitter:data2\" content=\"3 minutes\" \/>\r\n<script type=\"application\/ld+json\" class=\"yoast-schema-graph\">{\"@context\":\"https:\/\/schema.org\",\"@graph\":[{\"@type\":\"WebPage\",\"@id\":\"https:\/\/www.uqac.ca\/uqactualites\/2023\/10\/17\/une-chaire-de-recherche-de-niveau-2-en-technologie-durabilite-et-societe-pour-la-professeure-myriam-ertz\/\",\"url\":\"https:\/\/www.uqac.ca\/uqactualites\/2023\/10\/17\/une-chaire-de-recherche-de-niveau-2-en-technologie-durabilite-et-societe-pour-la-professeure-myriam-ertz\/\",\"name\":\"Une chaire de recherche du Canada en technologie, durabilit\u00e9 et soci\u00e9t\u00e9 pour la professeure Myriam Ertz - UQACtualit\u00e9s\",\"isPartOf\":{\"@id\":\"https:\/\/www.uqac.ca\/uqactualites\/#website\"},\"primaryImageOfPage\":{\"@id\":\"https:\/\/www.uqac.ca\/uqactualites\/2023\/10\/17\/une-chaire-de-recherche-de-niveau-2-en-technologie-durabilite-et-societe-pour-la-professeure-myriam-ertz\/#primaryimage\"},\"image\":{\"@id\":\"https:\/\/www.uqac.ca\/uqactualites\/2023\/10\/17\/une-chaire-de-recherche-de-niveau-2-en-technologie-durabilite-et-societe-pour-la-professeure-myriam-ertz\/#primaryimage\"},\"thumbnailUrl\":\"https:\/\/www.uqac.ca\/uqactualites\/wp-content\/uploads\/2021\/04\/NUM_MyriamErtzH21_Uqctualite1920X1080-scaled.jpg\",\"datePublished\":\"2023-10-17T20:16:14+00:00\",\"dateModified\":\"2024-07-31T19:04:19+00:00\",\"author\":{\"@id\":\"https:\/\/www.uqac.ca\/uqactualites\/#\/schema\/person\/366c45a0c4f0e677b41b4af5886e2018\"},\"description\":\"F\u00e9licitations \u00e0 la professeure Myriam Ertz, qui a obtenu une Chaire de recherche du Canada de niveau 2 en technologie, durabilit\u00e9 et soci\u00e9t\u00e9.\",\"breadcrumb\":{\"@id\":\"https:\/\/www.uqac.ca\/uqactualites\/2023\/10\/17\/une-chaire-de-recherche-de-niveau-2-en-technologie-durabilite-et-societe-pour-la-professeure-myriam-ertz\/#breadcrumb\"},\"inLanguage\":\"fr-CA\",\"potentialAction\":[{\"@type\":\"ReadAction\",\"target\":[\"https:\/\/www.uqac.ca\/uqactualites\/2023\/10\/17\/une-chaire-de-recherche-de-niveau-2-en-technologie-durabilite-et-societe-pour-la-professeure-myriam-ertz\/\"]}]},{\"@type\":\"ImageObject\",\"inLanguage\":\"fr-CA\",\"@id\":\"https:\/\/www.uqac.ca\/uqactualites\/2023\/10\/17\/une-chaire-de-recherche-de-niveau-2-en-technologie-durabilite-et-societe-pour-la-professeure-myriam-ertz\/#primaryimage\",\"url\":\"https:\/\/www.uqac.ca\/uqactualites\/wp-content\/uploads\/2021\/04\/NUM_MyriamErtzH21_Uqctualite1920X1080-scaled.jpg\",\"contentUrl\":\"https:\/\/www.uqac.ca\/uqactualites\/wp-content\/uploads\/2021\/04\/NUM_MyriamErtzH21_Uqctualite1920X1080-scaled.jpg\",\"width\":2560,\"height\":1440,\"caption\":\"Myriam Ertz\"},{\"@type\":\"BreadcrumbList\",\"@id\":\"https:\/\/www.uqac.ca\/uqactualites\/2023\/10\/17\/une-chaire-de-recherche-de-niveau-2-en-technologie-durabilite-et-societe-pour-la-professeure-myriam-ertz\/#breadcrumb\",\"itemListElement\":[{\"@type\":\"ListItem\",\"position\":1,\"name\":\"Home\",\"item\":\"https:\/\/www.uqac.ca\/uqactualites\/\"},{\"@type\":\"ListItem\",\"position\":2,\"name\":\"Une chaire de recherche du Canada en technologie, durabilit\u00e9 et soci\u00e9t\u00e9 pour la professeure Myriam Ertz\"}]},{\"@type\":\"WebSite\",\"@id\":\"https:\/\/www.uqac.ca\/uqactualites\/#website\",\"url\":\"https:\/\/www.uqac.ca\/uqactualites\/\",\"name\":\"UQACtualit\u00e9s\",\"description\":\"Le portail des nouvelles de l&#039;UQAC\",\"potentialAction\":[{\"@type\":\"SearchAction\",\"target\":{\"@type\":\"EntryPoint\",\"urlTemplate\":\"https:\/\/www.uqac.ca\/uqactualites\/?s={search_term_string}\"},\"query-input\":{\"@type\":\"PropertyValueSpecification\",\"valueRequired\":true,\"valueName\":\"search_term_string\"}}],\"inLanguage\":\"fr-CA\"},{\"@type\":\"Person\",\"@id\":\"https:\/\/www.uqac.ca\/uqactualites\/#\/schema\/person\/366c45a0c4f0e677b41b4af5886e2018\",\"name\":\"Service des communications et des relations publiques\",\"image\":{\"@type\":\"ImageObject\",\"inLanguage\":\"fr-CA\",\"@id\":\"https:\/\/www.uqac.ca\/uqactualites\/#\/schema\/person\/image\/\",\"url\":\"https:\/\/secure.gravatar.com\/avatar\/20fbbda8a292f59f2d3461a5b999c00b?s=96&d=mm&r=g\",\"contentUrl\":\"https:\/\/secure.gravatar.com\/avatar\/20fbbda8a292f59f2d3461a5b999c00b?s=96&d=mm&r=g\",\"caption\":\"Service des communications et des relations publiques\"},\"url\":\"https:\/\/www.uqac.ca\/uqactualites\/author\/bap\/\"}]}<\/script>\r\n<!-- \/ Yoast SEO plugin. -->","yoast_head_json":{"title":"Une chaire de recherche du Canada en technologie, durabilit\u00e9 et soci\u00e9t\u00e9 pour la professeure Myriam Ertz - UQACtualit\u00e9s","description":"F\u00e9licitations \u00e0 la professeure Myriam Ertz, qui a obtenu une Chaire de recherche du Canada de niveau 2 en technologie, durabilit\u00e9 et soci\u00e9t\u00e9.","robots":{"index":"index","follow":"follow","max-snippet":"max-snippet:-1","max-image-preview":"max-image-preview:large","max-video-preview":"max-video-preview:-1"},"canonical":"https:\/\/www.uqac.ca\/uqactualites\/2023\/10\/17\/une-chaire-de-recherche-de-niveau-2-en-technologie-durabilite-et-societe-pour-la-professeure-myriam-ertz\/","og_locale":"fr_CA","og_type":"article","og_title":"Une chaire de recherche du Canada en technologie, durabilit\u00e9 et soci\u00e9t\u00e9 pour la professeure Myriam Ertz - UQACtualit\u00e9s","og_description":"F\u00e9licitations \u00e0 la professeure Myriam Ertz, qui a obtenu une Chaire de recherche du Canada de niveau 2 en technologie, durabilit\u00e9 et soci\u00e9t\u00e9.","og_url":"https:\/\/www.uqac.ca\/uqactualites\/2023\/10\/17\/une-chaire-de-recherche-de-niveau-2-en-technologie-durabilite-et-societe-pour-la-professeure-myriam-ertz\/","og_site_name":"UQACtualit\u00e9s","article_published_time":"2023-10-17T20:16:14+00:00","article_modified_time":"2024-07-31T19:04:19+00:00","og_image":[{"width":2560,"height":1440,"url":"https:\/\/www.uqac.ca\/uqactualites\/wp-content\/uploads\/2021\/04\/NUM_MyriamErtzH21_Uqctualite1920X1080-scaled.jpg","type":"image\/jpeg"}],"author":"Service des communications et des relations publiques","twitter_card":"summary_large_image","twitter_misc":{"\u00c9crit par":"Service des communications et des relations publiques","Estimation du temps de lecture":"3 minutes"},"schema":{"@context":"https:\/\/schema.org","@graph":[{"@type":"WebPage","@id":"https:\/\/www.uqac.ca\/uqactualites\/2023\/10\/17\/une-chaire-de-recherche-de-niveau-2-en-technologie-durabilite-et-societe-pour-la-professeure-myriam-ertz\/","url":"https:\/\/www.uqac.ca\/uqactualites\/2023\/10\/17\/une-chaire-de-recherche-de-niveau-2-en-technologie-durabilite-et-societe-pour-la-professeure-myriam-ertz\/","name":"Une chaire de recherche du Canada en technologie, durabilit\u00e9 et soci\u00e9t\u00e9 pour la professeure Myriam Ertz - UQACtualit\u00e9s","isPartOf":{"@id":"https:\/\/www.uqac.ca\/uqactualites\/#website"},"primaryImageOfPage":{"@id":"https:\/\/www.uqac.ca\/uqactualites\/2023\/10\/17\/une-chaire-de-recherche-de-niveau-2-en-technologie-durabilite-et-societe-pour-la-professeure-myriam-ertz\/#primaryimage"},"image":{"@id":"https:\/\/www.uqac.ca\/uqactualites\/2023\/10\/17\/une-chaire-de-recherche-de-niveau-2-en-technologie-durabilite-et-societe-pour-la-professeure-myriam-ertz\/#primaryimage"},"thumbnailUrl":"https:\/\/www.uqac.ca\/uqactualites\/wp-content\/uploads\/2021\/04\/NUM_MyriamErtzH21_Uqctualite1920X1080-scaled.jpg","datePublished":"2023-10-17T20:16:14+00:00","dateModified":"2024-07-31T19:04:19+00:00","author":{"@id":"https:\/\/www.uqac.ca\/uqactualites\/#\/schema\/person\/366c45a0c4f0e677b41b4af5886e2018"},"description":"F\u00e9licitations \u00e0 la professeure Myriam Ertz, qui a obtenu une Chaire de recherche du Canada de niveau 2 en technologie, durabilit\u00e9 et soci\u00e9t\u00e9.","breadcrumb":{"@id":"https:\/\/www.uqac.ca\/uqactualites\/2023\/10\/17\/une-chaire-de-recherche-de-niveau-2-en-technologie-durabilite-et-societe-pour-la-professeure-myriam-ertz\/#breadcrumb"},"inLanguage":"fr-CA","potentialAction":[{"@type":"ReadAction","target":["https:\/\/www.uqac.ca\/uqactualites\/2023\/10\/17\/une-chaire-de-recherche-de-niveau-2-en-technologie-durabilite-et-societe-pour-la-professeure-myriam-ertz\/"]}]},{"@type":"ImageObject","inLanguage":"fr-CA","@id":"https:\/\/www.uqac.ca\/uqactualites\/2023\/10\/17\/une-chaire-de-recherche-de-niveau-2-en-technologie-durabilite-et-societe-pour-la-professeure-myriam-ertz\/#primaryimage","url":"https:\/\/www.uqac.ca\/uqactualites\/wp-content\/uploads\/2021\/04\/NUM_MyriamErtzH21_Uqctualite1920X1080-scaled.jpg","contentUrl":"https:\/\/www.uqac.ca\/uqactualites\/wp-content\/uploads\/2021\/04\/NUM_MyriamErtzH21_Uqctualite1920X1080-scaled.jpg","width":2560,"height":1440,"caption":"Myriam Ertz"},{"@type":"BreadcrumbList","@id":"https:\/\/www.uqac.ca\/uqactualites\/2023\/10\/17\/une-chaire-de-recherche-de-niveau-2-en-technologie-durabilite-et-societe-pour-la-professeure-myriam-ertz\/#breadcrumb","itemListElement":[{"@type":"ListItem","position":1,"name":"Home","item":"https:\/\/www.uqac.ca\/uqactualites\/"},{"@type":"ListItem","position":2,"name":"Une chaire de recherche du Canada en technologie, durabilit\u00e9 et soci\u00e9t\u00e9 pour la professeure Myriam Ertz"}]},{"@type":"WebSite","@id":"https:\/\/www.uqac.ca\/uqactualites\/#website","url":"https:\/\/www.uqac.ca\/uqactualites\/","name":"UQACtualit\u00e9s","description":"Le portail des nouvelles de l&#039;UQAC","potentialAction":[{"@type":"SearchAction","target":{"@type":"EntryPoint","urlTemplate":"https:\/\/www.uqac.ca\/uqactualites\/?s={search_term_string}"},"query-input":{"@type":"PropertyValueSpecification","valueRequired":true,"valueName":"search_term_string"}}],"inLanguage":"fr-CA"},{"@type":"Person","@id":"https:\/\/www.uqac.ca\/uqactualites\/#\/schema\/person\/366c45a0c4f0e677b41b4af5886e2018","name":"Service des communications et des relations publiques","image":{"@type":"ImageObject","inLanguage":"fr-CA","@id":"https:\/\/www.uqac.ca\/uqactualites\/#\/schema\/person\/image\/","url":"https:\/\/secure.gravatar.com\/avatar\/20fbbda8a292f59f2d3461a5b999c00b?s=96&d=mm&r=g","contentUrl":"https:\/\/secure.gravatar.com\/avatar\/20fbbda8a292f59f2d3461a5b999c00b?s=96&d=mm&r=g","caption":"Service des communications et des relations publiques"},"url":"https:\/\/www.uqac.ca\/uqactualites\/author\/bap\/"}]}},"_links":{"self":[{"href":"https:\/\/www.uqac.ca\/uqactualites\/wp-json\/wp\/v2\/posts\/44302"}],"collection":[{"href":"https:\/\/www.uqac.ca\/uqactualites\/wp-json\/wp\/v2\/posts"}],"about":[{"href":"https:\/\/www.uqac.ca\/uqactualites\/wp-json\/wp\/v2\/types\/post"}],"author":[{"embeddable":true,"href":"https:\/\/www.uqac.ca\/uqactualites\/wp-json\/wp\/v2\/users\/5"}],"replies":[{"embeddable":true,"href":"https:\/\/www.uqac.ca\/uqactualites\/wp-json\/wp\/v2\/comments?post=44302"}],"version-history":[{"count":3,"href":"https:\/\/www.uqac.ca\/uqactualites\/wp-json\/wp\/v2\/posts\/44302\/revisions"}],"predecessor-version":[{"id":48240,"href":"https:\/\/www.uqac.ca\/uqactualites\/wp-json\/wp\/v2\/posts\/44302\/revisions\/48240"}],"wp:featuredmedia":[{"embeddable":true,"href":"https:\/\/www.uqac.ca\/uqactualites\/wp-json\/wp\/v2\/media\/39675"}],"wp:attachment":[{"href":"https:\/\/www.uqac.ca\/uqactualites\/wp-json\/wp\/v2\/media?parent=44302"}],"wp:term":[{"taxonomy":"category","embeddable":true,"href":"https:\/\/www.uqac.ca\/uqactualites\/wp-json\/wp\/v2\/categories?post=44302"},{"taxonomy":"post_tag","embeddable":true,"href":"https:\/\/www.uqac.ca\/uqactualites\/wp-json\/wp\/v2\/tags?post=44302"}],"curies":[{"name":"wp","href":"https:\/\/api.w.org\/{rel}","templated":true}]}}