{"id":44492,"date":"2023-09-29T08:00:41","date_gmt":"2023-09-29T12:00:41","guid":{"rendered":"https:\/\/www.uqac.ca\/?p=44492"},"modified":"2024-08-05T13:40:18","modified_gmt":"2024-08-05T17:40:18","slug":"la-chercheuse-segolene-vandevelde-recoit-un-prix-de-these-de-luispp","status":"publish","type":"post","link":"https:\/\/www.uqac.ca\/uqactualites\/2023\/09\/29\/la-chercheuse-segolene-vandevelde-recoit-un-prix-de-these-de-luispp\/","title":{"rendered":"La chercheuse S\u00e9gol\u00e8ne Vandevelde re\u00e7oit un prix de th\u00e8se de l\u2019UISPP"},"content":{"rendered":"<p>Le 8 septembre dernier, la charg\u00e9e de cours et chercheuse au <a href=\"https:\/\/www.uqac.ca\/dsa\/\" target=\"_blank\" rel=\"noopener\">D\u00e9partement des sciences appliqu\u00e9es<\/a> S\u00e9gol\u00e8ne Vandevelde a re\u00e7u le Prix de th\u00e8se de l\u2019<a href=\"https:\/\/uispp.net\/\" target=\"_blank\" rel=\"noopener\">Union internationale des sciences pr\u00e9historiques et protohistoriques (UISPP)<\/a> lors d\u2019un congr\u00e8s international \u00e0 Timi\u0219oara, en Roumanie.<\/p>\n<p>Le Prix de th\u00e8se de l\u2019UISPP est d\u00e9cern\u00e9 aux th\u00e8ses de doctorat en arch\u00e9ologie, dans le domaine de la pr\u00e9histoire et de la protohistoire, qui se distinguent par leur th\u00e8me marqu\u00e9 par l&rsquo;originalit\u00e9 scientifique et par la nouveaut\u00e9 de la recherche effectu\u00e9e. Il a \u00e9t\u00e9 attribu\u00e9 \u00e0 l\u2019arch\u00e9ologue pour sa th\u00e8se intitul\u00e9e <em>Y&rsquo;a pas de suie sans feu ! \u00c9tude micro-chronologique des concr\u00e9tions fuligineuses. \u00c9tude de cas : le site pal\u00e9olithique de la Grotte Mandrin (France)<\/em>, soutenue en 2019 \u00e0 l&rsquo;Universit\u00e9-Paris-1-Panth\u00e9on-Sorbonne (<a href=\"https:\/\/theses.hal.science\/tel-02612479\" target=\"_blank\" rel=\"noopener\">disponible en ligne gratuitement<\/a>).<\/p>\n<p>Ce congr\u00e8s scientifique a \u00e9galement \u00e9t\u00e9 l\u2019occasion pour la chercheuse, de pr\u00e9senter les premiers r\u00e9sultats des travaux qu\u2019elle m\u00e8ne \u00e0 l\u2019UQAC, en collaboration avec l\u2019Universit\u00e9 du Qu\u00e9bec \u00e0 Sherbrooke. Une prestigieuse <a href=\"https:\/\/www.uqac.ca\/blog\/2022\/12\/12\/bourse-postdoctorale-banting-une-premiere-recipiendaire-pour-luqac\/\" target=\"_blank\" rel=\"noopener\">bourse postdoctorale Banting<\/a> lui avait d\u2019ailleurs \u00e9t\u00e9 d\u00e9cern\u00e9e l\u2019ann\u00e9e derni\u00e8re pour ce projet de recherche intitul\u00e9 <em>Temporalit\u00e9s de cr\u00e9ation des sites d\u2019Art Rupestre dans le Bouclier Canadien (TARBoC).<\/em><\/p>\n<p>Durant son s\u00e9jour au congr\u00e8s, S\u00e9gol\u00e8ne Vandevelde a par ailleurs coordonn\u00e9 une session intitul\u00e9e <em>Multifaceted Pyroarchaeology: insights on temporality, environmental and cultural proxies<\/em> avec ses coll\u00e8gues chercheuses et chercheurs de la Commission Pyroarch\u00e9ologie de l&rsquo;UISPP.<\/p>\n<p>F\u00e9licitations!<\/p>\n","protected":false},"excerpt":{"rendered":"<p>Le 8 septembre dernier, la charg\u00e9e de cours et chercheuse au D\u00e9partement des sciences appliqu\u00e9es S\u00e9gol\u00e8ne Vandevelde a re\u00e7u le Prix de th\u00e8se de l\u2019Union internationale des sciences pr\u00e9historiques et protohistoriques (UISPP) lors d\u2019un congr\u00e8s international \u00e0 Timi\u0219oara, en Roumanie. Le Prix de th\u00e8se de l\u2019UISPP est d\u00e9cern\u00e9 aux th\u00e8ses de doctorat en arch\u00e9ologie, dans [&hellip;]<\/p>\n","protected":false},"author":5,"featured_media":44493,"comment_status":"closed","ping_status":"closed","sticky":false,"template":"","format":"standard","meta":{"footnotes":""},"categories":[9],"tags":[35,21,65,16],"yoast_head":"<!-- This site is optimized with the Yoast SEO plugin v24.2 - https:\/\/yoast.com\/wordpress\/plugins\/seo\/ -->\r\n<title>La chercheuse S\u00e9gol\u00e8ne Vandevelde re\u00e7oit un prix de th\u00e8se de l\u2019UISPP - UQACtualit\u00e9s<\/title>\r\n<meta name=\"description\" content=\"La professeure S\u00e9gol\u00e8ne Vandevelde a re\u00e7u le Prix de th\u00e8se de l\u2019Union internationale des sciences pr\u00e9historiques et protohistoriques.\" \/>\r\n<meta name=\"robots\" content=\"index, follow, max-snippet:-1, max-image-preview:large, max-video-preview:-1\" \/>\r\n<link rel=\"canonical\" href=\"https:\/\/www.uqac.ca\/uqactualites\/2023\/09\/29\/la-chercheuse-segolene-vandevelde-recoit-un-prix-de-these-de-luispp\/\" \/>\r\n<meta property=\"og:locale\" content=\"fr_CA\" \/>\r\n<meta property=\"og:type\" content=\"article\" \/>\r\n<meta property=\"og:title\" content=\"La chercheuse S\u00e9gol\u00e8ne Vandevelde re\u00e7oit un prix de th\u00e8se de l\u2019UISPP - UQACtualit\u00e9s\" \/>\r\n<meta property=\"og:description\" content=\"La professeure S\u00e9gol\u00e8ne Vandevelde a re\u00e7u le Prix de th\u00e8se de l\u2019Union internationale des sciences pr\u00e9historiques et protohistoriques.\" \/>\r\n<meta property=\"og:url\" content=\"https:\/\/www.uqac.ca\/uqactualites\/2023\/09\/29\/la-chercheuse-segolene-vandevelde-recoit-un-prix-de-these-de-luispp\/\" \/>\r\n<meta property=\"og:site_name\" content=\"UQACtualit\u00e9s\" \/>\r\n<meta property=\"article:published_time\" content=\"2023-09-29T12:00:41+00:00\" \/>\r\n<meta property=\"article:modified_time\" content=\"2024-08-05T17:40:18+00:00\" \/>\r\n<meta property=\"og:image\" content=\"https:\/\/www.uqac.ca\/uqactualites\/wp-content\/uploads\/2023\/09\/vandevelde-segolene-mduhaimea23-2.jpg\" \/>\r\n\t<meta property=\"og:image:width\" content=\"1200\" \/>\r\n\t<meta property=\"og:image:height\" content=\"800\" \/>\r\n\t<meta property=\"og:image:type\" content=\"image\/jpeg\" \/>\r\n<meta name=\"author\" content=\"Service des communications et des relations publiques\" \/>\r\n<meta name=\"twitter:card\" content=\"summary_large_image\" \/>\r\n<meta name=\"twitter:label1\" content=\"\u00c9crit par\" \/>\n\t<meta name=\"twitter:data1\" content=\"Service des communications et des relations publiques\" \/>\n\t<meta name=\"twitter:label2\" content=\"Estimation du temps de lecture\" \/>\n\t<meta name=\"twitter:data2\" content=\"2 minutes\" \/>\r\n<script type=\"application\/ld+json\" class=\"yoast-schema-graph\">{\"@context\":\"https:\/\/schema.org\",\"@graph\":[{\"@type\":\"WebPage\",\"@id\":\"https:\/\/www.uqac.ca\/uqactualites\/2023\/09\/29\/la-chercheuse-segolene-vandevelde-recoit-un-prix-de-these-de-luispp\/\",\"url\":\"https:\/\/www.uqac.ca\/uqactualites\/2023\/09\/29\/la-chercheuse-segolene-vandevelde-recoit-un-prix-de-these-de-luispp\/\",\"name\":\"La chercheuse S\u00e9gol\u00e8ne Vandevelde re\u00e7oit un prix de th\u00e8se de l\u2019UISPP - UQACtualit\u00e9s\",\"isPartOf\":{\"@id\":\"https:\/\/www.uqac.ca\/uqactualites\/#website\"},\"primaryImageOfPage\":{\"@id\":\"https:\/\/www.uqac.ca\/uqactualites\/2023\/09\/29\/la-chercheuse-segolene-vandevelde-recoit-un-prix-de-these-de-luispp\/#primaryimage\"},\"image\":{\"@id\":\"https:\/\/www.uqac.ca\/uqactualites\/2023\/09\/29\/la-chercheuse-segolene-vandevelde-recoit-un-prix-de-these-de-luispp\/#primaryimage\"},\"thumbnailUrl\":\"https:\/\/www.uqac.ca\/uqactualites\/wp-content\/uploads\/2023\/09\/vandevelde-segolene-mduhaimea23-2.jpg\",\"datePublished\":\"2023-09-29T12:00:41+00:00\",\"dateModified\":\"2024-08-05T17:40:18+00:00\",\"author\":{\"@id\":\"https:\/\/www.uqac.ca\/uqactualites\/#\/schema\/person\/366c45a0c4f0e677b41b4af5886e2018\"},\"description\":\"La professeure S\u00e9gol\u00e8ne Vandevelde a re\u00e7u le Prix de th\u00e8se de l\u2019Union internationale des sciences pr\u00e9historiques et protohistoriques.\",\"breadcrumb\":{\"@id\":\"https:\/\/www.uqac.ca\/uqactualites\/2023\/09\/29\/la-chercheuse-segolene-vandevelde-recoit-un-prix-de-these-de-luispp\/#breadcrumb\"},\"inLanguage\":\"fr-CA\",\"potentialAction\":[{\"@type\":\"ReadAction\",\"target\":[\"https:\/\/www.uqac.ca\/uqactualites\/2023\/09\/29\/la-chercheuse-segolene-vandevelde-recoit-un-prix-de-these-de-luispp\/\"]}]},{\"@type\":\"ImageObject\",\"inLanguage\":\"fr-CA\",\"@id\":\"https:\/\/www.uqac.ca\/uqactualites\/2023\/09\/29\/la-chercheuse-segolene-vandevelde-recoit-un-prix-de-these-de-luispp\/#primaryimage\",\"url\":\"https:\/\/www.uqac.ca\/uqactualites\/wp-content\/uploads\/2023\/09\/vandevelde-segolene-mduhaimea23-2.jpg\",\"contentUrl\":\"https:\/\/www.uqac.ca\/uqactualites\/wp-content\/uploads\/2023\/09\/vandevelde-segolene-mduhaimea23-2.jpg\",\"width\":1200,\"height\":800,\"caption\":\"S\u00e9gol\u00e8ne Vandevelde\"},{\"@type\":\"BreadcrumbList\",\"@id\":\"https:\/\/www.uqac.ca\/uqactualites\/2023\/09\/29\/la-chercheuse-segolene-vandevelde-recoit-un-prix-de-these-de-luispp\/#breadcrumb\",\"itemListElement\":[{\"@type\":\"ListItem\",\"position\":1,\"name\":\"Home\",\"item\":\"https:\/\/www.uqac.ca\/uqactualites\/\"},{\"@type\":\"ListItem\",\"position\":2,\"name\":\"La chercheuse S\u00e9gol\u00e8ne Vandevelde re\u00e7oit un prix de th\u00e8se de l\u2019UISPP\"}]},{\"@type\":\"WebSite\",\"@id\":\"https:\/\/www.uqac.ca\/uqactualites\/#website\",\"url\":\"https:\/\/www.uqac.ca\/uqactualites\/\",\"name\":\"UQACtualit\u00e9s\",\"description\":\"Le portail des nouvelles de l&#039;UQAC\",\"potentialAction\":[{\"@type\":\"SearchAction\",\"target\":{\"@type\":\"EntryPoint\",\"urlTemplate\":\"https:\/\/www.uqac.ca\/uqactualites\/?s={search_term_string}\"},\"query-input\":{\"@type\":\"PropertyValueSpecification\",\"valueRequired\":true,\"valueName\":\"search_term_string\"}}],\"inLanguage\":\"fr-CA\"},{\"@type\":\"Person\",\"@id\":\"https:\/\/www.uqac.ca\/uqactualites\/#\/schema\/person\/366c45a0c4f0e677b41b4af5886e2018\",\"name\":\"Service des communications et des relations publiques\",\"image\":{\"@type\":\"ImageObject\",\"inLanguage\":\"fr-CA\",\"@id\":\"https:\/\/www.uqac.ca\/uqactualites\/#\/schema\/person\/image\/\",\"url\":\"https:\/\/secure.gravatar.com\/avatar\/20fbbda8a292f59f2d3461a5b999c00b?s=96&d=mm&r=g\",\"contentUrl\":\"https:\/\/secure.gravatar.com\/avatar\/20fbbda8a292f59f2d3461a5b999c00b?s=96&d=mm&r=g\",\"caption\":\"Service des communications et des relations publiques\"},\"url\":\"https:\/\/www.uqac.ca\/uqactualites\/author\/bap\/\"}]}<\/script>\r\n<!-- \/ Yoast SEO plugin. -->","yoast_head_json":{"title":"La chercheuse S\u00e9gol\u00e8ne Vandevelde re\u00e7oit un prix de th\u00e8se de l\u2019UISPP - UQACtualit\u00e9s","description":"La professeure S\u00e9gol\u00e8ne Vandevelde a re\u00e7u le Prix de th\u00e8se de l\u2019Union internationale des sciences pr\u00e9historiques et protohistoriques.","robots":{"index":"index","follow":"follow","max-snippet":"max-snippet:-1","max-image-preview":"max-image-preview:large","max-video-preview":"max-video-preview:-1"},"canonical":"https:\/\/www.uqac.ca\/uqactualites\/2023\/09\/29\/la-chercheuse-segolene-vandevelde-recoit-un-prix-de-these-de-luispp\/","og_locale":"fr_CA","og_type":"article","og_title":"La chercheuse S\u00e9gol\u00e8ne Vandevelde re\u00e7oit un prix de th\u00e8se de l\u2019UISPP - UQACtualit\u00e9s","og_description":"La professeure S\u00e9gol\u00e8ne Vandevelde a re\u00e7u le Prix de th\u00e8se de l\u2019Union internationale des sciences pr\u00e9historiques et protohistoriques.","og_url":"https:\/\/www.uqac.ca\/uqactualites\/2023\/09\/29\/la-chercheuse-segolene-vandevelde-recoit-un-prix-de-these-de-luispp\/","og_site_name":"UQACtualit\u00e9s","article_published_time":"2023-09-29T12:00:41+00:00","article_modified_time":"2024-08-05T17:40:18+00:00","og_image":[{"width":1200,"height":800,"url":"https:\/\/www.uqac.ca\/uqactualites\/wp-content\/uploads\/2023\/09\/vandevelde-segolene-mduhaimea23-2.jpg","type":"image\/jpeg"}],"author":"Service des communications et des relations publiques","twitter_card":"summary_large_image","twitter_misc":{"\u00c9crit par":"Service des communications et des relations publiques","Estimation du temps de lecture":"2 minutes"},"schema":{"@context":"https:\/\/schema.org","@graph":[{"@type":"WebPage","@id":"https:\/\/www.uqac.ca\/uqactualites\/2023\/09\/29\/la-chercheuse-segolene-vandevelde-recoit-un-prix-de-these-de-luispp\/","url":"https:\/\/www.uqac.ca\/uqactualites\/2023\/09\/29\/la-chercheuse-segolene-vandevelde-recoit-un-prix-de-these-de-luispp\/","name":"La chercheuse S\u00e9gol\u00e8ne Vandevelde re\u00e7oit un prix de th\u00e8se de l\u2019UISPP - UQACtualit\u00e9s","isPartOf":{"@id":"https:\/\/www.uqac.ca\/uqactualites\/#website"},"primaryImageOfPage":{"@id":"https:\/\/www.uqac.ca\/uqactualites\/2023\/09\/29\/la-chercheuse-segolene-vandevelde-recoit-un-prix-de-these-de-luispp\/#primaryimage"},"image":{"@id":"https:\/\/www.uqac.ca\/uqactualites\/2023\/09\/29\/la-chercheuse-segolene-vandevelde-recoit-un-prix-de-these-de-luispp\/#primaryimage"},"thumbnailUrl":"https:\/\/www.uqac.ca\/uqactualites\/wp-content\/uploads\/2023\/09\/vandevelde-segolene-mduhaimea23-2.jpg","datePublished":"2023-09-29T12:00:41+00:00","dateModified":"2024-08-05T17:40:18+00:00","author":{"@id":"https:\/\/www.uqac.ca\/uqactualites\/#\/schema\/person\/366c45a0c4f0e677b41b4af5886e2018"},"description":"La professeure S\u00e9gol\u00e8ne Vandevelde a re\u00e7u le Prix de th\u00e8se de l\u2019Union internationale des sciences pr\u00e9historiques et protohistoriques.","breadcrumb":{"@id":"https:\/\/www.uqac.ca\/uqactualites\/2023\/09\/29\/la-chercheuse-segolene-vandevelde-recoit-un-prix-de-these-de-luispp\/#breadcrumb"},"inLanguage":"fr-CA","potentialAction":[{"@type":"ReadAction","target":["https:\/\/www.uqac.ca\/uqactualites\/2023\/09\/29\/la-chercheuse-segolene-vandevelde-recoit-un-prix-de-these-de-luispp\/"]}]},{"@type":"ImageObject","inLanguage":"fr-CA","@id":"https:\/\/www.uqac.ca\/uqactualites\/2023\/09\/29\/la-chercheuse-segolene-vandevelde-recoit-un-prix-de-these-de-luispp\/#primaryimage","url":"https:\/\/www.uqac.ca\/uqactualites\/wp-content\/uploads\/2023\/09\/vandevelde-segolene-mduhaimea23-2.jpg","contentUrl":"https:\/\/www.uqac.ca\/uqactualites\/wp-content\/uploads\/2023\/09\/vandevelde-segolene-mduhaimea23-2.jpg","width":1200,"height":800,"caption":"S\u00e9gol\u00e8ne Vandevelde"},{"@type":"BreadcrumbList","@id":"https:\/\/www.uqac.ca\/uqactualites\/2023\/09\/29\/la-chercheuse-segolene-vandevelde-recoit-un-prix-de-these-de-luispp\/#breadcrumb","itemListElement":[{"@type":"ListItem","position":1,"name":"Home","item":"https:\/\/www.uqac.ca\/uqactualites\/"},{"@type":"ListItem","position":2,"name":"La chercheuse S\u00e9gol\u00e8ne Vandevelde re\u00e7oit un prix de th\u00e8se de l\u2019UISPP"}]},{"@type":"WebSite","@id":"https:\/\/www.uqac.ca\/uqactualites\/#website","url":"https:\/\/www.uqac.ca\/uqactualites\/","name":"UQACtualit\u00e9s","description":"Le portail des nouvelles de l&#039;UQAC","potentialAction":[{"@type":"SearchAction","target":{"@type":"EntryPoint","urlTemplate":"https:\/\/www.uqac.ca\/uqactualites\/?s={search_term_string}"},"query-input":{"@type":"PropertyValueSpecification","valueRequired":true,"valueName":"search_term_string"}}],"inLanguage":"fr-CA"},{"@type":"Person","@id":"https:\/\/www.uqac.ca\/uqactualites\/#\/schema\/person\/366c45a0c4f0e677b41b4af5886e2018","name":"Service des communications et des relations publiques","image":{"@type":"ImageObject","inLanguage":"fr-CA","@id":"https:\/\/www.uqac.ca\/uqactualites\/#\/schema\/person\/image\/","url":"https:\/\/secure.gravatar.com\/avatar\/20fbbda8a292f59f2d3461a5b999c00b?s=96&d=mm&r=g","contentUrl":"https:\/\/secure.gravatar.com\/avatar\/20fbbda8a292f59f2d3461a5b999c00b?s=96&d=mm&r=g","caption":"Service des communications et des relations publiques"},"url":"https:\/\/www.uqac.ca\/uqactualites\/author\/bap\/"}]}},"_links":{"self":[{"href":"https:\/\/www.uqac.ca\/uqactualites\/wp-json\/wp\/v2\/posts\/44492"}],"collection":[{"href":"https:\/\/www.uqac.ca\/uqactualites\/wp-json\/wp\/v2\/posts"}],"about":[{"href":"https:\/\/www.uqac.ca\/uqactualites\/wp-json\/wp\/v2\/types\/post"}],"author":[{"embeddable":true,"href":"https:\/\/www.uqac.ca\/uqactualites\/wp-json\/wp\/v2\/users\/5"}],"replies":[{"embeddable":true,"href":"https:\/\/www.uqac.ca\/uqactualites\/wp-json\/wp\/v2\/comments?post=44492"}],"version-history":[{"count":1,"href":"https:\/\/www.uqac.ca\/uqactualites\/wp-json\/wp\/v2\/posts\/44492\/revisions"}],"predecessor-version":[{"id":44991,"href":"https:\/\/www.uqac.ca\/uqactualites\/wp-json\/wp\/v2\/posts\/44492\/revisions\/44991"}],"wp:featuredmedia":[{"embeddable":true,"href":"https:\/\/www.uqac.ca\/uqactualites\/wp-json\/wp\/v2\/media\/44493"}],"wp:attachment":[{"href":"https:\/\/www.uqac.ca\/uqactualites\/wp-json\/wp\/v2\/media?parent=44492"}],"wp:term":[{"taxonomy":"category","embeddable":true,"href":"https:\/\/www.uqac.ca\/uqactualites\/wp-json\/wp\/v2\/categories?post=44492"},{"taxonomy":"post_tag","embeddable":true,"href":"https:\/\/www.uqac.ca\/uqactualites\/wp-json\/wp\/v2\/tags?post=44492"}],"curies":[{"name":"wp","href":"https:\/\/api.w.org\/{rel}","templated":true}]}}