{"id":44538,"date":"2023-10-04T09:44:29","date_gmt":"2023-10-04T13:44:29","guid":{"rendered":"https:\/\/www.uqac.ca\/?p=44538"},"modified":"2024-07-31T15:27:28","modified_gmt":"2024-07-31T19:27:28","slug":"luqac-se-demarque-lors-du-defi-structure-al","status":"publish","type":"post","link":"https:\/\/www.uqac.ca\/uqactualites\/2023\/10\/04\/luqac-se-demarque-lors-du-defi-structure-al\/","title":{"rendered":"L\u2019UQAC se d\u00e9marque lors du D\u00e9fi Structure-Al"},"content":{"rendered":"<p>C\u2019est \u00e0 l\u2019\u00c9cole de technologie sup\u00e9rieure (\u00c9TS) qu\u2019avait lieu la quatri\u00e8me \u00e9dition du D\u00e9fi <a href=\"https:\/\/aluquebec.com\/ceial\/concours\/defi-structure-al\/\" target=\"_blank\" rel=\"noopener\">Structure-AI<\/a> d\u2019AluQu\u00e9bec, le 21 au 24 septembre dernier. Cette comp\u00e9tition a rassembl\u00e9 une quarantaine d\u2019\u00e9tudiantes et d\u2019\u00e9tudiants de g\u00e9nie, d&rsquo;architecture et de design provenant de diff\u00e9rentes universit\u00e9s qu\u00e9b\u00e9coises, pour relever, en \u00e9quipes multidisciplinaires, le d\u00e9fi de concevoir et dimensionner en avant-projet pr\u00e9liminaire, un belv\u00e9d\u00e8re et un abri rustique au parc national d\u2019Op\u00e9mican, en Abitibi-T\u00e9miscamingue. Parmi les crit\u00e8res de conception, les deux structures devaient inclure au moins 50 % d\u2019aluminium. De plus, les \u00e9quipes devaient tenir compte des facteurs de d\u00e9veloppement durable dans la r\u00e9alisation de leur projet.<\/p>\n<p>F\u00e9licitations \u00e0 l\u2019\u00e9tudiante en g\u00e9nie civil de l\u2019UQAC Kenza Marianne Tinguery et \u00e0 l\u2019\u00e9quipe des rouges, qui ont remport\u00e9 un prix de 1000$ en atteignant la premi\u00e8re place. L\u2019\u00e9quipe de Kenza Marrianne Tinguery a \u00e9galement obtenu le prix Coup de c\u0153ur S\u00e9paq, sois un acc\u00e8s annuel aux parcs nationaux de la S\u00e9paq et un s\u00e9jour en pr\u00eat-\u00e0-camper au Parc national d&rsquo;Op\u00e9mican.<\/p>\n<figure id=\"attachment_44541\" aria-describedby=\"caption-attachment-44541\" style=\"width: 350px\" class=\"wp-caption alignnone\"><img loading=\"lazy\" decoding=\"async\" class=\"wp-image-44541\" src=\"https:\/\/www.uqac.ca\/wp-content\/uploads\/2023\/10\/\u00c9quipe-rouge-300x240.png\" alt=\"\" width=\"350\" height=\"280\" \/><figcaption id=\"caption-attachment-44541\" class=\"wp-caption-text\">Aper\u00e7u des rendus du projet de l&rsquo;\u00e9quipe des rouges<\/figcaption><\/figure>\n<p>Comme \u00e0 chaque \u00e9dition, le D\u00e9fi Structure-AI proposait \u00e9galement des conf\u00e9rences et des formations en d\u00e9but d\u2019\u00e9v\u00e9nement, celles-ci ont permis aux \u00e9tudiantes et aux \u00e9tudiants de se familiariser avec les multiples avantages et possibilit\u00e9s de l\u2019aluminium et calculer, selon les normes en vigueur, la r\u00e9sistance de leurs structures, comme l\u2019exige le d\u00e9fi. Le professeur au <a href=\"https:\/\/www.uqac.ca\/dsa\/\" target=\"_blank\" rel=\"noopener\">D\u00e9partement des sciences appliqu\u00e9es<\/a> de l\u2019UQAC, Ahmed Rahem \u00e9tait pr\u00e9sent \u00e0 l\u2019\u00e9v\u00e9nement pour donner une formation sur la norme S157, qui traite de l&rsquo;utilisation de l&rsquo;aluminium dans les charpentes. Le professeur faisait \u00e9galement partie d\u2019une d\u00e9l\u00e9gation form\u00e9e de sp\u00e9cialistes des domaines de l&rsquo;architecture, de l\u2019ing\u00e9nierie ou du design, qui avait le mandat de conseiller les participantes et les participants dans la r\u00e9alisation de leur d\u00e9fi, mais aussi \u00e0 l\u2019\u00e9gard de leur future profession.<\/p>\n<p>F\u00e9licitations \u00e0 toutes les \u00e9quipes qui se sont affront\u00e9es dans le cadre du D\u00e9fi Structure-AI et qui ont fait de cette \u00e9dition un succ\u00e8s!<\/p>\n<p>Cr\u00e9dit photo : \u00a9 2023 AluQu\u00e9bec<\/p>\n","protected":false},"excerpt":{"rendered":"<p>C\u2019est \u00e0 l\u2019\u00c9cole de technologie sup\u00e9rieure (\u00c9TS) qu\u2019avait lieu la quatri\u00e8me \u00e9dition du D\u00e9fi Structure-AI d\u2019AluQu\u00e9bec, le 21 au 24 septembre dernier. Cette comp\u00e9tition a rassembl\u00e9 une quarantaine d\u2019\u00e9tudiantes et d\u2019\u00e9tudiants de g\u00e9nie, d&rsquo;architecture et de design provenant de diff\u00e9rentes universit\u00e9s qu\u00e9b\u00e9coises, pour relever, en \u00e9quipes multidisciplinaires, le d\u00e9fi de concevoir et dimensionner en avant-projet [&hellip;]<\/p>\n","protected":false},"author":5,"featured_media":44539,"comment_status":"closed","ping_status":"closed","sticky":false,"template":"","format":"standard","meta":{"footnotes":""},"categories":[2,2854],"tags":[43,21,246],"yoast_head":"<!-- This site is optimized with the Yoast SEO plugin v24.2 - https:\/\/yoast.com\/wordpress\/plugins\/seo\/ -->\r\n<title>L\u2019UQAC se d\u00e9marque lors du D\u00e9fi Structure-Al - UQACtualit\u00e9s<\/title>\r\n<meta name=\"robots\" content=\"index, follow, max-snippet:-1, max-image-preview:large, max-video-preview:-1\" \/>\r\n<link rel=\"canonical\" href=\"https:\/\/www.uqac.ca\/uqactualites\/2023\/10\/04\/luqac-se-demarque-lors-du-defi-structure-al\/\" \/>\r\n<meta property=\"og:locale\" content=\"fr_CA\" \/>\r\n<meta property=\"og:type\" content=\"article\" \/>\r\n<meta property=\"og:title\" content=\"L\u2019UQAC se d\u00e9marque lors du D\u00e9fi Structure-Al - UQACtualit\u00e9s\" \/>\r\n<meta property=\"og:description\" content=\"C\u2019est \u00e0 l\u2019\u00c9cole de technologie sup\u00e9rieure (\u00c9TS) qu\u2019avait lieu la quatri\u00e8me \u00e9dition du D\u00e9fi Structure-AI d\u2019AluQu\u00e9bec, le 21 au 24 septembre dernier. Cette comp\u00e9tition a rassembl\u00e9 une quarantaine d\u2019\u00e9tudiantes et d\u2019\u00e9tudiants de g\u00e9nie, d&rsquo;architecture et de design provenant de diff\u00e9rentes universit\u00e9s qu\u00e9b\u00e9coises, pour relever, en \u00e9quipes multidisciplinaires, le d\u00e9fi de concevoir et dimensionner en avant-projet [&hellip;]\" \/>\r\n<meta property=\"og:url\" content=\"https:\/\/www.uqac.ca\/uqactualites\/2023\/10\/04\/luqac-se-demarque-lors-du-defi-structure-al\/\" \/>\r\n<meta property=\"og:site_name\" content=\"UQACtualit\u00e9s\" \/>\r\n<meta property=\"article:published_time\" content=\"2023-10-04T13:44:29+00:00\" \/>\r\n<meta property=\"article:modified_time\" content=\"2024-07-31T19:27:28+00:00\" \/>\r\n<meta property=\"og:image\" content=\"https:\/\/www.uqac.ca\/uqactualites\/wp-content\/uploads\/2023\/10\/rouge-scaled.jpg\" \/>\r\n\t<meta property=\"og:image:width\" content=\"2560\" \/>\r\n\t<meta property=\"og:image:height\" content=\"1383\" \/>\r\n\t<meta property=\"og:image:type\" content=\"image\/jpeg\" \/>\r\n<meta name=\"author\" content=\"Service des communications et des relations publiques\" \/>\r\n<meta name=\"twitter:card\" content=\"summary_large_image\" \/>\r\n<meta name=\"twitter:label1\" content=\"\u00c9crit par\" \/>\n\t<meta name=\"twitter:data1\" content=\"Service des communications et des relations publiques\" \/>\n\t<meta name=\"twitter:label2\" content=\"Estimation du temps de lecture\" \/>\n\t<meta name=\"twitter:data2\" content=\"3 minutes\" \/>\r\n<script type=\"application\/ld+json\" class=\"yoast-schema-graph\">{\"@context\":\"https:\/\/schema.org\",\"@graph\":[{\"@type\":\"WebPage\",\"@id\":\"https:\/\/www.uqac.ca\/uqactualites\/2023\/10\/04\/luqac-se-demarque-lors-du-defi-structure-al\/\",\"url\":\"https:\/\/www.uqac.ca\/uqactualites\/2023\/10\/04\/luqac-se-demarque-lors-du-defi-structure-al\/\",\"name\":\"L\u2019UQAC se d\u00e9marque lors du D\u00e9fi Structure-Al - UQACtualit\u00e9s\",\"isPartOf\":{\"@id\":\"https:\/\/www.uqac.ca\/uqactualites\/#website\"},\"primaryImageOfPage\":{\"@id\":\"https:\/\/www.uqac.ca\/uqactualites\/2023\/10\/04\/luqac-se-demarque-lors-du-defi-structure-al\/#primaryimage\"},\"image\":{\"@id\":\"https:\/\/www.uqac.ca\/uqactualites\/2023\/10\/04\/luqac-se-demarque-lors-du-defi-structure-al\/#primaryimage\"},\"thumbnailUrl\":\"https:\/\/www.uqac.ca\/uqactualites\/wp-content\/uploads\/2023\/10\/rouge-scaled.jpg\",\"datePublished\":\"2023-10-04T13:44:29+00:00\",\"dateModified\":\"2024-07-31T19:27:28+00:00\",\"author\":{\"@id\":\"https:\/\/www.uqac.ca\/uqactualites\/#\/schema\/person\/366c45a0c4f0e677b41b4af5886e2018\"},\"breadcrumb\":{\"@id\":\"https:\/\/www.uqac.ca\/uqactualites\/2023\/10\/04\/luqac-se-demarque-lors-du-defi-structure-al\/#breadcrumb\"},\"inLanguage\":\"fr-CA\",\"potentialAction\":[{\"@type\":\"ReadAction\",\"target\":[\"https:\/\/www.uqac.ca\/uqactualites\/2023\/10\/04\/luqac-se-demarque-lors-du-defi-structure-al\/\"]}]},{\"@type\":\"ImageObject\",\"inLanguage\":\"fr-CA\",\"@id\":\"https:\/\/www.uqac.ca\/uqactualites\/2023\/10\/04\/luqac-se-demarque-lors-du-defi-structure-al\/#primaryimage\",\"url\":\"https:\/\/www.uqac.ca\/uqactualites\/wp-content\/uploads\/2023\/10\/rouge-scaled.jpg\",\"contentUrl\":\"https:\/\/www.uqac.ca\/uqactualites\/wp-content\/uploads\/2023\/10\/rouge-scaled.jpg\",\"width\":2560,\"height\":1383,\"caption\":\"Structure-AI\"},{\"@type\":\"BreadcrumbList\",\"@id\":\"https:\/\/www.uqac.ca\/uqactualites\/2023\/10\/04\/luqac-se-demarque-lors-du-defi-structure-al\/#breadcrumb\",\"itemListElement\":[{\"@type\":\"ListItem\",\"position\":1,\"name\":\"Home\",\"item\":\"https:\/\/www.uqac.ca\/uqactualites\/\"},{\"@type\":\"ListItem\",\"position\":2,\"name\":\"L\u2019UQAC se d\u00e9marque lors du D\u00e9fi Structure-Al\"}]},{\"@type\":\"WebSite\",\"@id\":\"https:\/\/www.uqac.ca\/uqactualites\/#website\",\"url\":\"https:\/\/www.uqac.ca\/uqactualites\/\",\"name\":\"UQACtualit\u00e9s\",\"description\":\"Le portail des nouvelles de l&#039;UQAC\",\"potentialAction\":[{\"@type\":\"SearchAction\",\"target\":{\"@type\":\"EntryPoint\",\"urlTemplate\":\"https:\/\/www.uqac.ca\/uqactualites\/?s={search_term_string}\"},\"query-input\":{\"@type\":\"PropertyValueSpecification\",\"valueRequired\":true,\"valueName\":\"search_term_string\"}}],\"inLanguage\":\"fr-CA\"},{\"@type\":\"Person\",\"@id\":\"https:\/\/www.uqac.ca\/uqactualites\/#\/schema\/person\/366c45a0c4f0e677b41b4af5886e2018\",\"name\":\"Service des communications et des relations publiques\",\"image\":{\"@type\":\"ImageObject\",\"inLanguage\":\"fr-CA\",\"@id\":\"https:\/\/www.uqac.ca\/uqactualites\/#\/schema\/person\/image\/\",\"url\":\"https:\/\/secure.gravatar.com\/avatar\/20fbbda8a292f59f2d3461a5b999c00b?s=96&d=mm&r=g\",\"contentUrl\":\"https:\/\/secure.gravatar.com\/avatar\/20fbbda8a292f59f2d3461a5b999c00b?s=96&d=mm&r=g\",\"caption\":\"Service des communications et des relations publiques\"},\"url\":\"https:\/\/www.uqac.ca\/uqactualites\/author\/bap\/\"}]}<\/script>\r\n<!-- \/ Yoast SEO plugin. -->","yoast_head_json":{"title":"L\u2019UQAC se d\u00e9marque lors du D\u00e9fi Structure-Al - UQACtualit\u00e9s","robots":{"index":"index","follow":"follow","max-snippet":"max-snippet:-1","max-image-preview":"max-image-preview:large","max-video-preview":"max-video-preview:-1"},"canonical":"https:\/\/www.uqac.ca\/uqactualites\/2023\/10\/04\/luqac-se-demarque-lors-du-defi-structure-al\/","og_locale":"fr_CA","og_type":"article","og_title":"L\u2019UQAC se d\u00e9marque lors du D\u00e9fi Structure-Al - UQACtualit\u00e9s","og_description":"C\u2019est \u00e0 l\u2019\u00c9cole de technologie sup\u00e9rieure (\u00c9TS) qu\u2019avait lieu la quatri\u00e8me \u00e9dition du D\u00e9fi Structure-AI d\u2019AluQu\u00e9bec, le 21 au 24 septembre dernier. Cette comp\u00e9tition a rassembl\u00e9 une quarantaine d\u2019\u00e9tudiantes et d\u2019\u00e9tudiants de g\u00e9nie, d&rsquo;architecture et de design provenant de diff\u00e9rentes universit\u00e9s qu\u00e9b\u00e9coises, pour relever, en \u00e9quipes multidisciplinaires, le d\u00e9fi de concevoir et dimensionner en avant-projet [&hellip;]","og_url":"https:\/\/www.uqac.ca\/uqactualites\/2023\/10\/04\/luqac-se-demarque-lors-du-defi-structure-al\/","og_site_name":"UQACtualit\u00e9s","article_published_time":"2023-10-04T13:44:29+00:00","article_modified_time":"2024-07-31T19:27:28+00:00","og_image":[{"width":2560,"height":1383,"url":"https:\/\/www.uqac.ca\/uqactualites\/wp-content\/uploads\/2023\/10\/rouge-scaled.jpg","type":"image\/jpeg"}],"author":"Service des communications et des relations publiques","twitter_card":"summary_large_image","twitter_misc":{"\u00c9crit par":"Service des communications et des relations publiques","Estimation du temps de lecture":"3 minutes"},"schema":{"@context":"https:\/\/schema.org","@graph":[{"@type":"WebPage","@id":"https:\/\/www.uqac.ca\/uqactualites\/2023\/10\/04\/luqac-se-demarque-lors-du-defi-structure-al\/","url":"https:\/\/www.uqac.ca\/uqactualites\/2023\/10\/04\/luqac-se-demarque-lors-du-defi-structure-al\/","name":"L\u2019UQAC se d\u00e9marque lors du D\u00e9fi Structure-Al - UQACtualit\u00e9s","isPartOf":{"@id":"https:\/\/www.uqac.ca\/uqactualites\/#website"},"primaryImageOfPage":{"@id":"https:\/\/www.uqac.ca\/uqactualites\/2023\/10\/04\/luqac-se-demarque-lors-du-defi-structure-al\/#primaryimage"},"image":{"@id":"https:\/\/www.uqac.ca\/uqactualites\/2023\/10\/04\/luqac-se-demarque-lors-du-defi-structure-al\/#primaryimage"},"thumbnailUrl":"https:\/\/www.uqac.ca\/uqactualites\/wp-content\/uploads\/2023\/10\/rouge-scaled.jpg","datePublished":"2023-10-04T13:44:29+00:00","dateModified":"2024-07-31T19:27:28+00:00","author":{"@id":"https:\/\/www.uqac.ca\/uqactualites\/#\/schema\/person\/366c45a0c4f0e677b41b4af5886e2018"},"breadcrumb":{"@id":"https:\/\/www.uqac.ca\/uqactualites\/2023\/10\/04\/luqac-se-demarque-lors-du-defi-structure-al\/#breadcrumb"},"inLanguage":"fr-CA","potentialAction":[{"@type":"ReadAction","target":["https:\/\/www.uqac.ca\/uqactualites\/2023\/10\/04\/luqac-se-demarque-lors-du-defi-structure-al\/"]}]},{"@type":"ImageObject","inLanguage":"fr-CA","@id":"https:\/\/www.uqac.ca\/uqactualites\/2023\/10\/04\/luqac-se-demarque-lors-du-defi-structure-al\/#primaryimage","url":"https:\/\/www.uqac.ca\/uqactualites\/wp-content\/uploads\/2023\/10\/rouge-scaled.jpg","contentUrl":"https:\/\/www.uqac.ca\/uqactualites\/wp-content\/uploads\/2023\/10\/rouge-scaled.jpg","width":2560,"height":1383,"caption":"Structure-AI"},{"@type":"BreadcrumbList","@id":"https:\/\/www.uqac.ca\/uqactualites\/2023\/10\/04\/luqac-se-demarque-lors-du-defi-structure-al\/#breadcrumb","itemListElement":[{"@type":"ListItem","position":1,"name":"Home","item":"https:\/\/www.uqac.ca\/uqactualites\/"},{"@type":"ListItem","position":2,"name":"L\u2019UQAC se d\u00e9marque lors du D\u00e9fi Structure-Al"}]},{"@type":"WebSite","@id":"https:\/\/www.uqac.ca\/uqactualites\/#website","url":"https:\/\/www.uqac.ca\/uqactualites\/","name":"UQACtualit\u00e9s","description":"Le portail des nouvelles de l&#039;UQAC","potentialAction":[{"@type":"SearchAction","target":{"@type":"EntryPoint","urlTemplate":"https:\/\/www.uqac.ca\/uqactualites\/?s={search_term_string}"},"query-input":{"@type":"PropertyValueSpecification","valueRequired":true,"valueName":"search_term_string"}}],"inLanguage":"fr-CA"},{"@type":"Person","@id":"https:\/\/www.uqac.ca\/uqactualites\/#\/schema\/person\/366c45a0c4f0e677b41b4af5886e2018","name":"Service des communications et des relations publiques","image":{"@type":"ImageObject","inLanguage":"fr-CA","@id":"https:\/\/www.uqac.ca\/uqactualites\/#\/schema\/person\/image\/","url":"https:\/\/secure.gravatar.com\/avatar\/20fbbda8a292f59f2d3461a5b999c00b?s=96&d=mm&r=g","contentUrl":"https:\/\/secure.gravatar.com\/avatar\/20fbbda8a292f59f2d3461a5b999c00b?s=96&d=mm&r=g","caption":"Service des communications et des relations publiques"},"url":"https:\/\/www.uqac.ca\/uqactualites\/author\/bap\/"}]}},"_links":{"self":[{"href":"https:\/\/www.uqac.ca\/uqactualites\/wp-json\/wp\/v2\/posts\/44538"}],"collection":[{"href":"https:\/\/www.uqac.ca\/uqactualites\/wp-json\/wp\/v2\/posts"}],"about":[{"href":"https:\/\/www.uqac.ca\/uqactualites\/wp-json\/wp\/v2\/types\/post"}],"author":[{"embeddable":true,"href":"https:\/\/www.uqac.ca\/uqactualites\/wp-json\/wp\/v2\/users\/5"}],"replies":[{"embeddable":true,"href":"https:\/\/www.uqac.ca\/uqactualites\/wp-json\/wp\/v2\/comments?post=44538"}],"version-history":[{"count":3,"href":"https:\/\/www.uqac.ca\/uqactualites\/wp-json\/wp\/v2\/posts\/44538\/revisions"}],"predecessor-version":[{"id":48254,"href":"https:\/\/www.uqac.ca\/uqactualites\/wp-json\/wp\/v2\/posts\/44538\/revisions\/48254"}],"wp:featuredmedia":[{"embeddable":true,"href":"https:\/\/www.uqac.ca\/uqactualites\/wp-json\/wp\/v2\/media\/44539"}],"wp:attachment":[{"href":"https:\/\/www.uqac.ca\/uqactualites\/wp-json\/wp\/v2\/media?parent=44538"}],"wp:term":[{"taxonomy":"category","embeddable":true,"href":"https:\/\/www.uqac.ca\/uqactualites\/wp-json\/wp\/v2\/categories?post=44538"},{"taxonomy":"post_tag","embeddable":true,"href":"https:\/\/www.uqac.ca\/uqactualites\/wp-json\/wp\/v2\/tags?post=44538"}],"curies":[{"name":"wp","href":"https:\/\/api.w.org\/{rel}","templated":true}]}}