{"id":44721,"date":"2023-10-11T12:11:47","date_gmt":"2023-10-11T16:11:47","guid":{"rendered":"https:\/\/www.uqac.ca\/?p=44721"},"modified":"2024-07-31T15:03:01","modified_gmt":"2024-07-31T19:03:01","slug":"masoud-farzaneh-recoit-le-prix-claude-de-toureille-de-lorganisme-international-inmr","status":"publish","type":"post","link":"https:\/\/www.uqac.ca\/uqactualites\/2023\/10\/11\/masoud-farzaneh-recoit-le-prix-claude-de-toureille-de-lorganisme-international-inmr\/","title":{"rendered":"Masoud Farzaneh re\u00e7oit le prix Claude de Tourreil de l&rsquo;organisme international INMR."},"content":{"rendered":"<p>Le professeur Masoud Farzaneh re\u00e7oit le prix Claude de Tourreil de l&rsquo;organisme international <a href=\"https:\/\/www.inmr.com\/\" target=\"_blank\" rel=\"noopener\">INMR<\/a>. Chercheur de renomm\u00e9e internationale, Masoud Farzaneh, a re\u00e7u de nombreuses distinctions pour la qualit\u00e9 et l\u2019importance de ses travaux dans le domaine du transport et de la distribution de l\u2019\u00e9nergie \u00e9lectrique dans des environnements nordiques, procurant par le fait m\u00eame \u00e0 son Universit\u00e9 un rayonnement important. Ses contributions ont d\u00e9finitivement plac\u00e9 le Canada au premier plan sur la carte dans ce champ de grande importance sur le plan \u00e9conomique Il a contribu\u00e9 de fa\u00e7on importante d&rsquo;abord par sa recherche individuelle, puis en dirigeant des groupes de chercheurs, ainsi que des \u00e9tudiants et professionnels de l&rsquo;industrie dans le d\u00e9veloppement d&rsquo;applications et de directives de s\u00e9lection et, derni\u00e8rement, en tant que leader visionnaire avec la cr\u00e9ation du Centre international de recherche sur le givrage atmosph\u00e9rique et l&rsquo;ing\u00e9nierie des r\u00e9seaux \u00e9lectriques (CENGIVRE) \u00e0 l&rsquo;UQAC. Ce centre, unique en son genre, est dot\u00e9 d&rsquo;\u00e9quipements de pointe dans les domaines du givrage, de la haute tension et des nano-rev\u00eatements.<\/p>\n<p>Le prix Claude de Tourreil a \u00e9t\u00e9 cr\u00e9\u00e9 par l&rsquo;INMR\u00a0 en 2009 pour r\u00e9compenser les personnes qui, comme Claude de Tourreil, ont apport\u00e9 une contribution importante et durable \u00e0 la promotion des progr\u00e8s dans la conception, la fabrication, les tests et l&rsquo;application des isolateurs \u00e9lectriques.\u00a0Le Docteur Claude de Tourreil, d\u00e9c\u00e9d\u00e9 en 2006, \u00e9tait l&rsquo;une des personnes les plus respect\u00e9es et passionn\u00e9es dans le monde de l&rsquo;isolation \u00e9lectrique.<\/p>\n<p>&nbsp;<\/p>\n<p>En reconnaissance de ses contributions et de son impact exceptionnel, l&rsquo;UQAC a cr\u00e9\u00e9, en 2010, le <a href=\"https:\/\/www.uqac.ca\/farzaneh\/\" rel=\"noopener\">Prix Masoud Farzaneh<\/a>, honorant des chercheurs qui se sont distingu\u00e9s dans son domaine de recherche.<\/p>\n","protected":false},"excerpt":{"rendered":"<p>Le professeur Masoud Farzaneh re\u00e7oit le prix Claude de Tourreil de l&rsquo;organisme international INMR. Chercheur de renomm\u00e9e internationale, Masoud Farzaneh, a re\u00e7u de nombreuses distinctions pour la qualit\u00e9 et l\u2019importance de ses travaux dans le domaine du transport et de la distribution de l\u2019\u00e9nergie \u00e9lectrique dans des environnements nordiques, procurant par le fait m\u00eame \u00e0 [&hellip;]<\/p>\n","protected":false},"author":5,"featured_media":44722,"comment_status":"closed","ping_status":"closed","sticky":false,"template":"","format":"standard","meta":{"footnotes":""},"categories":[9],"tags":[32,2789],"yoast_head":"<!-- This site is optimized with the Yoast SEO plugin v24.2 - https:\/\/yoast.com\/wordpress\/plugins\/seo\/ -->\r\n<title>Masoud Farzaneh re\u00e7oit le prix Claude de Tourreil de l&#039;organisme international INMR. - UQACtualit\u00e9s<\/title>\r\n<meta name=\"description\" content=\"Le professeur \u00e9m\u00e9rite Masoud Farzaneh a re\u00e7u le prix Claude de Tourreil de l&#039;organisme international INMR.\" \/>\r\n<meta name=\"robots\" content=\"index, follow, max-snippet:-1, max-image-preview:large, max-video-preview:-1\" \/>\r\n<link rel=\"canonical\" href=\"https:\/\/www.uqac.ca\/uqactualites\/2023\/10\/11\/masoud-farzaneh-recoit-le-prix-claude-de-toureille-de-lorganisme-international-inmr\/\" \/>\r\n<meta property=\"og:locale\" content=\"fr_CA\" \/>\r\n<meta property=\"og:type\" content=\"article\" \/>\r\n<meta property=\"og:title\" content=\"Masoud Farzaneh re\u00e7oit le prix Claude de Tourreil de l&#039;organisme international INMR. - UQACtualit\u00e9s\" \/>\r\n<meta property=\"og:description\" content=\"Le professeur \u00e9m\u00e9rite Masoud Farzaneh a re\u00e7u le prix Claude de Tourreil de l&#039;organisme international INMR.\" \/>\r\n<meta property=\"og:url\" content=\"https:\/\/www.uqac.ca\/uqactualites\/2023\/10\/11\/masoud-farzaneh-recoit-le-prix-claude-de-toureille-de-lorganisme-international-inmr\/\" \/>\r\n<meta property=\"og:site_name\" content=\"UQACtualit\u00e9s\" \/>\r\n<meta property=\"article:published_time\" content=\"2023-10-11T16:11:47+00:00\" \/>\r\n<meta property=\"article:modified_time\" content=\"2024-07-31T19:03:01+00:00\" \/>\r\n<meta property=\"og:image\" content=\"https:\/\/www.uqac.ca\/uqactualites\/wp-content\/uploads\/2023\/10\/2023-09-29_Massoud-Farzaneh-Photos_-2_VISAGE-AI_HIGHRES_CLAIR-scaled.jpg\" \/>\r\n\t<meta property=\"og:image:width\" content=\"2560\" \/>\r\n\t<meta property=\"og:image:height\" content=\"1710\" \/>\r\n\t<meta property=\"og:image:type\" content=\"image\/jpeg\" \/>\r\n<meta name=\"author\" content=\"Service des communications et des relations publiques\" \/>\r\n<meta name=\"twitter:card\" content=\"summary_large_image\" \/>\r\n<meta name=\"twitter:label1\" content=\"\u00c9crit par\" \/>\n\t<meta name=\"twitter:data1\" content=\"Service des communications et des relations publiques\" \/>\n\t<meta name=\"twitter:label2\" content=\"Estimation du temps de lecture\" \/>\n\t<meta name=\"twitter:data2\" content=\"2 minutes\" \/>\r\n<script type=\"application\/ld+json\" class=\"yoast-schema-graph\">{\"@context\":\"https:\/\/schema.org\",\"@graph\":[{\"@type\":\"WebPage\",\"@id\":\"https:\/\/www.uqac.ca\/uqactualites\/2023\/10\/11\/masoud-farzaneh-recoit-le-prix-claude-de-toureille-de-lorganisme-international-inmr\/\",\"url\":\"https:\/\/www.uqac.ca\/uqactualites\/2023\/10\/11\/masoud-farzaneh-recoit-le-prix-claude-de-toureille-de-lorganisme-international-inmr\/\",\"name\":\"Masoud Farzaneh re\u00e7oit le prix Claude de Tourreil de l'organisme international INMR. - UQACtualit\u00e9s\",\"isPartOf\":{\"@id\":\"https:\/\/www.uqac.ca\/uqactualites\/#website\"},\"primaryImageOfPage\":{\"@id\":\"https:\/\/www.uqac.ca\/uqactualites\/2023\/10\/11\/masoud-farzaneh-recoit-le-prix-claude-de-toureille-de-lorganisme-international-inmr\/#primaryimage\"},\"image\":{\"@id\":\"https:\/\/www.uqac.ca\/uqactualites\/2023\/10\/11\/masoud-farzaneh-recoit-le-prix-claude-de-toureille-de-lorganisme-international-inmr\/#primaryimage\"},\"thumbnailUrl\":\"https:\/\/www.uqac.ca\/uqactualites\/wp-content\/uploads\/2023\/10\/2023-09-29_Massoud-Farzaneh-Photos_-2_VISAGE-AI_HIGHRES_CLAIR-scaled.jpg\",\"datePublished\":\"2023-10-11T16:11:47+00:00\",\"dateModified\":\"2024-07-31T19:03:01+00:00\",\"author\":{\"@id\":\"https:\/\/www.uqac.ca\/uqactualites\/#\/schema\/person\/366c45a0c4f0e677b41b4af5886e2018\"},\"description\":\"Le professeur \u00e9m\u00e9rite Masoud Farzaneh a re\u00e7u le prix Claude de Tourreil de l'organisme international INMR.\",\"breadcrumb\":{\"@id\":\"https:\/\/www.uqac.ca\/uqactualites\/2023\/10\/11\/masoud-farzaneh-recoit-le-prix-claude-de-toureille-de-lorganisme-international-inmr\/#breadcrumb\"},\"inLanguage\":\"fr-CA\",\"potentialAction\":[{\"@type\":\"ReadAction\",\"target\":[\"https:\/\/www.uqac.ca\/uqactualites\/2023\/10\/11\/masoud-farzaneh-recoit-le-prix-claude-de-toureille-de-lorganisme-international-inmr\/\"]}]},{\"@type\":\"ImageObject\",\"inLanguage\":\"fr-CA\",\"@id\":\"https:\/\/www.uqac.ca\/uqactualites\/2023\/10\/11\/masoud-farzaneh-recoit-le-prix-claude-de-toureille-de-lorganisme-international-inmr\/#primaryimage\",\"url\":\"https:\/\/www.uqac.ca\/uqactualites\/wp-content\/uploads\/2023\/10\/2023-09-29_Massoud-Farzaneh-Photos_-2_VISAGE-AI_HIGHRES_CLAIR-scaled.jpg\",\"contentUrl\":\"https:\/\/www.uqac.ca\/uqactualites\/wp-content\/uploads\/2023\/10\/2023-09-29_Massoud-Farzaneh-Photos_-2_VISAGE-AI_HIGHRES_CLAIR-scaled.jpg\",\"width\":2560,\"height\":1710,\"caption\":\"Masoud Farzaneh\"},{\"@type\":\"BreadcrumbList\",\"@id\":\"https:\/\/www.uqac.ca\/uqactualites\/2023\/10\/11\/masoud-farzaneh-recoit-le-prix-claude-de-toureille-de-lorganisme-international-inmr\/#breadcrumb\",\"itemListElement\":[{\"@type\":\"ListItem\",\"position\":1,\"name\":\"Home\",\"item\":\"https:\/\/www.uqac.ca\/uqactualites\/\"},{\"@type\":\"ListItem\",\"position\":2,\"name\":\"Masoud Farzaneh re\u00e7oit le prix Claude de Tourreil de l&rsquo;organisme international INMR.\"}]},{\"@type\":\"WebSite\",\"@id\":\"https:\/\/www.uqac.ca\/uqactualites\/#website\",\"url\":\"https:\/\/www.uqac.ca\/uqactualites\/\",\"name\":\"UQACtualit\u00e9s\",\"description\":\"Le portail des nouvelles de l&#039;UQAC\",\"potentialAction\":[{\"@type\":\"SearchAction\",\"target\":{\"@type\":\"EntryPoint\",\"urlTemplate\":\"https:\/\/www.uqac.ca\/uqactualites\/?s={search_term_string}\"},\"query-input\":{\"@type\":\"PropertyValueSpecification\",\"valueRequired\":true,\"valueName\":\"search_term_string\"}}],\"inLanguage\":\"fr-CA\"},{\"@type\":\"Person\",\"@id\":\"https:\/\/www.uqac.ca\/uqactualites\/#\/schema\/person\/366c45a0c4f0e677b41b4af5886e2018\",\"name\":\"Service des communications et des relations publiques\",\"image\":{\"@type\":\"ImageObject\",\"inLanguage\":\"fr-CA\",\"@id\":\"https:\/\/www.uqac.ca\/uqactualites\/#\/schema\/person\/image\/\",\"url\":\"https:\/\/secure.gravatar.com\/avatar\/20fbbda8a292f59f2d3461a5b999c00b?s=96&d=mm&r=g\",\"contentUrl\":\"https:\/\/secure.gravatar.com\/avatar\/20fbbda8a292f59f2d3461a5b999c00b?s=96&d=mm&r=g\",\"caption\":\"Service des communications et des relations publiques\"},\"url\":\"https:\/\/www.uqac.ca\/uqactualites\/author\/bap\/\"}]}<\/script>\r\n<!-- \/ Yoast SEO plugin. -->","yoast_head_json":{"title":"Masoud Farzaneh re\u00e7oit le prix Claude de Tourreil de l'organisme international INMR. - UQACtualit\u00e9s","description":"Le professeur \u00e9m\u00e9rite Masoud Farzaneh a re\u00e7u le prix Claude de Tourreil de l'organisme international INMR.","robots":{"index":"index","follow":"follow","max-snippet":"max-snippet:-1","max-image-preview":"max-image-preview:large","max-video-preview":"max-video-preview:-1"},"canonical":"https:\/\/www.uqac.ca\/uqactualites\/2023\/10\/11\/masoud-farzaneh-recoit-le-prix-claude-de-toureille-de-lorganisme-international-inmr\/","og_locale":"fr_CA","og_type":"article","og_title":"Masoud Farzaneh re\u00e7oit le prix Claude de Tourreil de l'organisme international INMR. - UQACtualit\u00e9s","og_description":"Le professeur \u00e9m\u00e9rite Masoud Farzaneh a re\u00e7u le prix Claude de Tourreil de l'organisme international INMR.","og_url":"https:\/\/www.uqac.ca\/uqactualites\/2023\/10\/11\/masoud-farzaneh-recoit-le-prix-claude-de-toureille-de-lorganisme-international-inmr\/","og_site_name":"UQACtualit\u00e9s","article_published_time":"2023-10-11T16:11:47+00:00","article_modified_time":"2024-07-31T19:03:01+00:00","og_image":[{"width":2560,"height":1710,"url":"https:\/\/www.uqac.ca\/uqactualites\/wp-content\/uploads\/2023\/10\/2023-09-29_Massoud-Farzaneh-Photos_-2_VISAGE-AI_HIGHRES_CLAIR-scaled.jpg","type":"image\/jpeg"}],"author":"Service des communications et des relations publiques","twitter_card":"summary_large_image","twitter_misc":{"\u00c9crit par":"Service des communications et des relations publiques","Estimation du temps de lecture":"2 minutes"},"schema":{"@context":"https:\/\/schema.org","@graph":[{"@type":"WebPage","@id":"https:\/\/www.uqac.ca\/uqactualites\/2023\/10\/11\/masoud-farzaneh-recoit-le-prix-claude-de-toureille-de-lorganisme-international-inmr\/","url":"https:\/\/www.uqac.ca\/uqactualites\/2023\/10\/11\/masoud-farzaneh-recoit-le-prix-claude-de-toureille-de-lorganisme-international-inmr\/","name":"Masoud Farzaneh re\u00e7oit le prix Claude de Tourreil de l'organisme international INMR. - UQACtualit\u00e9s","isPartOf":{"@id":"https:\/\/www.uqac.ca\/uqactualites\/#website"},"primaryImageOfPage":{"@id":"https:\/\/www.uqac.ca\/uqactualites\/2023\/10\/11\/masoud-farzaneh-recoit-le-prix-claude-de-toureille-de-lorganisme-international-inmr\/#primaryimage"},"image":{"@id":"https:\/\/www.uqac.ca\/uqactualites\/2023\/10\/11\/masoud-farzaneh-recoit-le-prix-claude-de-toureille-de-lorganisme-international-inmr\/#primaryimage"},"thumbnailUrl":"https:\/\/www.uqac.ca\/uqactualites\/wp-content\/uploads\/2023\/10\/2023-09-29_Massoud-Farzaneh-Photos_-2_VISAGE-AI_HIGHRES_CLAIR-scaled.jpg","datePublished":"2023-10-11T16:11:47+00:00","dateModified":"2024-07-31T19:03:01+00:00","author":{"@id":"https:\/\/www.uqac.ca\/uqactualites\/#\/schema\/person\/366c45a0c4f0e677b41b4af5886e2018"},"description":"Le professeur \u00e9m\u00e9rite Masoud Farzaneh a re\u00e7u le prix Claude de Tourreil de l'organisme international INMR.","breadcrumb":{"@id":"https:\/\/www.uqac.ca\/uqactualites\/2023\/10\/11\/masoud-farzaneh-recoit-le-prix-claude-de-toureille-de-lorganisme-international-inmr\/#breadcrumb"},"inLanguage":"fr-CA","potentialAction":[{"@type":"ReadAction","target":["https:\/\/www.uqac.ca\/uqactualites\/2023\/10\/11\/masoud-farzaneh-recoit-le-prix-claude-de-toureille-de-lorganisme-international-inmr\/"]}]},{"@type":"ImageObject","inLanguage":"fr-CA","@id":"https:\/\/www.uqac.ca\/uqactualites\/2023\/10\/11\/masoud-farzaneh-recoit-le-prix-claude-de-toureille-de-lorganisme-international-inmr\/#primaryimage","url":"https:\/\/www.uqac.ca\/uqactualites\/wp-content\/uploads\/2023\/10\/2023-09-29_Massoud-Farzaneh-Photos_-2_VISAGE-AI_HIGHRES_CLAIR-scaled.jpg","contentUrl":"https:\/\/www.uqac.ca\/uqactualites\/wp-content\/uploads\/2023\/10\/2023-09-29_Massoud-Farzaneh-Photos_-2_VISAGE-AI_HIGHRES_CLAIR-scaled.jpg","width":2560,"height":1710,"caption":"Masoud Farzaneh"},{"@type":"BreadcrumbList","@id":"https:\/\/www.uqac.ca\/uqactualites\/2023\/10\/11\/masoud-farzaneh-recoit-le-prix-claude-de-toureille-de-lorganisme-international-inmr\/#breadcrumb","itemListElement":[{"@type":"ListItem","position":1,"name":"Home","item":"https:\/\/www.uqac.ca\/uqactualites\/"},{"@type":"ListItem","position":2,"name":"Masoud Farzaneh re\u00e7oit le prix Claude de Tourreil de l&rsquo;organisme international INMR."}]},{"@type":"WebSite","@id":"https:\/\/www.uqac.ca\/uqactualites\/#website","url":"https:\/\/www.uqac.ca\/uqactualites\/","name":"UQACtualit\u00e9s","description":"Le portail des nouvelles de l&#039;UQAC","potentialAction":[{"@type":"SearchAction","target":{"@type":"EntryPoint","urlTemplate":"https:\/\/www.uqac.ca\/uqactualites\/?s={search_term_string}"},"query-input":{"@type":"PropertyValueSpecification","valueRequired":true,"valueName":"search_term_string"}}],"inLanguage":"fr-CA"},{"@type":"Person","@id":"https:\/\/www.uqac.ca\/uqactualites\/#\/schema\/person\/366c45a0c4f0e677b41b4af5886e2018","name":"Service des communications et des relations publiques","image":{"@type":"ImageObject","inLanguage":"fr-CA","@id":"https:\/\/www.uqac.ca\/uqactualites\/#\/schema\/person\/image\/","url":"https:\/\/secure.gravatar.com\/avatar\/20fbbda8a292f59f2d3461a5b999c00b?s=96&d=mm&r=g","contentUrl":"https:\/\/secure.gravatar.com\/avatar\/20fbbda8a292f59f2d3461a5b999c00b?s=96&d=mm&r=g","caption":"Service des communications et des relations publiques"},"url":"https:\/\/www.uqac.ca\/uqactualites\/author\/bap\/"}]}},"_links":{"self":[{"href":"https:\/\/www.uqac.ca\/uqactualites\/wp-json\/wp\/v2\/posts\/44721"}],"collection":[{"href":"https:\/\/www.uqac.ca\/uqactualites\/wp-json\/wp\/v2\/posts"}],"about":[{"href":"https:\/\/www.uqac.ca\/uqactualites\/wp-json\/wp\/v2\/types\/post"}],"author":[{"embeddable":true,"href":"https:\/\/www.uqac.ca\/uqactualites\/wp-json\/wp\/v2\/users\/5"}],"replies":[{"embeddable":true,"href":"https:\/\/www.uqac.ca\/uqactualites\/wp-json\/wp\/v2\/comments?post=44721"}],"version-history":[{"count":2,"href":"https:\/\/www.uqac.ca\/uqactualites\/wp-json\/wp\/v2\/posts\/44721\/revisions"}],"predecessor-version":[{"id":48246,"href":"https:\/\/www.uqac.ca\/uqactualites\/wp-json\/wp\/v2\/posts\/44721\/revisions\/48246"}],"wp:featuredmedia":[{"embeddable":true,"href":"https:\/\/www.uqac.ca\/uqactualites\/wp-json\/wp\/v2\/media\/44722"}],"wp:attachment":[{"href":"https:\/\/www.uqac.ca\/uqactualites\/wp-json\/wp\/v2\/media?parent=44721"}],"wp:term":[{"taxonomy":"category","embeddable":true,"href":"https:\/\/www.uqac.ca\/uqactualites\/wp-json\/wp\/v2\/categories?post=44721"},{"taxonomy":"post_tag","embeddable":true,"href":"https:\/\/www.uqac.ca\/uqactualites\/wp-json\/wp\/v2\/tags?post=44721"}],"curies":[{"name":"wp","href":"https:\/\/api.w.org\/{rel}","templated":true}]}}