{"id":44743,"date":"2023-10-13T16:06:24","date_gmt":"2023-10-13T20:06:24","guid":{"rendered":"https:\/\/www.uqac.ca\/?p=44743"},"modified":"2024-07-31T15:03:26","modified_gmt":"2024-07-31T19:03:26","slug":"plus-de-4-000-eleves-du-secondaire-rencontres-a-levenement-zig-zag","status":"publish","type":"post","link":"https:\/\/www.uqac.ca\/uqactualites\/2023\/10\/13\/plus-de-4-000-eleves-du-secondaire-rencontres-a-levenement-zig-zag\/","title":{"rendered":"Plus de 4 000 \u00e9l\u00e8ves du secondaire rencontr\u00e9s \u00e0 l&rsquo;\u00e9v\u00e9nement Zig Zag"},"content":{"rendered":"<p>Le salon Zig Zag s\u2019est tenu les 11 et 12 octobre dernier au Pavillon sportif de l\u2019UQAC.<\/p>\n<p>Cet \u00e9v\u00e9nement d\u2019information scolaire a permis \u00e0 4 000 \u00e9l\u00e8ves de troisi\u00e8me, quatri\u00e8me et cinqui\u00e8me secondaire du Saguenay, de conna\u00eetre les programmes de formation offerts en formation professionnelle, coll\u00e9giale et universitaire.<\/p>\n<p>Il s\u2019agit de l\u2019<a href=\"https:\/\/cchic.ca\/futurs-etudiants\/zigzag\/\" target=\"_blank\" rel=\"noopener\">unique \u00e9v\u00e9nement interordre<\/a> d\u00e9di\u00e9 \u00e0 ce public qui est en mode exploratoire pour les plus jeunes et qui permet de cristalliser la d\u00e9cision du programme, pour les finissants des \u00e9coles secondaires. Soulignons un ajout int\u00e9ressant permettant de parler de la transitions entre les diff\u00e9rents ordres d&rsquo;enseignement. Pour ce faire, un panel d&rsquo;\u00e9l\u00e8ves et d&rsquo;\u00e9tudiant(e) ont t\u00e9moign\u00e9 des appr\u00e9hensions v\u00e9cues et de ce qui les a aid\u00e9 \u00e0 bien r\u00e9ussir leur transition scolaire.<\/p>\n<p><img loading=\"lazy\" decoding=\"async\" class=\"alignnone size-medium wp-image-44745\" src=\"https:\/\/www.uqac.ca\/uqactualites\/wp-content\/uploads\/2023\/10\/MicrosoftTeams-image-31-300x225.jpg\" alt=\"\" width=\"300\" height=\"225\" srcset=\"https:\/\/www.uqac.ca\/uqactualites\/wp-content\/uploads\/2023\/10\/MicrosoftTeams-image-31-300x225.jpg 300w, https:\/\/www.uqac.ca\/uqactualites\/wp-content\/uploads\/2023\/10\/MicrosoftTeams-image-31-768x576.jpg 768w, https:\/\/www.uqac.ca\/uqactualites\/wp-content\/uploads\/2023\/10\/MicrosoftTeams-image-31-150x113.jpg 150w, https:\/\/www.uqac.ca\/uqactualites\/wp-content\/uploads\/2023\/10\/MicrosoftTeams-image-31-696x522.jpg 696w, https:\/\/www.uqac.ca\/uqactualites\/wp-content\/uploads\/2023\/10\/MicrosoftTeams-image-31.jpg 1024w\" sizes=\"(max-width: 300px) 100vw, 300px\" \/><\/p>\n<p>En ce qui concerne l\u2019UQAC, les programmes de baccalaur\u00e9ats \u00e9taient repr\u00e9sent\u00e9s \u00e0 Zig Zag par des \u00e9tudiants et des \u00e9tudiantes, ce qui permet aux \u00e9l\u00e8ves de se projeter en eux, dans quelques ann\u00e9es.<\/p>\n<p><img loading=\"lazy\" decoding=\"async\" class=\"alignnone size-medium wp-image-44746\" src=\"https:\/\/www.uqac.ca\/uqactualites\/wp-content\/uploads\/2023\/10\/MicrosoftTeams-image-32-225x300.jpg\" alt=\"\" width=\"225\" height=\"300\" srcset=\"https:\/\/www.uqac.ca\/uqactualites\/wp-content\/uploads\/2023\/10\/MicrosoftTeams-image-32-225x300.jpg 225w, https:\/\/www.uqac.ca\/uqactualites\/wp-content\/uploads\/2023\/10\/MicrosoftTeams-image-32-150x200.jpg 150w, https:\/\/www.uqac.ca\/uqactualites\/wp-content\/uploads\/2023\/10\/MicrosoftTeams-image-32-300x400.jpg 300w, https:\/\/www.uqac.ca\/uqactualites\/wp-content\/uploads\/2023\/10\/MicrosoftTeams-image-32-696x928.jpg 696w, https:\/\/www.uqac.ca\/uqactualites\/wp-content\/uploads\/2023\/10\/MicrosoftTeams-image-32.jpg 768w\" sizes=\"(max-width: 225px) 100vw, 225px\" \/><\/p>\n<p>L\u2019une des nouveaut\u00e9s apport\u00e9es concerne l\u2019ad\u00e9quation formation-emploi. En effet, chacun des programmes de l\u2019UQAC proposait sur un \u00e9cran un \u00e9nonc\u00e9 de t\u00e2ches qu\u2019un dipl\u00f4m\u00e9 r\u00e9alise dans son quotidien. L\u2019image suivante venait d\u00e9voiler le programme universitaire concern\u00e9, permettant ainsi de rendre plus tangible les emplois suivant une formation universitaire. Quelques-uns de ces \u00e9nonc\u00e9s ont d\u2019ailleurs \u00e9t\u00e9 d\u00e9clin\u00e9s en quizz, afin de susciter un moment de discussion au retour \u00e0 la maison, avec les proches.<\/p>\n<p>Vous connaissez un \u00e9l\u00e8ve du secondaire qui en sera bient\u00f4t \u00e0 l\u2019heure des choix ou vous souhaitez simplement vous mettre au d\u00e9fi?<\/p>\n<p><a href=\"https:\/\/www.uqac.ca\/le-defi-des-programmes-a-luqac\/\">Essayer le d\u00e9fi des programmes!<\/a><\/p>\n","protected":false},"excerpt":{"rendered":"<p>Le salon Zig Zag s\u2019est tenu les 11 et 12 octobre dernier au Pavillon sportif de l\u2019UQAC. Cet \u00e9v\u00e9nement d\u2019information scolaire a permis \u00e0 4 000 \u00e9l\u00e8ves de troisi\u00e8me, quatri\u00e8me et cinqui\u00e8me secondaire du Saguenay, de conna\u00eetre les programmes de formation offerts en formation professionnelle, coll\u00e9giale et universitaire. Il s\u2019agit de l\u2019unique \u00e9v\u00e9nement interordre d\u00e9di\u00e9 [&hellip;]<\/p>\n","protected":false},"author":5,"featured_media":44744,"comment_status":"closed","ping_status":"closed","sticky":false,"template":"","format":"standard","meta":{"footnotes":""},"categories":[2854,61],"tags":[],"yoast_head":"<!-- This site is optimized with the Yoast SEO plugin v24.2 - https:\/\/yoast.com\/wordpress\/plugins\/seo\/ -->\r\n<title>Plus de 4 000 \u00e9l\u00e8ves du secondaire rencontr\u00e9s \u00e0 l&#039;\u00e9v\u00e9nement Zig Zag - UQACtualit\u00e9s<\/title>\r\n<meta name=\"description\" content=\"R\u00e9unissant de 4 000 \u00e9l\u00e8ves de secondaire du Saguenay, le salon Zig Zag s\u2019est tenu les 11 et 12 octobre dernier au Pavillon sportif de l\u2019UQAC.\" \/>\r\n<meta name=\"robots\" content=\"index, follow, max-snippet:-1, max-image-preview:large, max-video-preview:-1\" \/>\r\n<link rel=\"canonical\" href=\"https:\/\/www.uqac.ca\/uqactualites\/2023\/10\/13\/plus-de-4-000-eleves-du-secondaire-rencontres-a-levenement-zig-zag\/\" \/>\r\n<meta property=\"og:locale\" content=\"fr_CA\" \/>\r\n<meta property=\"og:type\" content=\"article\" \/>\r\n<meta property=\"og:title\" content=\"Plus de 4 000 \u00e9l\u00e8ves du secondaire rencontr\u00e9s \u00e0 l&#039;\u00e9v\u00e9nement Zig Zag - UQACtualit\u00e9s\" \/>\r\n<meta property=\"og:description\" content=\"R\u00e9unissant de 4 000 \u00e9l\u00e8ves de secondaire du Saguenay, le salon Zig Zag s\u2019est tenu les 11 et 12 octobre dernier au Pavillon sportif de l\u2019UQAC.\" \/>\r\n<meta property=\"og:url\" content=\"https:\/\/www.uqac.ca\/uqactualites\/2023\/10\/13\/plus-de-4-000-eleves-du-secondaire-rencontres-a-levenement-zig-zag\/\" \/>\r\n<meta property=\"og:site_name\" content=\"UQACtualit\u00e9s\" \/>\r\n<meta property=\"article:published_time\" content=\"2023-10-13T20:06:24+00:00\" \/>\r\n<meta property=\"article:modified_time\" content=\"2024-07-31T19:03:26+00:00\" \/>\r\n<meta property=\"og:image\" content=\"https:\/\/www.uqac.ca\/uqactualites\/wp-content\/uploads\/2023\/10\/MicrosoftTeams-image-25.jpg\" \/>\r\n\t<meta property=\"og:image:width\" content=\"1024\" \/>\r\n\t<meta property=\"og:image:height\" content=\"768\" \/>\r\n\t<meta property=\"og:image:type\" content=\"image\/jpeg\" \/>\r\n<meta name=\"author\" content=\"Service des communications et des relations publiques\" \/>\r\n<meta name=\"twitter:card\" content=\"summary_large_image\" \/>\r\n<meta name=\"twitter:label1\" content=\"\u00c9crit par\" \/>\n\t<meta name=\"twitter:data1\" content=\"Service des communications et des relations publiques\" \/>\n\t<meta name=\"twitter:label2\" content=\"Estimation du temps de lecture\" \/>\n\t<meta name=\"twitter:data2\" content=\"2 minutes\" \/>\r\n<script type=\"application\/ld+json\" class=\"yoast-schema-graph\">{\"@context\":\"https:\/\/schema.org\",\"@graph\":[{\"@type\":\"WebPage\",\"@id\":\"https:\/\/www.uqac.ca\/uqactualites\/2023\/10\/13\/plus-de-4-000-eleves-du-secondaire-rencontres-a-levenement-zig-zag\/\",\"url\":\"https:\/\/www.uqac.ca\/uqactualites\/2023\/10\/13\/plus-de-4-000-eleves-du-secondaire-rencontres-a-levenement-zig-zag\/\",\"name\":\"Plus de 4 000 \u00e9l\u00e8ves du secondaire rencontr\u00e9s \u00e0 l'\u00e9v\u00e9nement Zig Zag - UQACtualit\u00e9s\",\"isPartOf\":{\"@id\":\"https:\/\/www.uqac.ca\/uqactualites\/#website\"},\"primaryImageOfPage\":{\"@id\":\"https:\/\/www.uqac.ca\/uqactualites\/2023\/10\/13\/plus-de-4-000-eleves-du-secondaire-rencontres-a-levenement-zig-zag\/#primaryimage\"},\"image\":{\"@id\":\"https:\/\/www.uqac.ca\/uqactualites\/2023\/10\/13\/plus-de-4-000-eleves-du-secondaire-rencontres-a-levenement-zig-zag\/#primaryimage\"},\"thumbnailUrl\":\"https:\/\/www.uqac.ca\/uqactualites\/wp-content\/uploads\/2023\/10\/MicrosoftTeams-image-25.jpg\",\"datePublished\":\"2023-10-13T20:06:24+00:00\",\"dateModified\":\"2024-07-31T19:03:26+00:00\",\"author\":{\"@id\":\"https:\/\/www.uqac.ca\/uqactualites\/#\/schema\/person\/366c45a0c4f0e677b41b4af5886e2018\"},\"description\":\"R\u00e9unissant de 4 000 \u00e9l\u00e8ves de secondaire du Saguenay, le salon Zig Zag s\u2019est tenu les 11 et 12 octobre dernier au Pavillon sportif de l\u2019UQAC.\",\"breadcrumb\":{\"@id\":\"https:\/\/www.uqac.ca\/uqactualites\/2023\/10\/13\/plus-de-4-000-eleves-du-secondaire-rencontres-a-levenement-zig-zag\/#breadcrumb\"},\"inLanguage\":\"fr-CA\",\"potentialAction\":[{\"@type\":\"ReadAction\",\"target\":[\"https:\/\/www.uqac.ca\/uqactualites\/2023\/10\/13\/plus-de-4-000-eleves-du-secondaire-rencontres-a-levenement-zig-zag\/\"]}]},{\"@type\":\"ImageObject\",\"inLanguage\":\"fr-CA\",\"@id\":\"https:\/\/www.uqac.ca\/uqactualites\/2023\/10\/13\/plus-de-4-000-eleves-du-secondaire-rencontres-a-levenement-zig-zag\/#primaryimage\",\"url\":\"https:\/\/www.uqac.ca\/uqactualites\/wp-content\/uploads\/2023\/10\/MicrosoftTeams-image-25.jpg\",\"contentUrl\":\"https:\/\/www.uqac.ca\/uqactualites\/wp-content\/uploads\/2023\/10\/MicrosoftTeams-image-25.jpg\",\"width\":1024,\"height\":768,\"caption\":\"Zig Zag\"},{\"@type\":\"BreadcrumbList\",\"@id\":\"https:\/\/www.uqac.ca\/uqactualites\/2023\/10\/13\/plus-de-4-000-eleves-du-secondaire-rencontres-a-levenement-zig-zag\/#breadcrumb\",\"itemListElement\":[{\"@type\":\"ListItem\",\"position\":1,\"name\":\"Home\",\"item\":\"https:\/\/www.uqac.ca\/uqactualites\/\"},{\"@type\":\"ListItem\",\"position\":2,\"name\":\"Plus de 4 000 \u00e9l\u00e8ves du secondaire rencontr\u00e9s \u00e0 l&rsquo;\u00e9v\u00e9nement Zig Zag\"}]},{\"@type\":\"WebSite\",\"@id\":\"https:\/\/www.uqac.ca\/uqactualites\/#website\",\"url\":\"https:\/\/www.uqac.ca\/uqactualites\/\",\"name\":\"UQACtualit\u00e9s\",\"description\":\"Le portail des nouvelles de l&#039;UQAC\",\"potentialAction\":[{\"@type\":\"SearchAction\",\"target\":{\"@type\":\"EntryPoint\",\"urlTemplate\":\"https:\/\/www.uqac.ca\/uqactualites\/?s={search_term_string}\"},\"query-input\":{\"@type\":\"PropertyValueSpecification\",\"valueRequired\":true,\"valueName\":\"search_term_string\"}}],\"inLanguage\":\"fr-CA\"},{\"@type\":\"Person\",\"@id\":\"https:\/\/www.uqac.ca\/uqactualites\/#\/schema\/person\/366c45a0c4f0e677b41b4af5886e2018\",\"name\":\"Service des communications et des relations publiques\",\"image\":{\"@type\":\"ImageObject\",\"inLanguage\":\"fr-CA\",\"@id\":\"https:\/\/www.uqac.ca\/uqactualites\/#\/schema\/person\/image\/\",\"url\":\"https:\/\/secure.gravatar.com\/avatar\/20fbbda8a292f59f2d3461a5b999c00b?s=96&d=mm&r=g\",\"contentUrl\":\"https:\/\/secure.gravatar.com\/avatar\/20fbbda8a292f59f2d3461a5b999c00b?s=96&d=mm&r=g\",\"caption\":\"Service des communications et des relations publiques\"},\"url\":\"https:\/\/www.uqac.ca\/uqactualites\/author\/bap\/\"}]}<\/script>\r\n<!-- \/ Yoast SEO plugin. -->","yoast_head_json":{"title":"Plus de 4 000 \u00e9l\u00e8ves du secondaire rencontr\u00e9s \u00e0 l'\u00e9v\u00e9nement Zig Zag - UQACtualit\u00e9s","description":"R\u00e9unissant de 4 000 \u00e9l\u00e8ves de secondaire du Saguenay, le salon Zig Zag s\u2019est tenu les 11 et 12 octobre dernier au Pavillon sportif de l\u2019UQAC.","robots":{"index":"index","follow":"follow","max-snippet":"max-snippet:-1","max-image-preview":"max-image-preview:large","max-video-preview":"max-video-preview:-1"},"canonical":"https:\/\/www.uqac.ca\/uqactualites\/2023\/10\/13\/plus-de-4-000-eleves-du-secondaire-rencontres-a-levenement-zig-zag\/","og_locale":"fr_CA","og_type":"article","og_title":"Plus de 4 000 \u00e9l\u00e8ves du secondaire rencontr\u00e9s \u00e0 l'\u00e9v\u00e9nement Zig Zag - UQACtualit\u00e9s","og_description":"R\u00e9unissant de 4 000 \u00e9l\u00e8ves de secondaire du Saguenay, le salon Zig Zag s\u2019est tenu les 11 et 12 octobre dernier au Pavillon sportif de l\u2019UQAC.","og_url":"https:\/\/www.uqac.ca\/uqactualites\/2023\/10\/13\/plus-de-4-000-eleves-du-secondaire-rencontres-a-levenement-zig-zag\/","og_site_name":"UQACtualit\u00e9s","article_published_time":"2023-10-13T20:06:24+00:00","article_modified_time":"2024-07-31T19:03:26+00:00","og_image":[{"width":1024,"height":768,"url":"https:\/\/www.uqac.ca\/uqactualites\/wp-content\/uploads\/2023\/10\/MicrosoftTeams-image-25.jpg","type":"image\/jpeg"}],"author":"Service des communications et des relations publiques","twitter_card":"summary_large_image","twitter_misc":{"\u00c9crit par":"Service des communications et des relations publiques","Estimation du temps de lecture":"2 minutes"},"schema":{"@context":"https:\/\/schema.org","@graph":[{"@type":"WebPage","@id":"https:\/\/www.uqac.ca\/uqactualites\/2023\/10\/13\/plus-de-4-000-eleves-du-secondaire-rencontres-a-levenement-zig-zag\/","url":"https:\/\/www.uqac.ca\/uqactualites\/2023\/10\/13\/plus-de-4-000-eleves-du-secondaire-rencontres-a-levenement-zig-zag\/","name":"Plus de 4 000 \u00e9l\u00e8ves du secondaire rencontr\u00e9s \u00e0 l'\u00e9v\u00e9nement Zig Zag - UQACtualit\u00e9s","isPartOf":{"@id":"https:\/\/www.uqac.ca\/uqactualites\/#website"},"primaryImageOfPage":{"@id":"https:\/\/www.uqac.ca\/uqactualites\/2023\/10\/13\/plus-de-4-000-eleves-du-secondaire-rencontres-a-levenement-zig-zag\/#primaryimage"},"image":{"@id":"https:\/\/www.uqac.ca\/uqactualites\/2023\/10\/13\/plus-de-4-000-eleves-du-secondaire-rencontres-a-levenement-zig-zag\/#primaryimage"},"thumbnailUrl":"https:\/\/www.uqac.ca\/uqactualites\/wp-content\/uploads\/2023\/10\/MicrosoftTeams-image-25.jpg","datePublished":"2023-10-13T20:06:24+00:00","dateModified":"2024-07-31T19:03:26+00:00","author":{"@id":"https:\/\/www.uqac.ca\/uqactualites\/#\/schema\/person\/366c45a0c4f0e677b41b4af5886e2018"},"description":"R\u00e9unissant de 4 000 \u00e9l\u00e8ves de secondaire du Saguenay, le salon Zig Zag s\u2019est tenu les 11 et 12 octobre dernier au Pavillon sportif de l\u2019UQAC.","breadcrumb":{"@id":"https:\/\/www.uqac.ca\/uqactualites\/2023\/10\/13\/plus-de-4-000-eleves-du-secondaire-rencontres-a-levenement-zig-zag\/#breadcrumb"},"inLanguage":"fr-CA","potentialAction":[{"@type":"ReadAction","target":["https:\/\/www.uqac.ca\/uqactualites\/2023\/10\/13\/plus-de-4-000-eleves-du-secondaire-rencontres-a-levenement-zig-zag\/"]}]},{"@type":"ImageObject","inLanguage":"fr-CA","@id":"https:\/\/www.uqac.ca\/uqactualites\/2023\/10\/13\/plus-de-4-000-eleves-du-secondaire-rencontres-a-levenement-zig-zag\/#primaryimage","url":"https:\/\/www.uqac.ca\/uqactualites\/wp-content\/uploads\/2023\/10\/MicrosoftTeams-image-25.jpg","contentUrl":"https:\/\/www.uqac.ca\/uqactualites\/wp-content\/uploads\/2023\/10\/MicrosoftTeams-image-25.jpg","width":1024,"height":768,"caption":"Zig Zag"},{"@type":"BreadcrumbList","@id":"https:\/\/www.uqac.ca\/uqactualites\/2023\/10\/13\/plus-de-4-000-eleves-du-secondaire-rencontres-a-levenement-zig-zag\/#breadcrumb","itemListElement":[{"@type":"ListItem","position":1,"name":"Home","item":"https:\/\/www.uqac.ca\/uqactualites\/"},{"@type":"ListItem","position":2,"name":"Plus de 4 000 \u00e9l\u00e8ves du secondaire rencontr\u00e9s \u00e0 l&rsquo;\u00e9v\u00e9nement Zig Zag"}]},{"@type":"WebSite","@id":"https:\/\/www.uqac.ca\/uqactualites\/#website","url":"https:\/\/www.uqac.ca\/uqactualites\/","name":"UQACtualit\u00e9s","description":"Le portail des nouvelles de l&#039;UQAC","potentialAction":[{"@type":"SearchAction","target":{"@type":"EntryPoint","urlTemplate":"https:\/\/www.uqac.ca\/uqactualites\/?s={search_term_string}"},"query-input":{"@type":"PropertyValueSpecification","valueRequired":true,"valueName":"search_term_string"}}],"inLanguage":"fr-CA"},{"@type":"Person","@id":"https:\/\/www.uqac.ca\/uqactualites\/#\/schema\/person\/366c45a0c4f0e677b41b4af5886e2018","name":"Service des communications et des relations publiques","image":{"@type":"ImageObject","inLanguage":"fr-CA","@id":"https:\/\/www.uqac.ca\/uqactualites\/#\/schema\/person\/image\/","url":"https:\/\/secure.gravatar.com\/avatar\/20fbbda8a292f59f2d3461a5b999c00b?s=96&d=mm&r=g","contentUrl":"https:\/\/secure.gravatar.com\/avatar\/20fbbda8a292f59f2d3461a5b999c00b?s=96&d=mm&r=g","caption":"Service des communications et des relations publiques"},"url":"https:\/\/www.uqac.ca\/uqactualites\/author\/bap\/"}]}},"_links":{"self":[{"href":"https:\/\/www.uqac.ca\/uqactualites\/wp-json\/wp\/v2\/posts\/44743"}],"collection":[{"href":"https:\/\/www.uqac.ca\/uqactualites\/wp-json\/wp\/v2\/posts"}],"about":[{"href":"https:\/\/www.uqac.ca\/uqactualites\/wp-json\/wp\/v2\/types\/post"}],"author":[{"embeddable":true,"href":"https:\/\/www.uqac.ca\/uqactualites\/wp-json\/wp\/v2\/users\/5"}],"replies":[{"embeddable":true,"href":"https:\/\/www.uqac.ca\/uqactualites\/wp-json\/wp\/v2\/comments?post=44743"}],"version-history":[{"count":3,"href":"https:\/\/www.uqac.ca\/uqactualites\/wp-json\/wp\/v2\/posts\/44743\/revisions"}],"predecessor-version":[{"id":48244,"href":"https:\/\/www.uqac.ca\/uqactualites\/wp-json\/wp\/v2\/posts\/44743\/revisions\/48244"}],"wp:featuredmedia":[{"embeddable":true,"href":"https:\/\/www.uqac.ca\/uqactualites\/wp-json\/wp\/v2\/media\/44744"}],"wp:attachment":[{"href":"https:\/\/www.uqac.ca\/uqactualites\/wp-json\/wp\/v2\/media?parent=44743"}],"wp:term":[{"taxonomy":"category","embeddable":true,"href":"https:\/\/www.uqac.ca\/uqactualites\/wp-json\/wp\/v2\/categories?post=44743"},{"taxonomy":"post_tag","embeddable":true,"href":"https:\/\/www.uqac.ca\/uqactualites\/wp-json\/wp\/v2\/tags?post=44743"}],"curies":[{"name":"wp","href":"https:\/\/api.w.org\/{rel}","templated":true}]}}