{"id":44930,"date":"2023-10-23T10:59:18","date_gmt":"2023-10-23T14:59:18","guid":{"rendered":"https:\/\/www.uqac.ca\/uqactualites\/?p=44930"},"modified":"2024-07-31T14:17:57","modified_gmt":"2024-07-31T18:17:57","slug":"le-professeur-issouf-fofana-obtient-une-chaire-de-recherche-de-niveau-1-2","status":"publish","type":"post","link":"https:\/\/www.uqac.ca\/uqactualites\/2023\/10\/23\/le-professeur-issouf-fofana-obtient-une-chaire-de-recherche-de-niveau-1-2\/","title":{"rendered":"Le professeur Issouf Fofana obtient une chaire de recherche de niveau 1"},"content":{"rendered":"\r\n<p>F\u00e9licitations \u00e0 Issouf Fofana, professeur au <a href=\"https:\/\/www.uqac.ca\/dsa\/index.html\">D\u00e9partement des sciences appliqu\u00e9es<\/a> et directeur du Centre International d\u2019Ing\u00e9nierie Nordique (CIIN), qui est r\u00e9cemment devenu le titulaire d\u2019une nouvelle chaire de recherche du Canada (CRC) de niveau 1 sur le vieillissement de l\u2019appareillage rempli d\u2019huile install\u00e9 sur les lignes \u00e0 haute tension. Cette CRC est active depuis janvier 2023.<\/p>\r\n\r\n\r\n\r\n<p>Les chaires de niveau 1 sont renouvelables une seule fois apr\u00e8s sept ans. Elles sont destin\u00e9es \u00e0 des chercheuses et \u00e0 des chercheurs exceptionnels reconnus par leurs pairs comme des chefs de file mondiaux dans leur domaine. Pour chaque chaire de niveau 1, l\u2019\u00e9tablissement re\u00e7oit 200 000 $ par ann\u00e9e pendant sept ans.<\/p>\r\n\r\n\r\n\r\n<p>La <a href=\"https:\/\/www.chairs-chaires.gc.ca\/chairholders-titulaires\/profile-fra.aspx?profileId=5642\">Chaire de recherche du Canada en vieillissement de l\u2019appareillage rempli d\u2019huile install\u00e9 sur les lignes \u00e0 haute tension<\/a> se consacre au probl\u00e8me du vieillissement de l\u2019appareillage \u00e9lectrique install\u00e9 sur les r\u00e9seaux d\u2019\u00e9nergies. Le professeur Fofana et son \u00e9quipe de recherche ont pour objectif d\u2019obtenir de nouvelles connaissances fondamentales sur la d\u00e9gradation des isolants (pierre angulaire de la dur\u00e9e de vie de l\u2019appareillage de puissance) et leur int\u00e9grit\u00e9 dans les r\u00e9seaux enrichis, par la p\u00e9n\u00e9tration croissante des sources d\u2019\u00e9nergies renouvelables et des v\u00e9hicules \u00e9lectriques. Ils souhaitent cr\u00e9er des techniques de diagnostic plus fiables et contribuer \u00e0 la synth\u00e8se de mat\u00e9riaux pour concevoir une isolation durable. De plus, les activit\u00e9s de recherche de la chaire permettront de former du personnel hautement qualifi\u00e9 dans ce domaine d\u2019importance strat\u00e9gique pour le Canada.<\/p>\r\n\r\n\r\n\r\n<p>Aussi directeur du <a href=\"https:\/\/uqac.ca\/modele\/\">Laboratoire de mod\u00e9lisation des \u00e9quipements des lignes \u00e9lectriques (MODELE)<\/a> et titulaire de la <a href=\"https:\/\/www.uqac.ca\/viaht\/\">Chaire de recherche du Canada sur le vieillissement de l\u2019appareillage haute tension (ViAHT)<\/a>, le professeur Issouf Fofana a d\u00e9velopp\u00e9 et dirige actuellement l&rsquo;une des principales unit\u00e9s de recherche universitaires, au niveau international, qui se consacrent \u00e0 la recherche sur les liquides di\u00e9lectriques. Cette expertise a permis d\u2019attirer des partenaires industriels importants \u0153uvrant dans le domaine de la haute tension, tel qu\u2019Hydro-Qu\u00e9bec, \u00c9lectricit\u00e9 de France (EDF), R\u00e9seau Transport \u00c9nergie (RTE), Rio Tinto et Hitachi Energy. Les perspectives de retomb\u00e9es scientifiques et partenariales sont donc grandes pour les recherches \u00e0 venir de cette nouvelle chaire.<\/p>\r\n\r\n\r\n\r\n<p>&nbsp;<\/p>\r\n","protected":false},"excerpt":{"rendered":"<p>F\u00e9licitations \u00e0 Issouf Fofana, professeur au D\u00e9partement des sciences appliqu\u00e9es et directeur du Centre International d\u2019Ing\u00e9nierie Nordique (CIIN), qui est r\u00e9cemment devenu le titulaire d\u2019une nouvelle chaire de recherche du Canada (CRC) de niveau 1 sur le vieillissement de l\u2019appareillage rempli d\u2019huile install\u00e9 sur les lignes \u00e0 haute tension. Cette CRC est active depuis janvier [&hellip;]<\/p>\n","protected":false},"author":5,"featured_media":44768,"comment_status":"open","ping_status":"open","sticky":false,"template":"","format":"standard","meta":{"footnotes":""},"categories":[2795,4],"tags":[2794,21,16],"yoast_head":"<!-- This site is optimized with the Yoast SEO plugin v24.2 - https:\/\/yoast.com\/wordpress\/plugins\/seo\/ -->\r\n<title>Le professeur Issouf Fofana obtient une chaire de recherche de niveau 1 - UQACtualit\u00e9s<\/title>\r\n<meta name=\"description\" content=\"F\u00e9licitations au professeur Issouf Fofana, qui est r\u00e9cemment devenu le titulaire d\u2019une nouvelle chaire de recherche du Canada de niveau 1.\" \/>\r\n<meta name=\"robots\" content=\"index, follow, max-snippet:-1, max-image-preview:large, max-video-preview:-1\" \/>\r\n<link rel=\"canonical\" href=\"https:\/\/www.uqac.ca\/uqactualites\/2023\/10\/23\/le-professeur-issouf-fofana-obtient-une-chaire-de-recherche-de-niveau-1-2\/\" \/>\r\n<meta property=\"og:locale\" content=\"fr_CA\" \/>\r\n<meta property=\"og:type\" content=\"article\" \/>\r\n<meta property=\"og:title\" content=\"Le professeur Issouf Fofana obtient une chaire de recherche de niveau 1 - UQACtualit\u00e9s\" \/>\r\n<meta property=\"og:description\" content=\"F\u00e9licitations au professeur Issouf Fofana, qui est r\u00e9cemment devenu le titulaire d\u2019une nouvelle chaire de recherche du Canada de niveau 1.\" \/>\r\n<meta property=\"og:url\" content=\"https:\/\/www.uqac.ca\/uqactualites\/2023\/10\/23\/le-professeur-issouf-fofana-obtient-une-chaire-de-recherche-de-niveau-1-2\/\" \/>\r\n<meta property=\"og:site_name\" content=\"UQACtualit\u00e9s\" \/>\r\n<meta property=\"article:published_time\" content=\"2023-10-23T14:59:18+00:00\" \/>\r\n<meta property=\"article:modified_time\" content=\"2024-07-31T18:17:57+00:00\" \/>\r\n<meta property=\"og:image\" content=\"https:\/\/www.uqac.ca\/uqactualites\/wp-content\/uploads\/2023\/10\/a01cfbba-01b1-4c6e-8d8d-82b47b7672f4.jpg\" \/>\r\n\t<meta property=\"og:image:width\" content=\"933\" \/>\r\n\t<meta property=\"og:image:height\" content=\"664\" \/>\r\n\t<meta property=\"og:image:type\" content=\"image\/jpeg\" \/>\r\n<meta name=\"author\" content=\"Service des communications et des relations publiques\" \/>\r\n<meta name=\"twitter:card\" content=\"summary_large_image\" \/>\r\n<meta name=\"twitter:label1\" content=\"\u00c9crit par\" \/>\n\t<meta name=\"twitter:data1\" content=\"Service des communications et des relations publiques\" \/>\n\t<meta name=\"twitter:label2\" content=\"Estimation du temps de lecture\" \/>\n\t<meta name=\"twitter:data2\" content=\"2 minutes\" \/>\r\n<script type=\"application\/ld+json\" class=\"yoast-schema-graph\">{\"@context\":\"https:\/\/schema.org\",\"@graph\":[{\"@type\":\"WebPage\",\"@id\":\"https:\/\/www.uqac.ca\/uqactualites\/2023\/10\/23\/le-professeur-issouf-fofana-obtient-une-chaire-de-recherche-de-niveau-1-2\/\",\"url\":\"https:\/\/www.uqac.ca\/uqactualites\/2023\/10\/23\/le-professeur-issouf-fofana-obtient-une-chaire-de-recherche-de-niveau-1-2\/\",\"name\":\"Le professeur Issouf Fofana obtient une chaire de recherche de niveau 1 - UQACtualit\u00e9s\",\"isPartOf\":{\"@id\":\"https:\/\/www.uqac.ca\/uqactualites\/#website\"},\"primaryImageOfPage\":{\"@id\":\"https:\/\/www.uqac.ca\/uqactualites\/2023\/10\/23\/le-professeur-issouf-fofana-obtient-une-chaire-de-recherche-de-niveau-1-2\/#primaryimage\"},\"image\":{\"@id\":\"https:\/\/www.uqac.ca\/uqactualites\/2023\/10\/23\/le-professeur-issouf-fofana-obtient-une-chaire-de-recherche-de-niveau-1-2\/#primaryimage\"},\"thumbnailUrl\":\"https:\/\/www.uqac.ca\/uqactualites\/wp-content\/uploads\/2023\/10\/a01cfbba-01b1-4c6e-8d8d-82b47b7672f4.jpg\",\"datePublished\":\"2023-10-23T14:59:18+00:00\",\"dateModified\":\"2024-07-31T18:17:57+00:00\",\"author\":{\"@id\":\"https:\/\/www.uqac.ca\/uqactualites\/#\/schema\/person\/366c45a0c4f0e677b41b4af5886e2018\"},\"description\":\"F\u00e9licitations au professeur Issouf Fofana, qui est r\u00e9cemment devenu le titulaire d\u2019une nouvelle chaire de recherche du Canada de niveau 1.\",\"breadcrumb\":{\"@id\":\"https:\/\/www.uqac.ca\/uqactualites\/2023\/10\/23\/le-professeur-issouf-fofana-obtient-une-chaire-de-recherche-de-niveau-1-2\/#breadcrumb\"},\"inLanguage\":\"fr-CA\",\"potentialAction\":[{\"@type\":\"ReadAction\",\"target\":[\"https:\/\/www.uqac.ca\/uqactualites\/2023\/10\/23\/le-professeur-issouf-fofana-obtient-une-chaire-de-recherche-de-niveau-1-2\/\"]}]},{\"@type\":\"ImageObject\",\"inLanguage\":\"fr-CA\",\"@id\":\"https:\/\/www.uqac.ca\/uqactualites\/2023\/10\/23\/le-professeur-issouf-fofana-obtient-une-chaire-de-recherche-de-niveau-1-2\/#primaryimage\",\"url\":\"https:\/\/www.uqac.ca\/uqactualites\/wp-content\/uploads\/2023\/10\/a01cfbba-01b1-4c6e-8d8d-82b47b7672f4.jpg\",\"contentUrl\":\"https:\/\/www.uqac.ca\/uqactualites\/wp-content\/uploads\/2023\/10\/a01cfbba-01b1-4c6e-8d8d-82b47b7672f4.jpg\",\"width\":933,\"height\":664,\"caption\":\"Issouf Fofana\"},{\"@type\":\"BreadcrumbList\",\"@id\":\"https:\/\/www.uqac.ca\/uqactualites\/2023\/10\/23\/le-professeur-issouf-fofana-obtient-une-chaire-de-recherche-de-niveau-1-2\/#breadcrumb\",\"itemListElement\":[{\"@type\":\"ListItem\",\"position\":1,\"name\":\"Home\",\"item\":\"https:\/\/www.uqac.ca\/uqactualites\/\"},{\"@type\":\"ListItem\",\"position\":2,\"name\":\"Le professeur Issouf Fofana obtient une chaire de recherche de niveau 1\"}]},{\"@type\":\"WebSite\",\"@id\":\"https:\/\/www.uqac.ca\/uqactualites\/#website\",\"url\":\"https:\/\/www.uqac.ca\/uqactualites\/\",\"name\":\"UQACtualit\u00e9s\",\"description\":\"Le portail des nouvelles de l&#039;UQAC\",\"potentialAction\":[{\"@type\":\"SearchAction\",\"target\":{\"@type\":\"EntryPoint\",\"urlTemplate\":\"https:\/\/www.uqac.ca\/uqactualites\/?s={search_term_string}\"},\"query-input\":{\"@type\":\"PropertyValueSpecification\",\"valueRequired\":true,\"valueName\":\"search_term_string\"}}],\"inLanguage\":\"fr-CA\"},{\"@type\":\"Person\",\"@id\":\"https:\/\/www.uqac.ca\/uqactualites\/#\/schema\/person\/366c45a0c4f0e677b41b4af5886e2018\",\"name\":\"Service des communications et des relations publiques\",\"image\":{\"@type\":\"ImageObject\",\"inLanguage\":\"fr-CA\",\"@id\":\"https:\/\/www.uqac.ca\/uqactualites\/#\/schema\/person\/image\/\",\"url\":\"https:\/\/secure.gravatar.com\/avatar\/20fbbda8a292f59f2d3461a5b999c00b?s=96&d=mm&r=g\",\"contentUrl\":\"https:\/\/secure.gravatar.com\/avatar\/20fbbda8a292f59f2d3461a5b999c00b?s=96&d=mm&r=g\",\"caption\":\"Service des communications et des relations publiques\"},\"url\":\"https:\/\/www.uqac.ca\/uqactualites\/author\/bap\/\"}]}<\/script>\r\n<!-- \/ Yoast SEO plugin. -->","yoast_head_json":{"title":"Le professeur Issouf Fofana obtient une chaire de recherche de niveau 1 - UQACtualit\u00e9s","description":"F\u00e9licitations au professeur Issouf Fofana, qui est r\u00e9cemment devenu le titulaire d\u2019une nouvelle chaire de recherche du Canada de niveau 1.","robots":{"index":"index","follow":"follow","max-snippet":"max-snippet:-1","max-image-preview":"max-image-preview:large","max-video-preview":"max-video-preview:-1"},"canonical":"https:\/\/www.uqac.ca\/uqactualites\/2023\/10\/23\/le-professeur-issouf-fofana-obtient-une-chaire-de-recherche-de-niveau-1-2\/","og_locale":"fr_CA","og_type":"article","og_title":"Le professeur Issouf Fofana obtient une chaire de recherche de niveau 1 - UQACtualit\u00e9s","og_description":"F\u00e9licitations au professeur Issouf Fofana, qui est r\u00e9cemment devenu le titulaire d\u2019une nouvelle chaire de recherche du Canada de niveau 1.","og_url":"https:\/\/www.uqac.ca\/uqactualites\/2023\/10\/23\/le-professeur-issouf-fofana-obtient-une-chaire-de-recherche-de-niveau-1-2\/","og_site_name":"UQACtualit\u00e9s","article_published_time":"2023-10-23T14:59:18+00:00","article_modified_time":"2024-07-31T18:17:57+00:00","og_image":[{"width":933,"height":664,"url":"https:\/\/www.uqac.ca\/uqactualites\/wp-content\/uploads\/2023\/10\/a01cfbba-01b1-4c6e-8d8d-82b47b7672f4.jpg","type":"image\/jpeg"}],"author":"Service des communications et des relations publiques","twitter_card":"summary_large_image","twitter_misc":{"\u00c9crit par":"Service des communications et des relations publiques","Estimation du temps de lecture":"2 minutes"},"schema":{"@context":"https:\/\/schema.org","@graph":[{"@type":"WebPage","@id":"https:\/\/www.uqac.ca\/uqactualites\/2023\/10\/23\/le-professeur-issouf-fofana-obtient-une-chaire-de-recherche-de-niveau-1-2\/","url":"https:\/\/www.uqac.ca\/uqactualites\/2023\/10\/23\/le-professeur-issouf-fofana-obtient-une-chaire-de-recherche-de-niveau-1-2\/","name":"Le professeur Issouf Fofana obtient une chaire de recherche de niveau 1 - UQACtualit\u00e9s","isPartOf":{"@id":"https:\/\/www.uqac.ca\/uqactualites\/#website"},"primaryImageOfPage":{"@id":"https:\/\/www.uqac.ca\/uqactualites\/2023\/10\/23\/le-professeur-issouf-fofana-obtient-une-chaire-de-recherche-de-niveau-1-2\/#primaryimage"},"image":{"@id":"https:\/\/www.uqac.ca\/uqactualites\/2023\/10\/23\/le-professeur-issouf-fofana-obtient-une-chaire-de-recherche-de-niveau-1-2\/#primaryimage"},"thumbnailUrl":"https:\/\/www.uqac.ca\/uqactualites\/wp-content\/uploads\/2023\/10\/a01cfbba-01b1-4c6e-8d8d-82b47b7672f4.jpg","datePublished":"2023-10-23T14:59:18+00:00","dateModified":"2024-07-31T18:17:57+00:00","author":{"@id":"https:\/\/www.uqac.ca\/uqactualites\/#\/schema\/person\/366c45a0c4f0e677b41b4af5886e2018"},"description":"F\u00e9licitations au professeur Issouf Fofana, qui est r\u00e9cemment devenu le titulaire d\u2019une nouvelle chaire de recherche du Canada de niveau 1.","breadcrumb":{"@id":"https:\/\/www.uqac.ca\/uqactualites\/2023\/10\/23\/le-professeur-issouf-fofana-obtient-une-chaire-de-recherche-de-niveau-1-2\/#breadcrumb"},"inLanguage":"fr-CA","potentialAction":[{"@type":"ReadAction","target":["https:\/\/www.uqac.ca\/uqactualites\/2023\/10\/23\/le-professeur-issouf-fofana-obtient-une-chaire-de-recherche-de-niveau-1-2\/"]}]},{"@type":"ImageObject","inLanguage":"fr-CA","@id":"https:\/\/www.uqac.ca\/uqactualites\/2023\/10\/23\/le-professeur-issouf-fofana-obtient-une-chaire-de-recherche-de-niveau-1-2\/#primaryimage","url":"https:\/\/www.uqac.ca\/uqactualites\/wp-content\/uploads\/2023\/10\/a01cfbba-01b1-4c6e-8d8d-82b47b7672f4.jpg","contentUrl":"https:\/\/www.uqac.ca\/uqactualites\/wp-content\/uploads\/2023\/10\/a01cfbba-01b1-4c6e-8d8d-82b47b7672f4.jpg","width":933,"height":664,"caption":"Issouf Fofana"},{"@type":"BreadcrumbList","@id":"https:\/\/www.uqac.ca\/uqactualites\/2023\/10\/23\/le-professeur-issouf-fofana-obtient-une-chaire-de-recherche-de-niveau-1-2\/#breadcrumb","itemListElement":[{"@type":"ListItem","position":1,"name":"Home","item":"https:\/\/www.uqac.ca\/uqactualites\/"},{"@type":"ListItem","position":2,"name":"Le professeur Issouf Fofana obtient une chaire de recherche de niveau 1"}]},{"@type":"WebSite","@id":"https:\/\/www.uqac.ca\/uqactualites\/#website","url":"https:\/\/www.uqac.ca\/uqactualites\/","name":"UQACtualit\u00e9s","description":"Le portail des nouvelles de l&#039;UQAC","potentialAction":[{"@type":"SearchAction","target":{"@type":"EntryPoint","urlTemplate":"https:\/\/www.uqac.ca\/uqactualites\/?s={search_term_string}"},"query-input":{"@type":"PropertyValueSpecification","valueRequired":true,"valueName":"search_term_string"}}],"inLanguage":"fr-CA"},{"@type":"Person","@id":"https:\/\/www.uqac.ca\/uqactualites\/#\/schema\/person\/366c45a0c4f0e677b41b4af5886e2018","name":"Service des communications et des relations publiques","image":{"@type":"ImageObject","inLanguage":"fr-CA","@id":"https:\/\/www.uqac.ca\/uqactualites\/#\/schema\/person\/image\/","url":"https:\/\/secure.gravatar.com\/avatar\/20fbbda8a292f59f2d3461a5b999c00b?s=96&d=mm&r=g","contentUrl":"https:\/\/secure.gravatar.com\/avatar\/20fbbda8a292f59f2d3461a5b999c00b?s=96&d=mm&r=g","caption":"Service des communications et des relations publiques"},"url":"https:\/\/www.uqac.ca\/uqactualites\/author\/bap\/"}]}},"_links":{"self":[{"href":"https:\/\/www.uqac.ca\/uqactualites\/wp-json\/wp\/v2\/posts\/44930"}],"collection":[{"href":"https:\/\/www.uqac.ca\/uqactualites\/wp-json\/wp\/v2\/posts"}],"about":[{"href":"https:\/\/www.uqac.ca\/uqactualites\/wp-json\/wp\/v2\/types\/post"}],"author":[{"embeddable":true,"href":"https:\/\/www.uqac.ca\/uqactualites\/wp-json\/wp\/v2\/users\/5"}],"replies":[{"embeddable":true,"href":"https:\/\/www.uqac.ca\/uqactualites\/wp-json\/wp\/v2\/comments?post=44930"}],"version-history":[{"count":2,"href":"https:\/\/www.uqac.ca\/uqactualites\/wp-json\/wp\/v2\/posts\/44930\/revisions"}],"predecessor-version":[{"id":48233,"href":"https:\/\/www.uqac.ca\/uqactualites\/wp-json\/wp\/v2\/posts\/44930\/revisions\/48233"}],"wp:featuredmedia":[{"embeddable":true,"href":"https:\/\/www.uqac.ca\/uqactualites\/wp-json\/wp\/v2\/media\/44768"}],"wp:attachment":[{"href":"https:\/\/www.uqac.ca\/uqactualites\/wp-json\/wp\/v2\/media?parent=44930"}],"wp:term":[{"taxonomy":"category","embeddable":true,"href":"https:\/\/www.uqac.ca\/uqactualites\/wp-json\/wp\/v2\/categories?post=44930"},{"taxonomy":"post_tag","embeddable":true,"href":"https:\/\/www.uqac.ca\/uqactualites\/wp-json\/wp\/v2\/tags?post=44930"}],"curies":[{"name":"wp","href":"https:\/\/api.w.org\/{rel}","templated":true}]}}