{"id":45057,"date":"2023-10-24T15:35:58","date_gmt":"2023-10-24T19:35:58","guid":{"rendered":"https:\/\/www.uqac.ca\/uqactualites\/?p=45057"},"modified":"2024-07-31T13:57:28","modified_gmt":"2024-07-31T17:57:28","slug":"programme-de-formation-des-stagiaires-en-milieu-pratique-luqac-remet-17-nouvelles-attestations","status":"publish","type":"post","link":"https:\/\/www.uqac.ca\/uqactualites\/2023\/10\/24\/programme-de-formation-des-stagiaires-en-milieu-pratique-luqac-remet-17-nouvelles-attestations\/","title":{"rendered":"Programme de formation des stagiaires en milieu pratique: L&rsquo;UQAC remet 17 nouvelles attestations"},"content":{"rendered":"<p>Le <a href=\"https:\/\/www.uqac.ca\/departements\/dse\/\" target=\"_blank\" rel=\"noopener\">D\u00e9partement des sciences de l\u2019\u00e9ducation<\/a> de l\u2019UQAC a r\u00e9cemment remis 17 nouvelles attestations \u00e0 des enseignantes formatrices et enseignants formateurs associ\u00e9s des <a href=\"https:\/\/www.quebec.ca\/education\/prescolaire-primaire-et-secondaire\/gouvernance-scolaire\/poser-candidature\/coordonnees-centres-services-scolaires#c69072\" target=\"_blank\" rel=\"noopener\">quatre centres de services scolaires r\u00e9gionaux<\/a> ayant compl\u00e9t\u00e9 le programme de formation des stagiaires en milieu pratique. Pour souligner cet \u00e9v\u00e9nement, une c\u00e9r\u00e9monie de remise des attestations a \u00e9t\u00e9 organis\u00e9e \u00e0 la salle de r\u00e9ception Le Calypso de Jonqui\u00e8re, le 19 octobre dernier. Cette c\u00e9l\u00e9bration regroupait, outre les r\u00e9cipiendaires d\u2019attestation, les animatrices et animateurs des formations, des directions des services \u00e9ducatifs de la r\u00e9gion ainsi que des membres du Comit\u00e9 r\u00e9gional de formation pratique en enseignement. Il s\u2019agissait de la treizi\u00e8me \u00e9dition de cet \u00e9v\u00e9nement, soulignant par le fait m\u00eame un bel exemple de collaboration qui unit l\u2019UQAC et ses partenaires r\u00e9gionaux du milieu scolaire.<\/p>\n<p>Le programme de formation compte \u00e0 ce jour 550 finissantes et finissants en plus des 500 membres du corps enseignant qui sont engag\u00e9s dans l\u2019une ou l\u2019autre des formations offertes. Le programme vise \u00e0 outiller les personnes inscrites afin qu\u2019elles puissent mieux s\u2019approprier leur r\u00f4le dans la formation de stagiaires tout en d\u00e9couvrant de nouvelles pratiques d\u2019accompagnement. Il leur permet \u00e9galement d\u2019identifier certains obstacles susceptibles de survenir, d\u2019exp\u00e9rimenter diff\u00e9rentes m\u00e9thodes et outils de formation de m\u00eame que d\u2019\u00e9valuer efficacement les comp\u00e9tences professionnelles en cours et fin de stage.<\/p>\n","protected":false},"excerpt":{"rendered":"<p>Le D\u00e9partement des sciences de l\u2019\u00e9ducation de l\u2019UQAC a r\u00e9cemment remis 17 nouvelles attestations \u00e0 des enseignantes formatrices et enseignants formateurs associ\u00e9s des quatre centres de services scolaires r\u00e9gionaux ayant compl\u00e9t\u00e9 le programme de formation des stagiaires en milieu pratique. Pour souligner cet \u00e9v\u00e9nement, une c\u00e9r\u00e9monie de remise des attestations a \u00e9t\u00e9 organis\u00e9e \u00e0 la [&hellip;]<\/p>\n","protected":false},"author":5,"featured_media":45058,"comment_status":"open","ping_status":"open","sticky":false,"template":"","format":"standard","meta":{"footnotes":""},"categories":[2,2854,1],"tags":[5,102,339,452],"yoast_head":"<!-- This site is optimized with the Yoast SEO plugin v24.2 - https:\/\/yoast.com\/wordpress\/plugins\/seo\/ -->\r\n<title>Programme de formation des stagiaires en milieu pratique: L&#039;UQAC remet 17 nouvelles attestations - UQACtualit\u00e9s<\/title>\r\n<meta name=\"description\" content=\"Le DS\u00c9 de l\u2019UQAC a r\u00e9cemment remis 17 nouvelles attestations pour le programme de formation des stagiaires en milieu pratique.\" \/>\r\n<meta name=\"robots\" content=\"index, follow, max-snippet:-1, max-image-preview:large, max-video-preview:-1\" \/>\r\n<link rel=\"canonical\" href=\"https:\/\/www.uqac.ca\/uqactualites\/2023\/10\/24\/programme-de-formation-des-stagiaires-en-milieu-pratique-luqac-remet-17-nouvelles-attestations\/\" \/>\r\n<meta property=\"og:locale\" content=\"fr_CA\" \/>\r\n<meta property=\"og:type\" content=\"article\" \/>\r\n<meta property=\"og:title\" content=\"Programme de formation des stagiaires en milieu pratique: L&#039;UQAC remet 17 nouvelles attestations - UQACtualit\u00e9s\" \/>\r\n<meta property=\"og:description\" content=\"Le DS\u00c9 de l\u2019UQAC a r\u00e9cemment remis 17 nouvelles attestations pour le programme de formation des stagiaires en milieu pratique.\" \/>\r\n<meta property=\"og:url\" content=\"https:\/\/www.uqac.ca\/uqactualites\/2023\/10\/24\/programme-de-formation-des-stagiaires-en-milieu-pratique-luqac-remet-17-nouvelles-attestations\/\" \/>\r\n<meta property=\"og:site_name\" content=\"UQACtualit\u00e9s\" \/>\r\n<meta property=\"article:published_time\" content=\"2023-10-24T19:35:58+00:00\" \/>\r\n<meta property=\"article:modified_time\" content=\"2024-07-31T17:57:28+00:00\" \/>\r\n<meta property=\"og:image\" content=\"https:\/\/www.uqac.ca\/uqactualites\/wp-content\/uploads\/2023\/10\/Finissants-2023-programme-de-formation-des-enseignants-associes.jpg\" \/>\r\n\t<meta property=\"og:image:width\" content=\"1624\" \/>\r\n\t<meta property=\"og:image:height\" content=\"1222\" \/>\r\n\t<meta property=\"og:image:type\" content=\"image\/jpeg\" \/>\r\n<meta name=\"author\" content=\"Service des communications et des relations publiques\" \/>\r\n<meta name=\"twitter:card\" content=\"summary_large_image\" \/>\r\n<meta name=\"twitter:label1\" content=\"\u00c9crit par\" \/>\n\t<meta name=\"twitter:data1\" content=\"Service des communications et des relations publiques\" \/>\n\t<meta name=\"twitter:label2\" content=\"Estimation du temps de lecture\" \/>\n\t<meta name=\"twitter:data2\" content=\"2 minutes\" \/>\r\n<script type=\"application\/ld+json\" class=\"yoast-schema-graph\">{\"@context\":\"https:\/\/schema.org\",\"@graph\":[{\"@type\":\"WebPage\",\"@id\":\"https:\/\/www.uqac.ca\/uqactualites\/2023\/10\/24\/programme-de-formation-des-stagiaires-en-milieu-pratique-luqac-remet-17-nouvelles-attestations\/\",\"url\":\"https:\/\/www.uqac.ca\/uqactualites\/2023\/10\/24\/programme-de-formation-des-stagiaires-en-milieu-pratique-luqac-remet-17-nouvelles-attestations\/\",\"name\":\"Programme de formation des stagiaires en milieu pratique: L'UQAC remet 17 nouvelles attestations - UQACtualit\u00e9s\",\"isPartOf\":{\"@id\":\"https:\/\/www.uqac.ca\/uqactualites\/#website\"},\"primaryImageOfPage\":{\"@id\":\"https:\/\/www.uqac.ca\/uqactualites\/2023\/10\/24\/programme-de-formation-des-stagiaires-en-milieu-pratique-luqac-remet-17-nouvelles-attestations\/#primaryimage\"},\"image\":{\"@id\":\"https:\/\/www.uqac.ca\/uqactualites\/2023\/10\/24\/programme-de-formation-des-stagiaires-en-milieu-pratique-luqac-remet-17-nouvelles-attestations\/#primaryimage\"},\"thumbnailUrl\":\"https:\/\/www.uqac.ca\/uqactualites\/wp-content\/uploads\/2023\/10\/Finissants-2023-programme-de-formation-des-enseignants-associes.jpg\",\"datePublished\":\"2023-10-24T19:35:58+00:00\",\"dateModified\":\"2024-07-31T17:57:28+00:00\",\"author\":{\"@id\":\"https:\/\/www.uqac.ca\/uqactualites\/#\/schema\/person\/366c45a0c4f0e677b41b4af5886e2018\"},\"description\":\"Le DS\u00c9 de l\u2019UQAC a r\u00e9cemment remis 17 nouvelles attestations pour le programme de formation des stagiaires en milieu pratique.\",\"breadcrumb\":{\"@id\":\"https:\/\/www.uqac.ca\/uqactualites\/2023\/10\/24\/programme-de-formation-des-stagiaires-en-milieu-pratique-luqac-remet-17-nouvelles-attestations\/#breadcrumb\"},\"inLanguage\":\"fr-CA\",\"potentialAction\":[{\"@type\":\"ReadAction\",\"target\":[\"https:\/\/www.uqac.ca\/uqactualites\/2023\/10\/24\/programme-de-formation-des-stagiaires-en-milieu-pratique-luqac-remet-17-nouvelles-attestations\/\"]}]},{\"@type\":\"ImageObject\",\"inLanguage\":\"fr-CA\",\"@id\":\"https:\/\/www.uqac.ca\/uqactualites\/2023\/10\/24\/programme-de-formation-des-stagiaires-en-milieu-pratique-luqac-remet-17-nouvelles-attestations\/#primaryimage\",\"url\":\"https:\/\/www.uqac.ca\/uqactualites\/wp-content\/uploads\/2023\/10\/Finissants-2023-programme-de-formation-des-enseignants-associes.jpg\",\"contentUrl\":\"https:\/\/www.uqac.ca\/uqactualites\/wp-content\/uploads\/2023\/10\/Finissants-2023-programme-de-formation-des-enseignants-associes.jpg\",\"width\":1624,\"height\":1222,\"caption\":\"attestations stagiaires\"},{\"@type\":\"BreadcrumbList\",\"@id\":\"https:\/\/www.uqac.ca\/uqactualites\/2023\/10\/24\/programme-de-formation-des-stagiaires-en-milieu-pratique-luqac-remet-17-nouvelles-attestations\/#breadcrumb\",\"itemListElement\":[{\"@type\":\"ListItem\",\"position\":1,\"name\":\"Home\",\"item\":\"https:\/\/www.uqac.ca\/uqactualites\/\"},{\"@type\":\"ListItem\",\"position\":2,\"name\":\"Programme de formation des stagiaires en milieu pratique: L&rsquo;UQAC remet 17 nouvelles attestations\"}]},{\"@type\":\"WebSite\",\"@id\":\"https:\/\/www.uqac.ca\/uqactualites\/#website\",\"url\":\"https:\/\/www.uqac.ca\/uqactualites\/\",\"name\":\"UQACtualit\u00e9s\",\"description\":\"Le portail des nouvelles de l&#039;UQAC\",\"potentialAction\":[{\"@type\":\"SearchAction\",\"target\":{\"@type\":\"EntryPoint\",\"urlTemplate\":\"https:\/\/www.uqac.ca\/uqactualites\/?s={search_term_string}\"},\"query-input\":{\"@type\":\"PropertyValueSpecification\",\"valueRequired\":true,\"valueName\":\"search_term_string\"}}],\"inLanguage\":\"fr-CA\"},{\"@type\":\"Person\",\"@id\":\"https:\/\/www.uqac.ca\/uqactualites\/#\/schema\/person\/366c45a0c4f0e677b41b4af5886e2018\",\"name\":\"Service des communications et des relations publiques\",\"image\":{\"@type\":\"ImageObject\",\"inLanguage\":\"fr-CA\",\"@id\":\"https:\/\/www.uqac.ca\/uqactualites\/#\/schema\/person\/image\/\",\"url\":\"https:\/\/secure.gravatar.com\/avatar\/20fbbda8a292f59f2d3461a5b999c00b?s=96&d=mm&r=g\",\"contentUrl\":\"https:\/\/secure.gravatar.com\/avatar\/20fbbda8a292f59f2d3461a5b999c00b?s=96&d=mm&r=g\",\"caption\":\"Service des communications et des relations publiques\"},\"url\":\"https:\/\/www.uqac.ca\/uqactualites\/author\/bap\/\"}]}<\/script>\r\n<!-- \/ Yoast SEO plugin. -->","yoast_head_json":{"title":"Programme de formation des stagiaires en milieu pratique: L'UQAC remet 17 nouvelles attestations - UQACtualit\u00e9s","description":"Le DS\u00c9 de l\u2019UQAC a r\u00e9cemment remis 17 nouvelles attestations pour le programme de formation des stagiaires en milieu pratique.","robots":{"index":"index","follow":"follow","max-snippet":"max-snippet:-1","max-image-preview":"max-image-preview:large","max-video-preview":"max-video-preview:-1"},"canonical":"https:\/\/www.uqac.ca\/uqactualites\/2023\/10\/24\/programme-de-formation-des-stagiaires-en-milieu-pratique-luqac-remet-17-nouvelles-attestations\/","og_locale":"fr_CA","og_type":"article","og_title":"Programme de formation des stagiaires en milieu pratique: L'UQAC remet 17 nouvelles attestations - UQACtualit\u00e9s","og_description":"Le DS\u00c9 de l\u2019UQAC a r\u00e9cemment remis 17 nouvelles attestations pour le programme de formation des stagiaires en milieu pratique.","og_url":"https:\/\/www.uqac.ca\/uqactualites\/2023\/10\/24\/programme-de-formation-des-stagiaires-en-milieu-pratique-luqac-remet-17-nouvelles-attestations\/","og_site_name":"UQACtualit\u00e9s","article_published_time":"2023-10-24T19:35:58+00:00","article_modified_time":"2024-07-31T17:57:28+00:00","og_image":[{"width":1624,"height":1222,"url":"https:\/\/www.uqac.ca\/uqactualites\/wp-content\/uploads\/2023\/10\/Finissants-2023-programme-de-formation-des-enseignants-associes.jpg","type":"image\/jpeg"}],"author":"Service des communications et des relations publiques","twitter_card":"summary_large_image","twitter_misc":{"\u00c9crit par":"Service des communications et des relations publiques","Estimation du temps de lecture":"2 minutes"},"schema":{"@context":"https:\/\/schema.org","@graph":[{"@type":"WebPage","@id":"https:\/\/www.uqac.ca\/uqactualites\/2023\/10\/24\/programme-de-formation-des-stagiaires-en-milieu-pratique-luqac-remet-17-nouvelles-attestations\/","url":"https:\/\/www.uqac.ca\/uqactualites\/2023\/10\/24\/programme-de-formation-des-stagiaires-en-milieu-pratique-luqac-remet-17-nouvelles-attestations\/","name":"Programme de formation des stagiaires en milieu pratique: L'UQAC remet 17 nouvelles attestations - UQACtualit\u00e9s","isPartOf":{"@id":"https:\/\/www.uqac.ca\/uqactualites\/#website"},"primaryImageOfPage":{"@id":"https:\/\/www.uqac.ca\/uqactualites\/2023\/10\/24\/programme-de-formation-des-stagiaires-en-milieu-pratique-luqac-remet-17-nouvelles-attestations\/#primaryimage"},"image":{"@id":"https:\/\/www.uqac.ca\/uqactualites\/2023\/10\/24\/programme-de-formation-des-stagiaires-en-milieu-pratique-luqac-remet-17-nouvelles-attestations\/#primaryimage"},"thumbnailUrl":"https:\/\/www.uqac.ca\/uqactualites\/wp-content\/uploads\/2023\/10\/Finissants-2023-programme-de-formation-des-enseignants-associes.jpg","datePublished":"2023-10-24T19:35:58+00:00","dateModified":"2024-07-31T17:57:28+00:00","author":{"@id":"https:\/\/www.uqac.ca\/uqactualites\/#\/schema\/person\/366c45a0c4f0e677b41b4af5886e2018"},"description":"Le DS\u00c9 de l\u2019UQAC a r\u00e9cemment remis 17 nouvelles attestations pour le programme de formation des stagiaires en milieu pratique.","breadcrumb":{"@id":"https:\/\/www.uqac.ca\/uqactualites\/2023\/10\/24\/programme-de-formation-des-stagiaires-en-milieu-pratique-luqac-remet-17-nouvelles-attestations\/#breadcrumb"},"inLanguage":"fr-CA","potentialAction":[{"@type":"ReadAction","target":["https:\/\/www.uqac.ca\/uqactualites\/2023\/10\/24\/programme-de-formation-des-stagiaires-en-milieu-pratique-luqac-remet-17-nouvelles-attestations\/"]}]},{"@type":"ImageObject","inLanguage":"fr-CA","@id":"https:\/\/www.uqac.ca\/uqactualites\/2023\/10\/24\/programme-de-formation-des-stagiaires-en-milieu-pratique-luqac-remet-17-nouvelles-attestations\/#primaryimage","url":"https:\/\/www.uqac.ca\/uqactualites\/wp-content\/uploads\/2023\/10\/Finissants-2023-programme-de-formation-des-enseignants-associes.jpg","contentUrl":"https:\/\/www.uqac.ca\/uqactualites\/wp-content\/uploads\/2023\/10\/Finissants-2023-programme-de-formation-des-enseignants-associes.jpg","width":1624,"height":1222,"caption":"attestations stagiaires"},{"@type":"BreadcrumbList","@id":"https:\/\/www.uqac.ca\/uqactualites\/2023\/10\/24\/programme-de-formation-des-stagiaires-en-milieu-pratique-luqac-remet-17-nouvelles-attestations\/#breadcrumb","itemListElement":[{"@type":"ListItem","position":1,"name":"Home","item":"https:\/\/www.uqac.ca\/uqactualites\/"},{"@type":"ListItem","position":2,"name":"Programme de formation des stagiaires en milieu pratique: L&rsquo;UQAC remet 17 nouvelles attestations"}]},{"@type":"WebSite","@id":"https:\/\/www.uqac.ca\/uqactualites\/#website","url":"https:\/\/www.uqac.ca\/uqactualites\/","name":"UQACtualit\u00e9s","description":"Le portail des nouvelles de l&#039;UQAC","potentialAction":[{"@type":"SearchAction","target":{"@type":"EntryPoint","urlTemplate":"https:\/\/www.uqac.ca\/uqactualites\/?s={search_term_string}"},"query-input":{"@type":"PropertyValueSpecification","valueRequired":true,"valueName":"search_term_string"}}],"inLanguage":"fr-CA"},{"@type":"Person","@id":"https:\/\/www.uqac.ca\/uqactualites\/#\/schema\/person\/366c45a0c4f0e677b41b4af5886e2018","name":"Service des communications et des relations publiques","image":{"@type":"ImageObject","inLanguage":"fr-CA","@id":"https:\/\/www.uqac.ca\/uqactualites\/#\/schema\/person\/image\/","url":"https:\/\/secure.gravatar.com\/avatar\/20fbbda8a292f59f2d3461a5b999c00b?s=96&d=mm&r=g","contentUrl":"https:\/\/secure.gravatar.com\/avatar\/20fbbda8a292f59f2d3461a5b999c00b?s=96&d=mm&r=g","caption":"Service des communications et des relations publiques"},"url":"https:\/\/www.uqac.ca\/uqactualites\/author\/bap\/"}]}},"_links":{"self":[{"href":"https:\/\/www.uqac.ca\/uqactualites\/wp-json\/wp\/v2\/posts\/45057"}],"collection":[{"href":"https:\/\/www.uqac.ca\/uqactualites\/wp-json\/wp\/v2\/posts"}],"about":[{"href":"https:\/\/www.uqac.ca\/uqactualites\/wp-json\/wp\/v2\/types\/post"}],"author":[{"embeddable":true,"href":"https:\/\/www.uqac.ca\/uqactualites\/wp-json\/wp\/v2\/users\/5"}],"replies":[{"embeddable":true,"href":"https:\/\/www.uqac.ca\/uqactualites\/wp-json\/wp\/v2\/comments?post=45057"}],"version-history":[{"count":4,"href":"https:\/\/www.uqac.ca\/uqactualites\/wp-json\/wp\/v2\/posts\/45057\/revisions"}],"predecessor-version":[{"id":48229,"href":"https:\/\/www.uqac.ca\/uqactualites\/wp-json\/wp\/v2\/posts\/45057\/revisions\/48229"}],"wp:featuredmedia":[{"embeddable":true,"href":"https:\/\/www.uqac.ca\/uqactualites\/wp-json\/wp\/v2\/media\/45058"}],"wp:attachment":[{"href":"https:\/\/www.uqac.ca\/uqactualites\/wp-json\/wp\/v2\/media?parent=45057"}],"wp:term":[{"taxonomy":"category","embeddable":true,"href":"https:\/\/www.uqac.ca\/uqactualites\/wp-json\/wp\/v2\/categories?post=45057"},{"taxonomy":"post_tag","embeddable":true,"href":"https:\/\/www.uqac.ca\/uqactualites\/wp-json\/wp\/v2\/tags?post=45057"}],"curies":[{"name":"wp","href":"https:\/\/api.w.org\/{rel}","templated":true}]}}