{"id":45158,"date":"2023-11-06T12:27:29","date_gmt":"2023-11-06T17:27:29","guid":{"rendered":"https:\/\/www.uqac.ca\/uqactualites\/?p=45158"},"modified":"2024-07-31T11:23:42","modified_gmt":"2024-07-31T15:23:42","slug":"une-tape-sur-lepaule-a-laube-de-novembre","status":"publish","type":"post","link":"https:\/\/www.uqac.ca\/uqactualites\/2023\/11\/06\/une-tape-sur-lepaule-a-laube-de-novembre\/","title":{"rendered":"Une tape sur l&rsquo;\u00e9paule \u00e0 l&rsquo;aube de novembre"},"content":{"rendered":"<p>Le difficile mois de novembre se pointe le bout du nez et je mentirais si je vous disais que l\u2019automne qui glisse doucement vers l\u2019hiver n\u2019affecte pas l\u2019humeur et le niveau d\u2019\u00e9nergie de plusieurs d\u2019entre nous, incluant moi-m\u00eame. Je tiens \u00e0 vous dire que je suis conscient des efforts suppl\u00e9mentaires qu\u2019il faut d\u00e9ployer \u00e0 ce temps-ci de l\u2019ann\u00e9e pour trouver les forces n\u00e9cessaires pour passer \u00e0 travers notre travail, nos \u00e9tudes et voire m\u00eame nos t\u00e2ches familiales. Ce message se veut une petite tape sur l\u2019\u00e9paule \u00e0 chacune et \u00e0 chacun de vous pour vous rappeler que je suis fier de ce nous accomplissons toutes et tous, \u00e0 chaque jour!<\/p>\n<p>La semaine derni\u00e8re a \u00e9t\u00e9 marqu\u00e9e par une annonce des plus troublantes concernant les m\u00e9dias avec la suppression de pr\u00e8s de 550 postes \u00e0 TVA dont plusieurs dans les r\u00e9gions du Qu\u00e9bec. Cette annonce modifiera fortement l\u2019\u00e9cosyst\u00e8me et le poids m\u00e9diatique r\u00e9gional. Cette annonce a suivi de pr\u00e8s une activit\u00e9 de r\u00e9seautage que quelques professeurs et professeures ont v\u00e9cu au Quotidien, mercredi dernier. Lors de notre passage dans leurs locaux, nous avons justement eu la chance de se familiariser avec l\u2019environnement journalistique et l\u2019importance du r\u00f4le des universitaires sur la place publique. Il m\u2019appara\u00eet \u00e9vident que plus nous serons nombreux \u00e0 participer \u00e0 l\u2019actualit\u00e9 r\u00e9gionale, par nos expertises, et au d\u00e9bat, par nos opinions, davantage nous ferons notre part pour pr\u00e9server l\u2019information en r\u00e9gion. Nos m\u00e9dias de proximit\u00e9 doivent \u00eatre prot\u00e9g\u00e9s et nous devons \u00eatre conscients du r\u00f4le que nous avons \u00e0 y jouer.<\/p>\n<p>De ce fait, je vous invite \u00e0 r\u00e9pondre positivement aux demandes de journalistes et ainsi \u00e0 participer \u00e0 am\u00e9liorer la compr\u00e9hension collective d\u2019enjeux de grande importance pour la soci\u00e9t\u00e9.\u00a0 \u00c0 titre d\u2019enseignantes et d\u2019enseignants d\u2019universit\u00e9, vous avez ce devoir de prendre la parole \u00e0 titre d\u2019expert de contenus et de tenter de rendre votre science la plus accessible possible. Une soci\u00e9t\u00e9 dont les m\u00e9dias sont malades est une soci\u00e9t\u00e9 dont la d\u00e9mocratie est mise \u00e0 mal. Notre r\u00f4le est incontournable, vos id\u00e9es et vos connaissances sont essentielles au d\u00e9veloppement sain de nos collectivit\u00e9s. Sachez qu\u2019une intervention en r\u00e9gion peut avoir des impacts insoup\u00e7onn\u00e9s bien au-del\u00e0 de nos fronti\u00e8res. Je vous rappelle la mission premi\u00e8re de l\u2019Universit\u00e9 du Qu\u00e9bec qui est une de d\u00e9mocratiser l\u2019acc\u00e8s aux \u00e9tudes sup\u00e9rieures en r\u00e9gion. Aussi, soyez fi\u00e8res et fiers de notre \u00e9cosyst\u00e8me m\u00e9diatique r\u00e9gional : sa vitalit\u00e9 contribue \u00e0 l\u2019atteinte de notre mission. Chaque prise de parole, chaque contribution d\u2019experte et d\u2019expert lors d\u2019entrevues, chaque lettre d\u2019opinion, chaque chronique repr\u00e9sente une occasion de diffuser le savoir. Soyons donc g\u00e9n\u00e9reux de nos contributions!<\/p>\n<p>Pour finir, je fais un petit clin d\u2019\u0153il aux retrait\u00e9es et retrait\u00e9s de l\u2019ann\u00e9e derni\u00e8re dont nous avons soulign\u00e9 le passage en nos murs jeudi dernier. J\u2019ai senti, lors de l\u2019\u00e9v\u00e9nement, un besoin important pour notre communaut\u00e9 universitaire de se regrouper lors d\u2019activit\u00e9s \u00e0 caract\u00e8re social. Sachez que nous y travaillons\u2026<\/p>\n<p>Bonne semaine!<\/p>\n","protected":false},"excerpt":{"rendered":"<p>Le difficile mois de novembre se pointe le bout du nez et je mentirais si je vous disais que l\u2019automne qui glisse doucement vers l\u2019hiver n\u2019affecte pas l\u2019humeur et le niveau d\u2019\u00e9nergie de plusieurs d\u2019entre nous, incluant moi-m\u00eame. Je tiens \u00e0 vous dire que je suis conscient des efforts suppl\u00e9mentaires qu\u2019il faut d\u00e9ployer \u00e0 ce [&hellip;]<\/p>\n","protected":false},"author":10,"featured_media":45162,"comment_status":"open","ping_status":"open","sticky":false,"template":"","format":"standard","meta":{"footnotes":""},"categories":[2792],"tags":[],"yoast_head":"<!-- This site is optimized with the Yoast SEO plugin v24.2 - https:\/\/yoast.com\/wordpress\/plugins\/seo\/ -->\r\n<title>Une tape sur l&#039;\u00e9paule \u00e0 l&#039;aube de novembre - UQACtualit\u00e9s<\/title>\r\n<meta name=\"robots\" content=\"index, follow, max-snippet:-1, max-image-preview:large, max-video-preview:-1\" \/>\r\n<link rel=\"canonical\" href=\"https:\/\/www.uqac.ca\/uqactualites\/2023\/11\/06\/une-tape-sur-lepaule-a-laube-de-novembre\/\" \/>\r\n<meta property=\"og:locale\" content=\"fr_CA\" \/>\r\n<meta property=\"og:type\" content=\"article\" \/>\r\n<meta property=\"og:title\" content=\"Une tape sur l&#039;\u00e9paule \u00e0 l&#039;aube de novembre - UQACtualit\u00e9s\" \/>\r\n<meta property=\"og:description\" content=\"Le difficile mois de novembre se pointe le bout du nez et je mentirais si je vous disais que l\u2019automne qui glisse doucement vers l\u2019hiver n\u2019affecte pas l\u2019humeur et le niveau d\u2019\u00e9nergie de plusieurs d\u2019entre nous, incluant moi-m\u00eame. Je tiens \u00e0 vous dire que je suis conscient des efforts suppl\u00e9mentaires qu\u2019il faut d\u00e9ployer \u00e0 ce [&hellip;]\" \/>\r\n<meta property=\"og:url\" content=\"https:\/\/www.uqac.ca\/uqactualites\/2023\/11\/06\/une-tape-sur-lepaule-a-laube-de-novembre\/\" \/>\r\n<meta property=\"og:site_name\" content=\"UQACtualit\u00e9s\" \/>\r\n<meta property=\"article:published_time\" content=\"2023-11-06T17:27:29+00:00\" \/>\r\n<meta property=\"article:modified_time\" content=\"2024-07-31T15:23:42+00:00\" \/>\r\n<meta property=\"og:image\" content=\"https:\/\/www.uqac.ca\/uqactualites\/wp-content\/uploads\/2023\/11\/Le-Quotidien2.jpg\" \/>\r\n\t<meta property=\"og:image:width\" content=\"2048\" \/>\r\n\t<meta property=\"og:image:height\" content=\"1365\" \/>\r\n\t<meta property=\"og:image:type\" content=\"image\/jpeg\" \/>\r\n<meta name=\"author\" content=\"Ghislain Samson\" \/>\r\n<meta name=\"twitter:card\" content=\"summary_large_image\" \/>\r\n<meta name=\"twitter:label1\" content=\"\u00c9crit par\" \/>\n\t<meta name=\"twitter:data1\" content=\"Ghislain Samson\" \/>\n\t<meta name=\"twitter:label2\" content=\"Estimation du temps de lecture\" \/>\n\t<meta name=\"twitter:data2\" content=\"3 minutes\" \/>\r\n<script type=\"application\/ld+json\" class=\"yoast-schema-graph\">{\"@context\":\"https:\/\/schema.org\",\"@graph\":[{\"@type\":\"WebPage\",\"@id\":\"https:\/\/www.uqac.ca\/uqactualites\/2023\/11\/06\/une-tape-sur-lepaule-a-laube-de-novembre\/\",\"url\":\"https:\/\/www.uqac.ca\/uqactualites\/2023\/11\/06\/une-tape-sur-lepaule-a-laube-de-novembre\/\",\"name\":\"Une tape sur l'\u00e9paule \u00e0 l'aube de novembre - UQACtualit\u00e9s\",\"isPartOf\":{\"@id\":\"https:\/\/www.uqac.ca\/uqactualites\/#website\"},\"primaryImageOfPage\":{\"@id\":\"https:\/\/www.uqac.ca\/uqactualites\/2023\/11\/06\/une-tape-sur-lepaule-a-laube-de-novembre\/#primaryimage\"},\"image\":{\"@id\":\"https:\/\/www.uqac.ca\/uqactualites\/2023\/11\/06\/une-tape-sur-lepaule-a-laube-de-novembre\/#primaryimage\"},\"thumbnailUrl\":\"https:\/\/www.uqac.ca\/uqactualites\/wp-content\/uploads\/2023\/11\/Le-Quotidien2.jpg\",\"datePublished\":\"2023-11-06T17:27:29+00:00\",\"dateModified\":\"2024-07-31T15:23:42+00:00\",\"author\":{\"@id\":\"https:\/\/www.uqac.ca\/uqactualites\/#\/schema\/person\/ae2225f9f23eebff67a6e899225952fb\"},\"breadcrumb\":{\"@id\":\"https:\/\/www.uqac.ca\/uqactualites\/2023\/11\/06\/une-tape-sur-lepaule-a-laube-de-novembre\/#breadcrumb\"},\"inLanguage\":\"fr-CA\",\"potentialAction\":[{\"@type\":\"ReadAction\",\"target\":[\"https:\/\/www.uqac.ca\/uqactualites\/2023\/11\/06\/une-tape-sur-lepaule-a-laube-de-novembre\/\"]}]},{\"@type\":\"ImageObject\",\"inLanguage\":\"fr-CA\",\"@id\":\"https:\/\/www.uqac.ca\/uqactualites\/2023\/11\/06\/une-tape-sur-lepaule-a-laube-de-novembre\/#primaryimage\",\"url\":\"https:\/\/www.uqac.ca\/uqactualites\/wp-content\/uploads\/2023\/11\/Le-Quotidien2.jpg\",\"contentUrl\":\"https:\/\/www.uqac.ca\/uqactualites\/wp-content\/uploads\/2023\/11\/Le-Quotidien2.jpg\",\"width\":2048,\"height\":1365,\"caption\":\"\u00a9RocketLavoie\"},{\"@type\":\"BreadcrumbList\",\"@id\":\"https:\/\/www.uqac.ca\/uqactualites\/2023\/11\/06\/une-tape-sur-lepaule-a-laube-de-novembre\/#breadcrumb\",\"itemListElement\":[{\"@type\":\"ListItem\",\"position\":1,\"name\":\"Home\",\"item\":\"https:\/\/www.uqac.ca\/uqactualites\/\"},{\"@type\":\"ListItem\",\"position\":2,\"name\":\"Une tape sur l&rsquo;\u00e9paule \u00e0 l&rsquo;aube de novembre\"}]},{\"@type\":\"WebSite\",\"@id\":\"https:\/\/www.uqac.ca\/uqactualites\/#website\",\"url\":\"https:\/\/www.uqac.ca\/uqactualites\/\",\"name\":\"UQACtualit\u00e9s\",\"description\":\"Le portail des nouvelles de l&#039;UQAC\",\"potentialAction\":[{\"@type\":\"SearchAction\",\"target\":{\"@type\":\"EntryPoint\",\"urlTemplate\":\"https:\/\/www.uqac.ca\/uqactualites\/?s={search_term_string}\"},\"query-input\":{\"@type\":\"PropertyValueSpecification\",\"valueRequired\":true,\"valueName\":\"search_term_string\"}}],\"inLanguage\":\"fr-CA\"},{\"@type\":\"Person\",\"@id\":\"https:\/\/www.uqac.ca\/uqactualites\/#\/schema\/person\/ae2225f9f23eebff67a6e899225952fb\",\"name\":\"Ghislain Samson\",\"image\":{\"@type\":\"ImageObject\",\"inLanguage\":\"fr-CA\",\"@id\":\"https:\/\/www.uqac.ca\/uqactualites\/#\/schema\/person\/image\/\",\"url\":\"https:\/\/secure.gravatar.com\/avatar\/61ad9756d7707fefb25ed321388b2105?s=96&d=mm&r=g\",\"contentUrl\":\"https:\/\/secure.gravatar.com\/avatar\/61ad9756d7707fefb25ed321388b2105?s=96&d=mm&r=g\",\"caption\":\"Ghislain Samson\"},\"url\":\"https:\/\/www.uqac.ca\/uqactualites\/author\/gsamson\/\"}]}<\/script>\r\n<!-- \/ Yoast SEO plugin. -->","yoast_head_json":{"title":"Une tape sur l'\u00e9paule \u00e0 l'aube de novembre - UQACtualit\u00e9s","robots":{"index":"index","follow":"follow","max-snippet":"max-snippet:-1","max-image-preview":"max-image-preview:large","max-video-preview":"max-video-preview:-1"},"canonical":"https:\/\/www.uqac.ca\/uqactualites\/2023\/11\/06\/une-tape-sur-lepaule-a-laube-de-novembre\/","og_locale":"fr_CA","og_type":"article","og_title":"Une tape sur l'\u00e9paule \u00e0 l'aube de novembre - UQACtualit\u00e9s","og_description":"Le difficile mois de novembre se pointe le bout du nez et je mentirais si je vous disais que l\u2019automne qui glisse doucement vers l\u2019hiver n\u2019affecte pas l\u2019humeur et le niveau d\u2019\u00e9nergie de plusieurs d\u2019entre nous, incluant moi-m\u00eame. Je tiens \u00e0 vous dire que je suis conscient des efforts suppl\u00e9mentaires qu\u2019il faut d\u00e9ployer \u00e0 ce [&hellip;]","og_url":"https:\/\/www.uqac.ca\/uqactualites\/2023\/11\/06\/une-tape-sur-lepaule-a-laube-de-novembre\/","og_site_name":"UQACtualit\u00e9s","article_published_time":"2023-11-06T17:27:29+00:00","article_modified_time":"2024-07-31T15:23:42+00:00","og_image":[{"width":2048,"height":1365,"url":"https:\/\/www.uqac.ca\/uqactualites\/wp-content\/uploads\/2023\/11\/Le-Quotidien2.jpg","type":"image\/jpeg"}],"author":"Ghislain Samson","twitter_card":"summary_large_image","twitter_misc":{"\u00c9crit par":"Ghislain Samson","Estimation du temps de lecture":"3 minutes"},"schema":{"@context":"https:\/\/schema.org","@graph":[{"@type":"WebPage","@id":"https:\/\/www.uqac.ca\/uqactualites\/2023\/11\/06\/une-tape-sur-lepaule-a-laube-de-novembre\/","url":"https:\/\/www.uqac.ca\/uqactualites\/2023\/11\/06\/une-tape-sur-lepaule-a-laube-de-novembre\/","name":"Une tape sur l'\u00e9paule \u00e0 l'aube de novembre - UQACtualit\u00e9s","isPartOf":{"@id":"https:\/\/www.uqac.ca\/uqactualites\/#website"},"primaryImageOfPage":{"@id":"https:\/\/www.uqac.ca\/uqactualites\/2023\/11\/06\/une-tape-sur-lepaule-a-laube-de-novembre\/#primaryimage"},"image":{"@id":"https:\/\/www.uqac.ca\/uqactualites\/2023\/11\/06\/une-tape-sur-lepaule-a-laube-de-novembre\/#primaryimage"},"thumbnailUrl":"https:\/\/www.uqac.ca\/uqactualites\/wp-content\/uploads\/2023\/11\/Le-Quotidien2.jpg","datePublished":"2023-11-06T17:27:29+00:00","dateModified":"2024-07-31T15:23:42+00:00","author":{"@id":"https:\/\/www.uqac.ca\/uqactualites\/#\/schema\/person\/ae2225f9f23eebff67a6e899225952fb"},"breadcrumb":{"@id":"https:\/\/www.uqac.ca\/uqactualites\/2023\/11\/06\/une-tape-sur-lepaule-a-laube-de-novembre\/#breadcrumb"},"inLanguage":"fr-CA","potentialAction":[{"@type":"ReadAction","target":["https:\/\/www.uqac.ca\/uqactualites\/2023\/11\/06\/une-tape-sur-lepaule-a-laube-de-novembre\/"]}]},{"@type":"ImageObject","inLanguage":"fr-CA","@id":"https:\/\/www.uqac.ca\/uqactualites\/2023\/11\/06\/une-tape-sur-lepaule-a-laube-de-novembre\/#primaryimage","url":"https:\/\/www.uqac.ca\/uqactualites\/wp-content\/uploads\/2023\/11\/Le-Quotidien2.jpg","contentUrl":"https:\/\/www.uqac.ca\/uqactualites\/wp-content\/uploads\/2023\/11\/Le-Quotidien2.jpg","width":2048,"height":1365,"caption":"\u00a9RocketLavoie"},{"@type":"BreadcrumbList","@id":"https:\/\/www.uqac.ca\/uqactualites\/2023\/11\/06\/une-tape-sur-lepaule-a-laube-de-novembre\/#breadcrumb","itemListElement":[{"@type":"ListItem","position":1,"name":"Home","item":"https:\/\/www.uqac.ca\/uqactualites\/"},{"@type":"ListItem","position":2,"name":"Une tape sur l&rsquo;\u00e9paule \u00e0 l&rsquo;aube de novembre"}]},{"@type":"WebSite","@id":"https:\/\/www.uqac.ca\/uqactualites\/#website","url":"https:\/\/www.uqac.ca\/uqactualites\/","name":"UQACtualit\u00e9s","description":"Le portail des nouvelles de l&#039;UQAC","potentialAction":[{"@type":"SearchAction","target":{"@type":"EntryPoint","urlTemplate":"https:\/\/www.uqac.ca\/uqactualites\/?s={search_term_string}"},"query-input":{"@type":"PropertyValueSpecification","valueRequired":true,"valueName":"search_term_string"}}],"inLanguage":"fr-CA"},{"@type":"Person","@id":"https:\/\/www.uqac.ca\/uqactualites\/#\/schema\/person\/ae2225f9f23eebff67a6e899225952fb","name":"Ghislain Samson","image":{"@type":"ImageObject","inLanguage":"fr-CA","@id":"https:\/\/www.uqac.ca\/uqactualites\/#\/schema\/person\/image\/","url":"https:\/\/secure.gravatar.com\/avatar\/61ad9756d7707fefb25ed321388b2105?s=96&d=mm&r=g","contentUrl":"https:\/\/secure.gravatar.com\/avatar\/61ad9756d7707fefb25ed321388b2105?s=96&d=mm&r=g","caption":"Ghislain Samson"},"url":"https:\/\/www.uqac.ca\/uqactualites\/author\/gsamson\/"}]}},"_links":{"self":[{"href":"https:\/\/www.uqac.ca\/uqactualites\/wp-json\/wp\/v2\/posts\/45158"}],"collection":[{"href":"https:\/\/www.uqac.ca\/uqactualites\/wp-json\/wp\/v2\/posts"}],"about":[{"href":"https:\/\/www.uqac.ca\/uqactualites\/wp-json\/wp\/v2\/types\/post"}],"author":[{"embeddable":true,"href":"https:\/\/www.uqac.ca\/uqactualites\/wp-json\/wp\/v2\/users\/10"}],"replies":[{"embeddable":true,"href":"https:\/\/www.uqac.ca\/uqactualites\/wp-json\/wp\/v2\/comments?post=45158"}],"version-history":[{"count":2,"href":"https:\/\/www.uqac.ca\/uqactualites\/wp-json\/wp\/v2\/posts\/45158\/revisions"}],"predecessor-version":[{"id":45161,"href":"https:\/\/www.uqac.ca\/uqactualites\/wp-json\/wp\/v2\/posts\/45158\/revisions\/45161"}],"wp:featuredmedia":[{"embeddable":true,"href":"https:\/\/www.uqac.ca\/uqactualites\/wp-json\/wp\/v2\/media\/45162"}],"wp:attachment":[{"href":"https:\/\/www.uqac.ca\/uqactualites\/wp-json\/wp\/v2\/media?parent=45158"}],"wp:term":[{"taxonomy":"category","embeddable":true,"href":"https:\/\/www.uqac.ca\/uqactualites\/wp-json\/wp\/v2\/categories?post=45158"},{"taxonomy":"post_tag","embeddable":true,"href":"https:\/\/www.uqac.ca\/uqactualites\/wp-json\/wp\/v2\/tags?post=45158"}],"curies":[{"name":"wp","href":"https:\/\/api.w.org\/{rel}","templated":true}]}}