{"id":45291,"date":"2023-11-21T10:05:19","date_gmt":"2023-11-21T15:05:19","guid":{"rendered":"https:\/\/www.uqac.ca\/uqactualites\/?p=45291"},"modified":"2024-07-31T09:52:41","modified_gmt":"2024-07-31T13:52:41","slug":"en-route-vers-une-semaine-mouvementee","status":"publish","type":"post","link":"https:\/\/www.uqac.ca\/uqactualites\/2023\/11\/21\/en-route-vers-une-semaine-mouvementee\/","title":{"rendered":"En route vers une semaine mouvement\u00e9e"},"content":{"rendered":"<p>Cette semaine, l\u2019\u00e9quipe de direction profitera de la pr\u00e9sence en r\u00e9gion de la ministre de l\u2019Immigration, de la Francisation et de l\u2019Int\u00e9gration, Christine Fr\u00e9chette, pour l\u2019accueillir \u00e0 l\u2019UQAC afin de discuter de la richesse et des d\u00e9fis de notre communaut\u00e9 universitaire multiculturelle, mais \u00e9galement des enjeux li\u00e9s \u00e0 l\u2019application de certaines orientations gouvernementales. Au menu de cette rencontre, la r\u00e9cente r\u00e9forme du PEQ et la nouvelle planification pluriannuelle de l\u2019immigration, l\u2019accueil, l\u2019int\u00e9gration et la r\u00e9tention des \u00e9tudiants internationaux \u00e0 l\u2019UQAC de m\u00eame que les nombreuses demandes d\u2019asile qui semblent provenir de quelque 5\u00a0% des \u00e9tudiantes et \u00e9tudiants internationaux que nous accueillons, selon un article paru r\u00e9cemment dans le Journal de Montr\u00e9al.<\/p>\n<p>Sur ce dernier point, nous sommes \u00e9videmment pr\u00e9occup\u00e9s par cette statistique, mais il est clair que la solution n\u2019appartient pas \u00e0 l\u2019Universit\u00e9. Difficile, en effet, de conna\u00eetre l\u2019intention de chaque personne derri\u00e8re une demande d\u2019admission \u00e0 l\u2019UQAC. Toutefois, nous sommes d\u2019avis qu\u2019il est important de travailler de pair avec tous les paliers de gouvernement pour mieux encadrer ces demandes d\u2019admission, enrayer les fraudes qui se cachent derri\u00e8re des processus douteux mis de l\u2019avant par des personnes ou organisations malveillantes. \u00c9videmment, nous souhaitons trouver des ressources pour outiller nos \u00e9quipes afin de faire face \u00e0 l\u2019augmentation substantielle des demandes d\u2019admission. Nous sommes fiers de notre UQAC internationale et nous souhaitons que toutes et tous b\u00e9n\u00e9ficient d\u2019une exp\u00e9rience positive tant \u00e0 titre de membre de la communaut\u00e9 d\u2019accueil que de personnes nouvellement arriv\u00e9es. Par ailleurs, Ville de Saguenay, en partenariat avec plusieurs organisations et organismes dont nous faisons partie amorcera une r\u00e9flexion dans quelques jours pour mieux structurer nos processus d\u2019accueil et d\u2019int\u00e9gration communs. De notre c\u00f4t\u00e9, je vous rappelle qu\u2019un chantier sur l\u2019internationalisation \u00e0 l\u2019UQAC se met branle.<\/p>\n<p>Dans un autre ordre d\u2019id\u00e9es, je participerai ce jeudi \u00e0 une petite activit\u00e9 matinale visant \u00e0 encourager notre communaut\u00e9 universitaire \u00e0 passer \u00e0 travers les quelques semaines r\u00e9siduelles \u00e0 ce trimestre d\u2019automne 2023. \u00c0 titre de petite tape bienveillante sur l\u2019\u00e9paule, je serai \u00e0 l\u2019entr\u00e9e principale, et ce, d\u00e8s 7\u00a0h\u00a030 pour vous accueillir et vous remettre une petite surprise; je serai alors accompagn\u00e9 par les Services aux \u00e9tudiants et des membres de mon \u00e9quipe de direction.<\/p>\n<p>\u00c9galement, je participerai \u00e0 diff\u00e9rentes activit\u00e9s visant \u00e0 appuyer des organisations partenaires dont un souper visant \u00e0 souligner les 15 ans de Contact Nature et une r\u00e9ception pour mettre en lumi\u00e8re les 25 ans de la Fondation internationale des cultures \u00e0 partager au cours de laquelle un hommage sera rendu \u00e0 Jeanne Blackburn.<\/p>\n<p>En terminant, Novembre \u00e9tant le mois du Movember et de la sant\u00e9 des hommes, permettez-moi, sur une note plus personnelle, de rendre hommage au chanteur des Cowboys fringants Karl Tremblay dont le d\u00e9c\u00e8s nous a profond\u00e9ment touch\u00e9s collectivement dans les derniers jours. Cet artiste engag\u00e9 a \u00e9t\u00e9 la voix de plusieurs g\u00e9n\u00e9rations \u00e0 travers son interpr\u00e9tation de textes riches en valeurs humaines et sociales. Plus pr\u00e8s de nous, le groupe, via sa fondation, a \u00e9t\u00e9 l\u2019un des premiers grands donateurs de Carbone bor\u00e9al. Je ne peux que saluer leur engagement et partager la peine de celles et ceux qui comme moi sont touch\u00e9s par la personnalit\u00e9 plus grande que nature qu\u2019a \u00e9t\u00e9 Karl Tremblay.<\/p>\n","protected":false},"excerpt":{"rendered":"<p>Cette semaine, l\u2019\u00e9quipe de direction profitera de la pr\u00e9sence en r\u00e9gion de la ministre de l\u2019Immigration, de la Francisation et de l\u2019Int\u00e9gration, Christine Fr\u00e9chette, pour l\u2019accueillir \u00e0 l\u2019UQAC afin de discuter de la richesse et des d\u00e9fis de notre communaut\u00e9 universitaire multiculturelle, mais \u00e9galement des enjeux li\u00e9s \u00e0 l\u2019application de certaines orientations gouvernementales. Au menu [&hellip;]<\/p>\n","protected":false},"author":10,"featured_media":45292,"comment_status":"open","ping_status":"open","sticky":false,"template":"","format":"standard","meta":{"footnotes":""},"categories":[2792],"tags":[],"yoast_head":"<!-- This site is optimized with the Yoast SEO plugin v24.2 - https:\/\/yoast.com\/wordpress\/plugins\/seo\/ -->\r\n<title>En route vers une semaine mouvement\u00e9e - UQACtualit\u00e9s<\/title>\r\n<meta name=\"robots\" content=\"index, follow, max-snippet:-1, max-image-preview:large, max-video-preview:-1\" \/>\r\n<link rel=\"canonical\" href=\"https:\/\/www.uqac.ca\/uqactualites\/2023\/11\/21\/en-route-vers-une-semaine-mouvementee\/\" \/>\r\n<meta property=\"og:locale\" content=\"fr_CA\" \/>\r\n<meta property=\"og:type\" content=\"article\" \/>\r\n<meta property=\"og:title\" content=\"En route vers une semaine mouvement\u00e9e - UQACtualit\u00e9s\" \/>\r\n<meta property=\"og:description\" content=\"Cette semaine, l\u2019\u00e9quipe de direction profitera de la pr\u00e9sence en r\u00e9gion de la ministre de l\u2019Immigration, de la Francisation et de l\u2019Int\u00e9gration, Christine Fr\u00e9chette, pour l\u2019accueillir \u00e0 l\u2019UQAC afin de discuter de la richesse et des d\u00e9fis de notre communaut\u00e9 universitaire multiculturelle, mais \u00e9galement des enjeux li\u00e9s \u00e0 l\u2019application de certaines orientations gouvernementales. Au menu [&hellip;]\" \/>\r\n<meta property=\"og:url\" content=\"https:\/\/www.uqac.ca\/uqactualites\/2023\/11\/21\/en-route-vers-une-semaine-mouvementee\/\" \/>\r\n<meta property=\"og:site_name\" content=\"UQACtualit\u00e9s\" \/>\r\n<meta property=\"article:published_time\" content=\"2023-11-21T15:05:19+00:00\" \/>\r\n<meta property=\"article:modified_time\" content=\"2024-07-31T13:52:41+00:00\" \/>\r\n<meta property=\"og:image\" content=\"https:\/\/www.uqac.ca\/uqactualites\/wp-content\/uploads\/2023\/11\/NUM_UqacA22_EntBenchmk1355X758_CampusHiver84.jpg\" \/>\r\n\t<meta property=\"og:image:width\" content=\"1355\" \/>\r\n\t<meta property=\"og:image:height\" content=\"758\" \/>\r\n\t<meta property=\"og:image:type\" content=\"image\/jpeg\" \/>\r\n<meta name=\"author\" content=\"Ghislain Samson\" \/>\r\n<meta name=\"twitter:card\" content=\"summary_large_image\" \/>\r\n<meta name=\"twitter:label1\" content=\"\u00c9crit par\" \/>\n\t<meta name=\"twitter:data1\" content=\"Ghislain Samson\" \/>\n\t<meta name=\"twitter:label2\" content=\"Estimation du temps de lecture\" \/>\n\t<meta name=\"twitter:data2\" content=\"3 minutes\" \/>\r\n<script type=\"application\/ld+json\" class=\"yoast-schema-graph\">{\"@context\":\"https:\/\/schema.org\",\"@graph\":[{\"@type\":\"WebPage\",\"@id\":\"https:\/\/www.uqac.ca\/uqactualites\/2023\/11\/21\/en-route-vers-une-semaine-mouvementee\/\",\"url\":\"https:\/\/www.uqac.ca\/uqactualites\/2023\/11\/21\/en-route-vers-une-semaine-mouvementee\/\",\"name\":\"En route vers une semaine mouvement\u00e9e - UQACtualit\u00e9s\",\"isPartOf\":{\"@id\":\"https:\/\/www.uqac.ca\/uqactualites\/#website\"},\"primaryImageOfPage\":{\"@id\":\"https:\/\/www.uqac.ca\/uqactualites\/2023\/11\/21\/en-route-vers-une-semaine-mouvementee\/#primaryimage\"},\"image\":{\"@id\":\"https:\/\/www.uqac.ca\/uqactualites\/2023\/11\/21\/en-route-vers-une-semaine-mouvementee\/#primaryimage\"},\"thumbnailUrl\":\"https:\/\/www.uqac.ca\/uqactualites\/wp-content\/uploads\/2023\/11\/NUM_UqacA22_EntBenchmk1355X758_CampusHiver84.jpg\",\"datePublished\":\"2023-11-21T15:05:19+00:00\",\"dateModified\":\"2024-07-31T13:52:41+00:00\",\"author\":{\"@id\":\"https:\/\/www.uqac.ca\/uqactualites\/#\/schema\/person\/ae2225f9f23eebff67a6e899225952fb\"},\"breadcrumb\":{\"@id\":\"https:\/\/www.uqac.ca\/uqactualites\/2023\/11\/21\/en-route-vers-une-semaine-mouvementee\/#breadcrumb\"},\"inLanguage\":\"fr-CA\",\"potentialAction\":[{\"@type\":\"ReadAction\",\"target\":[\"https:\/\/www.uqac.ca\/uqactualites\/2023\/11\/21\/en-route-vers-une-semaine-mouvementee\/\"]}]},{\"@type\":\"ImageObject\",\"inLanguage\":\"fr-CA\",\"@id\":\"https:\/\/www.uqac.ca\/uqactualites\/2023\/11\/21\/en-route-vers-une-semaine-mouvementee\/#primaryimage\",\"url\":\"https:\/\/www.uqac.ca\/uqactualites\/wp-content\/uploads\/2023\/11\/NUM_UqacA22_EntBenchmk1355X758_CampusHiver84.jpg\",\"contentUrl\":\"https:\/\/www.uqac.ca\/uqactualites\/wp-content\/uploads\/2023\/11\/NUM_UqacA22_EntBenchmk1355X758_CampusHiver84.jpg\",\"width\":1355,\"height\":758},{\"@type\":\"BreadcrumbList\",\"@id\":\"https:\/\/www.uqac.ca\/uqactualites\/2023\/11\/21\/en-route-vers-une-semaine-mouvementee\/#breadcrumb\",\"itemListElement\":[{\"@type\":\"ListItem\",\"position\":1,\"name\":\"Home\",\"item\":\"https:\/\/www.uqac.ca\/uqactualites\/\"},{\"@type\":\"ListItem\",\"position\":2,\"name\":\"En route vers une semaine mouvement\u00e9e\"}]},{\"@type\":\"WebSite\",\"@id\":\"https:\/\/www.uqac.ca\/uqactualites\/#website\",\"url\":\"https:\/\/www.uqac.ca\/uqactualites\/\",\"name\":\"UQACtualit\u00e9s\",\"description\":\"Le portail des nouvelles de l&#039;UQAC\",\"potentialAction\":[{\"@type\":\"SearchAction\",\"target\":{\"@type\":\"EntryPoint\",\"urlTemplate\":\"https:\/\/www.uqac.ca\/uqactualites\/?s={search_term_string}\"},\"query-input\":{\"@type\":\"PropertyValueSpecification\",\"valueRequired\":true,\"valueName\":\"search_term_string\"}}],\"inLanguage\":\"fr-CA\"},{\"@type\":\"Person\",\"@id\":\"https:\/\/www.uqac.ca\/uqactualites\/#\/schema\/person\/ae2225f9f23eebff67a6e899225952fb\",\"name\":\"Ghislain Samson\",\"image\":{\"@type\":\"ImageObject\",\"inLanguage\":\"fr-CA\",\"@id\":\"https:\/\/www.uqac.ca\/uqactualites\/#\/schema\/person\/image\/\",\"url\":\"https:\/\/secure.gravatar.com\/avatar\/61ad9756d7707fefb25ed321388b2105?s=96&d=mm&r=g\",\"contentUrl\":\"https:\/\/secure.gravatar.com\/avatar\/61ad9756d7707fefb25ed321388b2105?s=96&d=mm&r=g\",\"caption\":\"Ghislain Samson\"},\"url\":\"https:\/\/www.uqac.ca\/uqactualites\/author\/gsamson\/\"}]}<\/script>\r\n<!-- \/ Yoast SEO plugin. -->","yoast_head_json":{"title":"En route vers une semaine mouvement\u00e9e - UQACtualit\u00e9s","robots":{"index":"index","follow":"follow","max-snippet":"max-snippet:-1","max-image-preview":"max-image-preview:large","max-video-preview":"max-video-preview:-1"},"canonical":"https:\/\/www.uqac.ca\/uqactualites\/2023\/11\/21\/en-route-vers-une-semaine-mouvementee\/","og_locale":"fr_CA","og_type":"article","og_title":"En route vers une semaine mouvement\u00e9e - UQACtualit\u00e9s","og_description":"Cette semaine, l\u2019\u00e9quipe de direction profitera de la pr\u00e9sence en r\u00e9gion de la ministre de l\u2019Immigration, de la Francisation et de l\u2019Int\u00e9gration, Christine Fr\u00e9chette, pour l\u2019accueillir \u00e0 l\u2019UQAC afin de discuter de la richesse et des d\u00e9fis de notre communaut\u00e9 universitaire multiculturelle, mais \u00e9galement des enjeux li\u00e9s \u00e0 l\u2019application de certaines orientations gouvernementales. Au menu [&hellip;]","og_url":"https:\/\/www.uqac.ca\/uqactualites\/2023\/11\/21\/en-route-vers-une-semaine-mouvementee\/","og_site_name":"UQACtualit\u00e9s","article_published_time":"2023-11-21T15:05:19+00:00","article_modified_time":"2024-07-31T13:52:41+00:00","og_image":[{"width":1355,"height":758,"url":"https:\/\/www.uqac.ca\/uqactualites\/wp-content\/uploads\/2023\/11\/NUM_UqacA22_EntBenchmk1355X758_CampusHiver84.jpg","type":"image\/jpeg"}],"author":"Ghislain Samson","twitter_card":"summary_large_image","twitter_misc":{"\u00c9crit par":"Ghislain Samson","Estimation du temps de lecture":"3 minutes"},"schema":{"@context":"https:\/\/schema.org","@graph":[{"@type":"WebPage","@id":"https:\/\/www.uqac.ca\/uqactualites\/2023\/11\/21\/en-route-vers-une-semaine-mouvementee\/","url":"https:\/\/www.uqac.ca\/uqactualites\/2023\/11\/21\/en-route-vers-une-semaine-mouvementee\/","name":"En route vers une semaine mouvement\u00e9e - UQACtualit\u00e9s","isPartOf":{"@id":"https:\/\/www.uqac.ca\/uqactualites\/#website"},"primaryImageOfPage":{"@id":"https:\/\/www.uqac.ca\/uqactualites\/2023\/11\/21\/en-route-vers-une-semaine-mouvementee\/#primaryimage"},"image":{"@id":"https:\/\/www.uqac.ca\/uqactualites\/2023\/11\/21\/en-route-vers-une-semaine-mouvementee\/#primaryimage"},"thumbnailUrl":"https:\/\/www.uqac.ca\/uqactualites\/wp-content\/uploads\/2023\/11\/NUM_UqacA22_EntBenchmk1355X758_CampusHiver84.jpg","datePublished":"2023-11-21T15:05:19+00:00","dateModified":"2024-07-31T13:52:41+00:00","author":{"@id":"https:\/\/www.uqac.ca\/uqactualites\/#\/schema\/person\/ae2225f9f23eebff67a6e899225952fb"},"breadcrumb":{"@id":"https:\/\/www.uqac.ca\/uqactualites\/2023\/11\/21\/en-route-vers-une-semaine-mouvementee\/#breadcrumb"},"inLanguage":"fr-CA","potentialAction":[{"@type":"ReadAction","target":["https:\/\/www.uqac.ca\/uqactualites\/2023\/11\/21\/en-route-vers-une-semaine-mouvementee\/"]}]},{"@type":"ImageObject","inLanguage":"fr-CA","@id":"https:\/\/www.uqac.ca\/uqactualites\/2023\/11\/21\/en-route-vers-une-semaine-mouvementee\/#primaryimage","url":"https:\/\/www.uqac.ca\/uqactualites\/wp-content\/uploads\/2023\/11\/NUM_UqacA22_EntBenchmk1355X758_CampusHiver84.jpg","contentUrl":"https:\/\/www.uqac.ca\/uqactualites\/wp-content\/uploads\/2023\/11\/NUM_UqacA22_EntBenchmk1355X758_CampusHiver84.jpg","width":1355,"height":758},{"@type":"BreadcrumbList","@id":"https:\/\/www.uqac.ca\/uqactualites\/2023\/11\/21\/en-route-vers-une-semaine-mouvementee\/#breadcrumb","itemListElement":[{"@type":"ListItem","position":1,"name":"Home","item":"https:\/\/www.uqac.ca\/uqactualites\/"},{"@type":"ListItem","position":2,"name":"En route vers une semaine mouvement\u00e9e"}]},{"@type":"WebSite","@id":"https:\/\/www.uqac.ca\/uqactualites\/#website","url":"https:\/\/www.uqac.ca\/uqactualites\/","name":"UQACtualit\u00e9s","description":"Le portail des nouvelles de l&#039;UQAC","potentialAction":[{"@type":"SearchAction","target":{"@type":"EntryPoint","urlTemplate":"https:\/\/www.uqac.ca\/uqactualites\/?s={search_term_string}"},"query-input":{"@type":"PropertyValueSpecification","valueRequired":true,"valueName":"search_term_string"}}],"inLanguage":"fr-CA"},{"@type":"Person","@id":"https:\/\/www.uqac.ca\/uqactualites\/#\/schema\/person\/ae2225f9f23eebff67a6e899225952fb","name":"Ghislain Samson","image":{"@type":"ImageObject","inLanguage":"fr-CA","@id":"https:\/\/www.uqac.ca\/uqactualites\/#\/schema\/person\/image\/","url":"https:\/\/secure.gravatar.com\/avatar\/61ad9756d7707fefb25ed321388b2105?s=96&d=mm&r=g","contentUrl":"https:\/\/secure.gravatar.com\/avatar\/61ad9756d7707fefb25ed321388b2105?s=96&d=mm&r=g","caption":"Ghislain Samson"},"url":"https:\/\/www.uqac.ca\/uqactualites\/author\/gsamson\/"}]}},"_links":{"self":[{"href":"https:\/\/www.uqac.ca\/uqactualites\/wp-json\/wp\/v2\/posts\/45291"}],"collection":[{"href":"https:\/\/www.uqac.ca\/uqactualites\/wp-json\/wp\/v2\/posts"}],"about":[{"href":"https:\/\/www.uqac.ca\/uqactualites\/wp-json\/wp\/v2\/types\/post"}],"author":[{"embeddable":true,"href":"https:\/\/www.uqac.ca\/uqactualites\/wp-json\/wp\/v2\/users\/10"}],"replies":[{"embeddable":true,"href":"https:\/\/www.uqac.ca\/uqactualites\/wp-json\/wp\/v2\/comments?post=45291"}],"version-history":[{"count":1,"href":"https:\/\/www.uqac.ca\/uqactualites\/wp-json\/wp\/v2\/posts\/45291\/revisions"}],"predecessor-version":[{"id":45293,"href":"https:\/\/www.uqac.ca\/uqactualites\/wp-json\/wp\/v2\/posts\/45291\/revisions\/45293"}],"wp:featuredmedia":[{"embeddable":true,"href":"https:\/\/www.uqac.ca\/uqactualites\/wp-json\/wp\/v2\/media\/45292"}],"wp:attachment":[{"href":"https:\/\/www.uqac.ca\/uqactualites\/wp-json\/wp\/v2\/media?parent=45291"}],"wp:term":[{"taxonomy":"category","embeddable":true,"href":"https:\/\/www.uqac.ca\/uqactualites\/wp-json\/wp\/v2\/categories?post=45291"},{"taxonomy":"post_tag","embeddable":true,"href":"https:\/\/www.uqac.ca\/uqactualites\/wp-json\/wp\/v2\/tags?post=45291"}],"curies":[{"name":"wp","href":"https:\/\/api.w.org\/{rel}","templated":true}]}}