{"id":45308,"date":"2023-11-22T11:01:50","date_gmt":"2023-11-22T16:01:50","guid":{"rendered":"https:\/\/www.uqac.ca\/uqactualites\/?p=45308"},"modified":"2024-07-31T09:27:10","modified_gmt":"2024-07-31T13:27:10","slug":"un-concours-pour-recompenser-les-innovations-entrepreneuriales-de-femmes-daffaire-du-saguenay","status":"publish","type":"post","link":"https:\/\/www.uqac.ca\/uqactualites\/2023\/11\/22\/un-concours-pour-recompenser-les-innovations-entrepreneuriales-de-femmes-daffaire-du-saguenay\/","title":{"rendered":"Innover au f\u00e9minin: un concours pour r\u00e9compenser les innovations entrepreneuriales de femmes d\u2019affaires"},"content":{"rendered":"<p>La premi\u00e8re \u00e9dition du <a href=\"https:\/\/cfasaguenay.ca\/concours-innover-au-feminin2\" target=\"_blank\" rel=\"noopener\">concours<\/a> Innover au f\u00e9minin organis\u00e9e par la <a href=\"https:\/\/cfasaguenay.ca\/\" target=\"_blank\" rel=\"noopener\">Corporation des femmes d\u2019affaires du Saguenay<\/a> en partenariat avec l\u2019<a href=\"https:\/\/www.uqac.ca\/\" target=\"_blank\" rel=\"noopener\">Universit\u00e9 du Qu\u00e9bec \u00e0 Chicoutimi<\/a> a eu lieu le 18 mai 2023. Ce concours vise \u00e0 r\u00e9compenser et soutenir financi\u00e8rement les initiatives entrepreneuriales cr\u00e9atives et innovantes men\u00e9es par les membres de la Corporation des femmes d\u2019affaire du Saguenay. Il s\u2019agit ainsi d\u2019une importante occasion de mettre en lumi\u00e8re les talents des entrepreneuses innovantes du Saguenay.<\/p>\n<p>Le concours Innover au f\u00e9minin est un concours de pr\u00e9sentation de projets innovants. Il reproduit le processus qu\u2019une entrepreneuse doit suivre pour convaincre les investisseurs \u00e0 financer son projet.<\/p>\n<p>Trois entrepreneuses finalistes pr\u00e9s\u00e9lectionn\u00e9es ont eu l&rsquo;occasion de pr\u00e9senter leur projet novateur devant le jury et le public pr\u00e9sent \u00e0 la soir\u00e9e.<\/p>\n<p>Les r\u00e9cipiendaires du concours Innover au f\u00e9minin 2023 sont :<\/p>\n<ul>\n<li><strong>1er prix de 6 000,00$<\/strong> &#8211; Cynthia Girard, psycho\u00e9ducatrice et m\u00e9diatrice familiale<\/li>\n<\/ul>\n<p><img loading=\"lazy\" decoding=\"async\" class=\"alignnone wp-image-45311\" src=\"https:\/\/www.uqac.ca\/uqactualites\/wp-content\/uploads\/2023\/11\/cfas-mai23-mduhaime-23-e1700668805807-300x185.jpg\" alt=\"\" width=\"450\" height=\"278\" srcset=\"https:\/\/www.uqac.ca\/uqactualites\/wp-content\/uploads\/2023\/11\/cfas-mai23-mduhaime-23-e1700668805807-300x185.jpg 300w, https:\/\/www.uqac.ca\/uqactualites\/wp-content\/uploads\/2023\/11\/cfas-mai23-mduhaime-23-e1700668805807-1024x632.jpg 1024w, https:\/\/www.uqac.ca\/uqactualites\/wp-content\/uploads\/2023\/11\/cfas-mai23-mduhaime-23-e1700668805807-768x474.jpg 768w, https:\/\/www.uqac.ca\/uqactualites\/wp-content\/uploads\/2023\/11\/cfas-mai23-mduhaime-23-e1700668805807-1536x948.jpg 1536w, https:\/\/www.uqac.ca\/uqactualites\/wp-content\/uploads\/2023\/11\/cfas-mai23-mduhaime-23-e1700668805807-150x93.jpg 150w, https:\/\/www.uqac.ca\/uqactualites\/wp-content\/uploads\/2023\/11\/cfas-mai23-mduhaime-23-e1700668805807-696x430.jpg 696w, https:\/\/www.uqac.ca\/uqactualites\/wp-content\/uploads\/2023\/11\/cfas-mai23-mduhaime-23-e1700668805807-1068x659.jpg 1068w, https:\/\/www.uqac.ca\/uqactualites\/wp-content\/uploads\/2023\/11\/cfas-mai23-mduhaime-23-e1700668805807.jpg 1800w\" sizes=\"(max-width: 450px) 100vw, 450px\" \/><\/p>\n<ul>\n<li><strong>2e prix de 2 500,00$<\/strong> &#8211; Val\u00e9rie Savard et Lisa-Ann Girard pour Les Espaces de L\u2019Hybride<\/li>\n<\/ul>\n<p><img loading=\"lazy\" decoding=\"async\" class=\"alignnone wp-image-45328\" src=\"https:\/\/www.uqac.ca\/uqactualites\/wp-content\/uploads\/2023\/11\/348690669_3085463011757083_5416197633734970573_n-1-300x200.jpg\" alt=\"\" width=\"450\" height=\"300\" srcset=\"https:\/\/www.uqac.ca\/uqactualites\/wp-content\/uploads\/2023\/11\/348690669_3085463011757083_5416197633734970573_n-1-300x200.jpg 300w, https:\/\/www.uqac.ca\/uqactualites\/wp-content\/uploads\/2023\/11\/348690669_3085463011757083_5416197633734970573_n-1-1024x683.jpg 1024w, https:\/\/www.uqac.ca\/uqactualites\/wp-content\/uploads\/2023\/11\/348690669_3085463011757083_5416197633734970573_n-1-768x512.jpg 768w, https:\/\/www.uqac.ca\/uqactualites\/wp-content\/uploads\/2023\/11\/348690669_3085463011757083_5416197633734970573_n-1-1536x1024.jpg 1536w, https:\/\/www.uqac.ca\/uqactualites\/wp-content\/uploads\/2023\/11\/348690669_3085463011757083_5416197633734970573_n-1-150x100.jpg 150w, https:\/\/www.uqac.ca\/uqactualites\/wp-content\/uploads\/2023\/11\/348690669_3085463011757083_5416197633734970573_n-1-696x464.jpg 696w, https:\/\/www.uqac.ca\/uqactualites\/wp-content\/uploads\/2023\/11\/348690669_3085463011757083_5416197633734970573_n-1-1068x712.jpg 1068w, https:\/\/www.uqac.ca\/uqactualites\/wp-content\/uploads\/2023\/11\/348690669_3085463011757083_5416197633734970573_n-1.jpg 1800w\" sizes=\"(max-width: 450px) 100vw, 450px\" \/><\/p>\n<ul>\n<li><strong>3e prix de 1 500,00$<\/strong> &#8211; Ericka Dufour pour Vert Tige<\/li>\n<\/ul>\n<p><img loading=\"lazy\" decoding=\"async\" class=\"alignnone wp-image-45334\" src=\"https:\/\/www.uqac.ca\/uqactualites\/wp-content\/uploads\/2023\/11\/cfas-mai23-mduhaime-20-e1700670504436-300x185.jpg\" alt=\"\" width=\"450\" height=\"277\" srcset=\"https:\/\/www.uqac.ca\/uqactualites\/wp-content\/uploads\/2023\/11\/cfas-mai23-mduhaime-20-e1700670504436-300x185.jpg 300w, https:\/\/www.uqac.ca\/uqactualites\/wp-content\/uploads\/2023\/11\/cfas-mai23-mduhaime-20-e1700670504436-1024x631.jpg 1024w, https:\/\/www.uqac.ca\/uqactualites\/wp-content\/uploads\/2023\/11\/cfas-mai23-mduhaime-20-e1700670504436-768x473.jpg 768w, https:\/\/www.uqac.ca\/uqactualites\/wp-content\/uploads\/2023\/11\/cfas-mai23-mduhaime-20-e1700670504436-1536x947.jpg 1536w, https:\/\/www.uqac.ca\/uqactualites\/wp-content\/uploads\/2023\/11\/cfas-mai23-mduhaime-20-e1700670504436-150x92.jpg 150w, https:\/\/www.uqac.ca\/uqactualites\/wp-content\/uploads\/2023\/11\/cfas-mai23-mduhaime-20-e1700670504436-696x429.jpg 696w, https:\/\/www.uqac.ca\/uqactualites\/wp-content\/uploads\/2023\/11\/cfas-mai23-mduhaime-20-e1700670504436-1068x658.jpg 1068w, https:\/\/www.uqac.ca\/uqactualites\/wp-content\/uploads\/2023\/11\/cfas-mai23-mduhaime-20-e1700670504436.jpg 1759w\" sizes=\"(max-width: 450px) 100vw, 450px\" \/><\/p>\n<p>F\u00e9licitations aux r\u00e9cipiendaires!<\/p>\n<p>L&rsquo;\u00e9dition 2024 du concours Innover au f\u00e9minin aura lieu le <strong>18 avril prochain \u00e0 l\u2019UQAC<\/strong>.<\/p>\n","protected":false},"excerpt":{"rendered":"<p>La premi\u00e8re \u00e9dition du concours Innover au f\u00e9minin organis\u00e9e par la Corporation des femmes d\u2019affaires du Saguenay en partenariat avec l\u2019Universit\u00e9 du Qu\u00e9bec \u00e0 Chicoutimi a eu lieu le 18 mai 2023. Ce concours vise \u00e0 r\u00e9compenser et soutenir financi\u00e8rement les initiatives entrepreneuriales cr\u00e9atives et innovantes men\u00e9es par les membres de la Corporation des femmes [&hellip;]<\/p>\n","protected":false},"author":5,"featured_media":45311,"comment_status":"open","ping_status":"open","sticky":false,"template":"","format":"standard","meta":{"footnotes":""},"categories":[2],"tags":[67,8,2808],"yoast_head":"<!-- This site is optimized with the Yoast SEO plugin v24.2 - https:\/\/yoast.com\/wordpress\/plugins\/seo\/ -->\r\n<title>Innover au f\u00e9minin: un concours pour r\u00e9compenser les innovations entrepreneuriales de femmes d\u2019affaires - UQACtualit\u00e9s<\/title>\r\n<meta name=\"description\" content=\"La 1\u00e8re \u00e9dition du concours Innover au f\u00e9minin en partenariat avec l\u2019Universit\u00e9 du Qu\u00e9bec \u00e0 Chicoutimi a eu lieu le 18 mai 2023.\" \/>\r\n<meta name=\"robots\" content=\"index, follow, max-snippet:-1, max-image-preview:large, max-video-preview:-1\" \/>\r\n<link rel=\"canonical\" href=\"https:\/\/www.uqac.ca\/uqactualites\/2023\/11\/22\/un-concours-pour-recompenser-les-innovations-entrepreneuriales-de-femmes-daffaire-du-saguenay\/\" \/>\r\n<meta property=\"og:locale\" content=\"fr_CA\" \/>\r\n<meta property=\"og:type\" content=\"article\" \/>\r\n<meta property=\"og:title\" content=\"Innover au f\u00e9minin: un concours pour r\u00e9compenser les innovations entrepreneuriales de femmes d\u2019affaires - UQACtualit\u00e9s\" \/>\r\n<meta property=\"og:description\" content=\"La 1\u00e8re \u00e9dition du concours Innover au f\u00e9minin en partenariat avec l\u2019Universit\u00e9 du Qu\u00e9bec \u00e0 Chicoutimi a eu lieu le 18 mai 2023.\" \/>\r\n<meta property=\"og:url\" content=\"https:\/\/www.uqac.ca\/uqactualites\/2023\/11\/22\/un-concours-pour-recompenser-les-innovations-entrepreneuriales-de-femmes-daffaire-du-saguenay\/\" \/>\r\n<meta property=\"og:site_name\" content=\"UQACtualit\u00e9s\" \/>\r\n<meta property=\"article:published_time\" content=\"2023-11-22T16:01:50+00:00\" \/>\r\n<meta property=\"article:modified_time\" content=\"2024-07-31T13:27:10+00:00\" \/>\r\n<meta property=\"og:image\" content=\"https:\/\/www.uqac.ca\/uqactualites\/wp-content\/uploads\/2023\/11\/cfas-mai23-mduhaime-23-e1700668805807.jpg\" \/>\r\n\t<meta property=\"og:image:width\" content=\"1800\" \/>\r\n\t<meta property=\"og:image:height\" content=\"1111\" \/>\r\n\t<meta property=\"og:image:type\" content=\"image\/jpeg\" \/>\r\n<meta name=\"author\" content=\"Service des communications et des relations publiques\" \/>\r\n<meta name=\"twitter:card\" content=\"summary_large_image\" \/>\r\n<meta name=\"twitter:label1\" content=\"\u00c9crit par\" \/>\n\t<meta name=\"twitter:data1\" content=\"Service des communications et des relations publiques\" \/>\n\t<meta name=\"twitter:label2\" content=\"Estimation du temps de lecture\" \/>\n\t<meta name=\"twitter:data2\" content=\"2 minutes\" \/>\r\n<script type=\"application\/ld+json\" class=\"yoast-schema-graph\">{\"@context\":\"https:\/\/schema.org\",\"@graph\":[{\"@type\":\"WebPage\",\"@id\":\"https:\/\/www.uqac.ca\/uqactualites\/2023\/11\/22\/un-concours-pour-recompenser-les-innovations-entrepreneuriales-de-femmes-daffaire-du-saguenay\/\",\"url\":\"https:\/\/www.uqac.ca\/uqactualites\/2023\/11\/22\/un-concours-pour-recompenser-les-innovations-entrepreneuriales-de-femmes-daffaire-du-saguenay\/\",\"name\":\"Innover au f\u00e9minin: un concours pour r\u00e9compenser les innovations entrepreneuriales de femmes d\u2019affaires - UQACtualit\u00e9s\",\"isPartOf\":{\"@id\":\"https:\/\/www.uqac.ca\/uqactualites\/#website\"},\"primaryImageOfPage\":{\"@id\":\"https:\/\/www.uqac.ca\/uqactualites\/2023\/11\/22\/un-concours-pour-recompenser-les-innovations-entrepreneuriales-de-femmes-daffaire-du-saguenay\/#primaryimage\"},\"image\":{\"@id\":\"https:\/\/www.uqac.ca\/uqactualites\/2023\/11\/22\/un-concours-pour-recompenser-les-innovations-entrepreneuriales-de-femmes-daffaire-du-saguenay\/#primaryimage\"},\"thumbnailUrl\":\"https:\/\/www.uqac.ca\/uqactualites\/wp-content\/uploads\/2023\/11\/cfas-mai23-mduhaime-23-e1700668805807.jpg\",\"datePublished\":\"2023-11-22T16:01:50+00:00\",\"dateModified\":\"2024-07-31T13:27:10+00:00\",\"author\":{\"@id\":\"https:\/\/www.uqac.ca\/uqactualites\/#\/schema\/person\/366c45a0c4f0e677b41b4af5886e2018\"},\"description\":\"La 1\u00e8re \u00e9dition du concours Innover au f\u00e9minin en partenariat avec l\u2019Universit\u00e9 du Qu\u00e9bec \u00e0 Chicoutimi a eu lieu le 18 mai 2023.\",\"breadcrumb\":{\"@id\":\"https:\/\/www.uqac.ca\/uqactualites\/2023\/11\/22\/un-concours-pour-recompenser-les-innovations-entrepreneuriales-de-femmes-daffaire-du-saguenay\/#breadcrumb\"},\"inLanguage\":\"fr-CA\",\"potentialAction\":[{\"@type\":\"ReadAction\",\"target\":[\"https:\/\/www.uqac.ca\/uqactualites\/2023\/11\/22\/un-concours-pour-recompenser-les-innovations-entrepreneuriales-de-femmes-daffaire-du-saguenay\/\"]}]},{\"@type\":\"ImageObject\",\"inLanguage\":\"fr-CA\",\"@id\":\"https:\/\/www.uqac.ca\/uqactualites\/2023\/11\/22\/un-concours-pour-recompenser-les-innovations-entrepreneuriales-de-femmes-daffaire-du-saguenay\/#primaryimage\",\"url\":\"https:\/\/www.uqac.ca\/uqactualites\/wp-content\/uploads\/2023\/11\/cfas-mai23-mduhaime-23-e1700668805807.jpg\",\"contentUrl\":\"https:\/\/www.uqac.ca\/uqactualites\/wp-content\/uploads\/2023\/11\/cfas-mai23-mduhaime-23-e1700668805807.jpg\",\"width\":1800,\"height\":1111,\"caption\":\"Innover au f\u00e9minin\"},{\"@type\":\"BreadcrumbList\",\"@id\":\"https:\/\/www.uqac.ca\/uqactualites\/2023\/11\/22\/un-concours-pour-recompenser-les-innovations-entrepreneuriales-de-femmes-daffaire-du-saguenay\/#breadcrumb\",\"itemListElement\":[{\"@type\":\"ListItem\",\"position\":1,\"name\":\"Home\",\"item\":\"https:\/\/www.uqac.ca\/uqactualites\/\"},{\"@type\":\"ListItem\",\"position\":2,\"name\":\"Innover au f\u00e9minin: un concours pour r\u00e9compenser les innovations entrepreneuriales de femmes d\u2019affaires\"}]},{\"@type\":\"WebSite\",\"@id\":\"https:\/\/www.uqac.ca\/uqactualites\/#website\",\"url\":\"https:\/\/www.uqac.ca\/uqactualites\/\",\"name\":\"UQACtualit\u00e9s\",\"description\":\"Le portail des nouvelles de l&#039;UQAC\",\"potentialAction\":[{\"@type\":\"SearchAction\",\"target\":{\"@type\":\"EntryPoint\",\"urlTemplate\":\"https:\/\/www.uqac.ca\/uqactualites\/?s={search_term_string}\"},\"query-input\":{\"@type\":\"PropertyValueSpecification\",\"valueRequired\":true,\"valueName\":\"search_term_string\"}}],\"inLanguage\":\"fr-CA\"},{\"@type\":\"Person\",\"@id\":\"https:\/\/www.uqac.ca\/uqactualites\/#\/schema\/person\/366c45a0c4f0e677b41b4af5886e2018\",\"name\":\"Service des communications et des relations publiques\",\"image\":{\"@type\":\"ImageObject\",\"inLanguage\":\"fr-CA\",\"@id\":\"https:\/\/www.uqac.ca\/uqactualites\/#\/schema\/person\/image\/\",\"url\":\"https:\/\/secure.gravatar.com\/avatar\/20fbbda8a292f59f2d3461a5b999c00b?s=96&d=mm&r=g\",\"contentUrl\":\"https:\/\/secure.gravatar.com\/avatar\/20fbbda8a292f59f2d3461a5b999c00b?s=96&d=mm&r=g\",\"caption\":\"Service des communications et des relations publiques\"},\"url\":\"https:\/\/www.uqac.ca\/uqactualites\/author\/bap\/\"}]}<\/script>\r\n<!-- \/ Yoast SEO plugin. -->","yoast_head_json":{"title":"Innover au f\u00e9minin: un concours pour r\u00e9compenser les innovations entrepreneuriales de femmes d\u2019affaires - UQACtualit\u00e9s","description":"La 1\u00e8re \u00e9dition du concours Innover au f\u00e9minin en partenariat avec l\u2019Universit\u00e9 du Qu\u00e9bec \u00e0 Chicoutimi a eu lieu le 18 mai 2023.","robots":{"index":"index","follow":"follow","max-snippet":"max-snippet:-1","max-image-preview":"max-image-preview:large","max-video-preview":"max-video-preview:-1"},"canonical":"https:\/\/www.uqac.ca\/uqactualites\/2023\/11\/22\/un-concours-pour-recompenser-les-innovations-entrepreneuriales-de-femmes-daffaire-du-saguenay\/","og_locale":"fr_CA","og_type":"article","og_title":"Innover au f\u00e9minin: un concours pour r\u00e9compenser les innovations entrepreneuriales de femmes d\u2019affaires - UQACtualit\u00e9s","og_description":"La 1\u00e8re \u00e9dition du concours Innover au f\u00e9minin en partenariat avec l\u2019Universit\u00e9 du Qu\u00e9bec \u00e0 Chicoutimi a eu lieu le 18 mai 2023.","og_url":"https:\/\/www.uqac.ca\/uqactualites\/2023\/11\/22\/un-concours-pour-recompenser-les-innovations-entrepreneuriales-de-femmes-daffaire-du-saguenay\/","og_site_name":"UQACtualit\u00e9s","article_published_time":"2023-11-22T16:01:50+00:00","article_modified_time":"2024-07-31T13:27:10+00:00","og_image":[{"width":1800,"height":1111,"url":"https:\/\/www.uqac.ca\/uqactualites\/wp-content\/uploads\/2023\/11\/cfas-mai23-mduhaime-23-e1700668805807.jpg","type":"image\/jpeg"}],"author":"Service des communications et des relations publiques","twitter_card":"summary_large_image","twitter_misc":{"\u00c9crit par":"Service des communications et des relations publiques","Estimation du temps de lecture":"2 minutes"},"schema":{"@context":"https:\/\/schema.org","@graph":[{"@type":"WebPage","@id":"https:\/\/www.uqac.ca\/uqactualites\/2023\/11\/22\/un-concours-pour-recompenser-les-innovations-entrepreneuriales-de-femmes-daffaire-du-saguenay\/","url":"https:\/\/www.uqac.ca\/uqactualites\/2023\/11\/22\/un-concours-pour-recompenser-les-innovations-entrepreneuriales-de-femmes-daffaire-du-saguenay\/","name":"Innover au f\u00e9minin: un concours pour r\u00e9compenser les innovations entrepreneuriales de femmes d\u2019affaires - UQACtualit\u00e9s","isPartOf":{"@id":"https:\/\/www.uqac.ca\/uqactualites\/#website"},"primaryImageOfPage":{"@id":"https:\/\/www.uqac.ca\/uqactualites\/2023\/11\/22\/un-concours-pour-recompenser-les-innovations-entrepreneuriales-de-femmes-daffaire-du-saguenay\/#primaryimage"},"image":{"@id":"https:\/\/www.uqac.ca\/uqactualites\/2023\/11\/22\/un-concours-pour-recompenser-les-innovations-entrepreneuriales-de-femmes-daffaire-du-saguenay\/#primaryimage"},"thumbnailUrl":"https:\/\/www.uqac.ca\/uqactualites\/wp-content\/uploads\/2023\/11\/cfas-mai23-mduhaime-23-e1700668805807.jpg","datePublished":"2023-11-22T16:01:50+00:00","dateModified":"2024-07-31T13:27:10+00:00","author":{"@id":"https:\/\/www.uqac.ca\/uqactualites\/#\/schema\/person\/366c45a0c4f0e677b41b4af5886e2018"},"description":"La 1\u00e8re \u00e9dition du concours Innover au f\u00e9minin en partenariat avec l\u2019Universit\u00e9 du Qu\u00e9bec \u00e0 Chicoutimi a eu lieu le 18 mai 2023.","breadcrumb":{"@id":"https:\/\/www.uqac.ca\/uqactualites\/2023\/11\/22\/un-concours-pour-recompenser-les-innovations-entrepreneuriales-de-femmes-daffaire-du-saguenay\/#breadcrumb"},"inLanguage":"fr-CA","potentialAction":[{"@type":"ReadAction","target":["https:\/\/www.uqac.ca\/uqactualites\/2023\/11\/22\/un-concours-pour-recompenser-les-innovations-entrepreneuriales-de-femmes-daffaire-du-saguenay\/"]}]},{"@type":"ImageObject","inLanguage":"fr-CA","@id":"https:\/\/www.uqac.ca\/uqactualites\/2023\/11\/22\/un-concours-pour-recompenser-les-innovations-entrepreneuriales-de-femmes-daffaire-du-saguenay\/#primaryimage","url":"https:\/\/www.uqac.ca\/uqactualites\/wp-content\/uploads\/2023\/11\/cfas-mai23-mduhaime-23-e1700668805807.jpg","contentUrl":"https:\/\/www.uqac.ca\/uqactualites\/wp-content\/uploads\/2023\/11\/cfas-mai23-mduhaime-23-e1700668805807.jpg","width":1800,"height":1111,"caption":"Innover au f\u00e9minin"},{"@type":"BreadcrumbList","@id":"https:\/\/www.uqac.ca\/uqactualites\/2023\/11\/22\/un-concours-pour-recompenser-les-innovations-entrepreneuriales-de-femmes-daffaire-du-saguenay\/#breadcrumb","itemListElement":[{"@type":"ListItem","position":1,"name":"Home","item":"https:\/\/www.uqac.ca\/uqactualites\/"},{"@type":"ListItem","position":2,"name":"Innover au f\u00e9minin: un concours pour r\u00e9compenser les innovations entrepreneuriales de femmes d\u2019affaires"}]},{"@type":"WebSite","@id":"https:\/\/www.uqac.ca\/uqactualites\/#website","url":"https:\/\/www.uqac.ca\/uqactualites\/","name":"UQACtualit\u00e9s","description":"Le portail des nouvelles de l&#039;UQAC","potentialAction":[{"@type":"SearchAction","target":{"@type":"EntryPoint","urlTemplate":"https:\/\/www.uqac.ca\/uqactualites\/?s={search_term_string}"},"query-input":{"@type":"PropertyValueSpecification","valueRequired":true,"valueName":"search_term_string"}}],"inLanguage":"fr-CA"},{"@type":"Person","@id":"https:\/\/www.uqac.ca\/uqactualites\/#\/schema\/person\/366c45a0c4f0e677b41b4af5886e2018","name":"Service des communications et des relations publiques","image":{"@type":"ImageObject","inLanguage":"fr-CA","@id":"https:\/\/www.uqac.ca\/uqactualites\/#\/schema\/person\/image\/","url":"https:\/\/secure.gravatar.com\/avatar\/20fbbda8a292f59f2d3461a5b999c00b?s=96&d=mm&r=g","contentUrl":"https:\/\/secure.gravatar.com\/avatar\/20fbbda8a292f59f2d3461a5b999c00b?s=96&d=mm&r=g","caption":"Service des communications et des relations publiques"},"url":"https:\/\/www.uqac.ca\/uqactualites\/author\/bap\/"}]}},"_links":{"self":[{"href":"https:\/\/www.uqac.ca\/uqactualites\/wp-json\/wp\/v2\/posts\/45308"}],"collection":[{"href":"https:\/\/www.uqac.ca\/uqactualites\/wp-json\/wp\/v2\/posts"}],"about":[{"href":"https:\/\/www.uqac.ca\/uqactualites\/wp-json\/wp\/v2\/types\/post"}],"author":[{"embeddable":true,"href":"https:\/\/www.uqac.ca\/uqactualites\/wp-json\/wp\/v2\/users\/5"}],"replies":[{"embeddable":true,"href":"https:\/\/www.uqac.ca\/uqactualites\/wp-json\/wp\/v2\/comments?post=45308"}],"version-history":[{"count":28,"href":"https:\/\/www.uqac.ca\/uqactualites\/wp-json\/wp\/v2\/posts\/45308\/revisions"}],"predecessor-version":[{"id":48203,"href":"https:\/\/www.uqac.ca\/uqactualites\/wp-json\/wp\/v2\/posts\/45308\/revisions\/48203"}],"wp:featuredmedia":[{"embeddable":true,"href":"https:\/\/www.uqac.ca\/uqactualites\/wp-json\/wp\/v2\/media\/45311"}],"wp:attachment":[{"href":"https:\/\/www.uqac.ca\/uqactualites\/wp-json\/wp\/v2\/media?parent=45308"}],"wp:term":[{"taxonomy":"category","embeddable":true,"href":"https:\/\/www.uqac.ca\/uqactualites\/wp-json\/wp\/v2\/categories?post=45308"},{"taxonomy":"post_tag","embeddable":true,"href":"https:\/\/www.uqac.ca\/uqactualites\/wp-json\/wp\/v2\/tags?post=45308"}],"curies":[{"name":"wp","href":"https:\/\/api.w.org\/{rel}","templated":true}]}}