{"id":45402,"date":"2023-11-30T10:08:07","date_gmt":"2023-11-30T15:08:07","guid":{"rendered":"https:\/\/www.uqac.ca\/uqactualites\/?p=45402"},"modified":"2024-07-31T09:04:34","modified_gmt":"2024-07-31T13:04:34","slug":"les-etudiantes-et-etudiants-en-sciences-infirmieres-de-luqac-performent-a-lexamen-professionnel-de-loiiq","status":"publish","type":"post","link":"https:\/\/www.uqac.ca\/uqactualites\/2023\/11\/30\/les-etudiantes-et-etudiants-en-sciences-infirmieres-de-luqac-performent-a-lexamen-professionnel-de-loiiq\/","title":{"rendered":"Les \u00e9tudiantes et \u00e9tudiants en sciences infirmi\u00e8res de l&rsquo;UQAC performent \u00e0 l&rsquo;examen professionnel de l&rsquo;OIIQ."},"content":{"rendered":"<p>Les \u00e9tudiantes et \u00e9tudiants des programmes de premier cycle en sciences infirmi\u00e8res de l\u2019UQAC ont livr\u00e9 une performance exceptionnelle \u00e0 l\u2019examen professionnel de l\u2019<a href=\"https:\/\/www.oiiq.org\/\" target=\"_blank\" rel=\"noopener\">Ordre des infirmi\u00e8res et infirmiers du Qu\u00e9bec (OIIQ)<\/a>. En effet, la d\u00e9l\u00e9gation de l\u2019UQAC a obtenu un taux de r\u00e9ussite de 92,3%, l&rsquo;un des meilleurs de cette ann\u00e9e parmi toutes les institutions d&rsquo;enseignement du Qu\u00e9bec.<\/p>\n<p>L\u2019examen professionnel de l\u2019OIIQ a pour but de d\u00e9terminer si l\u2019\u00e9tudiante ou l&rsquo;\u00e9tudiant est apte \u00e0 exercer la profession infirmi\u00e8re. Il \u00e9value notamment l\u2019int\u00e9gration et l\u2019application de connaissances et d\u2019habilit\u00e9s \u00e0 travers plusieurs mises en situation cliniques et questions th\u00e9oriques. La r\u00e9ussite de cet examen est obligatoire pour les personnes qui ont achev\u00e9 leur programme d\u2019\u00e9tude en soins infirmiers et qui s\u2019appr\u00eatent \u00e0 entrer dans cette profession.<\/p>\n<p>L\u2019UQAC tient \u00e0 f\u00e9liciter les \u00e9tudiantes et \u00e9tudiants pour cet exploit, mais aussi le corps professoral ainsi que les charg\u00e9es et charg\u00e9s de cours du <a href=\"https:\/\/www.uqac.ca\/dss\/\" target=\"_blank\" rel=\"noopener\">D\u00e9partement des sciences de la sant\u00e9<\/a>, qui contribuent \u00e0 maintenir l\u2019excellence de la formation en sciences infirmi\u00e8res au sein de notre institution.<\/p>\n","protected":false},"excerpt":{"rendered":"<p>Les \u00e9tudiantes et \u00e9tudiants des programmes de premier cycle en sciences infirmi\u00e8res de l\u2019UQAC ont livr\u00e9 une performance exceptionnelle \u00e0 l\u2019examen professionnel de l\u2019Ordre des infirmi\u00e8res et infirmiers du Qu\u00e9bec (OIIQ). En effet, la d\u00e9l\u00e9gation de l\u2019UQAC a obtenu un taux de r\u00e9ussite de 92,3%, l&rsquo;un des meilleurs de cette ann\u00e9e parmi toutes les institutions [&hellip;]<\/p>\n","protected":false},"author":5,"featured_media":45406,"comment_status":"open","ping_status":"open","sticky":false,"template":"","format":"standard","meta":{"footnotes":""},"categories":[2795,2],"tags":[23,556,2135],"yoast_head":"<!-- This site is optimized with the Yoast SEO plugin v24.2 - https:\/\/yoast.com\/wordpress\/plugins\/seo\/ -->\r\n<title>Les \u00e9tudiantes et \u00e9tudiants en sciences infirmi\u00e8res de l&#039;UQAC performent \u00e0 l&#039;examen professionnel de l&#039;OIIQ. - UQACtualit\u00e9s<\/title>\r\n<meta name=\"description\" content=\"Les \u00e9tudiant(e)s en sciences infirmi\u00e8res de l\u2019UQAC ont livr\u00e9 une performance exceptionnelle \u00e0 l\u2019examen professionnel de l\u2019OIIQ.\" \/>\r\n<meta name=\"robots\" content=\"index, follow, max-snippet:-1, max-image-preview:large, max-video-preview:-1\" \/>\r\n<link rel=\"canonical\" href=\"https:\/\/www.uqac.ca\/uqactualites\/2023\/11\/30\/les-etudiantes-et-etudiants-en-sciences-infirmieres-de-luqac-performent-a-lexamen-professionnel-de-loiiq\/\" \/>\r\n<meta property=\"og:locale\" content=\"fr_CA\" \/>\r\n<meta property=\"og:type\" content=\"article\" \/>\r\n<meta property=\"og:title\" content=\"Les \u00e9tudiantes et \u00e9tudiants en sciences infirmi\u00e8res de l&#039;UQAC performent \u00e0 l&#039;examen professionnel de l&#039;OIIQ. - UQACtualit\u00e9s\" \/>\r\n<meta property=\"og:description\" content=\"Les \u00e9tudiant(e)s en sciences infirmi\u00e8res de l\u2019UQAC ont livr\u00e9 une performance exceptionnelle \u00e0 l\u2019examen professionnel de l\u2019OIIQ.\" \/>\r\n<meta property=\"og:url\" content=\"https:\/\/www.uqac.ca\/uqactualites\/2023\/11\/30\/les-etudiantes-et-etudiants-en-sciences-infirmieres-de-luqac-performent-a-lexamen-professionnel-de-loiiq\/\" \/>\r\n<meta property=\"og:site_name\" content=\"UQACtualit\u00e9s\" \/>\r\n<meta property=\"article:published_time\" content=\"2023-11-30T15:08:07+00:00\" \/>\r\n<meta property=\"article:modified_time\" content=\"2024-07-31T13:04:34+00:00\" \/>\r\n<meta property=\"og:image\" content=\"https:\/\/www.uqac.ca\/uqactualites\/wp-content\/uploads\/2023\/11\/NUM_BaccScInfirmExercice7IlesH23_Uqctualite1920X1080.jpg\" \/>\r\n\t<meta property=\"og:image:width\" content=\"1920\" \/>\r\n\t<meta property=\"og:image:height\" content=\"1080\" \/>\r\n\t<meta property=\"og:image:type\" content=\"image\/jpeg\" \/>\r\n<meta name=\"author\" content=\"Service des communications et des relations publiques\" \/>\r\n<meta name=\"twitter:card\" content=\"summary_large_image\" \/>\r\n<meta name=\"twitter:label1\" content=\"\u00c9crit par\" \/>\n\t<meta name=\"twitter:data1\" content=\"Service des communications et des relations publiques\" \/>\n\t<meta name=\"twitter:label2\" content=\"Estimation du temps de lecture\" \/>\n\t<meta name=\"twitter:data2\" content=\"2 minutes\" \/>\r\n<script type=\"application\/ld+json\" class=\"yoast-schema-graph\">{\"@context\":\"https:\/\/schema.org\",\"@graph\":[{\"@type\":\"WebPage\",\"@id\":\"https:\/\/www.uqac.ca\/uqactualites\/2023\/11\/30\/les-etudiantes-et-etudiants-en-sciences-infirmieres-de-luqac-performent-a-lexamen-professionnel-de-loiiq\/\",\"url\":\"https:\/\/www.uqac.ca\/uqactualites\/2023\/11\/30\/les-etudiantes-et-etudiants-en-sciences-infirmieres-de-luqac-performent-a-lexamen-professionnel-de-loiiq\/\",\"name\":\"Les \u00e9tudiantes et \u00e9tudiants en sciences infirmi\u00e8res de l'UQAC performent \u00e0 l'examen professionnel de l'OIIQ. - UQACtualit\u00e9s\",\"isPartOf\":{\"@id\":\"https:\/\/www.uqac.ca\/uqactualites\/#website\"},\"primaryImageOfPage\":{\"@id\":\"https:\/\/www.uqac.ca\/uqactualites\/2023\/11\/30\/les-etudiantes-et-etudiants-en-sciences-infirmieres-de-luqac-performent-a-lexamen-professionnel-de-loiiq\/#primaryimage\"},\"image\":{\"@id\":\"https:\/\/www.uqac.ca\/uqactualites\/2023\/11\/30\/les-etudiantes-et-etudiants-en-sciences-infirmieres-de-luqac-performent-a-lexamen-professionnel-de-loiiq\/#primaryimage\"},\"thumbnailUrl\":\"https:\/\/www.uqac.ca\/uqactualites\/wp-content\/uploads\/2023\/11\/NUM_BaccScInfirmExercice7IlesH23_Uqctualite1920X1080.jpg\",\"datePublished\":\"2023-11-30T15:08:07+00:00\",\"dateModified\":\"2024-07-31T13:04:34+00:00\",\"author\":{\"@id\":\"https:\/\/www.uqac.ca\/uqactualites\/#\/schema\/person\/366c45a0c4f0e677b41b4af5886e2018\"},\"description\":\"Les \u00e9tudiant(e)s en sciences infirmi\u00e8res de l\u2019UQAC ont livr\u00e9 une performance exceptionnelle \u00e0 l\u2019examen professionnel de l\u2019OIIQ.\",\"breadcrumb\":{\"@id\":\"https:\/\/www.uqac.ca\/uqactualites\/2023\/11\/30\/les-etudiantes-et-etudiants-en-sciences-infirmieres-de-luqac-performent-a-lexamen-professionnel-de-loiiq\/#breadcrumb\"},\"inLanguage\":\"fr-CA\",\"potentialAction\":[{\"@type\":\"ReadAction\",\"target\":[\"https:\/\/www.uqac.ca\/uqactualites\/2023\/11\/30\/les-etudiantes-et-etudiants-en-sciences-infirmieres-de-luqac-performent-a-lexamen-professionnel-de-loiiq\/\"]}]},{\"@type\":\"ImageObject\",\"inLanguage\":\"fr-CA\",\"@id\":\"https:\/\/www.uqac.ca\/uqactualites\/2023\/11\/30\/les-etudiantes-et-etudiants-en-sciences-infirmieres-de-luqac-performent-a-lexamen-professionnel-de-loiiq\/#primaryimage\",\"url\":\"https:\/\/www.uqac.ca\/uqactualites\/wp-content\/uploads\/2023\/11\/NUM_BaccScInfirmExercice7IlesH23_Uqctualite1920X1080.jpg\",\"contentUrl\":\"https:\/\/www.uqac.ca\/uqactualites\/wp-content\/uploads\/2023\/11\/NUM_BaccScInfirmExercice7IlesH23_Uqctualite1920X1080.jpg\",\"width\":1920,\"height\":1080,\"caption\":\"OIIQ examen professionel\"},{\"@type\":\"BreadcrumbList\",\"@id\":\"https:\/\/www.uqac.ca\/uqactualites\/2023\/11\/30\/les-etudiantes-et-etudiants-en-sciences-infirmieres-de-luqac-performent-a-lexamen-professionnel-de-loiiq\/#breadcrumb\",\"itemListElement\":[{\"@type\":\"ListItem\",\"position\":1,\"name\":\"Home\",\"item\":\"https:\/\/www.uqac.ca\/uqactualites\/\"},{\"@type\":\"ListItem\",\"position\":2,\"name\":\"Les \u00e9tudiantes et \u00e9tudiants en sciences infirmi\u00e8res de l&rsquo;UQAC performent \u00e0 l&rsquo;examen professionnel de l&rsquo;OIIQ.\"}]},{\"@type\":\"WebSite\",\"@id\":\"https:\/\/www.uqac.ca\/uqactualites\/#website\",\"url\":\"https:\/\/www.uqac.ca\/uqactualites\/\",\"name\":\"UQACtualit\u00e9s\",\"description\":\"Le portail des nouvelles de l&#039;UQAC\",\"potentialAction\":[{\"@type\":\"SearchAction\",\"target\":{\"@type\":\"EntryPoint\",\"urlTemplate\":\"https:\/\/www.uqac.ca\/uqactualites\/?s={search_term_string}\"},\"query-input\":{\"@type\":\"PropertyValueSpecification\",\"valueRequired\":true,\"valueName\":\"search_term_string\"}}],\"inLanguage\":\"fr-CA\"},{\"@type\":\"Person\",\"@id\":\"https:\/\/www.uqac.ca\/uqactualites\/#\/schema\/person\/366c45a0c4f0e677b41b4af5886e2018\",\"name\":\"Service des communications et des relations publiques\",\"image\":{\"@type\":\"ImageObject\",\"inLanguage\":\"fr-CA\",\"@id\":\"https:\/\/www.uqac.ca\/uqactualites\/#\/schema\/person\/image\/\",\"url\":\"https:\/\/secure.gravatar.com\/avatar\/20fbbda8a292f59f2d3461a5b999c00b?s=96&d=mm&r=g\",\"contentUrl\":\"https:\/\/secure.gravatar.com\/avatar\/20fbbda8a292f59f2d3461a5b999c00b?s=96&d=mm&r=g\",\"caption\":\"Service des communications et des relations publiques\"},\"url\":\"https:\/\/www.uqac.ca\/uqactualites\/author\/bap\/\"}]}<\/script>\r\n<!-- \/ Yoast SEO plugin. -->","yoast_head_json":{"title":"Les \u00e9tudiantes et \u00e9tudiants en sciences infirmi\u00e8res de l'UQAC performent \u00e0 l'examen professionnel de l'OIIQ. - UQACtualit\u00e9s","description":"Les \u00e9tudiant(e)s en sciences infirmi\u00e8res de l\u2019UQAC ont livr\u00e9 une performance exceptionnelle \u00e0 l\u2019examen professionnel de l\u2019OIIQ.","robots":{"index":"index","follow":"follow","max-snippet":"max-snippet:-1","max-image-preview":"max-image-preview:large","max-video-preview":"max-video-preview:-1"},"canonical":"https:\/\/www.uqac.ca\/uqactualites\/2023\/11\/30\/les-etudiantes-et-etudiants-en-sciences-infirmieres-de-luqac-performent-a-lexamen-professionnel-de-loiiq\/","og_locale":"fr_CA","og_type":"article","og_title":"Les \u00e9tudiantes et \u00e9tudiants en sciences infirmi\u00e8res de l'UQAC performent \u00e0 l'examen professionnel de l'OIIQ. - UQACtualit\u00e9s","og_description":"Les \u00e9tudiant(e)s en sciences infirmi\u00e8res de l\u2019UQAC ont livr\u00e9 une performance exceptionnelle \u00e0 l\u2019examen professionnel de l\u2019OIIQ.","og_url":"https:\/\/www.uqac.ca\/uqactualites\/2023\/11\/30\/les-etudiantes-et-etudiants-en-sciences-infirmieres-de-luqac-performent-a-lexamen-professionnel-de-loiiq\/","og_site_name":"UQACtualit\u00e9s","article_published_time":"2023-11-30T15:08:07+00:00","article_modified_time":"2024-07-31T13:04:34+00:00","og_image":[{"width":1920,"height":1080,"url":"https:\/\/www.uqac.ca\/uqactualites\/wp-content\/uploads\/2023\/11\/NUM_BaccScInfirmExercice7IlesH23_Uqctualite1920X1080.jpg","type":"image\/jpeg"}],"author":"Service des communications et des relations publiques","twitter_card":"summary_large_image","twitter_misc":{"\u00c9crit par":"Service des communications et des relations publiques","Estimation du temps de lecture":"2 minutes"},"schema":{"@context":"https:\/\/schema.org","@graph":[{"@type":"WebPage","@id":"https:\/\/www.uqac.ca\/uqactualites\/2023\/11\/30\/les-etudiantes-et-etudiants-en-sciences-infirmieres-de-luqac-performent-a-lexamen-professionnel-de-loiiq\/","url":"https:\/\/www.uqac.ca\/uqactualites\/2023\/11\/30\/les-etudiantes-et-etudiants-en-sciences-infirmieres-de-luqac-performent-a-lexamen-professionnel-de-loiiq\/","name":"Les \u00e9tudiantes et \u00e9tudiants en sciences infirmi\u00e8res de l'UQAC performent \u00e0 l'examen professionnel de l'OIIQ. - UQACtualit\u00e9s","isPartOf":{"@id":"https:\/\/www.uqac.ca\/uqactualites\/#website"},"primaryImageOfPage":{"@id":"https:\/\/www.uqac.ca\/uqactualites\/2023\/11\/30\/les-etudiantes-et-etudiants-en-sciences-infirmieres-de-luqac-performent-a-lexamen-professionnel-de-loiiq\/#primaryimage"},"image":{"@id":"https:\/\/www.uqac.ca\/uqactualites\/2023\/11\/30\/les-etudiantes-et-etudiants-en-sciences-infirmieres-de-luqac-performent-a-lexamen-professionnel-de-loiiq\/#primaryimage"},"thumbnailUrl":"https:\/\/www.uqac.ca\/uqactualites\/wp-content\/uploads\/2023\/11\/NUM_BaccScInfirmExercice7IlesH23_Uqctualite1920X1080.jpg","datePublished":"2023-11-30T15:08:07+00:00","dateModified":"2024-07-31T13:04:34+00:00","author":{"@id":"https:\/\/www.uqac.ca\/uqactualites\/#\/schema\/person\/366c45a0c4f0e677b41b4af5886e2018"},"description":"Les \u00e9tudiant(e)s en sciences infirmi\u00e8res de l\u2019UQAC ont livr\u00e9 une performance exceptionnelle \u00e0 l\u2019examen professionnel de l\u2019OIIQ.","breadcrumb":{"@id":"https:\/\/www.uqac.ca\/uqactualites\/2023\/11\/30\/les-etudiantes-et-etudiants-en-sciences-infirmieres-de-luqac-performent-a-lexamen-professionnel-de-loiiq\/#breadcrumb"},"inLanguage":"fr-CA","potentialAction":[{"@type":"ReadAction","target":["https:\/\/www.uqac.ca\/uqactualites\/2023\/11\/30\/les-etudiantes-et-etudiants-en-sciences-infirmieres-de-luqac-performent-a-lexamen-professionnel-de-loiiq\/"]}]},{"@type":"ImageObject","inLanguage":"fr-CA","@id":"https:\/\/www.uqac.ca\/uqactualites\/2023\/11\/30\/les-etudiantes-et-etudiants-en-sciences-infirmieres-de-luqac-performent-a-lexamen-professionnel-de-loiiq\/#primaryimage","url":"https:\/\/www.uqac.ca\/uqactualites\/wp-content\/uploads\/2023\/11\/NUM_BaccScInfirmExercice7IlesH23_Uqctualite1920X1080.jpg","contentUrl":"https:\/\/www.uqac.ca\/uqactualites\/wp-content\/uploads\/2023\/11\/NUM_BaccScInfirmExercice7IlesH23_Uqctualite1920X1080.jpg","width":1920,"height":1080,"caption":"OIIQ examen professionel"},{"@type":"BreadcrumbList","@id":"https:\/\/www.uqac.ca\/uqactualites\/2023\/11\/30\/les-etudiantes-et-etudiants-en-sciences-infirmieres-de-luqac-performent-a-lexamen-professionnel-de-loiiq\/#breadcrumb","itemListElement":[{"@type":"ListItem","position":1,"name":"Home","item":"https:\/\/www.uqac.ca\/uqactualites\/"},{"@type":"ListItem","position":2,"name":"Les \u00e9tudiantes et \u00e9tudiants en sciences infirmi\u00e8res de l&rsquo;UQAC performent \u00e0 l&rsquo;examen professionnel de l&rsquo;OIIQ."}]},{"@type":"WebSite","@id":"https:\/\/www.uqac.ca\/uqactualites\/#website","url":"https:\/\/www.uqac.ca\/uqactualites\/","name":"UQACtualit\u00e9s","description":"Le portail des nouvelles de l&#039;UQAC","potentialAction":[{"@type":"SearchAction","target":{"@type":"EntryPoint","urlTemplate":"https:\/\/www.uqac.ca\/uqactualites\/?s={search_term_string}"},"query-input":{"@type":"PropertyValueSpecification","valueRequired":true,"valueName":"search_term_string"}}],"inLanguage":"fr-CA"},{"@type":"Person","@id":"https:\/\/www.uqac.ca\/uqactualites\/#\/schema\/person\/366c45a0c4f0e677b41b4af5886e2018","name":"Service des communications et des relations publiques","image":{"@type":"ImageObject","inLanguage":"fr-CA","@id":"https:\/\/www.uqac.ca\/uqactualites\/#\/schema\/person\/image\/","url":"https:\/\/secure.gravatar.com\/avatar\/20fbbda8a292f59f2d3461a5b999c00b?s=96&d=mm&r=g","contentUrl":"https:\/\/secure.gravatar.com\/avatar\/20fbbda8a292f59f2d3461a5b999c00b?s=96&d=mm&r=g","caption":"Service des communications et des relations publiques"},"url":"https:\/\/www.uqac.ca\/uqactualites\/author\/bap\/"}]}},"_links":{"self":[{"href":"https:\/\/www.uqac.ca\/uqactualites\/wp-json\/wp\/v2\/posts\/45402"}],"collection":[{"href":"https:\/\/www.uqac.ca\/uqactualites\/wp-json\/wp\/v2\/posts"}],"about":[{"href":"https:\/\/www.uqac.ca\/uqactualites\/wp-json\/wp\/v2\/types\/post"}],"author":[{"embeddable":true,"href":"https:\/\/www.uqac.ca\/uqactualites\/wp-json\/wp\/v2\/users\/5"}],"replies":[{"embeddable":true,"href":"https:\/\/www.uqac.ca\/uqactualites\/wp-json\/wp\/v2\/comments?post=45402"}],"version-history":[{"count":13,"href":"https:\/\/www.uqac.ca\/uqactualites\/wp-json\/wp\/v2\/posts\/45402\/revisions"}],"predecessor-version":[{"id":48199,"href":"https:\/\/www.uqac.ca\/uqactualites\/wp-json\/wp\/v2\/posts\/45402\/revisions\/48199"}],"wp:featuredmedia":[{"embeddable":true,"href":"https:\/\/www.uqac.ca\/uqactualites\/wp-json\/wp\/v2\/media\/45406"}],"wp:attachment":[{"href":"https:\/\/www.uqac.ca\/uqactualites\/wp-json\/wp\/v2\/media?parent=45402"}],"wp:term":[{"taxonomy":"category","embeddable":true,"href":"https:\/\/www.uqac.ca\/uqactualites\/wp-json\/wp\/v2\/categories?post=45402"},{"taxonomy":"post_tag","embeddable":true,"href":"https:\/\/www.uqac.ca\/uqactualites\/wp-json\/wp\/v2\/tags?post=45402"}],"curies":[{"name":"wp","href":"https:\/\/api.w.org\/{rel}","templated":true}]}}