{"id":45437,"date":"2023-12-01T11:55:26","date_gmt":"2023-12-01T16:55:26","guid":{"rendered":"https:\/\/www.uqac.ca\/uqactualites\/?p=45437"},"modified":"2025-07-09T13:26:38","modified_gmt":"2025-07-09T17:26:38","slug":"daphne-pare-etudiante-au-baccalaureat-interdisciplinaire-en-art","status":"publish","type":"post","link":"https:\/\/www.uqac.ca\/uqactualites\/2023\/12\/01\/daphne-pare-etudiante-au-baccalaureat-interdisciplinaire-en-art\/","title":{"rendered":"Fa\u00e7onner sa vie \u00e9tudiante id\u00e9ale, l&rsquo;implication de Daphn\u00e9 Par\u00e9"},"content":{"rendered":"<p>Daphn\u00e9 Par\u00e9 en est \u00e0 sa deuxi\u00e8me ann\u00e9e au <a href=\"https:\/\/www.uqac.ca\/programme\/7886-bacc-interdiscipl-en-arts\/\" target=\"_blank\" rel=\"noopener\">baccalaur\u00e9at interdisciplinaire en arts \u2013 option cin\u00e9ma et vid\u00e9o<\/a>. Arriv\u00e9e \u00e0 l\u2019UQAC en 2022, elle \u00e9tait d\u00e9j\u00e0 tr\u00e8s int\u00e9ress\u00e9e par la vie \u00e9tudiante de l\u2019universit\u00e9. Elle a donc commenc\u00e9 \u00e0 s&rsquo;impliquer dans l\u2019<a href=\"https:\/\/www.facebook.com\/AssoArtUQAC?locale=fr_CA\" target=\"_blank\" rel=\"noopener\">Association des \u00e9tudiants et \u00e9tudiantes en arts de l&rsquo;UQAC (AssoArt)<\/a>, o\u00f9 elle y occupe actuellement les r\u00f4les de vice-pr\u00e9sidente et de responsable des affaires p\u00e9dagogiques.<\/p>\n<p>Daphn\u00e9 et deux de ses coll\u00e8gues de l\u2019AssoArt sont \u00e0 l\u2019origine d\u2019un projet tr\u00e8s important pour le volet culturel de la vie \u00e9tudiante de l\u2019UQAC. En effet, elle sont les trois cr\u00e9atrices du <a href=\"https:\/\/www.facebook.com\/profile.php?id=100089790286401&amp;locale=fr_CA\" target=\"_blank\" rel=\"noopener\">Bazart UQAC<\/a>. Cette initiative donne l&rsquo;opportunit\u00e9 aux membres de la communaut\u00e9 \u00e9tudiante de pr\u00e9senter une \u0153uvre, un num\u00e9ro ou une performance artistique dans le cadre d\u2019une soir\u00e9e de d\u00e9couverte de talent ouverte \u00e0 tous. L&rsquo;\u00e9v\u00e9nement a lieu plusieurs fois par trimestre, au centre social.<\/p>\n<p>Passionn\u00e9e par les arts et la cr\u00e9ation, Daphn\u00e9 con\u00e7oit l\u2019implication \u00e9tudiante comme un moyen de fa\u00e7onner un milieu universitaire \u00e0 l\u2019image de sa communaut\u00e9 et de ses ambitions: \u00ab Ce que j\u2019aime de la vie \u00e9tudiante de l\u2019UQAC, c\u2019est qu\u2019elle est mall\u00e9able et \u00e0 notre image! C\u2019est nous, les \u00e9tudiantes et \u00e9tudiantes, qui la forgeons. Notre participation \u00e0 un impact direct sur ce qu\u2019elle est. On veut plus de ci? Moins de cela? On demande, on participe et on concr\u00e9tise notre vision. \u00c7a, c\u2019est une vie \u00e9tudiante qui nous ressemble, et nous rassemble \u00bb.<\/p>\n<p>Le baccalaur\u00e9at interdisciplinaire en arts donne l\u2019occasion \u00e0 l\u2019\u00e9tudiante de se perfectionner dans sa vocation artistique. D&rsquo;ailleurs, ce qui passionne le plus Daphn\u00e9 dans la cr\u00e9ation cin\u00e9matographique, audiovisuelle et th\u00e9\u00e2trale, c\u2019est l\u2019impact positif que l\u2019art peut avoir sur les gens: \u00ab Mes \u0153uvres ont le potentiel de faire r\u00e9fl\u00e9chir, elles peuvent sensibiliser et parfois m\u00eame, faire du bien. J\u2019aime savoir que mon art peut toucher les gens pour le mieux \u00bb.<\/p>\n","protected":false},"excerpt":{"rendered":"<p>Daphn\u00e9 Par\u00e9 en est \u00e0 sa deuxi\u00e8me ann\u00e9e au baccalaur\u00e9at interdisciplinaire en arts \u2013 option cin\u00e9ma et vid\u00e9o. Arriv\u00e9e \u00e0 l\u2019UQAC en 2022, elle \u00e9tait d\u00e9j\u00e0 tr\u00e8s int\u00e9ress\u00e9e par la vie \u00e9tudiante de l\u2019universit\u00e9. Elle a donc commenc\u00e9 \u00e0 s&rsquo;impliquer dans l\u2019Association des \u00e9tudiants et \u00e9tudiantes en arts de l&rsquo;UQAC (AssoArt), o\u00f9 elle y occupe [&hellip;]<\/p>\n","protected":false},"author":5,"featured_media":45439,"comment_status":"open","ping_status":"open","sticky":false,"template":"","format":"standard","meta":{"footnotes":""},"categories":[2844,248],"tags":[509,2811,39,2977,1352],"yoast_head":"<!-- This site is optimized with the Yoast SEO plugin v24.2 - https:\/\/yoast.com\/wordpress\/plugins\/seo\/ -->\r\n<title>Fa\u00e7onner sa vie \u00e9tudiante id\u00e9ale, l&#039;implication de Daphn\u00e9 Par\u00e9 - UQACtualit\u00e9s<\/title>\r\n<meta name=\"description\" content=\"D\u00e8s son entr\u00e9e au baccalaur\u00e9at interdisciplinaire en art en 2022, Daphn\u00e9 Par\u00e9 \u00e9tait d\u00e9j\u00e0 int\u00e9ress\u00e9e par la vie \u00e9tudiante de sont universit\u00e9.\" \/>\r\n<meta name=\"robots\" content=\"index, follow, max-snippet:-1, max-image-preview:large, max-video-preview:-1\" \/>\r\n<link rel=\"canonical\" href=\"https:\/\/www.uqac.ca\/uqactualites\/2023\/12\/01\/daphne-pare-etudiante-au-baccalaureat-interdisciplinaire-en-art\/\" \/>\r\n<meta property=\"og:locale\" content=\"fr_CA\" \/>\r\n<meta property=\"og:type\" content=\"article\" \/>\r\n<meta property=\"og:title\" content=\"Fa\u00e7onner sa vie \u00e9tudiante id\u00e9ale, l&#039;implication de Daphn\u00e9 Par\u00e9 - UQACtualit\u00e9s\" \/>\r\n<meta property=\"og:description\" content=\"D\u00e8s son entr\u00e9e au baccalaur\u00e9at interdisciplinaire en art en 2022, Daphn\u00e9 Par\u00e9 \u00e9tait d\u00e9j\u00e0 int\u00e9ress\u00e9e par la vie \u00e9tudiante de sont universit\u00e9.\" \/>\r\n<meta property=\"og:url\" content=\"https:\/\/www.uqac.ca\/uqactualites\/2023\/12\/01\/daphne-pare-etudiante-au-baccalaureat-interdisciplinaire-en-art\/\" \/>\r\n<meta property=\"og:site_name\" content=\"UQACtualit\u00e9s\" \/>\r\n<meta property=\"article:published_time\" content=\"2023-12-01T16:55:26+00:00\" \/>\r\n<meta property=\"article:modified_time\" content=\"2025-07-09T17:26:38+00:00\" \/>\r\n<meta property=\"og:image\" content=\"https:\/\/www.uqac.ca\/uqactualites\/wp-content\/uploads\/2023\/12\/Daphne-Pare-photo-scaled.jpg\" \/>\r\n\t<meta property=\"og:image:width\" content=\"2560\" \/>\r\n\t<meta property=\"og:image:height\" content=\"2560\" \/>\r\n\t<meta property=\"og:image:type\" content=\"image\/jpeg\" \/>\r\n<meta name=\"author\" content=\"Service des communications et des relations publiques\" \/>\r\n<meta name=\"twitter:card\" content=\"summary_large_image\" \/>\r\n<meta name=\"twitter:label1\" content=\"\u00c9crit par\" \/>\n\t<meta name=\"twitter:data1\" content=\"Service des communications et des relations publiques\" \/>\n\t<meta name=\"twitter:label2\" content=\"Estimation du temps de lecture\" \/>\n\t<meta name=\"twitter:data2\" content=\"2 minutes\" \/>\r\n<script type=\"application\/ld+json\" class=\"yoast-schema-graph\">{\"@context\":\"https:\/\/schema.org\",\"@graph\":[{\"@type\":\"WebPage\",\"@id\":\"https:\/\/www.uqac.ca\/uqactualites\/2023\/12\/01\/daphne-pare-etudiante-au-baccalaureat-interdisciplinaire-en-art\/\",\"url\":\"https:\/\/www.uqac.ca\/uqactualites\/2023\/12\/01\/daphne-pare-etudiante-au-baccalaureat-interdisciplinaire-en-art\/\",\"name\":\"Fa\u00e7onner sa vie \u00e9tudiante id\u00e9ale, l'implication de Daphn\u00e9 Par\u00e9 - UQACtualit\u00e9s\",\"isPartOf\":{\"@id\":\"https:\/\/www.uqac.ca\/uqactualites\/#website\"},\"primaryImageOfPage\":{\"@id\":\"https:\/\/www.uqac.ca\/uqactualites\/2023\/12\/01\/daphne-pare-etudiante-au-baccalaureat-interdisciplinaire-en-art\/#primaryimage\"},\"image\":{\"@id\":\"https:\/\/www.uqac.ca\/uqactualites\/2023\/12\/01\/daphne-pare-etudiante-au-baccalaureat-interdisciplinaire-en-art\/#primaryimage\"},\"thumbnailUrl\":\"https:\/\/www.uqac.ca\/uqactualites\/wp-content\/uploads\/2023\/12\/Daphne-Pare-photo-scaled.jpg\",\"datePublished\":\"2023-12-01T16:55:26+00:00\",\"dateModified\":\"2025-07-09T17:26:38+00:00\",\"author\":{\"@id\":\"https:\/\/www.uqac.ca\/uqactualites\/#\/schema\/person\/366c45a0c4f0e677b41b4af5886e2018\"},\"description\":\"D\u00e8s son entr\u00e9e au baccalaur\u00e9at interdisciplinaire en art en 2022, Daphn\u00e9 Par\u00e9 \u00e9tait d\u00e9j\u00e0 int\u00e9ress\u00e9e par la vie \u00e9tudiante de sont universit\u00e9.\",\"breadcrumb\":{\"@id\":\"https:\/\/www.uqac.ca\/uqactualites\/2023\/12\/01\/daphne-pare-etudiante-au-baccalaureat-interdisciplinaire-en-art\/#breadcrumb\"},\"inLanguage\":\"fr-CA\",\"potentialAction\":[{\"@type\":\"ReadAction\",\"target\":[\"https:\/\/www.uqac.ca\/uqactualites\/2023\/12\/01\/daphne-pare-etudiante-au-baccalaureat-interdisciplinaire-en-art\/\"]}]},{\"@type\":\"ImageObject\",\"inLanguage\":\"fr-CA\",\"@id\":\"https:\/\/www.uqac.ca\/uqactualites\/2023\/12\/01\/daphne-pare-etudiante-au-baccalaureat-interdisciplinaire-en-art\/#primaryimage\",\"url\":\"https:\/\/www.uqac.ca\/uqactualites\/wp-content\/uploads\/2023\/12\/Daphne-Pare-photo-scaled.jpg\",\"contentUrl\":\"https:\/\/www.uqac.ca\/uqactualites\/wp-content\/uploads\/2023\/12\/Daphne-Pare-photo-scaled.jpg\",\"width\":2560,\"height\":2560,\"caption\":\"Daphn\u00e9 Par\u00e9\"},{\"@type\":\"BreadcrumbList\",\"@id\":\"https:\/\/www.uqac.ca\/uqactualites\/2023\/12\/01\/daphne-pare-etudiante-au-baccalaureat-interdisciplinaire-en-art\/#breadcrumb\",\"itemListElement\":[{\"@type\":\"ListItem\",\"position\":1,\"name\":\"Home\",\"item\":\"https:\/\/www.uqac.ca\/uqactualites\/\"},{\"@type\":\"ListItem\",\"position\":2,\"name\":\"Fa\u00e7onner sa vie \u00e9tudiante id\u00e9ale, l&rsquo;implication de Daphn\u00e9 Par\u00e9\"}]},{\"@type\":\"WebSite\",\"@id\":\"https:\/\/www.uqac.ca\/uqactualites\/#website\",\"url\":\"https:\/\/www.uqac.ca\/uqactualites\/\",\"name\":\"UQACtualit\u00e9s\",\"description\":\"Le portail des nouvelles de l&#039;UQAC\",\"potentialAction\":[{\"@type\":\"SearchAction\",\"target\":{\"@type\":\"EntryPoint\",\"urlTemplate\":\"https:\/\/www.uqac.ca\/uqactualites\/?s={search_term_string}\"},\"query-input\":{\"@type\":\"PropertyValueSpecification\",\"valueRequired\":true,\"valueName\":\"search_term_string\"}}],\"inLanguage\":\"fr-CA\"},{\"@type\":\"Person\",\"@id\":\"https:\/\/www.uqac.ca\/uqactualites\/#\/schema\/person\/366c45a0c4f0e677b41b4af5886e2018\",\"name\":\"Service des communications et des relations publiques\",\"image\":{\"@type\":\"ImageObject\",\"inLanguage\":\"fr-CA\",\"@id\":\"https:\/\/www.uqac.ca\/uqactualites\/#\/schema\/person\/image\/\",\"url\":\"https:\/\/secure.gravatar.com\/avatar\/20fbbda8a292f59f2d3461a5b999c00b?s=96&d=mm&r=g\",\"contentUrl\":\"https:\/\/secure.gravatar.com\/avatar\/20fbbda8a292f59f2d3461a5b999c00b?s=96&d=mm&r=g\",\"caption\":\"Service des communications et des relations publiques\"},\"url\":\"https:\/\/www.uqac.ca\/uqactualites\/author\/bap\/\"}]}<\/script>\r\n<!-- \/ Yoast SEO plugin. -->","yoast_head_json":{"title":"Fa\u00e7onner sa vie \u00e9tudiante id\u00e9ale, l'implication de Daphn\u00e9 Par\u00e9 - UQACtualit\u00e9s","description":"D\u00e8s son entr\u00e9e au baccalaur\u00e9at interdisciplinaire en art en 2022, Daphn\u00e9 Par\u00e9 \u00e9tait d\u00e9j\u00e0 int\u00e9ress\u00e9e par la vie \u00e9tudiante de sont universit\u00e9.","robots":{"index":"index","follow":"follow","max-snippet":"max-snippet:-1","max-image-preview":"max-image-preview:large","max-video-preview":"max-video-preview:-1"},"canonical":"https:\/\/www.uqac.ca\/uqactualites\/2023\/12\/01\/daphne-pare-etudiante-au-baccalaureat-interdisciplinaire-en-art\/","og_locale":"fr_CA","og_type":"article","og_title":"Fa\u00e7onner sa vie \u00e9tudiante id\u00e9ale, l'implication de Daphn\u00e9 Par\u00e9 - UQACtualit\u00e9s","og_description":"D\u00e8s son entr\u00e9e au baccalaur\u00e9at interdisciplinaire en art en 2022, Daphn\u00e9 Par\u00e9 \u00e9tait d\u00e9j\u00e0 int\u00e9ress\u00e9e par la vie \u00e9tudiante de sont universit\u00e9.","og_url":"https:\/\/www.uqac.ca\/uqactualites\/2023\/12\/01\/daphne-pare-etudiante-au-baccalaureat-interdisciplinaire-en-art\/","og_site_name":"UQACtualit\u00e9s","article_published_time":"2023-12-01T16:55:26+00:00","article_modified_time":"2025-07-09T17:26:38+00:00","og_image":[{"width":2560,"height":2560,"url":"https:\/\/www.uqac.ca\/uqactualites\/wp-content\/uploads\/2023\/12\/Daphne-Pare-photo-scaled.jpg","type":"image\/jpeg"}],"author":"Service des communications et des relations publiques","twitter_card":"summary_large_image","twitter_misc":{"\u00c9crit par":"Service des communications et des relations publiques","Estimation du temps de lecture":"2 minutes"},"schema":{"@context":"https:\/\/schema.org","@graph":[{"@type":"WebPage","@id":"https:\/\/www.uqac.ca\/uqactualites\/2023\/12\/01\/daphne-pare-etudiante-au-baccalaureat-interdisciplinaire-en-art\/","url":"https:\/\/www.uqac.ca\/uqactualites\/2023\/12\/01\/daphne-pare-etudiante-au-baccalaureat-interdisciplinaire-en-art\/","name":"Fa\u00e7onner sa vie \u00e9tudiante id\u00e9ale, l'implication de Daphn\u00e9 Par\u00e9 - UQACtualit\u00e9s","isPartOf":{"@id":"https:\/\/www.uqac.ca\/uqactualites\/#website"},"primaryImageOfPage":{"@id":"https:\/\/www.uqac.ca\/uqactualites\/2023\/12\/01\/daphne-pare-etudiante-au-baccalaureat-interdisciplinaire-en-art\/#primaryimage"},"image":{"@id":"https:\/\/www.uqac.ca\/uqactualites\/2023\/12\/01\/daphne-pare-etudiante-au-baccalaureat-interdisciplinaire-en-art\/#primaryimage"},"thumbnailUrl":"https:\/\/www.uqac.ca\/uqactualites\/wp-content\/uploads\/2023\/12\/Daphne-Pare-photo-scaled.jpg","datePublished":"2023-12-01T16:55:26+00:00","dateModified":"2025-07-09T17:26:38+00:00","author":{"@id":"https:\/\/www.uqac.ca\/uqactualites\/#\/schema\/person\/366c45a0c4f0e677b41b4af5886e2018"},"description":"D\u00e8s son entr\u00e9e au baccalaur\u00e9at interdisciplinaire en art en 2022, Daphn\u00e9 Par\u00e9 \u00e9tait d\u00e9j\u00e0 int\u00e9ress\u00e9e par la vie \u00e9tudiante de sont universit\u00e9.","breadcrumb":{"@id":"https:\/\/www.uqac.ca\/uqactualites\/2023\/12\/01\/daphne-pare-etudiante-au-baccalaureat-interdisciplinaire-en-art\/#breadcrumb"},"inLanguage":"fr-CA","potentialAction":[{"@type":"ReadAction","target":["https:\/\/www.uqac.ca\/uqactualites\/2023\/12\/01\/daphne-pare-etudiante-au-baccalaureat-interdisciplinaire-en-art\/"]}]},{"@type":"ImageObject","inLanguage":"fr-CA","@id":"https:\/\/www.uqac.ca\/uqactualites\/2023\/12\/01\/daphne-pare-etudiante-au-baccalaureat-interdisciplinaire-en-art\/#primaryimage","url":"https:\/\/www.uqac.ca\/uqactualites\/wp-content\/uploads\/2023\/12\/Daphne-Pare-photo-scaled.jpg","contentUrl":"https:\/\/www.uqac.ca\/uqactualites\/wp-content\/uploads\/2023\/12\/Daphne-Pare-photo-scaled.jpg","width":2560,"height":2560,"caption":"Daphn\u00e9 Par\u00e9"},{"@type":"BreadcrumbList","@id":"https:\/\/www.uqac.ca\/uqactualites\/2023\/12\/01\/daphne-pare-etudiante-au-baccalaureat-interdisciplinaire-en-art\/#breadcrumb","itemListElement":[{"@type":"ListItem","position":1,"name":"Home","item":"https:\/\/www.uqac.ca\/uqactualites\/"},{"@type":"ListItem","position":2,"name":"Fa\u00e7onner sa vie \u00e9tudiante id\u00e9ale, l&rsquo;implication de Daphn\u00e9 Par\u00e9"}]},{"@type":"WebSite","@id":"https:\/\/www.uqac.ca\/uqactualites\/#website","url":"https:\/\/www.uqac.ca\/uqactualites\/","name":"UQACtualit\u00e9s","description":"Le portail des nouvelles de l&#039;UQAC","potentialAction":[{"@type":"SearchAction","target":{"@type":"EntryPoint","urlTemplate":"https:\/\/www.uqac.ca\/uqactualites\/?s={search_term_string}"},"query-input":{"@type":"PropertyValueSpecification","valueRequired":true,"valueName":"search_term_string"}}],"inLanguage":"fr-CA"},{"@type":"Person","@id":"https:\/\/www.uqac.ca\/uqactualites\/#\/schema\/person\/366c45a0c4f0e677b41b4af5886e2018","name":"Service des communications et des relations publiques","image":{"@type":"ImageObject","inLanguage":"fr-CA","@id":"https:\/\/www.uqac.ca\/uqactualites\/#\/schema\/person\/image\/","url":"https:\/\/secure.gravatar.com\/avatar\/20fbbda8a292f59f2d3461a5b999c00b?s=96&d=mm&r=g","contentUrl":"https:\/\/secure.gravatar.com\/avatar\/20fbbda8a292f59f2d3461a5b999c00b?s=96&d=mm&r=g","caption":"Service des communications et des relations publiques"},"url":"https:\/\/www.uqac.ca\/uqactualites\/author\/bap\/"}]}},"_links":{"self":[{"href":"https:\/\/www.uqac.ca\/uqactualites\/wp-json\/wp\/v2\/posts\/45437"}],"collection":[{"href":"https:\/\/www.uqac.ca\/uqactualites\/wp-json\/wp\/v2\/posts"}],"about":[{"href":"https:\/\/www.uqac.ca\/uqactualites\/wp-json\/wp\/v2\/types\/post"}],"author":[{"embeddable":true,"href":"https:\/\/www.uqac.ca\/uqactualites\/wp-json\/wp\/v2\/users\/5"}],"replies":[{"embeddable":true,"href":"https:\/\/www.uqac.ca\/uqactualites\/wp-json\/wp\/v2\/comments?post=45437"}],"version-history":[{"count":7,"href":"https:\/\/www.uqac.ca\/uqactualites\/wp-json\/wp\/v2\/posts\/45437\/revisions"}],"predecessor-version":[{"id":45465,"href":"https:\/\/www.uqac.ca\/uqactualites\/wp-json\/wp\/v2\/posts\/45437\/revisions\/45465"}],"wp:featuredmedia":[{"embeddable":true,"href":"https:\/\/www.uqac.ca\/uqactualites\/wp-json\/wp\/v2\/media\/45439"}],"wp:attachment":[{"href":"https:\/\/www.uqac.ca\/uqactualites\/wp-json\/wp\/v2\/media?parent=45437"}],"wp:term":[{"taxonomy":"category","embeddable":true,"href":"https:\/\/www.uqac.ca\/uqactualites\/wp-json\/wp\/v2\/categories?post=45437"},{"taxonomy":"post_tag","embeddable":true,"href":"https:\/\/www.uqac.ca\/uqactualites\/wp-json\/wp\/v2\/tags?post=45437"}],"curies":[{"name":"wp","href":"https:\/\/api.w.org\/{rel}","templated":true}]}}