{"id":45443,"date":"2023-12-01T15:03:33","date_gmt":"2023-12-01T20:03:33","guid":{"rendered":"https:\/\/www.uqac.ca\/uqactualites\/?p=45443"},"modified":"2024-07-31T08:43:24","modified_gmt":"2024-07-31T12:43:24","slug":"martin-hudon-est-nomme-au-poste-de-registraire","status":"publish","type":"post","link":"https:\/\/www.uqac.ca\/uqactualites\/2023\/12\/01\/martin-hudon-est-nomme-au-poste-de-registraire\/","title":{"rendered":"Martin Hudon est nomm\u00e9 au poste de registraire"},"content":{"rendered":"<p>Le Conseil d\u2019administration de l\u2019Universit\u00e9 du Qu\u00e9bec \u00e0 Chicoutimi est heureux d\u2019annoncer la nomination de Martin Hudon au poste de registraire.<\/p>\n<p>D\u00e9tenteur d\u2019une ma\u00eetrise en administration publique de l\u2019\u00c9cole nationale d\u2019administration publique (ENAP), d\u2019un certificat en ressources humaines et d\u2019un <a href=\"https:\/\/www.uqac.ca\/programme\/7798-baccalaureat-en-travail-social\/\" target=\"_blank\" rel=\"noopener\">baccalaur\u00e9at en travail social<\/a> de l\u2019UQAC, Martin Hudon occupe la fonction de registraire par int\u00e9rim depuis mars dernier. Il a \u00e9t\u00e9 auparavant charg\u00e9 de gestion et adjoint \u00e0 la personne doyenne du Programme de formation m\u00e9dicale \u00e0 Saguenay en plus d\u2019occuper le poste de coordonnateur de l\u2019Unit\u00e9 d\u2019enseignement en physioth\u00e9rapie de l\u2019UQAC.<\/p>\n<p>Cumulant pr\u00e8s de 30 ans d\u2019exp\u00e9rience en gestion, M. Hudon a assum\u00e9 plusieurs fonctions au cours de sa carri\u00e8re. Il a \u0153uvr\u00e9 dans plusieurs domaines vari\u00e9s\u00a0: la sant\u00e9, l\u2019employabilit\u00e9, le d\u00e9marrage d\u2019entreprise d\u2019\u00e9conomie sociale, le d\u00e9veloppement communautaire et l\u2019\u00e9ducation.<\/p>\n<p>Impliqu\u00e9 dans son milieu, celui qui assurera la direction du Bureau du registraire de l\u2019UQAC s\u2019est engag\u00e9, au fil du temps, aupr\u00e8s de plusieurs organismes communautaires notamment \u00e0 titre de responsable local de la collecte <a href=\"https:\/\/centraidesaglac.ca\/\" target=\"_blank\" rel=\"noopener\">Centraide<\/a>, de vice-pr\u00e9sident de Place aux jeunes Saguenay et vice-pr\u00e9sidente du Centre \u00e0 la petite enfance Les petits cailloux.<\/p>\n<p>Martin Hudon est entr\u00e9 officiellement en poste \u00e0 titre de registraire depuis le 22 novembre 2023.<\/p>\n<p>Nous lui souhaitons tout le succ\u00e8s escompt\u00e9 dans ses nouvelles fonctions!<\/p>\n","protected":false},"excerpt":{"rendered":"<p>Le Conseil d\u2019administration de l\u2019Universit\u00e9 du Qu\u00e9bec \u00e0 Chicoutimi est heureux d\u2019annoncer la nomination de Martin Hudon au poste de registraire. D\u00e9tenteur d\u2019une ma\u00eetrise en administration publique de l\u2019\u00c9cole nationale d\u2019administration publique (ENAP), d\u2019un certificat en ressources humaines et d\u2019un baccalaur\u00e9at en travail social de l\u2019UQAC, Martin Hudon occupe la fonction de registraire par int\u00e9rim [&hellip;]<\/p>\n","protected":false},"author":5,"featured_media":45444,"comment_status":"open","ping_status":"open","sticky":false,"template":"","format":"standard","meta":{"footnotes":""},"categories":[15],"tags":[],"yoast_head":"<!-- This site is optimized with the Yoast SEO plugin v24.2 - https:\/\/yoast.com\/wordpress\/plugins\/seo\/ -->\r\n<title>Martin Hudon est nomm\u00e9 au poste de registraire - UQACtualit\u00e9s<\/title>\r\n<meta name=\"description\" content=\"Le Conseil d\u2019administration de l\u2019UQAC est heureux d\u2019annoncer la nomination de Martin Hudon au poste de registraire.\" \/>\r\n<meta name=\"robots\" content=\"index, follow, max-snippet:-1, max-image-preview:large, max-video-preview:-1\" \/>\r\n<link rel=\"canonical\" href=\"https:\/\/www.uqac.ca\/uqactualites\/2023\/12\/01\/martin-hudon-est-nomme-au-poste-de-registraire\/\" \/>\r\n<meta property=\"og:locale\" content=\"fr_CA\" \/>\r\n<meta property=\"og:type\" content=\"article\" \/>\r\n<meta property=\"og:title\" content=\"Martin Hudon est nomm\u00e9 au poste de registraire - UQACtualit\u00e9s\" \/>\r\n<meta property=\"og:description\" content=\"Le Conseil d\u2019administration de l\u2019UQAC est heureux d\u2019annoncer la nomination de Martin Hudon au poste de registraire.\" \/>\r\n<meta property=\"og:url\" content=\"https:\/\/www.uqac.ca\/uqactualites\/2023\/12\/01\/martin-hudon-est-nomme-au-poste-de-registraire\/\" \/>\r\n<meta property=\"og:site_name\" content=\"UQACtualit\u00e9s\" \/>\r\n<meta property=\"article:published_time\" content=\"2023-12-01T20:03:33+00:00\" \/>\r\n<meta property=\"article:modified_time\" content=\"2024-07-31T12:43:24+00:00\" \/>\r\n<meta property=\"og:image\" content=\"https:\/\/www.uqac.ca\/uqactualites\/wp-content\/uploads\/2023\/12\/NUM_NominationMartinHudonA23_Uqctualite1920X1080.jpg\" \/>\r\n\t<meta property=\"og:image:width\" content=\"1920\" \/>\r\n\t<meta property=\"og:image:height\" content=\"1080\" \/>\r\n\t<meta property=\"og:image:type\" content=\"image\/jpeg\" \/>\r\n<meta name=\"author\" content=\"Service des communications et des relations publiques\" \/>\r\n<meta name=\"twitter:card\" content=\"summary_large_image\" \/>\r\n<meta name=\"twitter:label1\" content=\"\u00c9crit par\" \/>\n\t<meta name=\"twitter:data1\" content=\"Service des communications et des relations publiques\" \/>\n\t<meta name=\"twitter:label2\" content=\"Estimation du temps de lecture\" \/>\n\t<meta name=\"twitter:data2\" content=\"2 minutes\" \/>\r\n<script type=\"application\/ld+json\" class=\"yoast-schema-graph\">{\"@context\":\"https:\/\/schema.org\",\"@graph\":[{\"@type\":\"WebPage\",\"@id\":\"https:\/\/www.uqac.ca\/uqactualites\/2023\/12\/01\/martin-hudon-est-nomme-au-poste-de-registraire\/\",\"url\":\"https:\/\/www.uqac.ca\/uqactualites\/2023\/12\/01\/martin-hudon-est-nomme-au-poste-de-registraire\/\",\"name\":\"Martin Hudon est nomm\u00e9 au poste de registraire - UQACtualit\u00e9s\",\"isPartOf\":{\"@id\":\"https:\/\/www.uqac.ca\/uqactualites\/#website\"},\"primaryImageOfPage\":{\"@id\":\"https:\/\/www.uqac.ca\/uqactualites\/2023\/12\/01\/martin-hudon-est-nomme-au-poste-de-registraire\/#primaryimage\"},\"image\":{\"@id\":\"https:\/\/www.uqac.ca\/uqactualites\/2023\/12\/01\/martin-hudon-est-nomme-au-poste-de-registraire\/#primaryimage\"},\"thumbnailUrl\":\"https:\/\/www.uqac.ca\/uqactualites\/wp-content\/uploads\/2023\/12\/NUM_NominationMartinHudonA23_Uqctualite1920X1080.jpg\",\"datePublished\":\"2023-12-01T20:03:33+00:00\",\"dateModified\":\"2024-07-31T12:43:24+00:00\",\"author\":{\"@id\":\"https:\/\/www.uqac.ca\/uqactualites\/#\/schema\/person\/366c45a0c4f0e677b41b4af5886e2018\"},\"description\":\"Le Conseil d\u2019administration de l\u2019UQAC est heureux d\u2019annoncer la nomination de Martin Hudon au poste de registraire.\",\"breadcrumb\":{\"@id\":\"https:\/\/www.uqac.ca\/uqactualites\/2023\/12\/01\/martin-hudon-est-nomme-au-poste-de-registraire\/#breadcrumb\"},\"inLanguage\":\"fr-CA\",\"potentialAction\":[{\"@type\":\"ReadAction\",\"target\":[\"https:\/\/www.uqac.ca\/uqactualites\/2023\/12\/01\/martin-hudon-est-nomme-au-poste-de-registraire\/\"]}]},{\"@type\":\"ImageObject\",\"inLanguage\":\"fr-CA\",\"@id\":\"https:\/\/www.uqac.ca\/uqactualites\/2023\/12\/01\/martin-hudon-est-nomme-au-poste-de-registraire\/#primaryimage\",\"url\":\"https:\/\/www.uqac.ca\/uqactualites\/wp-content\/uploads\/2023\/12\/NUM_NominationMartinHudonA23_Uqctualite1920X1080.jpg\",\"contentUrl\":\"https:\/\/www.uqac.ca\/uqactualites\/wp-content\/uploads\/2023\/12\/NUM_NominationMartinHudonA23_Uqctualite1920X1080.jpg\",\"width\":1920,\"height\":1080,\"caption\":\"Martin Hudon registraire\"},{\"@type\":\"BreadcrumbList\",\"@id\":\"https:\/\/www.uqac.ca\/uqactualites\/2023\/12\/01\/martin-hudon-est-nomme-au-poste-de-registraire\/#breadcrumb\",\"itemListElement\":[{\"@type\":\"ListItem\",\"position\":1,\"name\":\"Home\",\"item\":\"https:\/\/www.uqac.ca\/uqactualites\/\"},{\"@type\":\"ListItem\",\"position\":2,\"name\":\"Martin Hudon est nomm\u00e9 au poste de registraire\"}]},{\"@type\":\"WebSite\",\"@id\":\"https:\/\/www.uqac.ca\/uqactualites\/#website\",\"url\":\"https:\/\/www.uqac.ca\/uqactualites\/\",\"name\":\"UQACtualit\u00e9s\",\"description\":\"Le portail des nouvelles de l&#039;UQAC\",\"potentialAction\":[{\"@type\":\"SearchAction\",\"target\":{\"@type\":\"EntryPoint\",\"urlTemplate\":\"https:\/\/www.uqac.ca\/uqactualites\/?s={search_term_string}\"},\"query-input\":{\"@type\":\"PropertyValueSpecification\",\"valueRequired\":true,\"valueName\":\"search_term_string\"}}],\"inLanguage\":\"fr-CA\"},{\"@type\":\"Person\",\"@id\":\"https:\/\/www.uqac.ca\/uqactualites\/#\/schema\/person\/366c45a0c4f0e677b41b4af5886e2018\",\"name\":\"Service des communications et des relations publiques\",\"image\":{\"@type\":\"ImageObject\",\"inLanguage\":\"fr-CA\",\"@id\":\"https:\/\/www.uqac.ca\/uqactualites\/#\/schema\/person\/image\/\",\"url\":\"https:\/\/secure.gravatar.com\/avatar\/20fbbda8a292f59f2d3461a5b999c00b?s=96&d=mm&r=g\",\"contentUrl\":\"https:\/\/secure.gravatar.com\/avatar\/20fbbda8a292f59f2d3461a5b999c00b?s=96&d=mm&r=g\",\"caption\":\"Service des communications et des relations publiques\"},\"url\":\"https:\/\/www.uqac.ca\/uqactualites\/author\/bap\/\"}]}<\/script>\r\n<!-- \/ Yoast SEO plugin. -->","yoast_head_json":{"title":"Martin Hudon est nomm\u00e9 au poste de registraire - UQACtualit\u00e9s","description":"Le Conseil d\u2019administration de l\u2019UQAC est heureux d\u2019annoncer la nomination de Martin Hudon au poste de registraire.","robots":{"index":"index","follow":"follow","max-snippet":"max-snippet:-1","max-image-preview":"max-image-preview:large","max-video-preview":"max-video-preview:-1"},"canonical":"https:\/\/www.uqac.ca\/uqactualites\/2023\/12\/01\/martin-hudon-est-nomme-au-poste-de-registraire\/","og_locale":"fr_CA","og_type":"article","og_title":"Martin Hudon est nomm\u00e9 au poste de registraire - UQACtualit\u00e9s","og_description":"Le Conseil d\u2019administration de l\u2019UQAC est heureux d\u2019annoncer la nomination de Martin Hudon au poste de registraire.","og_url":"https:\/\/www.uqac.ca\/uqactualites\/2023\/12\/01\/martin-hudon-est-nomme-au-poste-de-registraire\/","og_site_name":"UQACtualit\u00e9s","article_published_time":"2023-12-01T20:03:33+00:00","article_modified_time":"2024-07-31T12:43:24+00:00","og_image":[{"width":1920,"height":1080,"url":"https:\/\/www.uqac.ca\/uqactualites\/wp-content\/uploads\/2023\/12\/NUM_NominationMartinHudonA23_Uqctualite1920X1080.jpg","type":"image\/jpeg"}],"author":"Service des communications et des relations publiques","twitter_card":"summary_large_image","twitter_misc":{"\u00c9crit par":"Service des communications et des relations publiques","Estimation du temps de lecture":"2 minutes"},"schema":{"@context":"https:\/\/schema.org","@graph":[{"@type":"WebPage","@id":"https:\/\/www.uqac.ca\/uqactualites\/2023\/12\/01\/martin-hudon-est-nomme-au-poste-de-registraire\/","url":"https:\/\/www.uqac.ca\/uqactualites\/2023\/12\/01\/martin-hudon-est-nomme-au-poste-de-registraire\/","name":"Martin Hudon est nomm\u00e9 au poste de registraire - UQACtualit\u00e9s","isPartOf":{"@id":"https:\/\/www.uqac.ca\/uqactualites\/#website"},"primaryImageOfPage":{"@id":"https:\/\/www.uqac.ca\/uqactualites\/2023\/12\/01\/martin-hudon-est-nomme-au-poste-de-registraire\/#primaryimage"},"image":{"@id":"https:\/\/www.uqac.ca\/uqactualites\/2023\/12\/01\/martin-hudon-est-nomme-au-poste-de-registraire\/#primaryimage"},"thumbnailUrl":"https:\/\/www.uqac.ca\/uqactualites\/wp-content\/uploads\/2023\/12\/NUM_NominationMartinHudonA23_Uqctualite1920X1080.jpg","datePublished":"2023-12-01T20:03:33+00:00","dateModified":"2024-07-31T12:43:24+00:00","author":{"@id":"https:\/\/www.uqac.ca\/uqactualites\/#\/schema\/person\/366c45a0c4f0e677b41b4af5886e2018"},"description":"Le Conseil d\u2019administration de l\u2019UQAC est heureux d\u2019annoncer la nomination de Martin Hudon au poste de registraire.","breadcrumb":{"@id":"https:\/\/www.uqac.ca\/uqactualites\/2023\/12\/01\/martin-hudon-est-nomme-au-poste-de-registraire\/#breadcrumb"},"inLanguage":"fr-CA","potentialAction":[{"@type":"ReadAction","target":["https:\/\/www.uqac.ca\/uqactualites\/2023\/12\/01\/martin-hudon-est-nomme-au-poste-de-registraire\/"]}]},{"@type":"ImageObject","inLanguage":"fr-CA","@id":"https:\/\/www.uqac.ca\/uqactualites\/2023\/12\/01\/martin-hudon-est-nomme-au-poste-de-registraire\/#primaryimage","url":"https:\/\/www.uqac.ca\/uqactualites\/wp-content\/uploads\/2023\/12\/NUM_NominationMartinHudonA23_Uqctualite1920X1080.jpg","contentUrl":"https:\/\/www.uqac.ca\/uqactualites\/wp-content\/uploads\/2023\/12\/NUM_NominationMartinHudonA23_Uqctualite1920X1080.jpg","width":1920,"height":1080,"caption":"Martin Hudon registraire"},{"@type":"BreadcrumbList","@id":"https:\/\/www.uqac.ca\/uqactualites\/2023\/12\/01\/martin-hudon-est-nomme-au-poste-de-registraire\/#breadcrumb","itemListElement":[{"@type":"ListItem","position":1,"name":"Home","item":"https:\/\/www.uqac.ca\/uqactualites\/"},{"@type":"ListItem","position":2,"name":"Martin Hudon est nomm\u00e9 au poste de registraire"}]},{"@type":"WebSite","@id":"https:\/\/www.uqac.ca\/uqactualites\/#website","url":"https:\/\/www.uqac.ca\/uqactualites\/","name":"UQACtualit\u00e9s","description":"Le portail des nouvelles de l&#039;UQAC","potentialAction":[{"@type":"SearchAction","target":{"@type":"EntryPoint","urlTemplate":"https:\/\/www.uqac.ca\/uqactualites\/?s={search_term_string}"},"query-input":{"@type":"PropertyValueSpecification","valueRequired":true,"valueName":"search_term_string"}}],"inLanguage":"fr-CA"},{"@type":"Person","@id":"https:\/\/www.uqac.ca\/uqactualites\/#\/schema\/person\/366c45a0c4f0e677b41b4af5886e2018","name":"Service des communications et des relations publiques","image":{"@type":"ImageObject","inLanguage":"fr-CA","@id":"https:\/\/www.uqac.ca\/uqactualites\/#\/schema\/person\/image\/","url":"https:\/\/secure.gravatar.com\/avatar\/20fbbda8a292f59f2d3461a5b999c00b?s=96&d=mm&r=g","contentUrl":"https:\/\/secure.gravatar.com\/avatar\/20fbbda8a292f59f2d3461a5b999c00b?s=96&d=mm&r=g","caption":"Service des communications et des relations publiques"},"url":"https:\/\/www.uqac.ca\/uqactualites\/author\/bap\/"}]}},"_links":{"self":[{"href":"https:\/\/www.uqac.ca\/uqactualites\/wp-json\/wp\/v2\/posts\/45443"}],"collection":[{"href":"https:\/\/www.uqac.ca\/uqactualites\/wp-json\/wp\/v2\/posts"}],"about":[{"href":"https:\/\/www.uqac.ca\/uqactualites\/wp-json\/wp\/v2\/types\/post"}],"author":[{"embeddable":true,"href":"https:\/\/www.uqac.ca\/uqactualites\/wp-json\/wp\/v2\/users\/5"}],"replies":[{"embeddable":true,"href":"https:\/\/www.uqac.ca\/uqactualites\/wp-json\/wp\/v2\/comments?post=45443"}],"version-history":[{"count":4,"href":"https:\/\/www.uqac.ca\/uqactualites\/wp-json\/wp\/v2\/posts\/45443\/revisions"}],"predecessor-version":[{"id":48197,"href":"https:\/\/www.uqac.ca\/uqactualites\/wp-json\/wp\/v2\/posts\/45443\/revisions\/48197"}],"wp:featuredmedia":[{"embeddable":true,"href":"https:\/\/www.uqac.ca\/uqactualites\/wp-json\/wp\/v2\/media\/45444"}],"wp:attachment":[{"href":"https:\/\/www.uqac.ca\/uqactualites\/wp-json\/wp\/v2\/media?parent=45443"}],"wp:term":[{"taxonomy":"category","embeddable":true,"href":"https:\/\/www.uqac.ca\/uqactualites\/wp-json\/wp\/v2\/categories?post=45443"},{"taxonomy":"post_tag","embeddable":true,"href":"https:\/\/www.uqac.ca\/uqactualites\/wp-json\/wp\/v2\/tags?post=45443"}],"curies":[{"name":"wp","href":"https:\/\/api.w.org\/{rel}","templated":true}]}}