{"id":45467,"date":"2023-12-05T08:47:56","date_gmt":"2023-12-05T13:47:56","guid":{"rendered":"https:\/\/www.uqac.ca\/uqactualites\/?p=45467"},"modified":"2024-07-31T08:35:04","modified_gmt":"2024-07-31T12:35:04","slug":"une-semaine-sous-le-theme-de-la-bienveillance","status":"publish","type":"post","link":"https:\/\/www.uqac.ca\/uqactualites\/2023\/12\/05\/une-semaine-sous-le-theme-de-la-bienveillance\/","title":{"rendered":"Une semaine sous le th\u00e8me de la bienveillance"},"content":{"rendered":"<p class=\"xmsonormal\"><span style=\"font-size: 10.0pt; font-family: 'Arial',sans-serif;\">Bienveillance. <\/span><\/p>\n<p class=\"xmsonormal\"><span style=\"font-size: 10.0pt; font-family: 'Arial',sans-serif;\">C\u2019est le mot qui me vient en t\u00eate \u00e0 l\u2019aube de la fin de trimestre et des vacances des F\u00eates qui sont \u00e0 nos portes\u2026 encore et plus que jamais!<\/span><\/p>\n<p class=\"xmsonormal\"><span style=\"font-size: 10.0pt; font-family: 'Arial',sans-serif;\">La bienveillance se r\u00e9f\u00e8re \u00e0 un comportement empreint de bont\u00e9, de compr\u00e9hension, de compassion et de respect envers autrui. \u00catre bienveillant implique d&rsquo;\u00eatre attentif aux besoins, aux sentiments et aux circonstances des autres, et de r\u00e9agir de mani\u00e8re positive et constructive en offrant par exemple, une \u00e9coute attentive, du soutien moral, de la gentillesse et de l&#8217;empathie.<\/span><\/p>\n<p class=\"xmsonormal\"><span style=\"font-size: 10.0pt; font-family: 'Arial',sans-serif;\">La semaine derni\u00e8re f\u00fbt n\u00e9cessairement teint\u00e9e du triste \u00e9v\u00e9nement survenu aux abords de notre campus et impliquant la perte d\u2019un \u00e9tudiant et les blessures inflig\u00e9es \u00e0 un autre. Dans la foul\u00e9e de cet \u00e9v\u00e9nement, de nombreuses personnes ont mis la main \u00e0 la p\u00e2te pour offrir les services n\u00e9cessaires \u00e0 l\u2019accompagnement de toutes et tous. C\u2019est dans cet esprit de collaboration et de r\u00e9silience que nous avons accueilli le consul de Guin\u00e9e \u00e0 Ottawa, monsieur Alexandre Diabat\u00e9 qui nous a g\u00e9n\u00e9reusement partag\u00e9 un discours de tol\u00e9rance \u00e0 l\u2019endroit de toutes les personnes impliqu\u00e9es de pr\u00e8s ou de loin dans ce drame. Ce dernier souhaitait nous adresser ses remerciements sinc\u00e8res pour la prise en charge des \u00e9tudiantes et \u00e9tudiants africains et plus sp\u00e9cifiquement des Guin\u00e9ens. Il a \u00e9galement tenu \u00e0 pr\u00e9ciser qu\u2019il avait confiance au processus d\u2019enqu\u00eate en cours et \u00e0 la capacit\u00e9 collective de se relever de ce drame qui affecte tout le monde. C\u2019est ici encore que me revient le mot \u00ab bienveillance \u00bb. Je nous invite \u00e0 penser aux individus directement impliqu\u00e9s et \u00e0 demeurer solidaires. Je rappelle que nous sommes de tout c\u0153ur avec les personnes touch\u00e9es de pr\u00e8s par ce drame et nos pens\u00e9es se tournent sp\u00e9cialement vers les familles et les amis de toutes les personnes concern\u00e9es.<\/span><\/p>\n<p class=\"xmsonormal\"><span style=\"font-size: 10.0pt; font-family: 'Arial',sans-serif;\">Il \u00e9tait tr\u00e8s important pour moi de me joindre \u00e0 plusieurs membres de la communaut\u00e9 africaine du Saguenay qui se sont recueillis, samedi, sur la rue des Hospitali\u00e8res, \u00e0 Chicoutimi. J\u2019ai v\u00e9cu cet \u00e9v\u00e9nement comme un important rappel sur l&rsquo;importance de continuer d\u2019apprendre \u00e0 mieux vivre-ensemble. Je salue sp\u00e9cialement les membres de la communaut\u00e9 universitaire que j\u2019y ai crois\u00e9s. Je le r\u00e9p\u00e8te ici, je l&rsquo;ai dit, l&rsquo;UQAC est un lieu s\u00e9curitaire, la ville de Saguenay et toute la r\u00e9gion \u00e9galement. Toutes les initiatives qui ont \u00e9t\u00e9 mises en place rapidement par diff\u00e9rents secteurs, qui ont alli\u00e9 leurs forces pour tisser le filet le plus serr\u00e9 possible autour de toute notre communaut\u00e9 repr\u00e9sentent une preuve tangible de ce que nous pouvons r\u00e9aliser quand nous travaillons ensemble. Que ce soit lors des rencontres de coordination, dans le d\u00e9ploiement de l\u2019offre de services psychosociaux, dans le cadre de soutien donn\u00e9 aux enseignantes et enseignants particuli\u00e8rement touch\u00e9s par cette situation ou \u00e0 travers toutes les actions de solidarit\u00e9 qui ont \u00e9t\u00e9 pos\u00e9es et qui le seront encore, je constate l\u2019humanit\u00e9 de notre communaut\u00e9 et j\u2019en suis tr\u00e8s fier.<\/span><\/p>\n<p class=\"xmsonormal\"><span style=\"font-size: 10.0pt; font-family: 'Arial',sans-serif;\">En terminant, j\u2019aimerais donc souligner la proactivit\u00e9 et la mobilisation de plusieurs membres de notre grande communaut\u00e9. Que vous soyez membres du personnel, professeures ou professeurs, charg\u00e9es ou charg\u00e9s de cours, \u00e9tudiantes et \u00e9tudiants, votre solidarit\u00e9 et votre soutien les uns envers les autres contribuent \u00e0 faire de notre universit\u00e9 un espace toujours plus ouvert et harmonieux. Nous vous invitons \u00e0 poursuivre le dialogue \u00e0 travers les initiatives qui \u00e9mergeront dans les prochaines semaines. D\u00e9j\u00e0, nos professeures et professeurs se mobilisent pour multiplier les occasions de s\u2019exprimer et se soutenir mutuellement. Je vous encourage \u00e0 prendre part \u00e0 ces rencontres importantes pour le mieux vivre-ensemble au sein de notre communaut\u00e9!<\/span><\/p>\n<p class=\"xmsonormal\"><span style=\"font-size: 10.0pt; font-family: 'Arial',sans-serif;\">Bonne semaine!<\/span><\/p>\n","protected":false},"excerpt":{"rendered":"<p>Bienveillance. C\u2019est le mot qui me vient en t\u00eate \u00e0 l\u2019aube de la fin de trimestre et des vacances des F\u00eates qui sont \u00e0 nos portes\u2026 encore et plus que jamais! La bienveillance se r\u00e9f\u00e8re \u00e0 un comportement empreint de bont\u00e9, de compr\u00e9hension, de compassion et de respect envers autrui. \u00catre bienveillant implique d&rsquo;\u00eatre attentif [&hellip;]<\/p>\n","protected":false},"author":10,"featured_media":45468,"comment_status":"open","ping_status":"open","sticky":false,"template":"","format":"standard","meta":{"footnotes":""},"categories":[2792],"tags":[],"yoast_head":"<!-- This site is optimized with the Yoast SEO plugin v24.2 - https:\/\/yoast.com\/wordpress\/plugins\/seo\/ -->\r\n<title>Une semaine sous le th\u00e8me de la bienveillance - UQACtualit\u00e9s<\/title>\r\n<meta name=\"robots\" content=\"index, follow, max-snippet:-1, max-image-preview:large, max-video-preview:-1\" \/>\r\n<link rel=\"canonical\" href=\"https:\/\/www.uqac.ca\/uqactualites\/2023\/12\/05\/une-semaine-sous-le-theme-de-la-bienveillance\/\" \/>\r\n<meta property=\"og:locale\" content=\"fr_CA\" \/>\r\n<meta property=\"og:type\" content=\"article\" \/>\r\n<meta property=\"og:title\" content=\"Une semaine sous le th\u00e8me de la bienveillance - UQACtualit\u00e9s\" \/>\r\n<meta property=\"og:description\" content=\"Bienveillance. C\u2019est le mot qui me vient en t\u00eate \u00e0 l\u2019aube de la fin de trimestre et des vacances des F\u00eates qui sont \u00e0 nos portes\u2026 encore et plus que jamais! La bienveillance se r\u00e9f\u00e8re \u00e0 un comportement empreint de bont\u00e9, de compr\u00e9hension, de compassion et de respect envers autrui. \u00catre bienveillant implique d&rsquo;\u00eatre attentif [&hellip;]\" \/>\r\n<meta property=\"og:url\" content=\"https:\/\/www.uqac.ca\/uqactualites\/2023\/12\/05\/une-semaine-sous-le-theme-de-la-bienveillance\/\" \/>\r\n<meta property=\"og:site_name\" content=\"UQACtualit\u00e9s\" \/>\r\n<meta property=\"article:published_time\" content=\"2023-12-05T13:47:56+00:00\" \/>\r\n<meta property=\"article:modified_time\" content=\"2024-07-31T12:35:04+00:00\" \/>\r\n<meta property=\"og:image\" content=\"https:\/\/www.uqac.ca\/uqactualites\/wp-content\/uploads\/2023\/12\/MicrosoftTeams-image-27.jpg\" \/>\r\n\t<meta property=\"og:image:width\" content=\"1024\" \/>\r\n\t<meta property=\"og:image:height\" content=\"635\" \/>\r\n\t<meta property=\"og:image:type\" content=\"image\/jpeg\" \/>\r\n<meta name=\"author\" content=\"Ghislain Samson\" \/>\r\n<meta name=\"twitter:card\" content=\"summary_large_image\" \/>\r\n<meta name=\"twitter:label1\" content=\"\u00c9crit par\" \/>\n\t<meta name=\"twitter:data1\" content=\"Ghislain Samson\" \/>\n\t<meta name=\"twitter:label2\" content=\"Estimation du temps de lecture\" \/>\n\t<meta name=\"twitter:data2\" content=\"4 minutes\" \/>\r\n<script type=\"application\/ld+json\" class=\"yoast-schema-graph\">{\"@context\":\"https:\/\/schema.org\",\"@graph\":[{\"@type\":\"WebPage\",\"@id\":\"https:\/\/www.uqac.ca\/uqactualites\/2023\/12\/05\/une-semaine-sous-le-theme-de-la-bienveillance\/\",\"url\":\"https:\/\/www.uqac.ca\/uqactualites\/2023\/12\/05\/une-semaine-sous-le-theme-de-la-bienveillance\/\",\"name\":\"Une semaine sous le th\u00e8me de la bienveillance - UQACtualit\u00e9s\",\"isPartOf\":{\"@id\":\"https:\/\/www.uqac.ca\/uqactualites\/#website\"},\"primaryImageOfPage\":{\"@id\":\"https:\/\/www.uqac.ca\/uqactualites\/2023\/12\/05\/une-semaine-sous-le-theme-de-la-bienveillance\/#primaryimage\"},\"image\":{\"@id\":\"https:\/\/www.uqac.ca\/uqactualites\/2023\/12\/05\/une-semaine-sous-le-theme-de-la-bienveillance\/#primaryimage\"},\"thumbnailUrl\":\"https:\/\/www.uqac.ca\/uqactualites\/wp-content\/uploads\/2023\/12\/MicrosoftTeams-image-27.jpg\",\"datePublished\":\"2023-12-05T13:47:56+00:00\",\"dateModified\":\"2024-07-31T12:35:04+00:00\",\"author\":{\"@id\":\"https:\/\/www.uqac.ca\/uqactualites\/#\/schema\/person\/ae2225f9f23eebff67a6e899225952fb\"},\"breadcrumb\":{\"@id\":\"https:\/\/www.uqac.ca\/uqactualites\/2023\/12\/05\/une-semaine-sous-le-theme-de-la-bienveillance\/#breadcrumb\"},\"inLanguage\":\"fr-CA\",\"potentialAction\":[{\"@type\":\"ReadAction\",\"target\":[\"https:\/\/www.uqac.ca\/uqactualites\/2023\/12\/05\/une-semaine-sous-le-theme-de-la-bienveillance\/\"]}]},{\"@type\":\"ImageObject\",\"inLanguage\":\"fr-CA\",\"@id\":\"https:\/\/www.uqac.ca\/uqactualites\/2023\/12\/05\/une-semaine-sous-le-theme-de-la-bienveillance\/#primaryimage\",\"url\":\"https:\/\/www.uqac.ca\/uqactualites\/wp-content\/uploads\/2023\/12\/MicrosoftTeams-image-27.jpg\",\"contentUrl\":\"https:\/\/www.uqac.ca\/uqactualites\/wp-content\/uploads\/2023\/12\/MicrosoftTeams-image-27.jpg\",\"width\":1024,\"height\":635},{\"@type\":\"BreadcrumbList\",\"@id\":\"https:\/\/www.uqac.ca\/uqactualites\/2023\/12\/05\/une-semaine-sous-le-theme-de-la-bienveillance\/#breadcrumb\",\"itemListElement\":[{\"@type\":\"ListItem\",\"position\":1,\"name\":\"Home\",\"item\":\"https:\/\/www.uqac.ca\/uqactualites\/\"},{\"@type\":\"ListItem\",\"position\":2,\"name\":\"Une semaine sous le th\u00e8me de la bienveillance\"}]},{\"@type\":\"WebSite\",\"@id\":\"https:\/\/www.uqac.ca\/uqactualites\/#website\",\"url\":\"https:\/\/www.uqac.ca\/uqactualites\/\",\"name\":\"UQACtualit\u00e9s\",\"description\":\"Le portail des nouvelles de l&#039;UQAC\",\"potentialAction\":[{\"@type\":\"SearchAction\",\"target\":{\"@type\":\"EntryPoint\",\"urlTemplate\":\"https:\/\/www.uqac.ca\/uqactualites\/?s={search_term_string}\"},\"query-input\":{\"@type\":\"PropertyValueSpecification\",\"valueRequired\":true,\"valueName\":\"search_term_string\"}}],\"inLanguage\":\"fr-CA\"},{\"@type\":\"Person\",\"@id\":\"https:\/\/www.uqac.ca\/uqactualites\/#\/schema\/person\/ae2225f9f23eebff67a6e899225952fb\",\"name\":\"Ghislain Samson\",\"image\":{\"@type\":\"ImageObject\",\"inLanguage\":\"fr-CA\",\"@id\":\"https:\/\/www.uqac.ca\/uqactualites\/#\/schema\/person\/image\/\",\"url\":\"https:\/\/secure.gravatar.com\/avatar\/61ad9756d7707fefb25ed321388b2105?s=96&d=mm&r=g\",\"contentUrl\":\"https:\/\/secure.gravatar.com\/avatar\/61ad9756d7707fefb25ed321388b2105?s=96&d=mm&r=g\",\"caption\":\"Ghislain Samson\"},\"url\":\"https:\/\/www.uqac.ca\/uqactualites\/author\/gsamson\/\"}]}<\/script>\r\n<!-- \/ Yoast SEO plugin. -->","yoast_head_json":{"title":"Une semaine sous le th\u00e8me de la bienveillance - UQACtualit\u00e9s","robots":{"index":"index","follow":"follow","max-snippet":"max-snippet:-1","max-image-preview":"max-image-preview:large","max-video-preview":"max-video-preview:-1"},"canonical":"https:\/\/www.uqac.ca\/uqactualites\/2023\/12\/05\/une-semaine-sous-le-theme-de-la-bienveillance\/","og_locale":"fr_CA","og_type":"article","og_title":"Une semaine sous le th\u00e8me de la bienveillance - UQACtualit\u00e9s","og_description":"Bienveillance. C\u2019est le mot qui me vient en t\u00eate \u00e0 l\u2019aube de la fin de trimestre et des vacances des F\u00eates qui sont \u00e0 nos portes\u2026 encore et plus que jamais! La bienveillance se r\u00e9f\u00e8re \u00e0 un comportement empreint de bont\u00e9, de compr\u00e9hension, de compassion et de respect envers autrui. \u00catre bienveillant implique d&rsquo;\u00eatre attentif [&hellip;]","og_url":"https:\/\/www.uqac.ca\/uqactualites\/2023\/12\/05\/une-semaine-sous-le-theme-de-la-bienveillance\/","og_site_name":"UQACtualit\u00e9s","article_published_time":"2023-12-05T13:47:56+00:00","article_modified_time":"2024-07-31T12:35:04+00:00","og_image":[{"width":1024,"height":635,"url":"https:\/\/www.uqac.ca\/uqactualites\/wp-content\/uploads\/2023\/12\/MicrosoftTeams-image-27.jpg","type":"image\/jpeg"}],"author":"Ghislain Samson","twitter_card":"summary_large_image","twitter_misc":{"\u00c9crit par":"Ghislain Samson","Estimation du temps de lecture":"4 minutes"},"schema":{"@context":"https:\/\/schema.org","@graph":[{"@type":"WebPage","@id":"https:\/\/www.uqac.ca\/uqactualites\/2023\/12\/05\/une-semaine-sous-le-theme-de-la-bienveillance\/","url":"https:\/\/www.uqac.ca\/uqactualites\/2023\/12\/05\/une-semaine-sous-le-theme-de-la-bienveillance\/","name":"Une semaine sous le th\u00e8me de la bienveillance - UQACtualit\u00e9s","isPartOf":{"@id":"https:\/\/www.uqac.ca\/uqactualites\/#website"},"primaryImageOfPage":{"@id":"https:\/\/www.uqac.ca\/uqactualites\/2023\/12\/05\/une-semaine-sous-le-theme-de-la-bienveillance\/#primaryimage"},"image":{"@id":"https:\/\/www.uqac.ca\/uqactualites\/2023\/12\/05\/une-semaine-sous-le-theme-de-la-bienveillance\/#primaryimage"},"thumbnailUrl":"https:\/\/www.uqac.ca\/uqactualites\/wp-content\/uploads\/2023\/12\/MicrosoftTeams-image-27.jpg","datePublished":"2023-12-05T13:47:56+00:00","dateModified":"2024-07-31T12:35:04+00:00","author":{"@id":"https:\/\/www.uqac.ca\/uqactualites\/#\/schema\/person\/ae2225f9f23eebff67a6e899225952fb"},"breadcrumb":{"@id":"https:\/\/www.uqac.ca\/uqactualites\/2023\/12\/05\/une-semaine-sous-le-theme-de-la-bienveillance\/#breadcrumb"},"inLanguage":"fr-CA","potentialAction":[{"@type":"ReadAction","target":["https:\/\/www.uqac.ca\/uqactualites\/2023\/12\/05\/une-semaine-sous-le-theme-de-la-bienveillance\/"]}]},{"@type":"ImageObject","inLanguage":"fr-CA","@id":"https:\/\/www.uqac.ca\/uqactualites\/2023\/12\/05\/une-semaine-sous-le-theme-de-la-bienveillance\/#primaryimage","url":"https:\/\/www.uqac.ca\/uqactualites\/wp-content\/uploads\/2023\/12\/MicrosoftTeams-image-27.jpg","contentUrl":"https:\/\/www.uqac.ca\/uqactualites\/wp-content\/uploads\/2023\/12\/MicrosoftTeams-image-27.jpg","width":1024,"height":635},{"@type":"BreadcrumbList","@id":"https:\/\/www.uqac.ca\/uqactualites\/2023\/12\/05\/une-semaine-sous-le-theme-de-la-bienveillance\/#breadcrumb","itemListElement":[{"@type":"ListItem","position":1,"name":"Home","item":"https:\/\/www.uqac.ca\/uqactualites\/"},{"@type":"ListItem","position":2,"name":"Une semaine sous le th\u00e8me de la bienveillance"}]},{"@type":"WebSite","@id":"https:\/\/www.uqac.ca\/uqactualites\/#website","url":"https:\/\/www.uqac.ca\/uqactualites\/","name":"UQACtualit\u00e9s","description":"Le portail des nouvelles de l&#039;UQAC","potentialAction":[{"@type":"SearchAction","target":{"@type":"EntryPoint","urlTemplate":"https:\/\/www.uqac.ca\/uqactualites\/?s={search_term_string}"},"query-input":{"@type":"PropertyValueSpecification","valueRequired":true,"valueName":"search_term_string"}}],"inLanguage":"fr-CA"},{"@type":"Person","@id":"https:\/\/www.uqac.ca\/uqactualites\/#\/schema\/person\/ae2225f9f23eebff67a6e899225952fb","name":"Ghislain Samson","image":{"@type":"ImageObject","inLanguage":"fr-CA","@id":"https:\/\/www.uqac.ca\/uqactualites\/#\/schema\/person\/image\/","url":"https:\/\/secure.gravatar.com\/avatar\/61ad9756d7707fefb25ed321388b2105?s=96&d=mm&r=g","contentUrl":"https:\/\/secure.gravatar.com\/avatar\/61ad9756d7707fefb25ed321388b2105?s=96&d=mm&r=g","caption":"Ghislain Samson"},"url":"https:\/\/www.uqac.ca\/uqactualites\/author\/gsamson\/"}]}},"_links":{"self":[{"href":"https:\/\/www.uqac.ca\/uqactualites\/wp-json\/wp\/v2\/posts\/45467"}],"collection":[{"href":"https:\/\/www.uqac.ca\/uqactualites\/wp-json\/wp\/v2\/posts"}],"about":[{"href":"https:\/\/www.uqac.ca\/uqactualites\/wp-json\/wp\/v2\/types\/post"}],"author":[{"embeddable":true,"href":"https:\/\/www.uqac.ca\/uqactualites\/wp-json\/wp\/v2\/users\/10"}],"replies":[{"embeddable":true,"href":"https:\/\/www.uqac.ca\/uqactualites\/wp-json\/wp\/v2\/comments?post=45467"}],"version-history":[{"count":1,"href":"https:\/\/www.uqac.ca\/uqactualites\/wp-json\/wp\/v2\/posts\/45467\/revisions"}],"predecessor-version":[{"id":45469,"href":"https:\/\/www.uqac.ca\/uqactualites\/wp-json\/wp\/v2\/posts\/45467\/revisions\/45469"}],"wp:featuredmedia":[{"embeddable":true,"href":"https:\/\/www.uqac.ca\/uqactualites\/wp-json\/wp\/v2\/media\/45468"}],"wp:attachment":[{"href":"https:\/\/www.uqac.ca\/uqactualites\/wp-json\/wp\/v2\/media?parent=45467"}],"wp:term":[{"taxonomy":"category","embeddable":true,"href":"https:\/\/www.uqac.ca\/uqactualites\/wp-json\/wp\/v2\/categories?post=45467"},{"taxonomy":"post_tag","embeddable":true,"href":"https:\/\/www.uqac.ca\/uqactualites\/wp-json\/wp\/v2\/tags?post=45467"}],"curies":[{"name":"wp","href":"https:\/\/api.w.org\/{rel}","templated":true}]}}