{"id":45533,"date":"2023-12-14T14:05:34","date_gmt":"2023-12-14T19:05:34","guid":{"rendered":"https:\/\/www.uqac.ca\/uqactualites\/?p=45533"},"modified":"2024-07-31T08:15:44","modified_gmt":"2024-07-31T12:15:44","slug":"luqac-accueille-les-nouveaux-membres-de-son-corps-professoral","status":"publish","type":"post","link":"https:\/\/www.uqac.ca\/uqactualites\/2023\/12\/14\/luqac-accueille-les-nouveaux-membres-de-son-corps-professoral\/","title":{"rendered":"L\u2019UQAC accueille les nouveaux membres de son corps professoral"},"content":{"rendered":"<p>Le 6 d\u00e9cembre dernier, une journ\u00e9e d\u2019accueil destin\u00e9e aux nouvelles professeures et nouveaux professeurs avait lieu sur le campus de l\u2019UQAC.<\/p>\n<p>Ce fut une occasion pour les nouveaux membres du corps professoral, de se familiariser avec <a href=\"https:\/\/www.uqac.ca\/direction-et-services\/#decanats\">les trois d\u00e9canats<\/a> de l\u2019UQAC et avec les diff\u00e9rents services de l\u2019Universit\u00e9. En effet, les professeures et professeurs ont pu assister \u00e0 diverses pr\u00e9sentations qui leur ont permis de se renseigner sur le <a href=\"https:\/\/www.uqac.ca\/scrp\/\">Service des communications et des relations publiques (SCRP)<\/a>, le <a href=\"https:\/\/www.uqac.ca\/secgen\/\">Secr\u00e9tariat g\u00e9n\u00e9ral<\/a>, les <a href=\"https:\/\/sae.uqac.ca\/\">Services aux \u00e9tudiants (SAE),<\/a> le <a href=\"https:\/\/www.uqac.ca\/carrefour\/mission\/\">Carrefour de l&rsquo;enseignement et de l&rsquo;apprentissage<\/a> et la <a href=\"https:\/\/bibliotheque.uqac.ca\/accueil\">Biblioth\u00e8que Paul-\u00c9mile-Boulet<\/a>.<\/p>\n<p>Nous souhaitons la bienvenue aux nouvelles professeures et nouveaux professeurs qui ont r\u00e9cemment rejoint les rangs de l&rsquo;UQAC:<\/p>\n<h6>D\u00e9partement des arts, des lettres et du langage (DALL)<\/h6>\n<ul>\n<li>Marie-Jos\u00e9e Lepage, professeure en fran\u00e7ais langue seconde (auparavant ma\u00eetre de fran\u00e7ais \u00e0 l&rsquo;\u00c9cole de langue fran\u00e7aise de l&rsquo;UQAC)<\/li>\n<li>Jos\u00e9e Simard, professeure en fran\u00e7ais langue seconde (auparavant ma\u00eetre de fran\u00e7ais \u00e0 l&rsquo;\u00c9cole de langue fran\u00e7aise de l&rsquo;UQAC)<\/li>\n<\/ul>\n<h6>D\u00e9partement des sciences appliqu\u00e9es (DSA)<\/h6>\n<ul>\n<li>Oussama Jebbar, professeur en g\u00e9nie informatique<\/li>\n<\/ul>\n<h6>D\u00e9partement des sciences de la sant\u00e9 (DSS)<\/h6>\n<ul>\n<li>Patricia Blanchette, professeure en sciences infirmi\u00e8res<\/li>\n<li>Jessica Larouche, professeure clinicienne en sciences infirmi\u00e8res<\/li>\n<\/ul>\n<h6>D\u00e9partement des sciences \u00e9conomiques et administratives (DSEA)<\/h6>\n<ul>\n<li>Katy Langlais, professeure en management (Centre d&rsquo;\u00e9tudes de l&rsquo;est de la C\u00f4te-Nord \u00e0 Sept-\u00celes)<\/li>\n<\/ul>\n<h6>D\u00e9partement des sciences de l&rsquo;\u00e9ducation (DS\u00c9)<\/h6>\n<ul>\n<li>Maude Roy-Valli\u00e8res, professeure invit\u00e9e en \u00e9ducation pr\u00e9scolaire et d\u00e9veloppement de l&rsquo;enfant<\/li>\n<\/ul>\n<p>&nbsp;<\/p>\n","protected":false},"excerpt":{"rendered":"<p>Le 6 d\u00e9cembre dernier, une journ\u00e9e d\u2019accueil destin\u00e9e aux nouvelles professeures et nouveaux professeurs avait lieu sur le campus de l\u2019UQAC. Ce fut une occasion pour les nouveaux membres du corps professoral, de se familiariser avec les trois d\u00e9canats de l\u2019UQAC et avec les diff\u00e9rents services de l\u2019Universit\u00e9. En effet, les professeures et professeurs ont [&hellip;]<\/p>\n","protected":false},"author":5,"featured_media":45535,"comment_status":"open","ping_status":"open","sticky":false,"template":"","format":"standard","meta":{"footnotes":""},"categories":[2795,2854,61],"tags":[39,21,5,8,23],"yoast_head":"<!-- This site is optimized with the Yoast SEO plugin v24.2 - https:\/\/yoast.com\/wordpress\/plugins\/seo\/ -->\r\n<title>L\u2019UQAC accueille les nouveaux membres de son corps professoral - UQACtualit\u00e9s<\/title>\r\n<meta name=\"description\" content=\"Le 6 d\u00e9cembre dernier, une journ\u00e9e d\u2019accueil destin\u00e9e aux nouvelles professeures et nouveaux professeurs avait lieu sur le campus de l\u2019UQAC.\" \/>\r\n<meta name=\"robots\" content=\"index, follow, max-snippet:-1, max-image-preview:large, max-video-preview:-1\" \/>\r\n<link rel=\"canonical\" href=\"https:\/\/www.uqac.ca\/uqactualites\/2023\/12\/14\/luqac-accueille-les-nouveaux-membres-de-son-corps-professoral\/\" \/>\r\n<meta property=\"og:locale\" content=\"fr_CA\" \/>\r\n<meta property=\"og:type\" content=\"article\" \/>\r\n<meta property=\"og:title\" content=\"L\u2019UQAC accueille les nouveaux membres de son corps professoral - UQACtualit\u00e9s\" \/>\r\n<meta property=\"og:description\" content=\"Le 6 d\u00e9cembre dernier, une journ\u00e9e d\u2019accueil destin\u00e9e aux nouvelles professeures et nouveaux professeurs avait lieu sur le campus de l\u2019UQAC.\" \/>\r\n<meta property=\"og:url\" content=\"https:\/\/www.uqac.ca\/uqactualites\/2023\/12\/14\/luqac-accueille-les-nouveaux-membres-de-son-corps-professoral\/\" \/>\r\n<meta property=\"og:site_name\" content=\"UQACtualit\u00e9s\" \/>\r\n<meta property=\"article:published_time\" content=\"2023-12-14T19:05:34+00:00\" \/>\r\n<meta property=\"article:modified_time\" content=\"2024-07-31T12:15:44+00:00\" \/>\r\n<meta property=\"og:image\" content=\"https:\/\/www.uqac.ca\/uqactualites\/wp-content\/uploads\/2023\/12\/nouveaux-profs-dad-mduhaime-a23.jpg\" \/>\r\n\t<meta property=\"og:image:width\" content=\"1800\" \/>\r\n\t<meta property=\"og:image:height\" content=\"1200\" \/>\r\n\t<meta property=\"og:image:type\" content=\"image\/jpeg\" \/>\r\n<meta name=\"author\" content=\"Service des communications et des relations publiques\" \/>\r\n<meta name=\"twitter:card\" content=\"summary_large_image\" \/>\r\n<meta name=\"twitter:label1\" content=\"\u00c9crit par\" \/>\n\t<meta name=\"twitter:data1\" content=\"Service des communications et des relations publiques\" \/>\n\t<meta name=\"twitter:label2\" content=\"Estimation du temps de lecture\" \/>\n\t<meta name=\"twitter:data2\" content=\"2 minutes\" \/>\r\n<script type=\"application\/ld+json\" class=\"yoast-schema-graph\">{\"@context\":\"https:\/\/schema.org\",\"@graph\":[{\"@type\":\"WebPage\",\"@id\":\"https:\/\/www.uqac.ca\/uqactualites\/2023\/12\/14\/luqac-accueille-les-nouveaux-membres-de-son-corps-professoral\/\",\"url\":\"https:\/\/www.uqac.ca\/uqactualites\/2023\/12\/14\/luqac-accueille-les-nouveaux-membres-de-son-corps-professoral\/\",\"name\":\"L\u2019UQAC accueille les nouveaux membres de son corps professoral - UQACtualit\u00e9s\",\"isPartOf\":{\"@id\":\"https:\/\/www.uqac.ca\/uqactualites\/#website\"},\"primaryImageOfPage\":{\"@id\":\"https:\/\/www.uqac.ca\/uqactualites\/2023\/12\/14\/luqac-accueille-les-nouveaux-membres-de-son-corps-professoral\/#primaryimage\"},\"image\":{\"@id\":\"https:\/\/www.uqac.ca\/uqactualites\/2023\/12\/14\/luqac-accueille-les-nouveaux-membres-de-son-corps-professoral\/#primaryimage\"},\"thumbnailUrl\":\"https:\/\/www.uqac.ca\/uqactualites\/wp-content\/uploads\/2023\/12\/nouveaux-profs-dad-mduhaime-a23.jpg\",\"datePublished\":\"2023-12-14T19:05:34+00:00\",\"dateModified\":\"2024-07-31T12:15:44+00:00\",\"author\":{\"@id\":\"https:\/\/www.uqac.ca\/uqactualites\/#\/schema\/person\/366c45a0c4f0e677b41b4af5886e2018\"},\"description\":\"Le 6 d\u00e9cembre dernier, une journ\u00e9e d\u2019accueil destin\u00e9e aux nouvelles professeures et nouveaux professeurs avait lieu sur le campus de l\u2019UQAC.\",\"breadcrumb\":{\"@id\":\"https:\/\/www.uqac.ca\/uqactualites\/2023\/12\/14\/luqac-accueille-les-nouveaux-membres-de-son-corps-professoral\/#breadcrumb\"},\"inLanguage\":\"fr-CA\",\"potentialAction\":[{\"@type\":\"ReadAction\",\"target\":[\"https:\/\/www.uqac.ca\/uqactualites\/2023\/12\/14\/luqac-accueille-les-nouveaux-membres-de-son-corps-professoral\/\"]}]},{\"@type\":\"ImageObject\",\"inLanguage\":\"fr-CA\",\"@id\":\"https:\/\/www.uqac.ca\/uqactualites\/2023\/12\/14\/luqac-accueille-les-nouveaux-membres-de-son-corps-professoral\/#primaryimage\",\"url\":\"https:\/\/www.uqac.ca\/uqactualites\/wp-content\/uploads\/2023\/12\/nouveaux-profs-dad-mduhaime-a23.jpg\",\"contentUrl\":\"https:\/\/www.uqac.ca\/uqactualites\/wp-content\/uploads\/2023\/12\/nouveaux-profs-dad-mduhaime-a23.jpg\",\"width\":1800,\"height\":1200,\"caption\":\"Les 5 professeures et professeurs pr\u00e9sents lors de la journ\u00e9e d'accueil accompagn\u00e9s de la Doyenne des affaires d\u00e9partementales (de gauche \u00e0 droite): Jos\u00e9e Simard (DALL), Marie-Jos\u00e9e Lepage (DALL), Oussama Jebbar (DSA) Patricia Blanchette (DSS), Jessica Larouche (DSS) et Val\u00e9rie Legendre Guillemin, Doyenne des affaires d\u00e9partementales de l'UQAC\"},{\"@type\":\"BreadcrumbList\",\"@id\":\"https:\/\/www.uqac.ca\/uqactualites\/2023\/12\/14\/luqac-accueille-les-nouveaux-membres-de-son-corps-professoral\/#breadcrumb\",\"itemListElement\":[{\"@type\":\"ListItem\",\"position\":1,\"name\":\"Home\",\"item\":\"https:\/\/www.uqac.ca\/uqactualites\/\"},{\"@type\":\"ListItem\",\"position\":2,\"name\":\"L\u2019UQAC accueille les nouveaux membres de son corps professoral\"}]},{\"@type\":\"WebSite\",\"@id\":\"https:\/\/www.uqac.ca\/uqactualites\/#website\",\"url\":\"https:\/\/www.uqac.ca\/uqactualites\/\",\"name\":\"UQACtualit\u00e9s\",\"description\":\"Le portail des nouvelles de l&#039;UQAC\",\"potentialAction\":[{\"@type\":\"SearchAction\",\"target\":{\"@type\":\"EntryPoint\",\"urlTemplate\":\"https:\/\/www.uqac.ca\/uqactualites\/?s={search_term_string}\"},\"query-input\":{\"@type\":\"PropertyValueSpecification\",\"valueRequired\":true,\"valueName\":\"search_term_string\"}}],\"inLanguage\":\"fr-CA\"},{\"@type\":\"Person\",\"@id\":\"https:\/\/www.uqac.ca\/uqactualites\/#\/schema\/person\/366c45a0c4f0e677b41b4af5886e2018\",\"name\":\"Service des communications et des relations publiques\",\"image\":{\"@type\":\"ImageObject\",\"inLanguage\":\"fr-CA\",\"@id\":\"https:\/\/www.uqac.ca\/uqactualites\/#\/schema\/person\/image\/\",\"url\":\"https:\/\/secure.gravatar.com\/avatar\/20fbbda8a292f59f2d3461a5b999c00b?s=96&d=mm&r=g\",\"contentUrl\":\"https:\/\/secure.gravatar.com\/avatar\/20fbbda8a292f59f2d3461a5b999c00b?s=96&d=mm&r=g\",\"caption\":\"Service des communications et des relations publiques\"},\"url\":\"https:\/\/www.uqac.ca\/uqactualites\/author\/bap\/\"}]}<\/script>\r\n<!-- \/ Yoast SEO plugin. -->","yoast_head_json":{"title":"L\u2019UQAC accueille les nouveaux membres de son corps professoral - UQACtualit\u00e9s","description":"Le 6 d\u00e9cembre dernier, une journ\u00e9e d\u2019accueil destin\u00e9e aux nouvelles professeures et nouveaux professeurs avait lieu sur le campus de l\u2019UQAC.","robots":{"index":"index","follow":"follow","max-snippet":"max-snippet:-1","max-image-preview":"max-image-preview:large","max-video-preview":"max-video-preview:-1"},"canonical":"https:\/\/www.uqac.ca\/uqactualites\/2023\/12\/14\/luqac-accueille-les-nouveaux-membres-de-son-corps-professoral\/","og_locale":"fr_CA","og_type":"article","og_title":"L\u2019UQAC accueille les nouveaux membres de son corps professoral - UQACtualit\u00e9s","og_description":"Le 6 d\u00e9cembre dernier, une journ\u00e9e d\u2019accueil destin\u00e9e aux nouvelles professeures et nouveaux professeurs avait lieu sur le campus de l\u2019UQAC.","og_url":"https:\/\/www.uqac.ca\/uqactualites\/2023\/12\/14\/luqac-accueille-les-nouveaux-membres-de-son-corps-professoral\/","og_site_name":"UQACtualit\u00e9s","article_published_time":"2023-12-14T19:05:34+00:00","article_modified_time":"2024-07-31T12:15:44+00:00","og_image":[{"width":1800,"height":1200,"url":"https:\/\/www.uqac.ca\/uqactualites\/wp-content\/uploads\/2023\/12\/nouveaux-profs-dad-mduhaime-a23.jpg","type":"image\/jpeg"}],"author":"Service des communications et des relations publiques","twitter_card":"summary_large_image","twitter_misc":{"\u00c9crit par":"Service des communications et des relations publiques","Estimation du temps de lecture":"2 minutes"},"schema":{"@context":"https:\/\/schema.org","@graph":[{"@type":"WebPage","@id":"https:\/\/www.uqac.ca\/uqactualites\/2023\/12\/14\/luqac-accueille-les-nouveaux-membres-de-son-corps-professoral\/","url":"https:\/\/www.uqac.ca\/uqactualites\/2023\/12\/14\/luqac-accueille-les-nouveaux-membres-de-son-corps-professoral\/","name":"L\u2019UQAC accueille les nouveaux membres de son corps professoral - UQACtualit\u00e9s","isPartOf":{"@id":"https:\/\/www.uqac.ca\/uqactualites\/#website"},"primaryImageOfPage":{"@id":"https:\/\/www.uqac.ca\/uqactualites\/2023\/12\/14\/luqac-accueille-les-nouveaux-membres-de-son-corps-professoral\/#primaryimage"},"image":{"@id":"https:\/\/www.uqac.ca\/uqactualites\/2023\/12\/14\/luqac-accueille-les-nouveaux-membres-de-son-corps-professoral\/#primaryimage"},"thumbnailUrl":"https:\/\/www.uqac.ca\/uqactualites\/wp-content\/uploads\/2023\/12\/nouveaux-profs-dad-mduhaime-a23.jpg","datePublished":"2023-12-14T19:05:34+00:00","dateModified":"2024-07-31T12:15:44+00:00","author":{"@id":"https:\/\/www.uqac.ca\/uqactualites\/#\/schema\/person\/366c45a0c4f0e677b41b4af5886e2018"},"description":"Le 6 d\u00e9cembre dernier, une journ\u00e9e d\u2019accueil destin\u00e9e aux nouvelles professeures et nouveaux professeurs avait lieu sur le campus de l\u2019UQAC.","breadcrumb":{"@id":"https:\/\/www.uqac.ca\/uqactualites\/2023\/12\/14\/luqac-accueille-les-nouveaux-membres-de-son-corps-professoral\/#breadcrumb"},"inLanguage":"fr-CA","potentialAction":[{"@type":"ReadAction","target":["https:\/\/www.uqac.ca\/uqactualites\/2023\/12\/14\/luqac-accueille-les-nouveaux-membres-de-son-corps-professoral\/"]}]},{"@type":"ImageObject","inLanguage":"fr-CA","@id":"https:\/\/www.uqac.ca\/uqactualites\/2023\/12\/14\/luqac-accueille-les-nouveaux-membres-de-son-corps-professoral\/#primaryimage","url":"https:\/\/www.uqac.ca\/uqactualites\/wp-content\/uploads\/2023\/12\/nouveaux-profs-dad-mduhaime-a23.jpg","contentUrl":"https:\/\/www.uqac.ca\/uqactualites\/wp-content\/uploads\/2023\/12\/nouveaux-profs-dad-mduhaime-a23.jpg","width":1800,"height":1200,"caption":"Les 5 professeures et professeurs pr\u00e9sents lors de la journ\u00e9e d'accueil accompagn\u00e9s de la Doyenne des affaires d\u00e9partementales (de gauche \u00e0 droite): Jos\u00e9e Simard (DALL), Marie-Jos\u00e9e Lepage (DALL), Oussama Jebbar (DSA) Patricia Blanchette (DSS), Jessica Larouche (DSS) et Val\u00e9rie Legendre Guillemin, Doyenne des affaires d\u00e9partementales de l'UQAC"},{"@type":"BreadcrumbList","@id":"https:\/\/www.uqac.ca\/uqactualites\/2023\/12\/14\/luqac-accueille-les-nouveaux-membres-de-son-corps-professoral\/#breadcrumb","itemListElement":[{"@type":"ListItem","position":1,"name":"Home","item":"https:\/\/www.uqac.ca\/uqactualites\/"},{"@type":"ListItem","position":2,"name":"L\u2019UQAC accueille les nouveaux membres de son corps professoral"}]},{"@type":"WebSite","@id":"https:\/\/www.uqac.ca\/uqactualites\/#website","url":"https:\/\/www.uqac.ca\/uqactualites\/","name":"UQACtualit\u00e9s","description":"Le portail des nouvelles de l&#039;UQAC","potentialAction":[{"@type":"SearchAction","target":{"@type":"EntryPoint","urlTemplate":"https:\/\/www.uqac.ca\/uqactualites\/?s={search_term_string}"},"query-input":{"@type":"PropertyValueSpecification","valueRequired":true,"valueName":"search_term_string"}}],"inLanguage":"fr-CA"},{"@type":"Person","@id":"https:\/\/www.uqac.ca\/uqactualites\/#\/schema\/person\/366c45a0c4f0e677b41b4af5886e2018","name":"Service des communications et des relations publiques","image":{"@type":"ImageObject","inLanguage":"fr-CA","@id":"https:\/\/www.uqac.ca\/uqactualites\/#\/schema\/person\/image\/","url":"https:\/\/secure.gravatar.com\/avatar\/20fbbda8a292f59f2d3461a5b999c00b?s=96&d=mm&r=g","contentUrl":"https:\/\/secure.gravatar.com\/avatar\/20fbbda8a292f59f2d3461a5b999c00b?s=96&d=mm&r=g","caption":"Service des communications et des relations publiques"},"url":"https:\/\/www.uqac.ca\/uqactualites\/author\/bap\/"}]}},"_links":{"self":[{"href":"https:\/\/www.uqac.ca\/uqactualites\/wp-json\/wp\/v2\/posts\/45533"}],"collection":[{"href":"https:\/\/www.uqac.ca\/uqactualites\/wp-json\/wp\/v2\/posts"}],"about":[{"href":"https:\/\/www.uqac.ca\/uqactualites\/wp-json\/wp\/v2\/types\/post"}],"author":[{"embeddable":true,"href":"https:\/\/www.uqac.ca\/uqactualites\/wp-json\/wp\/v2\/users\/5"}],"replies":[{"embeddable":true,"href":"https:\/\/www.uqac.ca\/uqactualites\/wp-json\/wp\/v2\/comments?post=45533"}],"version-history":[{"count":9,"href":"https:\/\/www.uqac.ca\/uqactualites\/wp-json\/wp\/v2\/posts\/45533\/revisions"}],"predecessor-version":[{"id":45543,"href":"https:\/\/www.uqac.ca\/uqactualites\/wp-json\/wp\/v2\/posts\/45533\/revisions\/45543"}],"wp:featuredmedia":[{"embeddable":true,"href":"https:\/\/www.uqac.ca\/uqactualites\/wp-json\/wp\/v2\/media\/45535"}],"wp:attachment":[{"href":"https:\/\/www.uqac.ca\/uqactualites\/wp-json\/wp\/v2\/media?parent=45533"}],"wp:term":[{"taxonomy":"category","embeddable":true,"href":"https:\/\/www.uqac.ca\/uqactualites\/wp-json\/wp\/v2\/categories?post=45533"},{"taxonomy":"post_tag","embeddable":true,"href":"https:\/\/www.uqac.ca\/uqactualites\/wp-json\/wp\/v2\/tags?post=45533"}],"curies":[{"name":"wp","href":"https:\/\/api.w.org\/{rel}","templated":true}]}}