{"id":45738,"date":"2024-01-09T09:17:07","date_gmt":"2024-01-09T14:17:07","guid":{"rendered":"https:\/\/www.uqac.ca\/uqactualites\/?p=45738"},"modified":"2024-07-29T15:31:31","modified_gmt":"2024-07-29T19:31:31","slug":"maude-roy-vallieres-nouvelle-professeure-en-education-prescolaire-et-en-qualite-educative","status":"publish","type":"post","link":"https:\/\/www.uqac.ca\/uqactualites\/2024\/01\/09\/maude-roy-vallieres-nouvelle-professeure-en-education-prescolaire-et-en-qualite-educative\/","title":{"rendered":"Maude Roy-Valli\u00e8res, nouvelle professeure en \u00e9ducation pr\u00e9scolaire et en qualit\u00e9 \u00e9ducative"},"content":{"rendered":"<p>Bienvenue \u00e0 Maude Roy-Valli\u00e8res, nouvelle professeure au <a href=\"https:\/\/www.uqac.ca\/departements\/dse\/\">D\u00e9partement des sciences de l&rsquo;\u00e9ducation<\/a>.<\/p>\n<p>D\u00e9tentrice d&rsquo;un baccalaur\u00e9at en enseignement primaire et pr\u00e9scolaire, d&rsquo;une ma\u00eetrise en didactique des langues et d&rsquo;un doctorat en sciences de l&rsquo;\u00e9ducation, Maude Roy-Valli\u00e8res est une chercheuse qui s&rsquo;int\u00e9resse \u00e0 la qualit\u00e9 dans les contextes \u00e9ducatifs pr\u00e9scolaires et de la petite enfance du Qu\u00e9bec.<\/p>\n<p>Ses ann\u00e9es d&rsquo;\u00e9tudes et de travail lui ont permis de d\u00e9velopper une expertise en m\u00e9thodes de recherche quantitatives, en recherche documentaire, ainsi que dans la r\u00e9daction de rapports de recherche. Elle collabore notamment avec l&rsquo;\u00c9quipe Qualit\u00e9 des contextes \u00e9ducatifs de la petite enfance \u00e0 l&rsquo;UQAM, l&rsquo;Unit\u00e9 mixte de recherche Petite enfance, grandeur nature \u00e0 l&rsquo;Universit\u00e9 Laval, ainsi que l&rsquo;Observatoire qu\u00e9b\u00e9cois des in\u00e9galit\u00e9s.<\/p>\n<h4>Portrait de professeure en bref<\/h4>\n<p><strong>Champs d\u2019int\u00e9r\u00eat et expertises de recherche<\/strong><\/p>\n<ul>\n<li>Qualit\u00e9 \u00e9ducative<\/li>\n<li>Interactions adulte-enfants<\/li>\n<li>\u00c9ducation pr\u00e9scolaire<\/li>\n<li>Petite enfance<\/li>\n<li>\u00c9mergence de l\u2019\u00e9crit<\/li>\n<\/ul>\n<p><strong>Cours enseign\u00e9s \u00e0 l\u2019UQAC et programmes<\/strong><\/p>\n<ul>\n<li><em><a href=\"https:\/\/programmes.uqac.ca\/3prs312\">3PRS312 Fondements de l\u2019\u00e9ducation pr\u00e9scolaire<\/a><\/em>\n<ul>\n<li>Baccalaur\u00e9at en \u00e9ducation pr\u00e9scolaire et en enseignement primaire<\/li>\n<\/ul>\n<\/li>\n<\/ul>\n<ul>\n<li><em><a href=\"https:\/\/programmes.uqac.ca\/3ppg201\">3PPG201 D\u00e9veloppement affectif, social et moral de l\u2019enfant et de l\u2019adolescent<\/a><\/em>\n<ul>\n<li>Baccalaur\u00e9at en \u00e9ducation pr\u00e9scolaire et en enseignement primaire<\/li>\n<\/ul>\n<\/li>\n<\/ul>\n<p><a href=\"https:\/\/www.linkedin.com\/in\/maude-roy-vallieres\/\" target=\"_blank\" rel=\"noopener\">Page LinkedIn de la professeure<\/a><\/p>\n","protected":false},"excerpt":{"rendered":"<p>Bienvenue \u00e0 Maude Roy-Valli\u00e8res, nouvelle professeure au D\u00e9partement des sciences de l&rsquo;\u00e9ducation. D\u00e9tentrice d&rsquo;un baccalaur\u00e9at en enseignement primaire et pr\u00e9scolaire, d&rsquo;une ma\u00eetrise en didactique des langues et d&rsquo;un doctorat en sciences de l&rsquo;\u00e9ducation, Maude Roy-Valli\u00e8res est une chercheuse qui s&rsquo;int\u00e9resse \u00e0 la qualit\u00e9 dans les contextes \u00e9ducatifs pr\u00e9scolaires et de la petite enfance du Qu\u00e9bec. [&hellip;]<\/p>\n","protected":false},"author":5,"featured_media":45756,"comment_status":"open","ping_status":"open","sticky":false,"template":"","format":"standard","meta":{"footnotes":""},"categories":[2846,248],"tags":[5,2822,565],"yoast_head":"<!-- This site is optimized with the Yoast SEO plugin v24.2 - https:\/\/yoast.com\/wordpress\/plugins\/seo\/ -->\r\n<title>Maude Roy-Valli\u00e8res, nouvelle professeure en \u00e9ducation pr\u00e9scolaire et en qualit\u00e9 \u00e9ducative - UQACtualit\u00e9s<\/title>\r\n<meta name=\"description\" content=\"Bienvenue \u00e0 Maude Roy-Valli\u00e8res, nouvelle professeure au D\u00e9partement des sciences de l&#039;\u00e9ducation de l&#039;Universit\u00e9 du Qu\u00e9bec.\" \/>\r\n<meta name=\"robots\" content=\"index, follow, max-snippet:-1, max-image-preview:large, max-video-preview:-1\" \/>\r\n<link rel=\"canonical\" href=\"https:\/\/www.uqac.ca\/uqactualites\/2024\/01\/09\/maude-roy-vallieres-nouvelle-professeure-en-education-prescolaire-et-en-qualite-educative\/\" \/>\r\n<meta property=\"og:locale\" content=\"fr_CA\" \/>\r\n<meta property=\"og:type\" content=\"article\" \/>\r\n<meta property=\"og:title\" content=\"Maude Roy-Valli\u00e8res, nouvelle professeure en \u00e9ducation pr\u00e9scolaire et en qualit\u00e9 \u00e9ducative - UQACtualit\u00e9s\" \/>\r\n<meta property=\"og:description\" content=\"Bienvenue \u00e0 Maude Roy-Valli\u00e8res, nouvelle professeure au D\u00e9partement des sciences de l&#039;\u00e9ducation de l&#039;Universit\u00e9 du Qu\u00e9bec.\" \/>\r\n<meta property=\"og:url\" content=\"https:\/\/www.uqac.ca\/uqactualites\/2024\/01\/09\/maude-roy-vallieres-nouvelle-professeure-en-education-prescolaire-et-en-qualite-educative\/\" \/>\r\n<meta property=\"og:site_name\" content=\"UQACtualit\u00e9s\" \/>\r\n<meta property=\"article:published_time\" content=\"2024-01-09T14:17:07+00:00\" \/>\r\n<meta property=\"article:modified_time\" content=\"2024-07-29T19:31:31+00:00\" \/>\r\n<meta property=\"og:image\" content=\"https:\/\/www.uqac.ca\/uqactualites\/wp-content\/uploads\/2024\/01\/roy-valiere-mduhaime-h24-2.jpg\" \/>\r\n\t<meta property=\"og:image:width\" content=\"1920\" \/>\r\n\t<meta property=\"og:image:height\" content=\"1280\" \/>\r\n\t<meta property=\"og:image:type\" content=\"image\/jpeg\" \/>\r\n<meta name=\"author\" content=\"Service des communications et des relations publiques\" \/>\r\n<meta name=\"twitter:card\" content=\"summary_large_image\" \/>\r\n<meta name=\"twitter:label1\" content=\"\u00c9crit par\" \/>\n\t<meta name=\"twitter:data1\" content=\"Service des communications et des relations publiques\" \/>\n\t<meta name=\"twitter:label2\" content=\"Estimation du temps de lecture\" \/>\n\t<meta name=\"twitter:data2\" content=\"2 minutes\" \/>\r\n<script type=\"application\/ld+json\" class=\"yoast-schema-graph\">{\"@context\":\"https:\/\/schema.org\",\"@graph\":[{\"@type\":\"WebPage\",\"@id\":\"https:\/\/www.uqac.ca\/uqactualites\/2024\/01\/09\/maude-roy-vallieres-nouvelle-professeure-en-education-prescolaire-et-en-qualite-educative\/\",\"url\":\"https:\/\/www.uqac.ca\/uqactualites\/2024\/01\/09\/maude-roy-vallieres-nouvelle-professeure-en-education-prescolaire-et-en-qualite-educative\/\",\"name\":\"Maude Roy-Valli\u00e8res, nouvelle professeure en \u00e9ducation pr\u00e9scolaire et en qualit\u00e9 \u00e9ducative - UQACtualit\u00e9s\",\"isPartOf\":{\"@id\":\"https:\/\/www.uqac.ca\/uqactualites\/#website\"},\"primaryImageOfPage\":{\"@id\":\"https:\/\/www.uqac.ca\/uqactualites\/2024\/01\/09\/maude-roy-vallieres-nouvelle-professeure-en-education-prescolaire-et-en-qualite-educative\/#primaryimage\"},\"image\":{\"@id\":\"https:\/\/www.uqac.ca\/uqactualites\/2024\/01\/09\/maude-roy-vallieres-nouvelle-professeure-en-education-prescolaire-et-en-qualite-educative\/#primaryimage\"},\"thumbnailUrl\":\"https:\/\/www.uqac.ca\/uqactualites\/wp-content\/uploads\/2024\/01\/roy-valiere-mduhaime-h24-2.jpg\",\"datePublished\":\"2024-01-09T14:17:07+00:00\",\"dateModified\":\"2024-07-29T19:31:31+00:00\",\"author\":{\"@id\":\"https:\/\/www.uqac.ca\/uqactualites\/#\/schema\/person\/366c45a0c4f0e677b41b4af5886e2018\"},\"description\":\"Bienvenue \u00e0 Maude Roy-Valli\u00e8res, nouvelle professeure au D\u00e9partement des sciences de l'\u00e9ducation de l'Universit\u00e9 du Qu\u00e9bec.\",\"breadcrumb\":{\"@id\":\"https:\/\/www.uqac.ca\/uqactualites\/2024\/01\/09\/maude-roy-vallieres-nouvelle-professeure-en-education-prescolaire-et-en-qualite-educative\/#breadcrumb\"},\"inLanguage\":\"fr-CA\",\"potentialAction\":[{\"@type\":\"ReadAction\",\"target\":[\"https:\/\/www.uqac.ca\/uqactualites\/2024\/01\/09\/maude-roy-vallieres-nouvelle-professeure-en-education-prescolaire-et-en-qualite-educative\/\"]}]},{\"@type\":\"ImageObject\",\"inLanguage\":\"fr-CA\",\"@id\":\"https:\/\/www.uqac.ca\/uqactualites\/2024\/01\/09\/maude-roy-vallieres-nouvelle-professeure-en-education-prescolaire-et-en-qualite-educative\/#primaryimage\",\"url\":\"https:\/\/www.uqac.ca\/uqactualites\/wp-content\/uploads\/2024\/01\/roy-valiere-mduhaime-h24-2.jpg\",\"contentUrl\":\"https:\/\/www.uqac.ca\/uqactualites\/wp-content\/uploads\/2024\/01\/roy-valiere-mduhaime-h24-2.jpg\",\"width\":1920,\"height\":1280,\"caption\":\"Maude Roy-Valli\u00e8res\"},{\"@type\":\"BreadcrumbList\",\"@id\":\"https:\/\/www.uqac.ca\/uqactualites\/2024\/01\/09\/maude-roy-vallieres-nouvelle-professeure-en-education-prescolaire-et-en-qualite-educative\/#breadcrumb\",\"itemListElement\":[{\"@type\":\"ListItem\",\"position\":1,\"name\":\"Home\",\"item\":\"https:\/\/www.uqac.ca\/uqactualites\/\"},{\"@type\":\"ListItem\",\"position\":2,\"name\":\"Maude Roy-Valli\u00e8res, nouvelle professeure en \u00e9ducation pr\u00e9scolaire et en qualit\u00e9 \u00e9ducative\"}]},{\"@type\":\"WebSite\",\"@id\":\"https:\/\/www.uqac.ca\/uqactualites\/#website\",\"url\":\"https:\/\/www.uqac.ca\/uqactualites\/\",\"name\":\"UQACtualit\u00e9s\",\"description\":\"Le portail des nouvelles de l&#039;UQAC\",\"potentialAction\":[{\"@type\":\"SearchAction\",\"target\":{\"@type\":\"EntryPoint\",\"urlTemplate\":\"https:\/\/www.uqac.ca\/uqactualites\/?s={search_term_string}\"},\"query-input\":{\"@type\":\"PropertyValueSpecification\",\"valueRequired\":true,\"valueName\":\"search_term_string\"}}],\"inLanguage\":\"fr-CA\"},{\"@type\":\"Person\",\"@id\":\"https:\/\/www.uqac.ca\/uqactualites\/#\/schema\/person\/366c45a0c4f0e677b41b4af5886e2018\",\"name\":\"Service des communications et des relations publiques\",\"image\":{\"@type\":\"ImageObject\",\"inLanguage\":\"fr-CA\",\"@id\":\"https:\/\/www.uqac.ca\/uqactualites\/#\/schema\/person\/image\/\",\"url\":\"https:\/\/secure.gravatar.com\/avatar\/20fbbda8a292f59f2d3461a5b999c00b?s=96&d=mm&r=g\",\"contentUrl\":\"https:\/\/secure.gravatar.com\/avatar\/20fbbda8a292f59f2d3461a5b999c00b?s=96&d=mm&r=g\",\"caption\":\"Service des communications et des relations publiques\"},\"url\":\"https:\/\/www.uqac.ca\/uqactualites\/author\/bap\/\"}]}<\/script>\r\n<!-- \/ Yoast SEO plugin. -->","yoast_head_json":{"title":"Maude Roy-Valli\u00e8res, nouvelle professeure en \u00e9ducation pr\u00e9scolaire et en qualit\u00e9 \u00e9ducative - UQACtualit\u00e9s","description":"Bienvenue \u00e0 Maude Roy-Valli\u00e8res, nouvelle professeure au D\u00e9partement des sciences de l'\u00e9ducation de l'Universit\u00e9 du Qu\u00e9bec.","robots":{"index":"index","follow":"follow","max-snippet":"max-snippet:-1","max-image-preview":"max-image-preview:large","max-video-preview":"max-video-preview:-1"},"canonical":"https:\/\/www.uqac.ca\/uqactualites\/2024\/01\/09\/maude-roy-vallieres-nouvelle-professeure-en-education-prescolaire-et-en-qualite-educative\/","og_locale":"fr_CA","og_type":"article","og_title":"Maude Roy-Valli\u00e8res, nouvelle professeure en \u00e9ducation pr\u00e9scolaire et en qualit\u00e9 \u00e9ducative - UQACtualit\u00e9s","og_description":"Bienvenue \u00e0 Maude Roy-Valli\u00e8res, nouvelle professeure au D\u00e9partement des sciences de l'\u00e9ducation de l'Universit\u00e9 du Qu\u00e9bec.","og_url":"https:\/\/www.uqac.ca\/uqactualites\/2024\/01\/09\/maude-roy-vallieres-nouvelle-professeure-en-education-prescolaire-et-en-qualite-educative\/","og_site_name":"UQACtualit\u00e9s","article_published_time":"2024-01-09T14:17:07+00:00","article_modified_time":"2024-07-29T19:31:31+00:00","og_image":[{"width":1920,"height":1280,"url":"https:\/\/www.uqac.ca\/uqactualites\/wp-content\/uploads\/2024\/01\/roy-valiere-mduhaime-h24-2.jpg","type":"image\/jpeg"}],"author":"Service des communications et des relations publiques","twitter_card":"summary_large_image","twitter_misc":{"\u00c9crit par":"Service des communications et des relations publiques","Estimation du temps de lecture":"2 minutes"},"schema":{"@context":"https:\/\/schema.org","@graph":[{"@type":"WebPage","@id":"https:\/\/www.uqac.ca\/uqactualites\/2024\/01\/09\/maude-roy-vallieres-nouvelle-professeure-en-education-prescolaire-et-en-qualite-educative\/","url":"https:\/\/www.uqac.ca\/uqactualites\/2024\/01\/09\/maude-roy-vallieres-nouvelle-professeure-en-education-prescolaire-et-en-qualite-educative\/","name":"Maude Roy-Valli\u00e8res, nouvelle professeure en \u00e9ducation pr\u00e9scolaire et en qualit\u00e9 \u00e9ducative - UQACtualit\u00e9s","isPartOf":{"@id":"https:\/\/www.uqac.ca\/uqactualites\/#website"},"primaryImageOfPage":{"@id":"https:\/\/www.uqac.ca\/uqactualites\/2024\/01\/09\/maude-roy-vallieres-nouvelle-professeure-en-education-prescolaire-et-en-qualite-educative\/#primaryimage"},"image":{"@id":"https:\/\/www.uqac.ca\/uqactualites\/2024\/01\/09\/maude-roy-vallieres-nouvelle-professeure-en-education-prescolaire-et-en-qualite-educative\/#primaryimage"},"thumbnailUrl":"https:\/\/www.uqac.ca\/uqactualites\/wp-content\/uploads\/2024\/01\/roy-valiere-mduhaime-h24-2.jpg","datePublished":"2024-01-09T14:17:07+00:00","dateModified":"2024-07-29T19:31:31+00:00","author":{"@id":"https:\/\/www.uqac.ca\/uqactualites\/#\/schema\/person\/366c45a0c4f0e677b41b4af5886e2018"},"description":"Bienvenue \u00e0 Maude Roy-Valli\u00e8res, nouvelle professeure au D\u00e9partement des sciences de l'\u00e9ducation de l'Universit\u00e9 du Qu\u00e9bec.","breadcrumb":{"@id":"https:\/\/www.uqac.ca\/uqactualites\/2024\/01\/09\/maude-roy-vallieres-nouvelle-professeure-en-education-prescolaire-et-en-qualite-educative\/#breadcrumb"},"inLanguage":"fr-CA","potentialAction":[{"@type":"ReadAction","target":["https:\/\/www.uqac.ca\/uqactualites\/2024\/01\/09\/maude-roy-vallieres-nouvelle-professeure-en-education-prescolaire-et-en-qualite-educative\/"]}]},{"@type":"ImageObject","inLanguage":"fr-CA","@id":"https:\/\/www.uqac.ca\/uqactualites\/2024\/01\/09\/maude-roy-vallieres-nouvelle-professeure-en-education-prescolaire-et-en-qualite-educative\/#primaryimage","url":"https:\/\/www.uqac.ca\/uqactualites\/wp-content\/uploads\/2024\/01\/roy-valiere-mduhaime-h24-2.jpg","contentUrl":"https:\/\/www.uqac.ca\/uqactualites\/wp-content\/uploads\/2024\/01\/roy-valiere-mduhaime-h24-2.jpg","width":1920,"height":1280,"caption":"Maude Roy-Valli\u00e8res"},{"@type":"BreadcrumbList","@id":"https:\/\/www.uqac.ca\/uqactualites\/2024\/01\/09\/maude-roy-vallieres-nouvelle-professeure-en-education-prescolaire-et-en-qualite-educative\/#breadcrumb","itemListElement":[{"@type":"ListItem","position":1,"name":"Home","item":"https:\/\/www.uqac.ca\/uqactualites\/"},{"@type":"ListItem","position":2,"name":"Maude Roy-Valli\u00e8res, nouvelle professeure en \u00e9ducation pr\u00e9scolaire et en qualit\u00e9 \u00e9ducative"}]},{"@type":"WebSite","@id":"https:\/\/www.uqac.ca\/uqactualites\/#website","url":"https:\/\/www.uqac.ca\/uqactualites\/","name":"UQACtualit\u00e9s","description":"Le portail des nouvelles de l&#039;UQAC","potentialAction":[{"@type":"SearchAction","target":{"@type":"EntryPoint","urlTemplate":"https:\/\/www.uqac.ca\/uqactualites\/?s={search_term_string}"},"query-input":{"@type":"PropertyValueSpecification","valueRequired":true,"valueName":"search_term_string"}}],"inLanguage":"fr-CA"},{"@type":"Person","@id":"https:\/\/www.uqac.ca\/uqactualites\/#\/schema\/person\/366c45a0c4f0e677b41b4af5886e2018","name":"Service des communications et des relations publiques","image":{"@type":"ImageObject","inLanguage":"fr-CA","@id":"https:\/\/www.uqac.ca\/uqactualites\/#\/schema\/person\/image\/","url":"https:\/\/secure.gravatar.com\/avatar\/20fbbda8a292f59f2d3461a5b999c00b?s=96&d=mm&r=g","contentUrl":"https:\/\/secure.gravatar.com\/avatar\/20fbbda8a292f59f2d3461a5b999c00b?s=96&d=mm&r=g","caption":"Service des communications et des relations publiques"},"url":"https:\/\/www.uqac.ca\/uqactualites\/author\/bap\/"}]}},"_links":{"self":[{"href":"https:\/\/www.uqac.ca\/uqactualites\/wp-json\/wp\/v2\/posts\/45738"}],"collection":[{"href":"https:\/\/www.uqac.ca\/uqactualites\/wp-json\/wp\/v2\/posts"}],"about":[{"href":"https:\/\/www.uqac.ca\/uqactualites\/wp-json\/wp\/v2\/types\/post"}],"author":[{"embeddable":true,"href":"https:\/\/www.uqac.ca\/uqactualites\/wp-json\/wp\/v2\/users\/5"}],"replies":[{"embeddable":true,"href":"https:\/\/www.uqac.ca\/uqactualites\/wp-json\/wp\/v2\/comments?post=45738"}],"version-history":[{"count":7,"href":"https:\/\/www.uqac.ca\/uqactualites\/wp-json\/wp\/v2\/posts\/45738\/revisions"}],"predecessor-version":[{"id":48162,"href":"https:\/\/www.uqac.ca\/uqactualites\/wp-json\/wp\/v2\/posts\/45738\/revisions\/48162"}],"wp:featuredmedia":[{"embeddable":true,"href":"https:\/\/www.uqac.ca\/uqactualites\/wp-json\/wp\/v2\/media\/45756"}],"wp:attachment":[{"href":"https:\/\/www.uqac.ca\/uqactualites\/wp-json\/wp\/v2\/media?parent=45738"}],"wp:term":[{"taxonomy":"category","embeddable":true,"href":"https:\/\/www.uqac.ca\/uqactualites\/wp-json\/wp\/v2\/categories?post=45738"},{"taxonomy":"post_tag","embeddable":true,"href":"https:\/\/www.uqac.ca\/uqactualites\/wp-json\/wp\/v2\/tags?post=45738"}],"curies":[{"name":"wp","href":"https:\/\/api.w.org\/{rel}","templated":true}]}}