{"id":45742,"date":"2024-01-09T08:50:49","date_gmt":"2024-01-09T13:50:49","guid":{"rendered":"https:\/\/www.uqac.ca\/uqactualites\/?p=45742"},"modified":"2024-07-29T15:33:50","modified_gmt":"2024-07-29T19:33:50","slug":"katy-langlais-nouvelle-professeure-en-gestion-des-ressources-humaines-et-en-developpement-organisationnel","status":"publish","type":"post","link":"https:\/\/www.uqac.ca\/uqactualites\/2024\/01\/09\/katy-langlais-nouvelle-professeure-en-gestion-des-ressources-humaines-et-en-developpement-organisationnel\/","title":{"rendered":"Katy Langlais, nouvelle professeure en gestion des ressources humaines et en d\u00e9veloppement organisationnel"},"content":{"rendered":"<p>Apr\u00e8s avoir \u00e9t\u00e9 charg\u00e9e de cours \u00e0 l\u2019UQAC depuis 2017, Katy Langlais rejoint d\u00e9sormais le corps professoral de l\u2019universit\u00e9. Bienvenue!<\/p>\n<p>Katy Langlais poss\u00e8de pr\u00e8s de 25 ans d\u2019exp\u00e9rience en gestion des ressources humaines, dont 16 ans dans l\u2019industrie lourde et grands projets de construction, 8 ans en consultation d\u2019entreprises (PME) et 10 ans en coaching de gestionnaires.<\/p>\n<p>Elle termine actuellement sa th\u00e8se dans le cadre du <a href=\"https:\/\/www.uqac.ca\/programme\/3077-doctorat-en-management-de-projets\/?officiel=oui\" target=\"_blank\" rel=\"noopener\">doctorat en management de projets<\/a>. Son sujet explore le leadership exerc\u00e9 par les femmes en gestion de projet, dans les environnements majoritairement masculins. Le cheminement de carri\u00e8re de la nouvelle professeure l\u2019a amen\u00e9e \u00e0 toucher \u00e0 l\u2019administration, \u00e0 la conception de strat\u00e9gies et de tableaux de bord, \u00e0 la gestion des ressources humaines, au coaching ainsi qu\u2019au conseil en entreprise. Elle a notamment explor\u00e9 diff\u00e9rentes avenues de la gestion des ressources humaines, dont le d\u00e9veloppement et la formation du personnel.<\/p>\n<h4>Portrait de professeure en bref<\/h4>\n<p><strong>Champs d\u2019int\u00e9r\u00eat et expertises de recherche<\/strong><\/p>\n<ul>\n<li>Leadership des femmes en milieu majoritairement masculin<\/li>\n<li>Gestionnaire de projet<\/li>\n<li>Ressources humaines<\/li>\n<li>Gestion de projet et succ\u00e8s des projets<\/li>\n<li>Leadership des \u00e9quipes de projets<\/li>\n<li>Leadership des femmes dans les postes de direction autochtone<\/li>\n<\/ul>\n<p><strong>Cours enseign\u00e9s \u00e0 l\u2019UQAC et programmes<\/strong><\/p>\n<ul>\n<li><a href=\"https:\/\/programmes.uqac.ca\/2man318\" target=\"_blank\" rel=\"noopener\"><em>2MAN318 Appr\u00e9ciation de la contribution et d\u00e9veloppement des comp\u00e9tences<\/em><\/a>\n<ul>\n<li>Baccalaur\u00e9at en administration<\/li>\n<\/ul>\n<\/li>\n<\/ul>\n<ul>\n<li><a href=\"https:\/\/programmes.uqac.ca\/2man513\" target=\"_blank\" rel=\"noopener\"><em>2MAN513 \u00c9valuation des emplois et r\u00e9mun\u00e9ration<\/em><\/a>\n<ul>\n<li>Baccalaur\u00e9at en administration<\/li>\n<\/ul>\n<\/li>\n<\/ul>\n<ul>\n<li><a href=\"https:\/\/programmes.uqac.ca\/2man216\" target=\"_blank\" rel=\"noopener\"><em>2MAN216 Gestion des ressources humaines<\/em><\/a>\n<ul>\n<li>Baccalaur\u00e9at en administration<\/li>\n<li>Baccalaur\u00e9at en informatique de la science des donn\u00e9es et de l&rsquo;intelligence d&rsquo;affaires<\/li>\n<li>Baccalaur\u00e9at en kin\u00e9siologie<\/li>\n<li>Baccalaur\u00e9at en sciences (r\u00e9adaptation)<\/li>\n<li>Baccalaur\u00e9at en sciences comptables<\/li>\n<\/ul>\n<\/li>\n<\/ul>\n<ul>\n<li><a href=\"https:\/\/programmes.uqac.ca\/2man350\" target=\"_blank\" rel=\"noopener\"><em>2MAN350 Habilet\u00e9s d&rsquo;intervention et r\u00f4le-conseil en gestion des ressources humaines<\/em><\/a>\n<ul>\n<li>Baccalaur\u00e9at en administration<\/li>\n<\/ul>\n<\/li>\n<\/ul>\n<ul>\n<li><a href=\"https:\/\/programmes.uqac.ca\/2man152\" target=\"_blank\" rel=\"noopener\"><em>2MAN152 Leadership dans les groupes et les organisations<\/em><\/a>\n<ul>\n<li>Baccalaur\u00e9at en intervention plein air<\/li>\n<\/ul>\n<\/li>\n<\/ul>\n<ul>\n<li><a href=\"https:\/\/programmes.uqac.ca\/2man222\" target=\"_blank\" rel=\"noopener\"><em>2MAN222 Strat\u00e9gie en ressources humaines et d\u00e9veloppement organisationnel<\/em><\/a>\n<ul>\n<li>Baccalaur\u00e9at en administration<\/li>\n<\/ul>\n<\/li>\n<\/ul>\n<p><a href=\"http:\/\/www.linkedin.com\/in\/katy-langlais-72005318\">Page LinkedIn de la professeure<\/a><\/p>\n<p>&nbsp;<\/p>\n","protected":false},"excerpt":{"rendered":"<p>Apr\u00e8s avoir \u00e9t\u00e9 charg\u00e9e de cours \u00e0 l\u2019UQAC depuis 2017, Katy Langlais rejoint d\u00e9sormais le corps professoral de l\u2019universit\u00e9. Bienvenue! Katy Langlais poss\u00e8de pr\u00e8s de 25 ans d\u2019exp\u00e9rience en gestion des ressources humaines, dont 16 ans dans l\u2019industrie lourde et grands projets de construction, 8 ans en consultation d\u2019entreprises (PME) et 10 ans en coaching [&hellip;]<\/p>\n","protected":false},"author":5,"featured_media":45754,"comment_status":"open","ping_status":"open","sticky":false,"template":"","format":"standard","meta":{"footnotes":""},"categories":[2846,248],"tags":[412,8,565],"yoast_head":"<!-- This site is optimized with the Yoast SEO plugin v24.2 - https:\/\/yoast.com\/wordpress\/plugins\/seo\/ -->\r\n<title>Katy Langlais, nouvelle professeure en gestion des ressources humaines et en d\u00e9veloppement organisationnel - UQACtualit\u00e9s<\/title>\r\n<meta name=\"description\" content=\"Apr\u00e8s avoir \u00e9t\u00e9 charg\u00e9e de cours \u00e0 l\u2019UQAC depuis 2017, Katy Langlais rejoint d\u00e9sormais le corps professoral de l\u2019universit\u00e9. Bienvenue!\" \/>\r\n<meta name=\"robots\" content=\"index, follow, max-snippet:-1, max-image-preview:large, max-video-preview:-1\" \/>\r\n<link rel=\"canonical\" href=\"https:\/\/www.uqac.ca\/uqactualites\/2024\/01\/09\/katy-langlais-nouvelle-professeure-en-gestion-des-ressources-humaines-et-en-developpement-organisationnel\/\" \/>\r\n<meta property=\"og:locale\" content=\"fr_CA\" \/>\r\n<meta property=\"og:type\" content=\"article\" \/>\r\n<meta property=\"og:title\" content=\"Katy Langlais, nouvelle professeure en gestion des ressources humaines et en d\u00e9veloppement organisationnel - UQACtualit\u00e9s\" \/>\r\n<meta property=\"og:description\" content=\"Apr\u00e8s avoir \u00e9t\u00e9 charg\u00e9e de cours \u00e0 l\u2019UQAC depuis 2017, Katy Langlais rejoint d\u00e9sormais le corps professoral de l\u2019universit\u00e9. Bienvenue!\" \/>\r\n<meta property=\"og:url\" content=\"https:\/\/www.uqac.ca\/uqactualites\/2024\/01\/09\/katy-langlais-nouvelle-professeure-en-gestion-des-ressources-humaines-et-en-developpement-organisationnel\/\" \/>\r\n<meta property=\"og:site_name\" content=\"UQACtualit\u00e9s\" \/>\r\n<meta property=\"article:published_time\" content=\"2024-01-09T13:50:49+00:00\" \/>\r\n<meta property=\"article:modified_time\" content=\"2024-07-29T19:33:50+00:00\" \/>\r\n<meta property=\"og:image\" content=\"https:\/\/www.uqac.ca\/uqactualites\/wp-content\/uploads\/2024\/01\/Katy-Langlais-scaled.jpg\" \/>\r\n\t<meta property=\"og:image:width\" content=\"2560\" \/>\r\n\t<meta property=\"og:image:height\" content=\"2560\" \/>\r\n\t<meta property=\"og:image:type\" content=\"image\/jpeg\" \/>\r\n<meta name=\"author\" content=\"Service des communications et des relations publiques\" \/>\r\n<meta name=\"twitter:card\" content=\"summary_large_image\" \/>\r\n<meta name=\"twitter:label1\" content=\"\u00c9crit par\" \/>\n\t<meta name=\"twitter:data1\" content=\"Service des communications et des relations publiques\" \/>\n\t<meta name=\"twitter:label2\" content=\"Estimation du temps de lecture\" \/>\n\t<meta name=\"twitter:data2\" content=\"2 minutes\" \/>\r\n<script type=\"application\/ld+json\" class=\"yoast-schema-graph\">{\"@context\":\"https:\/\/schema.org\",\"@graph\":[{\"@type\":\"WebPage\",\"@id\":\"https:\/\/www.uqac.ca\/uqactualites\/2024\/01\/09\/katy-langlais-nouvelle-professeure-en-gestion-des-ressources-humaines-et-en-developpement-organisationnel\/\",\"url\":\"https:\/\/www.uqac.ca\/uqactualites\/2024\/01\/09\/katy-langlais-nouvelle-professeure-en-gestion-des-ressources-humaines-et-en-developpement-organisationnel\/\",\"name\":\"Katy Langlais, nouvelle professeure en gestion des ressources humaines et en d\u00e9veloppement organisationnel - UQACtualit\u00e9s\",\"isPartOf\":{\"@id\":\"https:\/\/www.uqac.ca\/uqactualites\/#website\"},\"primaryImageOfPage\":{\"@id\":\"https:\/\/www.uqac.ca\/uqactualites\/2024\/01\/09\/katy-langlais-nouvelle-professeure-en-gestion-des-ressources-humaines-et-en-developpement-organisationnel\/#primaryimage\"},\"image\":{\"@id\":\"https:\/\/www.uqac.ca\/uqactualites\/2024\/01\/09\/katy-langlais-nouvelle-professeure-en-gestion-des-ressources-humaines-et-en-developpement-organisationnel\/#primaryimage\"},\"thumbnailUrl\":\"https:\/\/www.uqac.ca\/uqactualites\/wp-content\/uploads\/2024\/01\/Katy-Langlais-scaled.jpg\",\"datePublished\":\"2024-01-09T13:50:49+00:00\",\"dateModified\":\"2024-07-29T19:33:50+00:00\",\"author\":{\"@id\":\"https:\/\/www.uqac.ca\/uqactualites\/#\/schema\/person\/366c45a0c4f0e677b41b4af5886e2018\"},\"description\":\"Apr\u00e8s avoir \u00e9t\u00e9 charg\u00e9e de cours \u00e0 l\u2019UQAC depuis 2017, Katy Langlais rejoint d\u00e9sormais le corps professoral de l\u2019universit\u00e9. Bienvenue!\",\"breadcrumb\":{\"@id\":\"https:\/\/www.uqac.ca\/uqactualites\/2024\/01\/09\/katy-langlais-nouvelle-professeure-en-gestion-des-ressources-humaines-et-en-developpement-organisationnel\/#breadcrumb\"},\"inLanguage\":\"fr-CA\",\"potentialAction\":[{\"@type\":\"ReadAction\",\"target\":[\"https:\/\/www.uqac.ca\/uqactualites\/2024\/01\/09\/katy-langlais-nouvelle-professeure-en-gestion-des-ressources-humaines-et-en-developpement-organisationnel\/\"]}]},{\"@type\":\"ImageObject\",\"inLanguage\":\"fr-CA\",\"@id\":\"https:\/\/www.uqac.ca\/uqactualites\/2024\/01\/09\/katy-langlais-nouvelle-professeure-en-gestion-des-ressources-humaines-et-en-developpement-organisationnel\/#primaryimage\",\"url\":\"https:\/\/www.uqac.ca\/uqactualites\/wp-content\/uploads\/2024\/01\/Katy-Langlais-scaled.jpg\",\"contentUrl\":\"https:\/\/www.uqac.ca\/uqactualites\/wp-content\/uploads\/2024\/01\/Katy-Langlais-scaled.jpg\",\"width\":2560,\"height\":2560},{\"@type\":\"BreadcrumbList\",\"@id\":\"https:\/\/www.uqac.ca\/uqactualites\/2024\/01\/09\/katy-langlais-nouvelle-professeure-en-gestion-des-ressources-humaines-et-en-developpement-organisationnel\/#breadcrumb\",\"itemListElement\":[{\"@type\":\"ListItem\",\"position\":1,\"name\":\"Home\",\"item\":\"https:\/\/www.uqac.ca\/uqactualites\/\"},{\"@type\":\"ListItem\",\"position\":2,\"name\":\"Katy Langlais, nouvelle professeure en gestion des ressources humaines et en d\u00e9veloppement organisationnel\"}]},{\"@type\":\"WebSite\",\"@id\":\"https:\/\/www.uqac.ca\/uqactualites\/#website\",\"url\":\"https:\/\/www.uqac.ca\/uqactualites\/\",\"name\":\"UQACtualit\u00e9s\",\"description\":\"Le portail des nouvelles de l&#039;UQAC\",\"potentialAction\":[{\"@type\":\"SearchAction\",\"target\":{\"@type\":\"EntryPoint\",\"urlTemplate\":\"https:\/\/www.uqac.ca\/uqactualites\/?s={search_term_string}\"},\"query-input\":{\"@type\":\"PropertyValueSpecification\",\"valueRequired\":true,\"valueName\":\"search_term_string\"}}],\"inLanguage\":\"fr-CA\"},{\"@type\":\"Person\",\"@id\":\"https:\/\/www.uqac.ca\/uqactualites\/#\/schema\/person\/366c45a0c4f0e677b41b4af5886e2018\",\"name\":\"Service des communications et des relations publiques\",\"image\":{\"@type\":\"ImageObject\",\"inLanguage\":\"fr-CA\",\"@id\":\"https:\/\/www.uqac.ca\/uqactualites\/#\/schema\/person\/image\/\",\"url\":\"https:\/\/secure.gravatar.com\/avatar\/20fbbda8a292f59f2d3461a5b999c00b?s=96&d=mm&r=g\",\"contentUrl\":\"https:\/\/secure.gravatar.com\/avatar\/20fbbda8a292f59f2d3461a5b999c00b?s=96&d=mm&r=g\",\"caption\":\"Service des communications et des relations publiques\"},\"url\":\"https:\/\/www.uqac.ca\/uqactualites\/author\/bap\/\"}]}<\/script>\r\n<!-- \/ Yoast SEO plugin. -->","yoast_head_json":{"title":"Katy Langlais, nouvelle professeure en gestion des ressources humaines et en d\u00e9veloppement organisationnel - UQACtualit\u00e9s","description":"Apr\u00e8s avoir \u00e9t\u00e9 charg\u00e9e de cours \u00e0 l\u2019UQAC depuis 2017, Katy Langlais rejoint d\u00e9sormais le corps professoral de l\u2019universit\u00e9. Bienvenue!","robots":{"index":"index","follow":"follow","max-snippet":"max-snippet:-1","max-image-preview":"max-image-preview:large","max-video-preview":"max-video-preview:-1"},"canonical":"https:\/\/www.uqac.ca\/uqactualites\/2024\/01\/09\/katy-langlais-nouvelle-professeure-en-gestion-des-ressources-humaines-et-en-developpement-organisationnel\/","og_locale":"fr_CA","og_type":"article","og_title":"Katy Langlais, nouvelle professeure en gestion des ressources humaines et en d\u00e9veloppement organisationnel - UQACtualit\u00e9s","og_description":"Apr\u00e8s avoir \u00e9t\u00e9 charg\u00e9e de cours \u00e0 l\u2019UQAC depuis 2017, Katy Langlais rejoint d\u00e9sormais le corps professoral de l\u2019universit\u00e9. Bienvenue!","og_url":"https:\/\/www.uqac.ca\/uqactualites\/2024\/01\/09\/katy-langlais-nouvelle-professeure-en-gestion-des-ressources-humaines-et-en-developpement-organisationnel\/","og_site_name":"UQACtualit\u00e9s","article_published_time":"2024-01-09T13:50:49+00:00","article_modified_time":"2024-07-29T19:33:50+00:00","og_image":[{"width":2560,"height":2560,"url":"https:\/\/www.uqac.ca\/uqactualites\/wp-content\/uploads\/2024\/01\/Katy-Langlais-scaled.jpg","type":"image\/jpeg"}],"author":"Service des communications et des relations publiques","twitter_card":"summary_large_image","twitter_misc":{"\u00c9crit par":"Service des communications et des relations publiques","Estimation du temps de lecture":"2 minutes"},"schema":{"@context":"https:\/\/schema.org","@graph":[{"@type":"WebPage","@id":"https:\/\/www.uqac.ca\/uqactualites\/2024\/01\/09\/katy-langlais-nouvelle-professeure-en-gestion-des-ressources-humaines-et-en-developpement-organisationnel\/","url":"https:\/\/www.uqac.ca\/uqactualites\/2024\/01\/09\/katy-langlais-nouvelle-professeure-en-gestion-des-ressources-humaines-et-en-developpement-organisationnel\/","name":"Katy Langlais, nouvelle professeure en gestion des ressources humaines et en d\u00e9veloppement organisationnel - UQACtualit\u00e9s","isPartOf":{"@id":"https:\/\/www.uqac.ca\/uqactualites\/#website"},"primaryImageOfPage":{"@id":"https:\/\/www.uqac.ca\/uqactualites\/2024\/01\/09\/katy-langlais-nouvelle-professeure-en-gestion-des-ressources-humaines-et-en-developpement-organisationnel\/#primaryimage"},"image":{"@id":"https:\/\/www.uqac.ca\/uqactualites\/2024\/01\/09\/katy-langlais-nouvelle-professeure-en-gestion-des-ressources-humaines-et-en-developpement-organisationnel\/#primaryimage"},"thumbnailUrl":"https:\/\/www.uqac.ca\/uqactualites\/wp-content\/uploads\/2024\/01\/Katy-Langlais-scaled.jpg","datePublished":"2024-01-09T13:50:49+00:00","dateModified":"2024-07-29T19:33:50+00:00","author":{"@id":"https:\/\/www.uqac.ca\/uqactualites\/#\/schema\/person\/366c45a0c4f0e677b41b4af5886e2018"},"description":"Apr\u00e8s avoir \u00e9t\u00e9 charg\u00e9e de cours \u00e0 l\u2019UQAC depuis 2017, Katy Langlais rejoint d\u00e9sormais le corps professoral de l\u2019universit\u00e9. Bienvenue!","breadcrumb":{"@id":"https:\/\/www.uqac.ca\/uqactualites\/2024\/01\/09\/katy-langlais-nouvelle-professeure-en-gestion-des-ressources-humaines-et-en-developpement-organisationnel\/#breadcrumb"},"inLanguage":"fr-CA","potentialAction":[{"@type":"ReadAction","target":["https:\/\/www.uqac.ca\/uqactualites\/2024\/01\/09\/katy-langlais-nouvelle-professeure-en-gestion-des-ressources-humaines-et-en-developpement-organisationnel\/"]}]},{"@type":"ImageObject","inLanguage":"fr-CA","@id":"https:\/\/www.uqac.ca\/uqactualites\/2024\/01\/09\/katy-langlais-nouvelle-professeure-en-gestion-des-ressources-humaines-et-en-developpement-organisationnel\/#primaryimage","url":"https:\/\/www.uqac.ca\/uqactualites\/wp-content\/uploads\/2024\/01\/Katy-Langlais-scaled.jpg","contentUrl":"https:\/\/www.uqac.ca\/uqactualites\/wp-content\/uploads\/2024\/01\/Katy-Langlais-scaled.jpg","width":2560,"height":2560},{"@type":"BreadcrumbList","@id":"https:\/\/www.uqac.ca\/uqactualites\/2024\/01\/09\/katy-langlais-nouvelle-professeure-en-gestion-des-ressources-humaines-et-en-developpement-organisationnel\/#breadcrumb","itemListElement":[{"@type":"ListItem","position":1,"name":"Home","item":"https:\/\/www.uqac.ca\/uqactualites\/"},{"@type":"ListItem","position":2,"name":"Katy Langlais, nouvelle professeure en gestion des ressources humaines et en d\u00e9veloppement organisationnel"}]},{"@type":"WebSite","@id":"https:\/\/www.uqac.ca\/uqactualites\/#website","url":"https:\/\/www.uqac.ca\/uqactualites\/","name":"UQACtualit\u00e9s","description":"Le portail des nouvelles de l&#039;UQAC","potentialAction":[{"@type":"SearchAction","target":{"@type":"EntryPoint","urlTemplate":"https:\/\/www.uqac.ca\/uqactualites\/?s={search_term_string}"},"query-input":{"@type":"PropertyValueSpecification","valueRequired":true,"valueName":"search_term_string"}}],"inLanguage":"fr-CA"},{"@type":"Person","@id":"https:\/\/www.uqac.ca\/uqactualites\/#\/schema\/person\/366c45a0c4f0e677b41b4af5886e2018","name":"Service des communications et des relations publiques","image":{"@type":"ImageObject","inLanguage":"fr-CA","@id":"https:\/\/www.uqac.ca\/uqactualites\/#\/schema\/person\/image\/","url":"https:\/\/secure.gravatar.com\/avatar\/20fbbda8a292f59f2d3461a5b999c00b?s=96&d=mm&r=g","contentUrl":"https:\/\/secure.gravatar.com\/avatar\/20fbbda8a292f59f2d3461a5b999c00b?s=96&d=mm&r=g","caption":"Service des communications et des relations publiques"},"url":"https:\/\/www.uqac.ca\/uqactualites\/author\/bap\/"}]}},"_links":{"self":[{"href":"https:\/\/www.uqac.ca\/uqactualites\/wp-json\/wp\/v2\/posts\/45742"}],"collection":[{"href":"https:\/\/www.uqac.ca\/uqactualites\/wp-json\/wp\/v2\/posts"}],"about":[{"href":"https:\/\/www.uqac.ca\/uqactualites\/wp-json\/wp\/v2\/types\/post"}],"author":[{"embeddable":true,"href":"https:\/\/www.uqac.ca\/uqactualites\/wp-json\/wp\/v2\/users\/5"}],"replies":[{"embeddable":true,"href":"https:\/\/www.uqac.ca\/uqactualites\/wp-json\/wp\/v2\/comments?post=45742"}],"version-history":[{"count":4,"href":"https:\/\/www.uqac.ca\/uqactualites\/wp-json\/wp\/v2\/posts\/45742\/revisions"}],"predecessor-version":[{"id":45753,"href":"https:\/\/www.uqac.ca\/uqactualites\/wp-json\/wp\/v2\/posts\/45742\/revisions\/45753"}],"wp:featuredmedia":[{"embeddable":true,"href":"https:\/\/www.uqac.ca\/uqactualites\/wp-json\/wp\/v2\/media\/45754"}],"wp:attachment":[{"href":"https:\/\/www.uqac.ca\/uqactualites\/wp-json\/wp\/v2\/media?parent=45742"}],"wp:term":[{"taxonomy":"category","embeddable":true,"href":"https:\/\/www.uqac.ca\/uqactualites\/wp-json\/wp\/v2\/categories?post=45742"},{"taxonomy":"post_tag","embeddable":true,"href":"https:\/\/www.uqac.ca\/uqactualites\/wp-json\/wp\/v2\/tags?post=45742"}],"curies":[{"name":"wp","href":"https:\/\/api.w.org\/{rel}","templated":true}]}}