{"id":45772,"date":"2024-01-12T08:55:03","date_gmt":"2024-01-12T13:55:03","guid":{"rendered":"https:\/\/www.uqac.ca\/uqactualites\/?p=45772"},"modified":"2024-07-29T15:22:35","modified_gmt":"2024-07-29T19:22:35","slug":"campagne-centraide-x-uqac-2023-63000-fois-merci","status":"publish","type":"post","link":"https:\/\/www.uqac.ca\/uqactualites\/2024\/01\/12\/campagne-centraide-x-uqac-2023-63000-fois-merci\/","title":{"rendered":"Campagne Centraide x UQAC \u2665 2023 : 63000 fois merci"},"content":{"rendered":"<p>L&rsquo;ann\u00e9e 2024 s&rsquo;amorce sous le signe de la bienveillance, alors que s&rsquo;ach\u00e8ve l&rsquo;une des campagnes Centraide x UQAC les plus g\u00e9n\u00e9reuses \u00e0 ce jour : amorc\u00e9e en novembre dernier, cette \u00e9dition 2023 de notre\u00a0<a href=\"https:\/\/www.uqac.ca\/centraide\/\">campagne annuelle<\/a> s&rsquo;est sold\u00e9e avec la r\u00e9colte d&rsquo;un montant de 63 000 $!<\/p>\n<p>Directeur de campagne pour une seconde ann\u00e9e, Vincent Morin \u2013 professeur au D\u00e9partement des sciences \u00e9conomiques et administratives et directeur du Module des sciences de l&rsquo;administration \u2013 a pu compter sur l&rsquo;appui d&rsquo;ambassadeurs de c\u0153ur au sein de nos campus de Sept-\u00celes et de Montr\u00e9al. En effet, pour une premi\u00e8re fois cette ann\u00e9e, la campagne permettait\u00a0d&rsquo;attribuer des dons \u00e0 diverses r\u00e9gions du Qu\u00e9bec o\u00f9 se d\u00e9ploie notre belle et grande communaut\u00e9 universitaire. Jonathan Binet, professeur au Centre d&rsquo;\u00e9tudes universitaires de la C\u00f4te-Nord et Christian Beauchesne, charg\u00e9 de gestion et directeur par int\u00e9rim de l&rsquo;\u00c9cole NAD, ont ainsi contribu\u00e9 \u00e0 faire vivre la campagne hors des murs du campus de Saguenay et \u00e0 faire de cette \u00e9dition un succ\u00e8s retentissant.<\/p>\n<p>Cette grande mobilisation de la part des membres du personnel a permis \u00e0 l&rsquo;Universit\u00e9 de r\u00e9colter\u00a0<span class=\"progress-radial__value\" data-v-b53ff15e=\"\">62 550 $ aupr\u00e8s de\u00a0<\/span><span class=\"progress-radial__total\" data-v-b53ff15e=\"\">165 donatrices et donateurs et, par cons\u00e9quent, de\u00a0<\/span>faire une r\u00e9elle diff\u00e9rence dans la vie des personnes vuln\u00e9rables qui en ont le plus besoin. \u00c0 cela s&rsquo;est ajout\u00e9 un montant de 590 $, amass\u00e9 lors de la rentr\u00e9e hivernale avec la vente de sirop d&rsquo;\u00e9rable fabriqu\u00e9 \u00e0\u00a0base de la s\u00e8ve des \u00e9rables de notre\u00a0<a href=\"https:\/\/www.uqac.ca\/fers\/sirop-derable-de-luqac\/\">For\u00eat d&rsquo;enseignement et de recherche Simoncouche<\/a>. Gr\u00e2ce aux dons recueillis, Centraide pourra consolider son r\u00f4le de b\u00e2tisseur communautaire et poursuivre sa mission aupr\u00e8s d&rsquo;organismes \u00e0 travers les r\u00e9gions du\u00a0<a href=\"https:\/\/centraidesaglac.ca\/\">Saguenay\u2013Lac-Saint-Jean<\/a>, de la <a href=\"https:\/\/centraideduplessis.org\/\">C\u00f4te-Nord<\/a>, du\u00a0<a href=\"https:\/\/www.centraide-mtl.org\/\">Grand Montr\u00e9al<\/a>\u00a0et de l&rsquo;<a href=\"https:\/\/www.centraideestrie.com\/\">Estrie<\/a>.<\/p>\n<p>Bien que la\u00a0campagne annuelle 2023 soit officiellement termin\u00e9e,\u00a0<a href=\"https:\/\/clicdoncentraide.com\/donner\/2365\/96l0#\/\">il est toujours temps de donner<\/a>.<\/p>\n<p>Merci infiniment pour votre g\u00e9n\u00e9rosit\u00e9!<\/p>\n<p>&nbsp;<\/p>\n<p>Sur la photo : Vincent Morin, directeur de la campagne Centraide x UQAC \u2665 2023<\/p>\n<p>&nbsp;<\/p>\n","protected":false},"excerpt":{"rendered":"<p>L&rsquo;ann\u00e9e 2024 s&rsquo;amorce sous le signe de la bienveillance, alors que s&rsquo;ach\u00e8ve l&rsquo;une des campagnes Centraide x UQAC les plus g\u00e9n\u00e9reuses \u00e0 ce jour : amorc\u00e9e en novembre dernier, cette \u00e9dition 2023 de notre\u00a0campagne annuelle s&rsquo;est sold\u00e9e avec la r\u00e9colte d&rsquo;un montant de 63 000 $! Directeur de campagne pour une seconde ann\u00e9e, Vincent Morin [&hellip;]<\/p>\n","protected":false},"author":5,"featured_media":45773,"comment_status":"open","ping_status":"open","sticky":false,"template":"","format":"standard","meta":{"footnotes":""},"categories":[2],"tags":[256,272],"yoast_head":"<!-- This site is optimized with the Yoast SEO plugin v24.2 - https:\/\/yoast.com\/wordpress\/plugins\/seo\/ -->\r\n<title>Campagne Centraide x UQAC \u2665 2023 : 63000 fois merci - UQACtualit\u00e9s<\/title>\r\n<meta name=\"description\" content=\"L&#039;ann\u00e9e s&#039;amorce sous le signe de la bienveillance, alors que s&#039;ach\u00e8ve l&#039;une des campagnes Centraide x UQAC les plus g\u00e9n\u00e9reuses \u00e0 ce jour.\" \/>\r\n<meta name=\"robots\" content=\"index, follow, max-snippet:-1, max-image-preview:large, max-video-preview:-1\" \/>\r\n<link rel=\"canonical\" href=\"https:\/\/www.uqac.ca\/uqactualites\/2024\/01\/12\/campagne-centraide-x-uqac-2023-63000-fois-merci\/\" \/>\r\n<meta property=\"og:locale\" content=\"fr_CA\" \/>\r\n<meta property=\"og:type\" content=\"article\" \/>\r\n<meta property=\"og:title\" content=\"Campagne Centraide x UQAC \u2665 2023 : 63000 fois merci - UQACtualit\u00e9s\" \/>\r\n<meta property=\"og:description\" content=\"L&#039;ann\u00e9e s&#039;amorce sous le signe de la bienveillance, alors que s&#039;ach\u00e8ve l&#039;une des campagnes Centraide x UQAC les plus g\u00e9n\u00e9reuses \u00e0 ce jour.\" \/>\r\n<meta property=\"og:url\" content=\"https:\/\/www.uqac.ca\/uqactualites\/2024\/01\/12\/campagne-centraide-x-uqac-2023-63000-fois-merci\/\" \/>\r\n<meta property=\"og:site_name\" content=\"UQACtualit\u00e9s\" \/>\r\n<meta property=\"article:published_time\" content=\"2024-01-12T13:55:03+00:00\" \/>\r\n<meta property=\"article:modified_time\" content=\"2024-07-29T19:22:35+00:00\" \/>\r\n<meta property=\"og:image\" content=\"https:\/\/www.uqac.ca\/uqactualites\/wp-content\/uploads\/2024\/01\/53454082394_51e422886c_o.jpg\" \/>\r\n\t<meta property=\"og:image:width\" content=\"1672\" \/>\r\n\t<meta property=\"og:image:height\" content=\"1115\" \/>\r\n\t<meta property=\"og:image:type\" content=\"image\/jpeg\" \/>\r\n<meta name=\"author\" content=\"Service des communications et des relations publiques\" \/>\r\n<meta name=\"twitter:card\" content=\"summary_large_image\" \/>\r\n<meta name=\"twitter:label1\" content=\"\u00c9crit par\" \/>\n\t<meta name=\"twitter:data1\" content=\"Service des communications et des relations publiques\" \/>\n\t<meta name=\"twitter:label2\" content=\"Estimation du temps de lecture\" \/>\n\t<meta name=\"twitter:data2\" content=\"2 minutes\" \/>\r\n<script type=\"application\/ld+json\" class=\"yoast-schema-graph\">{\"@context\":\"https:\/\/schema.org\",\"@graph\":[{\"@type\":\"WebPage\",\"@id\":\"https:\/\/www.uqac.ca\/uqactualites\/2024\/01\/12\/campagne-centraide-x-uqac-2023-63000-fois-merci\/\",\"url\":\"https:\/\/www.uqac.ca\/uqactualites\/2024\/01\/12\/campagne-centraide-x-uqac-2023-63000-fois-merci\/\",\"name\":\"Campagne Centraide x UQAC \u2665 2023 : 63000 fois merci - UQACtualit\u00e9s\",\"isPartOf\":{\"@id\":\"https:\/\/www.uqac.ca\/uqactualites\/#website\"},\"primaryImageOfPage\":{\"@id\":\"https:\/\/www.uqac.ca\/uqactualites\/2024\/01\/12\/campagne-centraide-x-uqac-2023-63000-fois-merci\/#primaryimage\"},\"image\":{\"@id\":\"https:\/\/www.uqac.ca\/uqactualites\/2024\/01\/12\/campagne-centraide-x-uqac-2023-63000-fois-merci\/#primaryimage\"},\"thumbnailUrl\":\"https:\/\/www.uqac.ca\/uqactualites\/wp-content\/uploads\/2024\/01\/53454082394_51e422886c_o.jpg\",\"datePublished\":\"2024-01-12T13:55:03+00:00\",\"dateModified\":\"2024-07-29T19:22:35+00:00\",\"author\":{\"@id\":\"https:\/\/www.uqac.ca\/uqactualites\/#\/schema\/person\/366c45a0c4f0e677b41b4af5886e2018\"},\"description\":\"L'ann\u00e9e s'amorce sous le signe de la bienveillance, alors que s'ach\u00e8ve l'une des campagnes Centraide x UQAC les plus g\u00e9n\u00e9reuses \u00e0 ce jour.\",\"breadcrumb\":{\"@id\":\"https:\/\/www.uqac.ca\/uqactualites\/2024\/01\/12\/campagne-centraide-x-uqac-2023-63000-fois-merci\/#breadcrumb\"},\"inLanguage\":\"fr-CA\",\"potentialAction\":[{\"@type\":\"ReadAction\",\"target\":[\"https:\/\/www.uqac.ca\/uqactualites\/2024\/01\/12\/campagne-centraide-x-uqac-2023-63000-fois-merci\/\"]}]},{\"@type\":\"ImageObject\",\"inLanguage\":\"fr-CA\",\"@id\":\"https:\/\/www.uqac.ca\/uqactualites\/2024\/01\/12\/campagne-centraide-x-uqac-2023-63000-fois-merci\/#primaryimage\",\"url\":\"https:\/\/www.uqac.ca\/uqactualites\/wp-content\/uploads\/2024\/01\/53454082394_51e422886c_o.jpg\",\"contentUrl\":\"https:\/\/www.uqac.ca\/uqactualites\/wp-content\/uploads\/2024\/01\/53454082394_51e422886c_o.jpg\",\"width\":1672,\"height\":1115,\"caption\":\"Campagne Centraide\"},{\"@type\":\"BreadcrumbList\",\"@id\":\"https:\/\/www.uqac.ca\/uqactualites\/2024\/01\/12\/campagne-centraide-x-uqac-2023-63000-fois-merci\/#breadcrumb\",\"itemListElement\":[{\"@type\":\"ListItem\",\"position\":1,\"name\":\"Home\",\"item\":\"https:\/\/www.uqac.ca\/uqactualites\/\"},{\"@type\":\"ListItem\",\"position\":2,\"name\":\"Campagne Centraide x UQAC \u2665 2023 : 63000 fois merci\"}]},{\"@type\":\"WebSite\",\"@id\":\"https:\/\/www.uqac.ca\/uqactualites\/#website\",\"url\":\"https:\/\/www.uqac.ca\/uqactualites\/\",\"name\":\"UQACtualit\u00e9s\",\"description\":\"Le portail des nouvelles de l&#039;UQAC\",\"potentialAction\":[{\"@type\":\"SearchAction\",\"target\":{\"@type\":\"EntryPoint\",\"urlTemplate\":\"https:\/\/www.uqac.ca\/uqactualites\/?s={search_term_string}\"},\"query-input\":{\"@type\":\"PropertyValueSpecification\",\"valueRequired\":true,\"valueName\":\"search_term_string\"}}],\"inLanguage\":\"fr-CA\"},{\"@type\":\"Person\",\"@id\":\"https:\/\/www.uqac.ca\/uqactualites\/#\/schema\/person\/366c45a0c4f0e677b41b4af5886e2018\",\"name\":\"Service des communications et des relations publiques\",\"image\":{\"@type\":\"ImageObject\",\"inLanguage\":\"fr-CA\",\"@id\":\"https:\/\/www.uqac.ca\/uqactualites\/#\/schema\/person\/image\/\",\"url\":\"https:\/\/secure.gravatar.com\/avatar\/20fbbda8a292f59f2d3461a5b999c00b?s=96&d=mm&r=g\",\"contentUrl\":\"https:\/\/secure.gravatar.com\/avatar\/20fbbda8a292f59f2d3461a5b999c00b?s=96&d=mm&r=g\",\"caption\":\"Service des communications et des relations publiques\"},\"url\":\"https:\/\/www.uqac.ca\/uqactualites\/author\/bap\/\"}]}<\/script>\r\n<!-- \/ Yoast SEO plugin. -->","yoast_head_json":{"title":"Campagne Centraide x UQAC \u2665 2023 : 63000 fois merci - UQACtualit\u00e9s","description":"L'ann\u00e9e s'amorce sous le signe de la bienveillance, alors que s'ach\u00e8ve l'une des campagnes Centraide x UQAC les plus g\u00e9n\u00e9reuses \u00e0 ce jour.","robots":{"index":"index","follow":"follow","max-snippet":"max-snippet:-1","max-image-preview":"max-image-preview:large","max-video-preview":"max-video-preview:-1"},"canonical":"https:\/\/www.uqac.ca\/uqactualites\/2024\/01\/12\/campagne-centraide-x-uqac-2023-63000-fois-merci\/","og_locale":"fr_CA","og_type":"article","og_title":"Campagne Centraide x UQAC \u2665 2023 : 63000 fois merci - UQACtualit\u00e9s","og_description":"L'ann\u00e9e s'amorce sous le signe de la bienveillance, alors que s'ach\u00e8ve l'une des campagnes Centraide x UQAC les plus g\u00e9n\u00e9reuses \u00e0 ce jour.","og_url":"https:\/\/www.uqac.ca\/uqactualites\/2024\/01\/12\/campagne-centraide-x-uqac-2023-63000-fois-merci\/","og_site_name":"UQACtualit\u00e9s","article_published_time":"2024-01-12T13:55:03+00:00","article_modified_time":"2024-07-29T19:22:35+00:00","og_image":[{"width":1672,"height":1115,"url":"https:\/\/www.uqac.ca\/uqactualites\/wp-content\/uploads\/2024\/01\/53454082394_51e422886c_o.jpg","type":"image\/jpeg"}],"author":"Service des communications et des relations publiques","twitter_card":"summary_large_image","twitter_misc":{"\u00c9crit par":"Service des communications et des relations publiques","Estimation du temps de lecture":"2 minutes"},"schema":{"@context":"https:\/\/schema.org","@graph":[{"@type":"WebPage","@id":"https:\/\/www.uqac.ca\/uqactualites\/2024\/01\/12\/campagne-centraide-x-uqac-2023-63000-fois-merci\/","url":"https:\/\/www.uqac.ca\/uqactualites\/2024\/01\/12\/campagne-centraide-x-uqac-2023-63000-fois-merci\/","name":"Campagne Centraide x UQAC \u2665 2023 : 63000 fois merci - UQACtualit\u00e9s","isPartOf":{"@id":"https:\/\/www.uqac.ca\/uqactualites\/#website"},"primaryImageOfPage":{"@id":"https:\/\/www.uqac.ca\/uqactualites\/2024\/01\/12\/campagne-centraide-x-uqac-2023-63000-fois-merci\/#primaryimage"},"image":{"@id":"https:\/\/www.uqac.ca\/uqactualites\/2024\/01\/12\/campagne-centraide-x-uqac-2023-63000-fois-merci\/#primaryimage"},"thumbnailUrl":"https:\/\/www.uqac.ca\/uqactualites\/wp-content\/uploads\/2024\/01\/53454082394_51e422886c_o.jpg","datePublished":"2024-01-12T13:55:03+00:00","dateModified":"2024-07-29T19:22:35+00:00","author":{"@id":"https:\/\/www.uqac.ca\/uqactualites\/#\/schema\/person\/366c45a0c4f0e677b41b4af5886e2018"},"description":"L'ann\u00e9e s'amorce sous le signe de la bienveillance, alors que s'ach\u00e8ve l'une des campagnes Centraide x UQAC les plus g\u00e9n\u00e9reuses \u00e0 ce jour.","breadcrumb":{"@id":"https:\/\/www.uqac.ca\/uqactualites\/2024\/01\/12\/campagne-centraide-x-uqac-2023-63000-fois-merci\/#breadcrumb"},"inLanguage":"fr-CA","potentialAction":[{"@type":"ReadAction","target":["https:\/\/www.uqac.ca\/uqactualites\/2024\/01\/12\/campagne-centraide-x-uqac-2023-63000-fois-merci\/"]}]},{"@type":"ImageObject","inLanguage":"fr-CA","@id":"https:\/\/www.uqac.ca\/uqactualites\/2024\/01\/12\/campagne-centraide-x-uqac-2023-63000-fois-merci\/#primaryimage","url":"https:\/\/www.uqac.ca\/uqactualites\/wp-content\/uploads\/2024\/01\/53454082394_51e422886c_o.jpg","contentUrl":"https:\/\/www.uqac.ca\/uqactualites\/wp-content\/uploads\/2024\/01\/53454082394_51e422886c_o.jpg","width":1672,"height":1115,"caption":"Campagne Centraide"},{"@type":"BreadcrumbList","@id":"https:\/\/www.uqac.ca\/uqactualites\/2024\/01\/12\/campagne-centraide-x-uqac-2023-63000-fois-merci\/#breadcrumb","itemListElement":[{"@type":"ListItem","position":1,"name":"Home","item":"https:\/\/www.uqac.ca\/uqactualites\/"},{"@type":"ListItem","position":2,"name":"Campagne Centraide x UQAC \u2665 2023 : 63000 fois merci"}]},{"@type":"WebSite","@id":"https:\/\/www.uqac.ca\/uqactualites\/#website","url":"https:\/\/www.uqac.ca\/uqactualites\/","name":"UQACtualit\u00e9s","description":"Le portail des nouvelles de l&#039;UQAC","potentialAction":[{"@type":"SearchAction","target":{"@type":"EntryPoint","urlTemplate":"https:\/\/www.uqac.ca\/uqactualites\/?s={search_term_string}"},"query-input":{"@type":"PropertyValueSpecification","valueRequired":true,"valueName":"search_term_string"}}],"inLanguage":"fr-CA"},{"@type":"Person","@id":"https:\/\/www.uqac.ca\/uqactualites\/#\/schema\/person\/366c45a0c4f0e677b41b4af5886e2018","name":"Service des communications et des relations publiques","image":{"@type":"ImageObject","inLanguage":"fr-CA","@id":"https:\/\/www.uqac.ca\/uqactualites\/#\/schema\/person\/image\/","url":"https:\/\/secure.gravatar.com\/avatar\/20fbbda8a292f59f2d3461a5b999c00b?s=96&d=mm&r=g","contentUrl":"https:\/\/secure.gravatar.com\/avatar\/20fbbda8a292f59f2d3461a5b999c00b?s=96&d=mm&r=g","caption":"Service des communications et des relations publiques"},"url":"https:\/\/www.uqac.ca\/uqactualites\/author\/bap\/"}]}},"_links":{"self":[{"href":"https:\/\/www.uqac.ca\/uqactualites\/wp-json\/wp\/v2\/posts\/45772"}],"collection":[{"href":"https:\/\/www.uqac.ca\/uqactualites\/wp-json\/wp\/v2\/posts"}],"about":[{"href":"https:\/\/www.uqac.ca\/uqactualites\/wp-json\/wp\/v2\/types\/post"}],"author":[{"embeddable":true,"href":"https:\/\/www.uqac.ca\/uqactualites\/wp-json\/wp\/v2\/users\/5"}],"replies":[{"embeddable":true,"href":"https:\/\/www.uqac.ca\/uqactualites\/wp-json\/wp\/v2\/comments?post=45772"}],"version-history":[{"count":4,"href":"https:\/\/www.uqac.ca\/uqactualites\/wp-json\/wp\/v2\/posts\/45772\/revisions"}],"predecessor-version":[{"id":45777,"href":"https:\/\/www.uqac.ca\/uqactualites\/wp-json\/wp\/v2\/posts\/45772\/revisions\/45777"}],"wp:featuredmedia":[{"embeddable":true,"href":"https:\/\/www.uqac.ca\/uqactualites\/wp-json\/wp\/v2\/media\/45773"}],"wp:attachment":[{"href":"https:\/\/www.uqac.ca\/uqactualites\/wp-json\/wp\/v2\/media?parent=45772"}],"wp:term":[{"taxonomy":"category","embeddable":true,"href":"https:\/\/www.uqac.ca\/uqactualites\/wp-json\/wp\/v2\/categories?post=45772"},{"taxonomy":"post_tag","embeddable":true,"href":"https:\/\/www.uqac.ca\/uqactualites\/wp-json\/wp\/v2\/tags?post=45772"}],"curies":[{"name":"wp","href":"https:\/\/api.w.org\/{rel}","templated":true}]}}