{"id":45796,"date":"2024-01-16T10:02:55","date_gmt":"2024-01-16T15:02:55","guid":{"rendered":"https:\/\/www.uqac.ca\/uqactualites\/?p=45796"},"modified":"2024-07-29T15:12:00","modified_gmt":"2024-07-29T19:12:00","slug":"la-delegation-de-luqac-brille-a-la-13e-edition-du-defi-cecobois","status":"publish","type":"post","link":"https:\/\/www.uqac.ca\/uqactualites\/2024\/01\/16\/la-delegation-de-luqac-brille-a-la-13e-edition-du-defi-cecobois\/","title":{"rendered":"La d\u00e9l\u00e9gation de l\u2019UQAC brille \u00e0 la 13e \u00e9dition du D\u00e9fi Cecobois"},"content":{"rendered":"<p>C\u2019est du 11 au 14 janvier derniers \u00e0 l\u2019\u00c9cole de technologie sup\u00e9rieure (\u00c9TS) qu\u2019avait lieu la 13<sup>e<\/sup> \u00e9dition du D\u00e9fi Cecobois. Ce concours s\u2019adresse \u00e0 des \u00e9tudiantes et \u00e9tudiants des 1<sup>er<\/sup>, 2<sup>e <\/sup>et 3<sup>e<\/sup> cycles en g\u00e9nie civil, en g\u00e9nie du bois, en g\u00e9nie de la construction, en g\u00e9nie du b\u00e2timent et en architecture. Il consiste, pour les \u00e9quipes interuniversitaires qui y participent, \u00e0 concevoir une structure qui r\u00e9pond \u00e0 certains crit\u00e8res, notamment l&rsquo;int\u00e9grit\u00e9 structurelle, l&rsquo;originalit\u00e9 et le design, tout en utilisant le bois comme seul mat\u00e9riau de construction.<\/p>\n<p>Fid\u00e8le \u00e0 sa r\u00e9putation, la d\u00e9l\u00e9gation de l\u2019UQAC a offert une excellente performance en se hissant parmi les vainqueurs une fois de plus cette ann\u00e9e. F\u00e9licitations \u00e0 Dylan Dup\u00e9r\u00e9, \u00e9tudiant au <a href=\"https:\/\/www.uqac.ca\/programme\/7480-baccalaureat-en-genie-civil\/\">baccalaur\u00e9at en g\u00e9nie civil<\/a>, qui avec son \u00e9quipe est parvenu \u00e0 s\u2019emparer du 1<sup>er<\/sup> prix, ainsi qu&rsquo;\u00e0 l\u2019\u00e9tudiant \u00e0 la <a href=\"https:\/\/www.uqac.ca\/programme\/3708-maitrise-en-ingenierie\/\">ma\u00eetrise en ing\u00e9nierie<\/a> Lucas Bordet, membre de l\u2019\u00e9quipe r\u00e9cipiendaire du prix Coup de c\u0153ur du public.<\/p>\n<p>Pour plus de d\u00e9tails, consultez <a href=\"https:\/\/www.deficecobois.com\/\">le site web du D\u00e9fi Cecobois<\/a>.<\/p>\n","protected":false},"excerpt":{"rendered":"<p>C\u2019est du 11 au 14 janvier derniers \u00e0 l\u2019\u00c9cole de technologie sup\u00e9rieure (\u00c9TS) qu\u2019avait lieu la 13e \u00e9dition du D\u00e9fi Cecobois. Ce concours s\u2019adresse \u00e0 des \u00e9tudiantes et \u00e9tudiants des 1er, 2e et 3e cycles en g\u00e9nie civil, en g\u00e9nie du bois, en g\u00e9nie de la construction, en g\u00e9nie du b\u00e2timent et en architecture. Il [&hellip;]<\/p>\n","protected":false},"author":5,"featured_media":45798,"comment_status":"open","ping_status":"open","sticky":false,"template":"","format":"standard","meta":{"footnotes":""},"categories":[2795,2854,9],"tags":[580,21,246,247],"yoast_head":"<!-- This site is optimized with the Yoast SEO plugin v24.2 - https:\/\/yoast.com\/wordpress\/plugins\/seo\/ -->\r\n<title>La d\u00e9l\u00e9gation de l\u2019UQAC brille \u00e0 la 13e \u00e9dition du D\u00e9fi Cecobois - UQACtualit\u00e9s<\/title>\r\n<meta name=\"description\" content=\"C\u2019est du 11 au 14 janvier derniers \u00e0 l\u2019\u00c9cole de technologie sup\u00e9rieure (\u00c9TS) qu\u2019avait lieu la 13e \u00e9dition du D\u00e9fi Cecobois.\" \/>\r\n<meta name=\"robots\" content=\"index, follow, max-snippet:-1, max-image-preview:large, max-video-preview:-1\" \/>\r\n<link rel=\"canonical\" href=\"https:\/\/www.uqac.ca\/uqactualites\/2024\/01\/16\/la-delegation-de-luqac-brille-a-la-13e-edition-du-defi-cecobois\/\" \/>\r\n<meta property=\"og:locale\" content=\"fr_CA\" \/>\r\n<meta property=\"og:type\" content=\"article\" \/>\r\n<meta property=\"og:title\" content=\"La d\u00e9l\u00e9gation de l\u2019UQAC brille \u00e0 la 13e \u00e9dition du D\u00e9fi Cecobois - UQACtualit\u00e9s\" \/>\r\n<meta property=\"og:description\" content=\"C\u2019est du 11 au 14 janvier derniers \u00e0 l\u2019\u00c9cole de technologie sup\u00e9rieure (\u00c9TS) qu\u2019avait lieu la 13e \u00e9dition du D\u00e9fi Cecobois.\" \/>\r\n<meta property=\"og:url\" content=\"https:\/\/www.uqac.ca\/uqactualites\/2024\/01\/16\/la-delegation-de-luqac-brille-a-la-13e-edition-du-defi-cecobois\/\" \/>\r\n<meta property=\"og:site_name\" content=\"UQACtualit\u00e9s\" \/>\r\n<meta property=\"article:published_time\" content=\"2024-01-16T15:02:55+00:00\" \/>\r\n<meta property=\"article:modified_time\" content=\"2024-07-29T19:12:00+00:00\" \/>\r\n<meta property=\"og:image\" content=\"https:\/\/www.uqac.ca\/uqactualites\/wp-content\/uploads\/2024\/01\/LNP_7151-1024x683.jpg\" \/>\r\n\t<meta property=\"og:image:width\" content=\"1024\" \/>\r\n\t<meta property=\"og:image:height\" content=\"683\" \/>\r\n\t<meta property=\"og:image:type\" content=\"image\/jpeg\" \/>\r\n<meta name=\"author\" content=\"Service des communications et des relations publiques\" \/>\r\n<meta name=\"twitter:card\" content=\"summary_large_image\" \/>\r\n<meta name=\"twitter:label1\" content=\"\u00c9crit par\" \/>\n\t<meta name=\"twitter:data1\" content=\"Service des communications et des relations publiques\" \/>\n\t<meta name=\"twitter:label2\" content=\"Estimation du temps de lecture\" \/>\n\t<meta name=\"twitter:data2\" content=\"2 minutes\" \/>\r\n<script type=\"application\/ld+json\" class=\"yoast-schema-graph\">{\"@context\":\"https:\/\/schema.org\",\"@graph\":[{\"@type\":\"WebPage\",\"@id\":\"https:\/\/www.uqac.ca\/uqactualites\/2024\/01\/16\/la-delegation-de-luqac-brille-a-la-13e-edition-du-defi-cecobois\/\",\"url\":\"https:\/\/www.uqac.ca\/uqactualites\/2024\/01\/16\/la-delegation-de-luqac-brille-a-la-13e-edition-du-defi-cecobois\/\",\"name\":\"La d\u00e9l\u00e9gation de l\u2019UQAC brille \u00e0 la 13e \u00e9dition du D\u00e9fi Cecobois - UQACtualit\u00e9s\",\"isPartOf\":{\"@id\":\"https:\/\/www.uqac.ca\/uqactualites\/#website\"},\"primaryImageOfPage\":{\"@id\":\"https:\/\/www.uqac.ca\/uqactualites\/2024\/01\/16\/la-delegation-de-luqac-brille-a-la-13e-edition-du-defi-cecobois\/#primaryimage\"},\"image\":{\"@id\":\"https:\/\/www.uqac.ca\/uqactualites\/2024\/01\/16\/la-delegation-de-luqac-brille-a-la-13e-edition-du-defi-cecobois\/#primaryimage\"},\"thumbnailUrl\":\"https:\/\/www.uqac.ca\/uqactualites\/wp-content\/uploads\/2024\/01\/IMG_2239-scaled-e1705416239801.jpg\",\"datePublished\":\"2024-01-16T15:02:55+00:00\",\"dateModified\":\"2024-07-29T19:12:00+00:00\",\"author\":{\"@id\":\"https:\/\/www.uqac.ca\/uqactualites\/#\/schema\/person\/366c45a0c4f0e677b41b4af5886e2018\"},\"description\":\"C\u2019est du 11 au 14 janvier derniers \u00e0 l\u2019\u00c9cole de technologie sup\u00e9rieure (\u00c9TS) qu\u2019avait lieu la 13e \u00e9dition du D\u00e9fi Cecobois.\",\"breadcrumb\":{\"@id\":\"https:\/\/www.uqac.ca\/uqactualites\/2024\/01\/16\/la-delegation-de-luqac-brille-a-la-13e-edition-du-defi-cecobois\/#breadcrumb\"},\"inLanguage\":\"fr-CA\",\"potentialAction\":[{\"@type\":\"ReadAction\",\"target\":[\"https:\/\/www.uqac.ca\/uqactualites\/2024\/01\/16\/la-delegation-de-luqac-brille-a-la-13e-edition-du-defi-cecobois\/\"]}]},{\"@type\":\"ImageObject\",\"inLanguage\":\"fr-CA\",\"@id\":\"https:\/\/www.uqac.ca\/uqactualites\/2024\/01\/16\/la-delegation-de-luqac-brille-a-la-13e-edition-du-defi-cecobois\/#primaryimage\",\"url\":\"https:\/\/www.uqac.ca\/uqactualites\/wp-content\/uploads\/2024\/01\/IMG_2239-scaled-e1705416239801.jpg\",\"contentUrl\":\"https:\/\/www.uqac.ca\/uqactualites\/wp-content\/uploads\/2024\/01\/IMG_2239-scaled-e1705416239801.jpg\",\"width\":1920,\"height\":2118,\"caption\":\"Les 6 \u00e9tudiants de l'UQAC se dressant sur la structure du 1er prix, accompagn\u00e9 du professeur au D\u00e9partement des sciences appliqu\u00e9es, Sylvain M\u00e9nard\"},{\"@type\":\"BreadcrumbList\",\"@id\":\"https:\/\/www.uqac.ca\/uqactualites\/2024\/01\/16\/la-delegation-de-luqac-brille-a-la-13e-edition-du-defi-cecobois\/#breadcrumb\",\"itemListElement\":[{\"@type\":\"ListItem\",\"position\":1,\"name\":\"Home\",\"item\":\"https:\/\/www.uqac.ca\/uqactualites\/\"},{\"@type\":\"ListItem\",\"position\":2,\"name\":\"La d\u00e9l\u00e9gation de l\u2019UQAC brille \u00e0 la 13e \u00e9dition du D\u00e9fi Cecobois\"}]},{\"@type\":\"WebSite\",\"@id\":\"https:\/\/www.uqac.ca\/uqactualites\/#website\",\"url\":\"https:\/\/www.uqac.ca\/uqactualites\/\",\"name\":\"UQACtualit\u00e9s\",\"description\":\"Le portail des nouvelles de l&#039;UQAC\",\"potentialAction\":[{\"@type\":\"SearchAction\",\"target\":{\"@type\":\"EntryPoint\",\"urlTemplate\":\"https:\/\/www.uqac.ca\/uqactualites\/?s={search_term_string}\"},\"query-input\":{\"@type\":\"PropertyValueSpecification\",\"valueRequired\":true,\"valueName\":\"search_term_string\"}}],\"inLanguage\":\"fr-CA\"},{\"@type\":\"Person\",\"@id\":\"https:\/\/www.uqac.ca\/uqactualites\/#\/schema\/person\/366c45a0c4f0e677b41b4af5886e2018\",\"name\":\"Service des communications et des relations publiques\",\"image\":{\"@type\":\"ImageObject\",\"inLanguage\":\"fr-CA\",\"@id\":\"https:\/\/www.uqac.ca\/uqactualites\/#\/schema\/person\/image\/\",\"url\":\"https:\/\/secure.gravatar.com\/avatar\/20fbbda8a292f59f2d3461a5b999c00b?s=96&d=mm&r=g\",\"contentUrl\":\"https:\/\/secure.gravatar.com\/avatar\/20fbbda8a292f59f2d3461a5b999c00b?s=96&d=mm&r=g\",\"caption\":\"Service des communications et des relations publiques\"},\"url\":\"https:\/\/www.uqac.ca\/uqactualites\/author\/bap\/\"}]}<\/script>\r\n<!-- \/ Yoast SEO plugin. -->","yoast_head_json":{"title":"La d\u00e9l\u00e9gation de l\u2019UQAC brille \u00e0 la 13e \u00e9dition du D\u00e9fi Cecobois - UQACtualit\u00e9s","description":"C\u2019est du 11 au 14 janvier derniers \u00e0 l\u2019\u00c9cole de technologie sup\u00e9rieure (\u00c9TS) qu\u2019avait lieu la 13e \u00e9dition du D\u00e9fi Cecobois.","robots":{"index":"index","follow":"follow","max-snippet":"max-snippet:-1","max-image-preview":"max-image-preview:large","max-video-preview":"max-video-preview:-1"},"canonical":"https:\/\/www.uqac.ca\/uqactualites\/2024\/01\/16\/la-delegation-de-luqac-brille-a-la-13e-edition-du-defi-cecobois\/","og_locale":"fr_CA","og_type":"article","og_title":"La d\u00e9l\u00e9gation de l\u2019UQAC brille \u00e0 la 13e \u00e9dition du D\u00e9fi Cecobois - UQACtualit\u00e9s","og_description":"C\u2019est du 11 au 14 janvier derniers \u00e0 l\u2019\u00c9cole de technologie sup\u00e9rieure (\u00c9TS) qu\u2019avait lieu la 13e \u00e9dition du D\u00e9fi Cecobois.","og_url":"https:\/\/www.uqac.ca\/uqactualites\/2024\/01\/16\/la-delegation-de-luqac-brille-a-la-13e-edition-du-defi-cecobois\/","og_site_name":"UQACtualit\u00e9s","article_published_time":"2024-01-16T15:02:55+00:00","article_modified_time":"2024-07-29T19:12:00+00:00","og_image":[{"width":1024,"height":683,"url":"https:\/\/www.uqac.ca\/uqactualites\/wp-content\/uploads\/2024\/01\/LNP_7151-1024x683.jpg","type":"image\/jpeg"}],"author":"Service des communications et des relations publiques","twitter_card":"summary_large_image","twitter_misc":{"\u00c9crit par":"Service des communications et des relations publiques","Estimation du temps de lecture":"2 minutes"},"schema":{"@context":"https:\/\/schema.org","@graph":[{"@type":"WebPage","@id":"https:\/\/www.uqac.ca\/uqactualites\/2024\/01\/16\/la-delegation-de-luqac-brille-a-la-13e-edition-du-defi-cecobois\/","url":"https:\/\/www.uqac.ca\/uqactualites\/2024\/01\/16\/la-delegation-de-luqac-brille-a-la-13e-edition-du-defi-cecobois\/","name":"La d\u00e9l\u00e9gation de l\u2019UQAC brille \u00e0 la 13e \u00e9dition du D\u00e9fi Cecobois - UQACtualit\u00e9s","isPartOf":{"@id":"https:\/\/www.uqac.ca\/uqactualites\/#website"},"primaryImageOfPage":{"@id":"https:\/\/www.uqac.ca\/uqactualites\/2024\/01\/16\/la-delegation-de-luqac-brille-a-la-13e-edition-du-defi-cecobois\/#primaryimage"},"image":{"@id":"https:\/\/www.uqac.ca\/uqactualites\/2024\/01\/16\/la-delegation-de-luqac-brille-a-la-13e-edition-du-defi-cecobois\/#primaryimage"},"thumbnailUrl":"https:\/\/www.uqac.ca\/uqactualites\/wp-content\/uploads\/2024\/01\/IMG_2239-scaled-e1705416239801.jpg","datePublished":"2024-01-16T15:02:55+00:00","dateModified":"2024-07-29T19:12:00+00:00","author":{"@id":"https:\/\/www.uqac.ca\/uqactualites\/#\/schema\/person\/366c45a0c4f0e677b41b4af5886e2018"},"description":"C\u2019est du 11 au 14 janvier derniers \u00e0 l\u2019\u00c9cole de technologie sup\u00e9rieure (\u00c9TS) qu\u2019avait lieu la 13e \u00e9dition du D\u00e9fi Cecobois.","breadcrumb":{"@id":"https:\/\/www.uqac.ca\/uqactualites\/2024\/01\/16\/la-delegation-de-luqac-brille-a-la-13e-edition-du-defi-cecobois\/#breadcrumb"},"inLanguage":"fr-CA","potentialAction":[{"@type":"ReadAction","target":["https:\/\/www.uqac.ca\/uqactualites\/2024\/01\/16\/la-delegation-de-luqac-brille-a-la-13e-edition-du-defi-cecobois\/"]}]},{"@type":"ImageObject","inLanguage":"fr-CA","@id":"https:\/\/www.uqac.ca\/uqactualites\/2024\/01\/16\/la-delegation-de-luqac-brille-a-la-13e-edition-du-defi-cecobois\/#primaryimage","url":"https:\/\/www.uqac.ca\/uqactualites\/wp-content\/uploads\/2024\/01\/IMG_2239-scaled-e1705416239801.jpg","contentUrl":"https:\/\/www.uqac.ca\/uqactualites\/wp-content\/uploads\/2024\/01\/IMG_2239-scaled-e1705416239801.jpg","width":1920,"height":2118,"caption":"Les 6 \u00e9tudiants de l'UQAC se dressant sur la structure du 1er prix, accompagn\u00e9 du professeur au D\u00e9partement des sciences appliqu\u00e9es, Sylvain M\u00e9nard"},{"@type":"BreadcrumbList","@id":"https:\/\/www.uqac.ca\/uqactualites\/2024\/01\/16\/la-delegation-de-luqac-brille-a-la-13e-edition-du-defi-cecobois\/#breadcrumb","itemListElement":[{"@type":"ListItem","position":1,"name":"Home","item":"https:\/\/www.uqac.ca\/uqactualites\/"},{"@type":"ListItem","position":2,"name":"La d\u00e9l\u00e9gation de l\u2019UQAC brille \u00e0 la 13e \u00e9dition du D\u00e9fi Cecobois"}]},{"@type":"WebSite","@id":"https:\/\/www.uqac.ca\/uqactualites\/#website","url":"https:\/\/www.uqac.ca\/uqactualites\/","name":"UQACtualit\u00e9s","description":"Le portail des nouvelles de l&#039;UQAC","potentialAction":[{"@type":"SearchAction","target":{"@type":"EntryPoint","urlTemplate":"https:\/\/www.uqac.ca\/uqactualites\/?s={search_term_string}"},"query-input":{"@type":"PropertyValueSpecification","valueRequired":true,"valueName":"search_term_string"}}],"inLanguage":"fr-CA"},{"@type":"Person","@id":"https:\/\/www.uqac.ca\/uqactualites\/#\/schema\/person\/366c45a0c4f0e677b41b4af5886e2018","name":"Service des communications et des relations publiques","image":{"@type":"ImageObject","inLanguage":"fr-CA","@id":"https:\/\/www.uqac.ca\/uqactualites\/#\/schema\/person\/image\/","url":"https:\/\/secure.gravatar.com\/avatar\/20fbbda8a292f59f2d3461a5b999c00b?s=96&d=mm&r=g","contentUrl":"https:\/\/secure.gravatar.com\/avatar\/20fbbda8a292f59f2d3461a5b999c00b?s=96&d=mm&r=g","caption":"Service des communications et des relations publiques"},"url":"https:\/\/www.uqac.ca\/uqactualites\/author\/bap\/"}]}},"_links":{"self":[{"href":"https:\/\/www.uqac.ca\/uqactualites\/wp-json\/wp\/v2\/posts\/45796"}],"collection":[{"href":"https:\/\/www.uqac.ca\/uqactualites\/wp-json\/wp\/v2\/posts"}],"about":[{"href":"https:\/\/www.uqac.ca\/uqactualites\/wp-json\/wp\/v2\/types\/post"}],"author":[{"embeddable":true,"href":"https:\/\/www.uqac.ca\/uqactualites\/wp-json\/wp\/v2\/users\/5"}],"replies":[{"embeddable":true,"href":"https:\/\/www.uqac.ca\/uqactualites\/wp-json\/wp\/v2\/comments?post=45796"}],"version-history":[{"count":4,"href":"https:\/\/www.uqac.ca\/uqactualites\/wp-json\/wp\/v2\/posts\/45796\/revisions"}],"predecessor-version":[{"id":45804,"href":"https:\/\/www.uqac.ca\/uqactualites\/wp-json\/wp\/v2\/posts\/45796\/revisions\/45804"}],"wp:featuredmedia":[{"embeddable":true,"href":"https:\/\/www.uqac.ca\/uqactualites\/wp-json\/wp\/v2\/media\/45798"}],"wp:attachment":[{"href":"https:\/\/www.uqac.ca\/uqactualites\/wp-json\/wp\/v2\/media?parent=45796"}],"wp:term":[{"taxonomy":"category","embeddable":true,"href":"https:\/\/www.uqac.ca\/uqactualites\/wp-json\/wp\/v2\/categories?post=45796"},{"taxonomy":"post_tag","embeddable":true,"href":"https:\/\/www.uqac.ca\/uqactualites\/wp-json\/wp\/v2\/tags?post=45796"}],"curies":[{"name":"wp","href":"https:\/\/api.w.org\/{rel}","templated":true}]}}