{"id":45997,"date":"2024-02-07T08:00:47","date_gmt":"2024-02-07T13:00:47","guid":{"rendered":"https:\/\/www.uqac.ca\/uqactualites\/?p=45997"},"modified":"2024-07-29T11:38:49","modified_gmt":"2024-07-29T15:38:49","slug":"luqac-presente-ledition-2024-du-salon-de-lemploi","status":"publish","type":"post","link":"https:\/\/www.uqac.ca\/uqactualites\/2024\/02\/07\/luqac-presente-ledition-2024-du-salon-de-lemploi\/","title":{"rendered":"L\u2019UQAC pr\u00e9sente l\u2019\u00e9dition 2024 du Salon de l\u2019emploi"},"content":{"rendered":"<p>Hier avait lieu la 45e \u00e9dition du Salon de l&#8217;emploi \u00e0 l\u2019Universit\u00e9 du Qu\u00e9bec \u00e0 Chicoutimi. Cet \u00e9v\u00e9nement destin\u00e9 \u00e0 la communaut\u00e9 \u00e9tudiante ainsi qu\u2019aux dipl\u00f4m\u00e9es et dipl\u00f4m\u00e9s de l\u2019UQAC \u00e9tait \u00e9galement ouvert \u00e0 toute personne en qu\u00eate de nouvelles opportunit\u00e9s professionnelles ou d\u00e9sireuse de partager son expertise. Les employeurs pr\u00e9sents au centre social de l\u2019UQAC \u00e9taient ravis d\u2019\u00e9changer avec les candidates et candidats qui \u00e9taient sur place.<\/p>\n<p>Ce sont 58 entreprises, qui \u00e9taient pr\u00e9sentes toute la journ\u00e9e au <a href=\"https:\/\/www.uqac.ca\/reussite\/lieu\/centre-social\/\" target=\"_blank\" rel=\"noopener\">Centre social<\/a> de l\u2019universit\u00e9 pour pr\u00e9senter collectivement plus de 1 300 postes \u00e0 pourvoir dans des domaines vari\u00e9s. Pr\u00e9sent\u00e9 cette ann\u00e9e sous la th\u00e9matique de l\u2019inclusion, l\u2019\u00e9v\u00e9nement a \u00e9t\u00e9 une l&rsquo;occasion r\u00eav\u00e9e pour les visiteurs de rencontrer directement les employeurs, d&rsquo;explorer les opportunit\u00e9s professionnelles et de cr\u00e9er des contacts significatifs.<\/p>\n<p>Pour Dave McMullen, directeur des <a href=\"https:\/\/sae.uqac.ca\/\">Services aux \u00e9tudiants<\/a> de l\u2019UQAC et organisateur de l\u2019\u00e9v\u00e9nement, cette activit\u00e9 annuelle est incontournable pour aider les membres de la communaut\u00e9 \u00e9tudiante de l\u2019UQAC \u00e0 effectuer leur entr\u00e9e dans leur profession respective. \u00ab Le Salon de l&#8217;emploi va au-del\u00e0 d&rsquo;une simple recherche d&#8217;emploi. Il offre la possibilit\u00e9 de cr\u00e9er des contacts professionnels, d&rsquo;\u00e9largir son r\u00e9seau, de d\u00e9couvrir des employeurs inattendus, d&rsquo;explorer de nouveaux horizons et, surtout, de s&rsquo;assurer que les employeurs et les postes offerts correspondent \u00e0 ses valeurs, \u00e0 ses attentes et \u00e0 sa formation. \u00bb.<\/p>\n<p>Merci aux participantes et participants, ainsi qu\u2019\u00e0 tous les employeurs qui \u00e9taient au rendez-vous cette ann\u00e9e et qui ont contribu\u00e9 \u00e0 faire de cette 45<sup>e<\/sup> \u00e9dition du Salon de l\u2019emploi un succ\u00e8s!<\/p>\n","protected":false},"excerpt":{"rendered":"<p>Hier avait lieu la 45e \u00e9dition du Salon de l&#8217;emploi \u00e0 l\u2019Universit\u00e9 du Qu\u00e9bec \u00e0 Chicoutimi. Cet \u00e9v\u00e9nement destin\u00e9 \u00e0 la communaut\u00e9 \u00e9tudiante ainsi qu\u2019aux dipl\u00f4m\u00e9es et dipl\u00f4m\u00e9s de l\u2019UQAC \u00e9tait \u00e9galement ouvert \u00e0 toute personne en qu\u00eate de nouvelles opportunit\u00e9s professionnelles ou d\u00e9sireuse de partager son expertise. Les employeurs pr\u00e9sents au centre social de [&hellip;]<\/p>\n","protected":false},"author":5,"featured_media":46020,"comment_status":"open","ping_status":"open","sticky":false,"template":"","format":"standard","meta":{"footnotes":""},"categories":[2,61],"tags":[958,2832],"yoast_head":"<!-- This site is optimized with the Yoast SEO plugin v24.2 - https:\/\/yoast.com\/wordpress\/plugins\/seo\/ -->\r\n<title>L\u2019UQAC pr\u00e9sente l\u2019\u00e9dition 2024 du Salon de l\u2019emploi - UQACtualit\u00e9s<\/title>\r\n<meta name=\"description\" content=\"Pour cette \u00e9dition du Salon de l&#039;emploi de l&#039;UQAC, les employeurs \u00e9taient ravis d\u2019\u00e9changer avec les candidates et candidats pr\u00e9sents.\" \/>\r\n<meta name=\"robots\" content=\"index, follow, max-snippet:-1, max-image-preview:large, max-video-preview:-1\" \/>\r\n<link rel=\"canonical\" href=\"https:\/\/www.uqac.ca\/uqactualites\/2024\/02\/07\/luqac-presente-ledition-2024-du-salon-de-lemploi\/\" \/>\r\n<meta property=\"og:locale\" content=\"fr_CA\" \/>\r\n<meta property=\"og:type\" content=\"article\" \/>\r\n<meta property=\"og:title\" content=\"L\u2019UQAC pr\u00e9sente l\u2019\u00e9dition 2024 du Salon de l\u2019emploi - UQACtualit\u00e9s\" \/>\r\n<meta property=\"og:description\" content=\"Pour cette \u00e9dition du Salon de l&#039;emploi de l&#039;UQAC, les employeurs \u00e9taient ravis d\u2019\u00e9changer avec les candidates et candidats pr\u00e9sents.\" \/>\r\n<meta property=\"og:url\" content=\"https:\/\/www.uqac.ca\/uqactualites\/2024\/02\/07\/luqac-presente-ledition-2024-du-salon-de-lemploi\/\" \/>\r\n<meta property=\"og:site_name\" content=\"UQACtualit\u00e9s\" \/>\r\n<meta property=\"article:published_time\" content=\"2024-02-07T13:00:47+00:00\" \/>\r\n<meta property=\"article:modified_time\" content=\"2024-07-29T15:38:49+00:00\" \/>\r\n<meta property=\"og:image\" content=\"https:\/\/www.uqac.ca\/uqactualites\/wp-content\/uploads\/2024\/02\/MicrosoftTeams-image.jpg\" \/>\r\n\t<meta property=\"og:image:width\" content=\"1976\" \/>\r\n\t<meta property=\"og:image:height\" content=\"1488\" \/>\r\n\t<meta property=\"og:image:type\" content=\"image\/jpeg\" \/>\r\n<meta name=\"author\" content=\"Service des communications et des relations publiques\" \/>\r\n<meta name=\"twitter:card\" content=\"summary_large_image\" \/>\r\n<meta name=\"twitter:label1\" content=\"\u00c9crit par\" \/>\n\t<meta name=\"twitter:data1\" content=\"Service des communications et des relations publiques\" \/>\n\t<meta name=\"twitter:label2\" content=\"Estimation du temps de lecture\" \/>\n\t<meta name=\"twitter:data2\" content=\"2 minutes\" \/>\r\n<script type=\"application\/ld+json\" class=\"yoast-schema-graph\">{\"@context\":\"https:\/\/schema.org\",\"@graph\":[{\"@type\":\"WebPage\",\"@id\":\"https:\/\/www.uqac.ca\/uqactualites\/2024\/02\/07\/luqac-presente-ledition-2024-du-salon-de-lemploi\/\",\"url\":\"https:\/\/www.uqac.ca\/uqactualites\/2024\/02\/07\/luqac-presente-ledition-2024-du-salon-de-lemploi\/\",\"name\":\"L\u2019UQAC pr\u00e9sente l\u2019\u00e9dition 2024 du Salon de l\u2019emploi - UQACtualit\u00e9s\",\"isPartOf\":{\"@id\":\"https:\/\/www.uqac.ca\/uqactualites\/#website\"},\"primaryImageOfPage\":{\"@id\":\"https:\/\/www.uqac.ca\/uqactualites\/2024\/02\/07\/luqac-presente-ledition-2024-du-salon-de-lemploi\/#primaryimage\"},\"image\":{\"@id\":\"https:\/\/www.uqac.ca\/uqactualites\/2024\/02\/07\/luqac-presente-ledition-2024-du-salon-de-lemploi\/#primaryimage\"},\"thumbnailUrl\":\"https:\/\/www.uqac.ca\/uqactualites\/wp-content\/uploads\/2024\/02\/MicrosoftTeams-image.jpg\",\"datePublished\":\"2024-02-07T13:00:47+00:00\",\"dateModified\":\"2024-07-29T15:38:49+00:00\",\"author\":{\"@id\":\"https:\/\/www.uqac.ca\/uqactualites\/#\/schema\/person\/366c45a0c4f0e677b41b4af5886e2018\"},\"description\":\"Pour cette \u00e9dition du Salon de l'emploi de l'UQAC, les employeurs \u00e9taient ravis d\u2019\u00e9changer avec les candidates et candidats pr\u00e9sents.\",\"breadcrumb\":{\"@id\":\"https:\/\/www.uqac.ca\/uqactualites\/2024\/02\/07\/luqac-presente-ledition-2024-du-salon-de-lemploi\/#breadcrumb\"},\"inLanguage\":\"fr-CA\",\"potentialAction\":[{\"@type\":\"ReadAction\",\"target\":[\"https:\/\/www.uqac.ca\/uqactualites\/2024\/02\/07\/luqac-presente-ledition-2024-du-salon-de-lemploi\/\"]}]},{\"@type\":\"ImageObject\",\"inLanguage\":\"fr-CA\",\"@id\":\"https:\/\/www.uqac.ca\/uqactualites\/2024\/02\/07\/luqac-presente-ledition-2024-du-salon-de-lemploi\/#primaryimage\",\"url\":\"https:\/\/www.uqac.ca\/uqactualites\/wp-content\/uploads\/2024\/02\/MicrosoftTeams-image.jpg\",\"contentUrl\":\"https:\/\/www.uqac.ca\/uqactualites\/wp-content\/uploads\/2024\/02\/MicrosoftTeams-image.jpg\",\"width\":1976,\"height\":1488,\"caption\":\"Salon de l'emploi\"},{\"@type\":\"BreadcrumbList\",\"@id\":\"https:\/\/www.uqac.ca\/uqactualites\/2024\/02\/07\/luqac-presente-ledition-2024-du-salon-de-lemploi\/#breadcrumb\",\"itemListElement\":[{\"@type\":\"ListItem\",\"position\":1,\"name\":\"Home\",\"item\":\"https:\/\/www.uqac.ca\/uqactualites\/\"},{\"@type\":\"ListItem\",\"position\":2,\"name\":\"L\u2019UQAC pr\u00e9sente l\u2019\u00e9dition 2024 du Salon de l\u2019emploi\"}]},{\"@type\":\"WebSite\",\"@id\":\"https:\/\/www.uqac.ca\/uqactualites\/#website\",\"url\":\"https:\/\/www.uqac.ca\/uqactualites\/\",\"name\":\"UQACtualit\u00e9s\",\"description\":\"Le portail des nouvelles de l&#039;UQAC\",\"potentialAction\":[{\"@type\":\"SearchAction\",\"target\":{\"@type\":\"EntryPoint\",\"urlTemplate\":\"https:\/\/www.uqac.ca\/uqactualites\/?s={search_term_string}\"},\"query-input\":{\"@type\":\"PropertyValueSpecification\",\"valueRequired\":true,\"valueName\":\"search_term_string\"}}],\"inLanguage\":\"fr-CA\"},{\"@type\":\"Person\",\"@id\":\"https:\/\/www.uqac.ca\/uqactualites\/#\/schema\/person\/366c45a0c4f0e677b41b4af5886e2018\",\"name\":\"Service des communications et des relations publiques\",\"image\":{\"@type\":\"ImageObject\",\"inLanguage\":\"fr-CA\",\"@id\":\"https:\/\/www.uqac.ca\/uqactualites\/#\/schema\/person\/image\/\",\"url\":\"https:\/\/secure.gravatar.com\/avatar\/20fbbda8a292f59f2d3461a5b999c00b?s=96&d=mm&r=g\",\"contentUrl\":\"https:\/\/secure.gravatar.com\/avatar\/20fbbda8a292f59f2d3461a5b999c00b?s=96&d=mm&r=g\",\"caption\":\"Service des communications et des relations publiques\"},\"url\":\"https:\/\/www.uqac.ca\/uqactualites\/author\/bap\/\"}]}<\/script>\r\n<!-- \/ Yoast SEO plugin. -->","yoast_head_json":{"title":"L\u2019UQAC pr\u00e9sente l\u2019\u00e9dition 2024 du Salon de l\u2019emploi - UQACtualit\u00e9s","description":"Pour cette \u00e9dition du Salon de l'emploi de l'UQAC, les employeurs \u00e9taient ravis d\u2019\u00e9changer avec les candidates et candidats pr\u00e9sents.","robots":{"index":"index","follow":"follow","max-snippet":"max-snippet:-1","max-image-preview":"max-image-preview:large","max-video-preview":"max-video-preview:-1"},"canonical":"https:\/\/www.uqac.ca\/uqactualites\/2024\/02\/07\/luqac-presente-ledition-2024-du-salon-de-lemploi\/","og_locale":"fr_CA","og_type":"article","og_title":"L\u2019UQAC pr\u00e9sente l\u2019\u00e9dition 2024 du Salon de l\u2019emploi - UQACtualit\u00e9s","og_description":"Pour cette \u00e9dition du Salon de l'emploi de l'UQAC, les employeurs \u00e9taient ravis d\u2019\u00e9changer avec les candidates et candidats pr\u00e9sents.","og_url":"https:\/\/www.uqac.ca\/uqactualites\/2024\/02\/07\/luqac-presente-ledition-2024-du-salon-de-lemploi\/","og_site_name":"UQACtualit\u00e9s","article_published_time":"2024-02-07T13:00:47+00:00","article_modified_time":"2024-07-29T15:38:49+00:00","og_image":[{"width":1976,"height":1488,"url":"https:\/\/www.uqac.ca\/uqactualites\/wp-content\/uploads\/2024\/02\/MicrosoftTeams-image.jpg","type":"image\/jpeg"}],"author":"Service des communications et des relations publiques","twitter_card":"summary_large_image","twitter_misc":{"\u00c9crit par":"Service des communications et des relations publiques","Estimation du temps de lecture":"2 minutes"},"schema":{"@context":"https:\/\/schema.org","@graph":[{"@type":"WebPage","@id":"https:\/\/www.uqac.ca\/uqactualites\/2024\/02\/07\/luqac-presente-ledition-2024-du-salon-de-lemploi\/","url":"https:\/\/www.uqac.ca\/uqactualites\/2024\/02\/07\/luqac-presente-ledition-2024-du-salon-de-lemploi\/","name":"L\u2019UQAC pr\u00e9sente l\u2019\u00e9dition 2024 du Salon de l\u2019emploi - UQACtualit\u00e9s","isPartOf":{"@id":"https:\/\/www.uqac.ca\/uqactualites\/#website"},"primaryImageOfPage":{"@id":"https:\/\/www.uqac.ca\/uqactualites\/2024\/02\/07\/luqac-presente-ledition-2024-du-salon-de-lemploi\/#primaryimage"},"image":{"@id":"https:\/\/www.uqac.ca\/uqactualites\/2024\/02\/07\/luqac-presente-ledition-2024-du-salon-de-lemploi\/#primaryimage"},"thumbnailUrl":"https:\/\/www.uqac.ca\/uqactualites\/wp-content\/uploads\/2024\/02\/MicrosoftTeams-image.jpg","datePublished":"2024-02-07T13:00:47+00:00","dateModified":"2024-07-29T15:38:49+00:00","author":{"@id":"https:\/\/www.uqac.ca\/uqactualites\/#\/schema\/person\/366c45a0c4f0e677b41b4af5886e2018"},"description":"Pour cette \u00e9dition du Salon de l'emploi de l'UQAC, les employeurs \u00e9taient ravis d\u2019\u00e9changer avec les candidates et candidats pr\u00e9sents.","breadcrumb":{"@id":"https:\/\/www.uqac.ca\/uqactualites\/2024\/02\/07\/luqac-presente-ledition-2024-du-salon-de-lemploi\/#breadcrumb"},"inLanguage":"fr-CA","potentialAction":[{"@type":"ReadAction","target":["https:\/\/www.uqac.ca\/uqactualites\/2024\/02\/07\/luqac-presente-ledition-2024-du-salon-de-lemploi\/"]}]},{"@type":"ImageObject","inLanguage":"fr-CA","@id":"https:\/\/www.uqac.ca\/uqactualites\/2024\/02\/07\/luqac-presente-ledition-2024-du-salon-de-lemploi\/#primaryimage","url":"https:\/\/www.uqac.ca\/uqactualites\/wp-content\/uploads\/2024\/02\/MicrosoftTeams-image.jpg","contentUrl":"https:\/\/www.uqac.ca\/uqactualites\/wp-content\/uploads\/2024\/02\/MicrosoftTeams-image.jpg","width":1976,"height":1488,"caption":"Salon de l'emploi"},{"@type":"BreadcrumbList","@id":"https:\/\/www.uqac.ca\/uqactualites\/2024\/02\/07\/luqac-presente-ledition-2024-du-salon-de-lemploi\/#breadcrumb","itemListElement":[{"@type":"ListItem","position":1,"name":"Home","item":"https:\/\/www.uqac.ca\/uqactualites\/"},{"@type":"ListItem","position":2,"name":"L\u2019UQAC pr\u00e9sente l\u2019\u00e9dition 2024 du Salon de l\u2019emploi"}]},{"@type":"WebSite","@id":"https:\/\/www.uqac.ca\/uqactualites\/#website","url":"https:\/\/www.uqac.ca\/uqactualites\/","name":"UQACtualit\u00e9s","description":"Le portail des nouvelles de l&#039;UQAC","potentialAction":[{"@type":"SearchAction","target":{"@type":"EntryPoint","urlTemplate":"https:\/\/www.uqac.ca\/uqactualites\/?s={search_term_string}"},"query-input":{"@type":"PropertyValueSpecification","valueRequired":true,"valueName":"search_term_string"}}],"inLanguage":"fr-CA"},{"@type":"Person","@id":"https:\/\/www.uqac.ca\/uqactualites\/#\/schema\/person\/366c45a0c4f0e677b41b4af5886e2018","name":"Service des communications et des relations publiques","image":{"@type":"ImageObject","inLanguage":"fr-CA","@id":"https:\/\/www.uqac.ca\/uqactualites\/#\/schema\/person\/image\/","url":"https:\/\/secure.gravatar.com\/avatar\/20fbbda8a292f59f2d3461a5b999c00b?s=96&d=mm&r=g","contentUrl":"https:\/\/secure.gravatar.com\/avatar\/20fbbda8a292f59f2d3461a5b999c00b?s=96&d=mm&r=g","caption":"Service des communications et des relations publiques"},"url":"https:\/\/www.uqac.ca\/uqactualites\/author\/bap\/"}]}},"_links":{"self":[{"href":"https:\/\/www.uqac.ca\/uqactualites\/wp-json\/wp\/v2\/posts\/45997"}],"collection":[{"href":"https:\/\/www.uqac.ca\/uqactualites\/wp-json\/wp\/v2\/posts"}],"about":[{"href":"https:\/\/www.uqac.ca\/uqactualites\/wp-json\/wp\/v2\/types\/post"}],"author":[{"embeddable":true,"href":"https:\/\/www.uqac.ca\/uqactualites\/wp-json\/wp\/v2\/users\/5"}],"replies":[{"embeddable":true,"href":"https:\/\/www.uqac.ca\/uqactualites\/wp-json\/wp\/v2\/comments?post=45997"}],"version-history":[{"count":6,"href":"https:\/\/www.uqac.ca\/uqactualites\/wp-json\/wp\/v2\/posts\/45997\/revisions"}],"predecessor-version":[{"id":48131,"href":"https:\/\/www.uqac.ca\/uqactualites\/wp-json\/wp\/v2\/posts\/45997\/revisions\/48131"}],"wp:featuredmedia":[{"embeddable":true,"href":"https:\/\/www.uqac.ca\/uqactualites\/wp-json\/wp\/v2\/media\/46020"}],"wp:attachment":[{"href":"https:\/\/www.uqac.ca\/uqactualites\/wp-json\/wp\/v2\/media?parent=45997"}],"wp:term":[{"taxonomy":"category","embeddable":true,"href":"https:\/\/www.uqac.ca\/uqactualites\/wp-json\/wp\/v2\/categories?post=45997"},{"taxonomy":"post_tag","embeddable":true,"href":"https:\/\/www.uqac.ca\/uqactualites\/wp-json\/wp\/v2\/tags?post=45997"}],"curies":[{"name":"wp","href":"https:\/\/api.w.org\/{rel}","templated":true}]}}