{"id":46003,"date":"2024-02-06T08:41:01","date_gmt":"2024-02-06T13:41:01","guid":{"rendered":"https:\/\/www.uqac.ca\/uqactualites\/?p=46003"},"modified":"2024-07-29T11:41:25","modified_gmt":"2024-07-29T15:41:25","slug":"un-mot-dedie-a-notre-communaute-enseignante","status":"publish","type":"post","link":"https:\/\/www.uqac.ca\/uqactualites\/2024\/02\/06\/un-mot-dedie-a-notre-communaute-enseignante\/","title":{"rendered":"Un mot d\u00e9di\u00e9 \u00e0 notre communaut\u00e9 enseignante"},"content":{"rendered":"<p class=\"xmsonormal\"><span style=\"font-size: 12.0pt;\">Cette semaine, je souhaite d\u2019abord d\u00e9dier quelques mots \u00e0 notre communaut\u00e9 enseignante comme il s\u2019agit de la Semaine des enseignantes et des enseignants. Je souligne ici la qualit\u00e9 de votre travail p\u00e9dagogique et d\u2019accompagnement de nos \u00e9tudiantes et \u00e9tudiants pour leur permettre de d\u00e9ployer de bonnes strat\u00e9gies les conduisant ainsi vers le chemin de la r\u00e9ussite. Mais dans notre milieu universitaire, votre engagement se traduit en bien d\u2019autres actions que celles de pr\u00e9parer et donner des cours. Outre le volet recherche de votre t\u00e2che, vos implications de type services \u00e0 la collectivit\u00e9 sont sans doute celles qui ont l\u2019impact le plus g\u00e9n\u00e9ral sur le d\u00e9veloppement de notre universit\u00e9 et sur notre vie communautaire. Je profite donc de l\u2019occasion pour remercier celles et ceux qui prennent part \u00e0 nos instances et \u00e0 nos comit\u00e9s institutionnels participant ainsi \u00e0 orienter notre institution d\u2019enseignement sup\u00e9rieur et \u00e0 nous rendre encore meilleurs. Teint\u00e9es de votre exp\u00e9rience et de vos expertises, vos interventions nous propulsent en avant et sont source de motivation pour demeurer l\u2019universit\u00e9 dynamique que nous animons quotidiennement.<\/span><\/p>\n<p class=\"xmsonormal\"><span style=\"font-size: 12.0pt;\">\u00c0 titre de rappel, l\u2019UQAC comprend trois organismes statutaires soit le Conseil d\u2019administration (CA), le Comit\u00e9 ex\u00e9cutif (CEX) et la Commission des \u00e9tudes, de la recherche et de la cr\u00e9ation (CERC). La cr\u00e9ation, le r\u00f4le, la composition, les droits et pouvoirs et le fonctionnement de ces instances d\u00e9cisionnelles d\u00e9coulent de la Loi sur l\u2019Universit\u00e9 du Qu\u00e9bec, des r\u00e8glements g\u00e9n\u00e9raux de l\u2019Universit\u00e9 du Qu\u00e9bec et, \u00e0 l\u2019UQAC, de la Politique relative aux organismes statutaires et la r\u00e9gie interne ainsi que de la Proc\u00e9dure relative au fonctionnement des organismes statutaires. Les membres de ces diverses assembl\u00e9es d\u00e9lib\u00e9rantes permettent aux instances, par leur implication, d\u2019assurer la saine gouvernance de l\u2019UQAC. Ils sont parties prenantes des d\u00e9cisions des instances. Leur diversit\u00e9 permet de prendre des d\u00e9cisions en consid\u00e9ration d\u2019un maximum de facteurs, et ce, dans l\u2019int\u00e9r\u00eat de l\u2019institution. Ils sont engag\u00e9s dans la vie de la communaut\u00e9 universitaire, au c\u0153ur des enjeux et de l\u2019information. Les coll\u00e8gues enseignants, les \u00e9tudiantes et les \u00e9tudiants ainsi que les autres personnes \u00e9lues agissent comme guides\u00a0: leur r\u00f4le est crucial \u00e0 l\u2019atteinte de notre mission. Si\u00e9ger sur l\u2019une de nos instances officielles est une exp\u00e9rience enrichissante que je vous invite \u00e0 consid\u00e9rer. Si vous souhaitez en savoir davantage, n\u2019h\u00e9sitez pas \u00e0 communiquer avec le Secr\u00e9tariat g\u00e9n\u00e9ral. D\u2019ici le d\u00e9p\u00f4t de votre candidature, permettez-moi de souligner encore une fois toute l\u2019importance du r\u00f4le que vous jouez dans la formation de notre rel\u00e8ve!<\/span><\/p>\n<p class=\"xmsonormal\"><span style=\"font-size: 12.0pt;\">Bonne semaine !<\/span><\/p>\n","protected":false},"excerpt":{"rendered":"<p>Cette semaine, je souhaite d\u2019abord d\u00e9dier quelques mots \u00e0 notre communaut\u00e9 enseignante comme il s\u2019agit de la Semaine des enseignantes et des enseignants. Je souligne ici la qualit\u00e9 de votre travail p\u00e9dagogique et d\u2019accompagnement de nos \u00e9tudiantes et \u00e9tudiants pour leur permettre de d\u00e9ployer de bonnes strat\u00e9gies les conduisant ainsi vers le chemin de la [&hellip;]<\/p>\n","protected":false},"author":10,"featured_media":46004,"comment_status":"open","ping_status":"open","sticky":false,"template":"","format":"standard","meta":{"footnotes":""},"categories":[2792],"tags":[],"yoast_head":"<!-- This site is optimized with the Yoast SEO plugin v24.2 - https:\/\/yoast.com\/wordpress\/plugins\/seo\/ -->\r\n<title>Un mot d\u00e9di\u00e9 \u00e0 notre communaut\u00e9 enseignante - UQACtualit\u00e9s<\/title>\r\n<meta name=\"robots\" content=\"index, follow, max-snippet:-1, max-image-preview:large, max-video-preview:-1\" \/>\r\n<link rel=\"canonical\" href=\"https:\/\/www.uqac.ca\/uqactualites\/2024\/02\/06\/un-mot-dedie-a-notre-communaute-enseignante\/\" \/>\r\n<meta property=\"og:locale\" content=\"fr_CA\" \/>\r\n<meta property=\"og:type\" content=\"article\" \/>\r\n<meta property=\"og:title\" content=\"Un mot d\u00e9di\u00e9 \u00e0 notre communaut\u00e9 enseignante - UQACtualit\u00e9s\" \/>\r\n<meta property=\"og:description\" content=\"Cette semaine, je souhaite d\u2019abord d\u00e9dier quelques mots \u00e0 notre communaut\u00e9 enseignante comme il s\u2019agit de la Semaine des enseignantes et des enseignants. Je souligne ici la qualit\u00e9 de votre travail p\u00e9dagogique et d\u2019accompagnement de nos \u00e9tudiantes et \u00e9tudiants pour leur permettre de d\u00e9ployer de bonnes strat\u00e9gies les conduisant ainsi vers le chemin de la [&hellip;]\" \/>\r\n<meta property=\"og:url\" content=\"https:\/\/www.uqac.ca\/uqactualites\/2024\/02\/06\/un-mot-dedie-a-notre-communaute-enseignante\/\" \/>\r\n<meta property=\"og:site_name\" content=\"UQACtualit\u00e9s\" \/>\r\n<meta property=\"article:published_time\" content=\"2024-02-06T13:41:01+00:00\" \/>\r\n<meta property=\"article:modified_time\" content=\"2024-07-29T15:41:25+00:00\" \/>\r\n<meta property=\"og:image\" content=\"https:\/\/www.uqac.ca\/uqactualites\/wp-content\/uploads\/2024\/02\/MAC02820-scaled.jpg\" \/>\r\n\t<meta property=\"og:image:width\" content=\"2560\" \/>\r\n\t<meta property=\"og:image:height\" content=\"1707\" \/>\r\n\t<meta property=\"og:image:type\" content=\"image\/jpeg\" \/>\r\n<meta name=\"author\" content=\"Ghislain Samson\" \/>\r\n<meta name=\"twitter:card\" content=\"summary_large_image\" \/>\r\n<meta name=\"twitter:label1\" content=\"\u00c9crit par\" \/>\n\t<meta name=\"twitter:data1\" content=\"Ghislain Samson\" \/>\n\t<meta name=\"twitter:label2\" content=\"Estimation du temps de lecture\" \/>\n\t<meta name=\"twitter:data2\" content=\"3 minutes\" \/>\r\n<script type=\"application\/ld+json\" class=\"yoast-schema-graph\">{\"@context\":\"https:\/\/schema.org\",\"@graph\":[{\"@type\":\"WebPage\",\"@id\":\"https:\/\/www.uqac.ca\/uqactualites\/2024\/02\/06\/un-mot-dedie-a-notre-communaute-enseignante\/\",\"url\":\"https:\/\/www.uqac.ca\/uqactualites\/2024\/02\/06\/un-mot-dedie-a-notre-communaute-enseignante\/\",\"name\":\"Un mot d\u00e9di\u00e9 \u00e0 notre communaut\u00e9 enseignante - UQACtualit\u00e9s\",\"isPartOf\":{\"@id\":\"https:\/\/www.uqac.ca\/uqactualites\/#website\"},\"primaryImageOfPage\":{\"@id\":\"https:\/\/www.uqac.ca\/uqactualites\/2024\/02\/06\/un-mot-dedie-a-notre-communaute-enseignante\/#primaryimage\"},\"image\":{\"@id\":\"https:\/\/www.uqac.ca\/uqactualites\/2024\/02\/06\/un-mot-dedie-a-notre-communaute-enseignante\/#primaryimage\"},\"thumbnailUrl\":\"https:\/\/www.uqac.ca\/uqactualites\/wp-content\/uploads\/2024\/02\/MAC02820-scaled.jpg\",\"datePublished\":\"2024-02-06T13:41:01+00:00\",\"dateModified\":\"2024-07-29T15:41:25+00:00\",\"author\":{\"@id\":\"https:\/\/www.uqac.ca\/uqactualites\/#\/schema\/person\/ae2225f9f23eebff67a6e899225952fb\"},\"breadcrumb\":{\"@id\":\"https:\/\/www.uqac.ca\/uqactualites\/2024\/02\/06\/un-mot-dedie-a-notre-communaute-enseignante\/#breadcrumb\"},\"inLanguage\":\"fr-CA\",\"potentialAction\":[{\"@type\":\"ReadAction\",\"target\":[\"https:\/\/www.uqac.ca\/uqactualites\/2024\/02\/06\/un-mot-dedie-a-notre-communaute-enseignante\/\"]}]},{\"@type\":\"ImageObject\",\"inLanguage\":\"fr-CA\",\"@id\":\"https:\/\/www.uqac.ca\/uqactualites\/2024\/02\/06\/un-mot-dedie-a-notre-communaute-enseignante\/#primaryimage\",\"url\":\"https:\/\/www.uqac.ca\/uqactualites\/wp-content\/uploads\/2024\/02\/MAC02820-scaled.jpg\",\"contentUrl\":\"https:\/\/www.uqac.ca\/uqactualites\/wp-content\/uploads\/2024\/02\/MAC02820-scaled.jpg\",\"width\":2560,\"height\":1707},{\"@type\":\"BreadcrumbList\",\"@id\":\"https:\/\/www.uqac.ca\/uqactualites\/2024\/02\/06\/un-mot-dedie-a-notre-communaute-enseignante\/#breadcrumb\",\"itemListElement\":[{\"@type\":\"ListItem\",\"position\":1,\"name\":\"Home\",\"item\":\"https:\/\/www.uqac.ca\/uqactualites\/\"},{\"@type\":\"ListItem\",\"position\":2,\"name\":\"Un mot d\u00e9di\u00e9 \u00e0 notre communaut\u00e9 enseignante\"}]},{\"@type\":\"WebSite\",\"@id\":\"https:\/\/www.uqac.ca\/uqactualites\/#website\",\"url\":\"https:\/\/www.uqac.ca\/uqactualites\/\",\"name\":\"UQACtualit\u00e9s\",\"description\":\"Le portail des nouvelles de l&#039;UQAC\",\"potentialAction\":[{\"@type\":\"SearchAction\",\"target\":{\"@type\":\"EntryPoint\",\"urlTemplate\":\"https:\/\/www.uqac.ca\/uqactualites\/?s={search_term_string}\"},\"query-input\":{\"@type\":\"PropertyValueSpecification\",\"valueRequired\":true,\"valueName\":\"search_term_string\"}}],\"inLanguage\":\"fr-CA\"},{\"@type\":\"Person\",\"@id\":\"https:\/\/www.uqac.ca\/uqactualites\/#\/schema\/person\/ae2225f9f23eebff67a6e899225952fb\",\"name\":\"Ghislain Samson\",\"image\":{\"@type\":\"ImageObject\",\"inLanguage\":\"fr-CA\",\"@id\":\"https:\/\/www.uqac.ca\/uqactualites\/#\/schema\/person\/image\/\",\"url\":\"https:\/\/secure.gravatar.com\/avatar\/61ad9756d7707fefb25ed321388b2105?s=96&d=mm&r=g\",\"contentUrl\":\"https:\/\/secure.gravatar.com\/avatar\/61ad9756d7707fefb25ed321388b2105?s=96&d=mm&r=g\",\"caption\":\"Ghislain Samson\"},\"url\":\"https:\/\/www.uqac.ca\/uqactualites\/author\/gsamson\/\"}]}<\/script>\r\n<!-- \/ Yoast SEO plugin. -->","yoast_head_json":{"title":"Un mot d\u00e9di\u00e9 \u00e0 notre communaut\u00e9 enseignante - UQACtualit\u00e9s","robots":{"index":"index","follow":"follow","max-snippet":"max-snippet:-1","max-image-preview":"max-image-preview:large","max-video-preview":"max-video-preview:-1"},"canonical":"https:\/\/www.uqac.ca\/uqactualites\/2024\/02\/06\/un-mot-dedie-a-notre-communaute-enseignante\/","og_locale":"fr_CA","og_type":"article","og_title":"Un mot d\u00e9di\u00e9 \u00e0 notre communaut\u00e9 enseignante - UQACtualit\u00e9s","og_description":"Cette semaine, je souhaite d\u2019abord d\u00e9dier quelques mots \u00e0 notre communaut\u00e9 enseignante comme il s\u2019agit de la Semaine des enseignantes et des enseignants. Je souligne ici la qualit\u00e9 de votre travail p\u00e9dagogique et d\u2019accompagnement de nos \u00e9tudiantes et \u00e9tudiants pour leur permettre de d\u00e9ployer de bonnes strat\u00e9gies les conduisant ainsi vers le chemin de la [&hellip;]","og_url":"https:\/\/www.uqac.ca\/uqactualites\/2024\/02\/06\/un-mot-dedie-a-notre-communaute-enseignante\/","og_site_name":"UQACtualit\u00e9s","article_published_time":"2024-02-06T13:41:01+00:00","article_modified_time":"2024-07-29T15:41:25+00:00","og_image":[{"width":2560,"height":1707,"url":"https:\/\/www.uqac.ca\/uqactualites\/wp-content\/uploads\/2024\/02\/MAC02820-scaled.jpg","type":"image\/jpeg"}],"author":"Ghislain Samson","twitter_card":"summary_large_image","twitter_misc":{"\u00c9crit par":"Ghislain Samson","Estimation du temps de lecture":"3 minutes"},"schema":{"@context":"https:\/\/schema.org","@graph":[{"@type":"WebPage","@id":"https:\/\/www.uqac.ca\/uqactualites\/2024\/02\/06\/un-mot-dedie-a-notre-communaute-enseignante\/","url":"https:\/\/www.uqac.ca\/uqactualites\/2024\/02\/06\/un-mot-dedie-a-notre-communaute-enseignante\/","name":"Un mot d\u00e9di\u00e9 \u00e0 notre communaut\u00e9 enseignante - UQACtualit\u00e9s","isPartOf":{"@id":"https:\/\/www.uqac.ca\/uqactualites\/#website"},"primaryImageOfPage":{"@id":"https:\/\/www.uqac.ca\/uqactualites\/2024\/02\/06\/un-mot-dedie-a-notre-communaute-enseignante\/#primaryimage"},"image":{"@id":"https:\/\/www.uqac.ca\/uqactualites\/2024\/02\/06\/un-mot-dedie-a-notre-communaute-enseignante\/#primaryimage"},"thumbnailUrl":"https:\/\/www.uqac.ca\/uqactualites\/wp-content\/uploads\/2024\/02\/MAC02820-scaled.jpg","datePublished":"2024-02-06T13:41:01+00:00","dateModified":"2024-07-29T15:41:25+00:00","author":{"@id":"https:\/\/www.uqac.ca\/uqactualites\/#\/schema\/person\/ae2225f9f23eebff67a6e899225952fb"},"breadcrumb":{"@id":"https:\/\/www.uqac.ca\/uqactualites\/2024\/02\/06\/un-mot-dedie-a-notre-communaute-enseignante\/#breadcrumb"},"inLanguage":"fr-CA","potentialAction":[{"@type":"ReadAction","target":["https:\/\/www.uqac.ca\/uqactualites\/2024\/02\/06\/un-mot-dedie-a-notre-communaute-enseignante\/"]}]},{"@type":"ImageObject","inLanguage":"fr-CA","@id":"https:\/\/www.uqac.ca\/uqactualites\/2024\/02\/06\/un-mot-dedie-a-notre-communaute-enseignante\/#primaryimage","url":"https:\/\/www.uqac.ca\/uqactualites\/wp-content\/uploads\/2024\/02\/MAC02820-scaled.jpg","contentUrl":"https:\/\/www.uqac.ca\/uqactualites\/wp-content\/uploads\/2024\/02\/MAC02820-scaled.jpg","width":2560,"height":1707},{"@type":"BreadcrumbList","@id":"https:\/\/www.uqac.ca\/uqactualites\/2024\/02\/06\/un-mot-dedie-a-notre-communaute-enseignante\/#breadcrumb","itemListElement":[{"@type":"ListItem","position":1,"name":"Home","item":"https:\/\/www.uqac.ca\/uqactualites\/"},{"@type":"ListItem","position":2,"name":"Un mot d\u00e9di\u00e9 \u00e0 notre communaut\u00e9 enseignante"}]},{"@type":"WebSite","@id":"https:\/\/www.uqac.ca\/uqactualites\/#website","url":"https:\/\/www.uqac.ca\/uqactualites\/","name":"UQACtualit\u00e9s","description":"Le portail des nouvelles de l&#039;UQAC","potentialAction":[{"@type":"SearchAction","target":{"@type":"EntryPoint","urlTemplate":"https:\/\/www.uqac.ca\/uqactualites\/?s={search_term_string}"},"query-input":{"@type":"PropertyValueSpecification","valueRequired":true,"valueName":"search_term_string"}}],"inLanguage":"fr-CA"},{"@type":"Person","@id":"https:\/\/www.uqac.ca\/uqactualites\/#\/schema\/person\/ae2225f9f23eebff67a6e899225952fb","name":"Ghislain Samson","image":{"@type":"ImageObject","inLanguage":"fr-CA","@id":"https:\/\/www.uqac.ca\/uqactualites\/#\/schema\/person\/image\/","url":"https:\/\/secure.gravatar.com\/avatar\/61ad9756d7707fefb25ed321388b2105?s=96&d=mm&r=g","contentUrl":"https:\/\/secure.gravatar.com\/avatar\/61ad9756d7707fefb25ed321388b2105?s=96&d=mm&r=g","caption":"Ghislain Samson"},"url":"https:\/\/www.uqac.ca\/uqactualites\/author\/gsamson\/"}]}},"_links":{"self":[{"href":"https:\/\/www.uqac.ca\/uqactualites\/wp-json\/wp\/v2\/posts\/46003"}],"collection":[{"href":"https:\/\/www.uqac.ca\/uqactualites\/wp-json\/wp\/v2\/posts"}],"about":[{"href":"https:\/\/www.uqac.ca\/uqactualites\/wp-json\/wp\/v2\/types\/post"}],"author":[{"embeddable":true,"href":"https:\/\/www.uqac.ca\/uqactualites\/wp-json\/wp\/v2\/users\/10"}],"replies":[{"embeddable":true,"href":"https:\/\/www.uqac.ca\/uqactualites\/wp-json\/wp\/v2\/comments?post=46003"}],"version-history":[{"count":3,"href":"https:\/\/www.uqac.ca\/uqactualites\/wp-json\/wp\/v2\/posts\/46003\/revisions"}],"predecessor-version":[{"id":46007,"href":"https:\/\/www.uqac.ca\/uqactualites\/wp-json\/wp\/v2\/posts\/46003\/revisions\/46007"}],"wp:featuredmedia":[{"embeddable":true,"href":"https:\/\/www.uqac.ca\/uqactualites\/wp-json\/wp\/v2\/media\/46004"}],"wp:attachment":[{"href":"https:\/\/www.uqac.ca\/uqactualites\/wp-json\/wp\/v2\/media?parent=46003"}],"wp:term":[{"taxonomy":"category","embeddable":true,"href":"https:\/\/www.uqac.ca\/uqactualites\/wp-json\/wp\/v2\/categories?post=46003"},{"taxonomy":"post_tag","embeddable":true,"href":"https:\/\/www.uqac.ca\/uqactualites\/wp-json\/wp\/v2\/tags?post=46003"}],"curies":[{"name":"wp","href":"https:\/\/api.w.org\/{rel}","templated":true}]}}