{"id":46038,"date":"2024-02-12T14:20:21","date_gmt":"2024-02-12T19:20:21","guid":{"rendered":"https:\/\/www.uqac.ca\/uqactualites\/?p=46038"},"modified":"2024-07-29T10:44:23","modified_gmt":"2024-07-29T14:44:23","slug":"relever-de-grands-defis-5-minutes-a-la-fois-la-perseverance-de-denise-alano","status":"publish","type":"post","link":"https:\/\/www.uqac.ca\/uqactualites\/2024\/02\/12\/relever-de-grands-defis-5-minutes-a-la-fois-la-perseverance-de-denise-alano\/","title":{"rendered":"Relever de grands d\u00e9fis 5 minutes \u00e0 la fois, la pers\u00e9v\u00e9rance de Denise Alano"},"content":{"rendered":"<p>Les <a href=\"https:\/\/www.journeesperseverancescolaire.com\/fr\" target=\"_blank\" rel=\"noopener\">journ\u00e9es de la pers\u00e9v\u00e9rance scolaire<\/a>, qui ont lieu du 12 au 16 f\u00e9vrier, sont l\u2019occasion de mettre de l\u2019avant le parcours inspirant des \u00e9tudiantes et des \u00e9tudiants de l\u2019UQAC qui, par leur d\u00e9termination, ont r\u00e9ussi \u00e0 surmonter les nombreux d\u00e9fis rencontr\u00e9s au cours de leur cheminement universitaire, pour atteindre les objectifs qu&rsquo;ils se sont fix\u00e9s dans la r\u00e9alisation de leur projet d&rsquo;\u00e9tudes.<\/p>\n<hr \/>\n<h3>Denise Alano, \u00e9tudiante au baccalaur\u00e9at en biologie<\/h3>\n<p>Denise Alano en est \u00e0 sa troisi\u00e8me ann\u00e9e en tant qu\u2019\u00e9tudiante au <a href=\"https:\/\/www.uqac.ca\/programme\/7705-baccalaureat-en-biologie\/\" target=\"_blank\" rel=\"noopener\">baccalaur\u00e9at en biologie<\/a> de l\u2019UQAC. D\u2019origines v\u00e9n\u00e9zu\u00e9liennes, Denise a v\u00e9cu au Panama et dans son pays natal avant d\u2019arriver au Saguenay en 2018. Apr\u00e8s une ann\u00e9e d\u2019apprentissage de la langue fran\u00e7aise, elle a alors r\u00e9alis\u00e9 sa formation coll\u00e9giale au C\u00e9gep de Jonqui\u00e8re. C\u2019est durant cette p\u00e9riode qu\u2019elle a d\u00e9couvert la beaut\u00e9 de la r\u00e9gion et qu\u2019elle a commenc\u00e9 \u00e0 d\u00e9velopper une passion pour la for\u00eat bor\u00e9ale. Elle a ensuite \u00e9t\u00e9 admise au programme de baccalaur\u00e9at en biologie de l\u2019UQAC en 2021. Aujourd\u2019hui, Denise est sur le point de terminer sa formation de 1<sup>er<\/sup> cycle. Elle travaille \u00e9galement pour l\u2019universit\u00e9 \u00e0 titre d\u2019assistante de recherche et occupe la fonction de pr\u00e9sidente dans son association \u00e9tudiante.<\/p>\n<p><strong>Qu\u2019est-ce que la pers\u00e9v\u00e9rance signifie pour toi?<br \/>\n<\/strong><em>Pour moi, la pers\u00e9v\u00e9rance, c\u2019est donner son maximum chaque jour. Selon notre humeur et notre \u00e9tat d\u2019esprit, notre maximum n\u2019est cependant pas toujours le m\u00eame de jour en jour.\u00a0 Parfois c\u2019est 100%, mais il peut arriver que ce soit juste 30%. L\u2019important, c&rsquo;est de faire ce que l\u2019on peut et de le faire quotidiennement pour accomplir ses objectifs.<\/em><\/p>\n<p><strong>Comment arrives-tu \u00e0 bien concilier tes \u00e9tudes et ta vie personnelle?<br \/>\n<\/strong><em>Je reconnais l\u2019importance de chacun de ces deux aspects. Pour certaines personnes, moi incluse, il est facile de mettre de c\u00f4t\u00e9 sa vie personnelle, mais il faut savoir que sans des moments pour se d\u00e9tendre, on finit toujours par s\u2019\u00e9puiser. Lorsque l\u2019on est capable de s\u2019accorder du temps pour se reposer et pour relaxer, on est capable d\u2019accomplir bien plus par la suite.<\/em><\/p>\n<p><strong>Dans tes moments de d\u00e9couragement, qu&rsquo;est-ce qui te motive \u00e0 poursuivre ton projet d&rsquo;\u00e9tudes?<br \/>\n<\/strong><em>Je pense \u00e0 tout ce que je pourrai accomplir avec mes \u00e9tudes, \u00e0 la fois professionnellement et personnellement. Un projet d\u2019\u00e9tudes, \u00e7a ne sert pas seulement \u00e0 acqu\u00e9rir des connaissances pour le travail, mais \u00e7a consiste aussi \u00e0 apprendre \u00e0 se d\u00e9passer, \u00e0 travailler ensemble et \u00e0 trouver sa place dans le monde.<\/em><\/p>\n<p><strong>Y a-t-il des personnes significatives dans ton parcours universitaire qui t\u2019ont aid\u00e9 \u00e0 pers\u00e9v\u00e9rer?<br \/>\n<\/strong><em>Sans doute, je dois beaucoup au professeur Sergio Rossi, que je consid\u00e8re comme un v\u00e9ritable mentor. Il pousse toujours ses \u00e9tudiantes et ses \u00e9tudiants \u00e0 d\u00e9velopper leur potentiel et \u00e0 profiter de chaque opportunit\u00e9 qui se pr\u00e9sente, le tout en affichant le sourire.<\/em><\/p>\n<p><strong>Si tu avais un conseil \u00e0 donner \u00e0 quelqu&rsquo;un pour l&rsquo;aider \u00e0 pers\u00e9v\u00e9rer, ce serait quoi?<br \/>\n<\/strong><em>Prenez les d\u00e9fis que vous rencontrez 5 minutes \u00e0 la fois. Je crois que si l\u2019on arrive \u00e0 se consacrer \u00e0 la t\u00e2che juste 5 minutes, on voit que l&rsquo;on est capable de faire 5 minutes de plus, 30 minutes de plus, un jour de plus, un mois de plus et l&rsquo;on finit par constater que l&rsquo;on est capable d\u2019accomplir n&rsquo;importe quoi.<\/em><\/p>\n<p><strong>Quelle est ta plus grande fiert\u00e9 jusqu&rsquo;ici dans ton parcours universitaire?<br \/>\n<\/strong><em>Ma plus grande fiert\u00e9 est d\u2019avoir eu l\u2019honneur de recevoir la bourse Undergraduate Travel Awards de l\u2019Association canadienne de g\u00e9n\u00e9tique foresti\u00e8re. Celle-ci m\u2019a permis non seulement de voyager, mais aussi de participer activement \u00e0 un congr\u00e8s international et d\u2019y pr\u00e9senter mon projet pour la premi\u00e8re fois.<\/em><\/p>\n","protected":false},"excerpt":{"rendered":"<p>Les journ\u00e9es de la pers\u00e9v\u00e9rance scolaire, qui ont lieu du 12 au 16 f\u00e9vrier, sont l\u2019occasion de mettre de l\u2019avant le parcours inspirant des \u00e9tudiantes et des \u00e9tudiants de l\u2019UQAC qui, par leur d\u00e9termination, ont r\u00e9ussi \u00e0 surmonter les nombreux d\u00e9fis rencontr\u00e9s au cours de leur cheminement universitaire, pour atteindre les objectifs qu&rsquo;ils se sont [&hellip;]<\/p>\n","protected":false},"author":5,"featured_media":46072,"comment_status":"open","ping_status":"open","sticky":false,"template":"","format":"standard","meta":{"footnotes":""},"categories":[248],"tags":[335,3,154,565],"yoast_head":"<!-- This site is optimized with the Yoast SEO plugin v24.2 - https:\/\/yoast.com\/wordpress\/plugins\/seo\/ -->\r\n<title>Relever de grands d\u00e9fis 5 minutes \u00e0 la fois, la pers\u00e9v\u00e9rance de Denise Alano - UQACtualit\u00e9s<\/title>\r\n<meta name=\"description\" content=\"Les journ\u00e9es de la pers\u00e9v\u00e9rance scolaire sont l\u2019occasion de mettre de l\u2019avant le parcours inspirant d&#039;\u00e9tudiantes et des \u00e9tudiants de l\u2019UQAC.\" \/>\r\n<meta name=\"robots\" content=\"index, follow, max-snippet:-1, max-image-preview:large, max-video-preview:-1\" \/>\r\n<link rel=\"canonical\" href=\"https:\/\/www.uqac.ca\/uqactualites\/2024\/02\/12\/relever-de-grands-defis-5-minutes-a-la-fois-la-perseverance-de-denise-alano\/\" \/>\r\n<meta property=\"og:locale\" content=\"fr_CA\" \/>\r\n<meta property=\"og:type\" content=\"article\" \/>\r\n<meta property=\"og:title\" content=\"Relever de grands d\u00e9fis 5 minutes \u00e0 la fois, la pers\u00e9v\u00e9rance de Denise Alano - UQACtualit\u00e9s\" \/>\r\n<meta property=\"og:description\" content=\"Les journ\u00e9es de la pers\u00e9v\u00e9rance scolaire sont l\u2019occasion de mettre de l\u2019avant le parcours inspirant d&#039;\u00e9tudiantes et des \u00e9tudiants de l\u2019UQAC.\" \/>\r\n<meta property=\"og:url\" content=\"https:\/\/www.uqac.ca\/uqactualites\/2024\/02\/12\/relever-de-grands-defis-5-minutes-a-la-fois-la-perseverance-de-denise-alano\/\" \/>\r\n<meta property=\"og:site_name\" content=\"UQACtualit\u00e9s\" \/>\r\n<meta property=\"article:published_time\" content=\"2024-02-12T19:20:21+00:00\" \/>\r\n<meta property=\"article:modified_time\" content=\"2024-07-29T14:44:23+00:00\" \/>\r\n<meta property=\"og:image\" content=\"https:\/\/www.uqac.ca\/uqactualites\/wp-content\/uploads\/2024\/02\/Alano.png\" \/>\r\n\t<meta property=\"og:image:width\" content=\"1920\" \/>\r\n\t<meta property=\"og:image:height\" content=\"1080\" \/>\r\n\t<meta property=\"og:image:type\" content=\"image\/png\" \/>\r\n<meta name=\"author\" content=\"Service des communications et des relations publiques\" \/>\r\n<meta name=\"twitter:card\" content=\"summary_large_image\" \/>\r\n<meta name=\"twitter:label1\" content=\"\u00c9crit par\" \/>\n\t<meta name=\"twitter:data1\" content=\"Service des communications et des relations publiques\" \/>\n\t<meta name=\"twitter:label2\" content=\"Estimation du temps de lecture\" \/>\n\t<meta name=\"twitter:data2\" content=\"4 minutes\" \/>\r\n<script type=\"application\/ld+json\" class=\"yoast-schema-graph\">{\"@context\":\"https:\/\/schema.org\",\"@graph\":[{\"@type\":\"WebPage\",\"@id\":\"https:\/\/www.uqac.ca\/uqactualites\/2024\/02\/12\/relever-de-grands-defis-5-minutes-a-la-fois-la-perseverance-de-denise-alano\/\",\"url\":\"https:\/\/www.uqac.ca\/uqactualites\/2024\/02\/12\/relever-de-grands-defis-5-minutes-a-la-fois-la-perseverance-de-denise-alano\/\",\"name\":\"Relever de grands d\u00e9fis 5 minutes \u00e0 la fois, la pers\u00e9v\u00e9rance de Denise Alano - UQACtualit\u00e9s\",\"isPartOf\":{\"@id\":\"https:\/\/www.uqac.ca\/uqactualites\/#website\"},\"primaryImageOfPage\":{\"@id\":\"https:\/\/www.uqac.ca\/uqactualites\/2024\/02\/12\/relever-de-grands-defis-5-minutes-a-la-fois-la-perseverance-de-denise-alano\/#primaryimage\"},\"image\":{\"@id\":\"https:\/\/www.uqac.ca\/uqactualites\/2024\/02\/12\/relever-de-grands-defis-5-minutes-a-la-fois-la-perseverance-de-denise-alano\/#primaryimage\"},\"thumbnailUrl\":\"https:\/\/www.uqac.ca\/uqactualites\/wp-content\/uploads\/2024\/02\/Alano.png\",\"datePublished\":\"2024-02-12T19:20:21+00:00\",\"dateModified\":\"2024-07-29T14:44:23+00:00\",\"author\":{\"@id\":\"https:\/\/www.uqac.ca\/uqactualites\/#\/schema\/person\/366c45a0c4f0e677b41b4af5886e2018\"},\"description\":\"Les journ\u00e9es de la pers\u00e9v\u00e9rance scolaire sont l\u2019occasion de mettre de l\u2019avant le parcours inspirant d'\u00e9tudiantes et des \u00e9tudiants de l\u2019UQAC.\",\"breadcrumb\":{\"@id\":\"https:\/\/www.uqac.ca\/uqactualites\/2024\/02\/12\/relever-de-grands-defis-5-minutes-a-la-fois-la-perseverance-de-denise-alano\/#breadcrumb\"},\"inLanguage\":\"fr-CA\",\"potentialAction\":[{\"@type\":\"ReadAction\",\"target\":[\"https:\/\/www.uqac.ca\/uqactualites\/2024\/02\/12\/relever-de-grands-defis-5-minutes-a-la-fois-la-perseverance-de-denise-alano\/\"]}]},{\"@type\":\"ImageObject\",\"inLanguage\":\"fr-CA\",\"@id\":\"https:\/\/www.uqac.ca\/uqactualites\/2024\/02\/12\/relever-de-grands-defis-5-minutes-a-la-fois-la-perseverance-de-denise-alano\/#primaryimage\",\"url\":\"https:\/\/www.uqac.ca\/uqactualites\/wp-content\/uploads\/2024\/02\/Alano.png\",\"contentUrl\":\"https:\/\/www.uqac.ca\/uqactualites\/wp-content\/uploads\/2024\/02\/Alano.png\",\"width\":1920,\"height\":1080,\"caption\":\"Pers\u00e9v\u00e9rance scolaire\"},{\"@type\":\"BreadcrumbList\",\"@id\":\"https:\/\/www.uqac.ca\/uqactualites\/2024\/02\/12\/relever-de-grands-defis-5-minutes-a-la-fois-la-perseverance-de-denise-alano\/#breadcrumb\",\"itemListElement\":[{\"@type\":\"ListItem\",\"position\":1,\"name\":\"Home\",\"item\":\"https:\/\/www.uqac.ca\/uqactualites\/\"},{\"@type\":\"ListItem\",\"position\":2,\"name\":\"Relever de grands d\u00e9fis 5 minutes \u00e0 la fois, la pers\u00e9v\u00e9rance de Denise Alano\"}]},{\"@type\":\"WebSite\",\"@id\":\"https:\/\/www.uqac.ca\/uqactualites\/#website\",\"url\":\"https:\/\/www.uqac.ca\/uqactualites\/\",\"name\":\"UQACtualit\u00e9s\",\"description\":\"Le portail des nouvelles de l&#039;UQAC\",\"potentialAction\":[{\"@type\":\"SearchAction\",\"target\":{\"@type\":\"EntryPoint\",\"urlTemplate\":\"https:\/\/www.uqac.ca\/uqactualites\/?s={search_term_string}\"},\"query-input\":{\"@type\":\"PropertyValueSpecification\",\"valueRequired\":true,\"valueName\":\"search_term_string\"}}],\"inLanguage\":\"fr-CA\"},{\"@type\":\"Person\",\"@id\":\"https:\/\/www.uqac.ca\/uqactualites\/#\/schema\/person\/366c45a0c4f0e677b41b4af5886e2018\",\"name\":\"Service des communications et des relations publiques\",\"image\":{\"@type\":\"ImageObject\",\"inLanguage\":\"fr-CA\",\"@id\":\"https:\/\/www.uqac.ca\/uqactualites\/#\/schema\/person\/image\/\",\"url\":\"https:\/\/secure.gravatar.com\/avatar\/20fbbda8a292f59f2d3461a5b999c00b?s=96&d=mm&r=g\",\"contentUrl\":\"https:\/\/secure.gravatar.com\/avatar\/20fbbda8a292f59f2d3461a5b999c00b?s=96&d=mm&r=g\",\"caption\":\"Service des communications et des relations publiques\"},\"url\":\"https:\/\/www.uqac.ca\/uqactualites\/author\/bap\/\"}]}<\/script>\r\n<!-- \/ Yoast SEO plugin. -->","yoast_head_json":{"title":"Relever de grands d\u00e9fis 5 minutes \u00e0 la fois, la pers\u00e9v\u00e9rance de Denise Alano - UQACtualit\u00e9s","description":"Les journ\u00e9es de la pers\u00e9v\u00e9rance scolaire sont l\u2019occasion de mettre de l\u2019avant le parcours inspirant d'\u00e9tudiantes et des \u00e9tudiants de l\u2019UQAC.","robots":{"index":"index","follow":"follow","max-snippet":"max-snippet:-1","max-image-preview":"max-image-preview:large","max-video-preview":"max-video-preview:-1"},"canonical":"https:\/\/www.uqac.ca\/uqactualites\/2024\/02\/12\/relever-de-grands-defis-5-minutes-a-la-fois-la-perseverance-de-denise-alano\/","og_locale":"fr_CA","og_type":"article","og_title":"Relever de grands d\u00e9fis 5 minutes \u00e0 la fois, la pers\u00e9v\u00e9rance de Denise Alano - UQACtualit\u00e9s","og_description":"Les journ\u00e9es de la pers\u00e9v\u00e9rance scolaire sont l\u2019occasion de mettre de l\u2019avant le parcours inspirant d'\u00e9tudiantes et des \u00e9tudiants de l\u2019UQAC.","og_url":"https:\/\/www.uqac.ca\/uqactualites\/2024\/02\/12\/relever-de-grands-defis-5-minutes-a-la-fois-la-perseverance-de-denise-alano\/","og_site_name":"UQACtualit\u00e9s","article_published_time":"2024-02-12T19:20:21+00:00","article_modified_time":"2024-07-29T14:44:23+00:00","og_image":[{"width":1920,"height":1080,"url":"https:\/\/www.uqac.ca\/uqactualites\/wp-content\/uploads\/2024\/02\/Alano.png","type":"image\/png"}],"author":"Service des communications et des relations publiques","twitter_card":"summary_large_image","twitter_misc":{"\u00c9crit par":"Service des communications et des relations publiques","Estimation du temps de lecture":"4 minutes"},"schema":{"@context":"https:\/\/schema.org","@graph":[{"@type":"WebPage","@id":"https:\/\/www.uqac.ca\/uqactualites\/2024\/02\/12\/relever-de-grands-defis-5-minutes-a-la-fois-la-perseverance-de-denise-alano\/","url":"https:\/\/www.uqac.ca\/uqactualites\/2024\/02\/12\/relever-de-grands-defis-5-minutes-a-la-fois-la-perseverance-de-denise-alano\/","name":"Relever de grands d\u00e9fis 5 minutes \u00e0 la fois, la pers\u00e9v\u00e9rance de Denise Alano - UQACtualit\u00e9s","isPartOf":{"@id":"https:\/\/www.uqac.ca\/uqactualites\/#website"},"primaryImageOfPage":{"@id":"https:\/\/www.uqac.ca\/uqactualites\/2024\/02\/12\/relever-de-grands-defis-5-minutes-a-la-fois-la-perseverance-de-denise-alano\/#primaryimage"},"image":{"@id":"https:\/\/www.uqac.ca\/uqactualites\/2024\/02\/12\/relever-de-grands-defis-5-minutes-a-la-fois-la-perseverance-de-denise-alano\/#primaryimage"},"thumbnailUrl":"https:\/\/www.uqac.ca\/uqactualites\/wp-content\/uploads\/2024\/02\/Alano.png","datePublished":"2024-02-12T19:20:21+00:00","dateModified":"2024-07-29T14:44:23+00:00","author":{"@id":"https:\/\/www.uqac.ca\/uqactualites\/#\/schema\/person\/366c45a0c4f0e677b41b4af5886e2018"},"description":"Les journ\u00e9es de la pers\u00e9v\u00e9rance scolaire sont l\u2019occasion de mettre de l\u2019avant le parcours inspirant d'\u00e9tudiantes et des \u00e9tudiants de l\u2019UQAC.","breadcrumb":{"@id":"https:\/\/www.uqac.ca\/uqactualites\/2024\/02\/12\/relever-de-grands-defis-5-minutes-a-la-fois-la-perseverance-de-denise-alano\/#breadcrumb"},"inLanguage":"fr-CA","potentialAction":[{"@type":"ReadAction","target":["https:\/\/www.uqac.ca\/uqactualites\/2024\/02\/12\/relever-de-grands-defis-5-minutes-a-la-fois-la-perseverance-de-denise-alano\/"]}]},{"@type":"ImageObject","inLanguage":"fr-CA","@id":"https:\/\/www.uqac.ca\/uqactualites\/2024\/02\/12\/relever-de-grands-defis-5-minutes-a-la-fois-la-perseverance-de-denise-alano\/#primaryimage","url":"https:\/\/www.uqac.ca\/uqactualites\/wp-content\/uploads\/2024\/02\/Alano.png","contentUrl":"https:\/\/www.uqac.ca\/uqactualites\/wp-content\/uploads\/2024\/02\/Alano.png","width":1920,"height":1080,"caption":"Pers\u00e9v\u00e9rance scolaire"},{"@type":"BreadcrumbList","@id":"https:\/\/www.uqac.ca\/uqactualites\/2024\/02\/12\/relever-de-grands-defis-5-minutes-a-la-fois-la-perseverance-de-denise-alano\/#breadcrumb","itemListElement":[{"@type":"ListItem","position":1,"name":"Home","item":"https:\/\/www.uqac.ca\/uqactualites\/"},{"@type":"ListItem","position":2,"name":"Relever de grands d\u00e9fis 5 minutes \u00e0 la fois, la pers\u00e9v\u00e9rance de Denise Alano"}]},{"@type":"WebSite","@id":"https:\/\/www.uqac.ca\/uqactualites\/#website","url":"https:\/\/www.uqac.ca\/uqactualites\/","name":"UQACtualit\u00e9s","description":"Le portail des nouvelles de l&#039;UQAC","potentialAction":[{"@type":"SearchAction","target":{"@type":"EntryPoint","urlTemplate":"https:\/\/www.uqac.ca\/uqactualites\/?s={search_term_string}"},"query-input":{"@type":"PropertyValueSpecification","valueRequired":true,"valueName":"search_term_string"}}],"inLanguage":"fr-CA"},{"@type":"Person","@id":"https:\/\/www.uqac.ca\/uqactualites\/#\/schema\/person\/366c45a0c4f0e677b41b4af5886e2018","name":"Service des communications et des relations publiques","image":{"@type":"ImageObject","inLanguage":"fr-CA","@id":"https:\/\/www.uqac.ca\/uqactualites\/#\/schema\/person\/image\/","url":"https:\/\/secure.gravatar.com\/avatar\/20fbbda8a292f59f2d3461a5b999c00b?s=96&d=mm&r=g","contentUrl":"https:\/\/secure.gravatar.com\/avatar\/20fbbda8a292f59f2d3461a5b999c00b?s=96&d=mm&r=g","caption":"Service des communications et des relations publiques"},"url":"https:\/\/www.uqac.ca\/uqactualites\/author\/bap\/"}]}},"_links":{"self":[{"href":"https:\/\/www.uqac.ca\/uqactualites\/wp-json\/wp\/v2\/posts\/46038"}],"collection":[{"href":"https:\/\/www.uqac.ca\/uqactualites\/wp-json\/wp\/v2\/posts"}],"about":[{"href":"https:\/\/www.uqac.ca\/uqactualites\/wp-json\/wp\/v2\/types\/post"}],"author":[{"embeddable":true,"href":"https:\/\/www.uqac.ca\/uqactualites\/wp-json\/wp\/v2\/users\/5"}],"replies":[{"embeddable":true,"href":"https:\/\/www.uqac.ca\/uqactualites\/wp-json\/wp\/v2\/comments?post=46038"}],"version-history":[{"count":6,"href":"https:\/\/www.uqac.ca\/uqactualites\/wp-json\/wp\/v2\/posts\/46038\/revisions"}],"predecessor-version":[{"id":48121,"href":"https:\/\/www.uqac.ca\/uqactualites\/wp-json\/wp\/v2\/posts\/46038\/revisions\/48121"}],"wp:featuredmedia":[{"embeddable":true,"href":"https:\/\/www.uqac.ca\/uqactualites\/wp-json\/wp\/v2\/media\/46072"}],"wp:attachment":[{"href":"https:\/\/www.uqac.ca\/uqactualites\/wp-json\/wp\/v2\/media?parent=46038"}],"wp:term":[{"taxonomy":"category","embeddable":true,"href":"https:\/\/www.uqac.ca\/uqactualites\/wp-json\/wp\/v2\/categories?post=46038"},{"taxonomy":"post_tag","embeddable":true,"href":"https:\/\/www.uqac.ca\/uqactualites\/wp-json\/wp\/v2\/tags?post=46038"}],"curies":[{"name":"wp","href":"https:\/\/api.w.org\/{rel}","templated":true}]}}