{"id":46107,"date":"2024-02-15T09:14:45","date_gmt":"2024-02-15T14:14:45","guid":{"rendered":"https:\/\/www.uqac.ca\/uqactualites\/?p=46107"},"modified":"2024-08-30T14:27:33","modified_gmt":"2024-08-30T18:27:33","slug":"croire-en-sa-force-interieure-pour-perseverer-lattitude-bienveillante-de-camille-crepieux","status":"publish","type":"post","link":"https:\/\/www.uqac.ca\/uqactualites\/2024\/02\/15\/croire-en-sa-force-interieure-pour-perseverer-lattitude-bienveillante-de-camille-crepieux\/","title":{"rendered":"Croire en sa force int\u00e9rieure pour pers\u00e9v\u00e9rer, l&rsquo;attitude bienveillante de Camille Cr\u00e9pieux"},"content":{"rendered":"<p>Les journ\u00e9es de la pers\u00e9v\u00e9rance scolaire, qui ont lieu du 12 au 16 f\u00e9vrier, sont l\u2019occasion de mettre de l\u2019avant le parcours inspirant des \u00e9tudiantes et des \u00e9tudiants de l\u2019UQAC qui, par leur d\u00e9termination, ont r\u00e9ussi \u00e0 surmonter les nombreux d\u00e9fis rencontr\u00e9s au cours de leur cheminement scolaire et universitaire, pour atteindre les objectifs qu&rsquo;ils se sont fix\u00e9s dans la r\u00e9alisation de leur projet d&rsquo;\u00e9tudes.<\/p>\n<hr \/>\n<h3>Camille Cr\u00e9pieux, \u00e9tudiant \u00e0 la ma\u00eetrise en ressources renouvelables<\/h3>\n<p>En 2021, Camille a entam\u00e9 une double diplomation \u00e0 l&rsquo;Universit\u00e9 Claude Bernard Lyon 1, obtenant avec succ\u00e8s un baccalaur\u00e9at en chimie des produits naturels. Actuellement \u00e9tudiant \u00e0 la <a href=\"https:\/\/www.uqac.ca\/programme\/3018-maitrise-en-ressources-renouvelables\/\">ma\u00eetrise en ressources renouvelables<\/a> de l\u2019UQAC, il est particuli\u00e8rement investi dans la vie \u00e9tudiante de son universit\u00e9. Il s\u2019est notamment impliqu\u00e9 \u00e0 titre coordonnateur aux affaires p\u00e9dagogiques\/cycles sup\u00e9rieurs au <a href=\"https:\/\/mageuqac.com\/\" target=\"_blank\" rel=\"noopener\">Mouvement des associations g\u00e9n\u00e9rales \u00e9tudiantes de l&rsquo;UQAC (MAGE-UQAC)<\/a>, o\u00f9 il y occupe actuellement le r\u00f4le de secr\u00e9taire g\u00e9n\u00e9rale.<\/p>\n<p><strong>Qu\u2019est-ce que la pers\u00e9v\u00e9rance signifie pour toi?<br \/>\n<\/strong><em>La pers\u00e9v\u00e9rance, pour moi, signifie ne pas abandonner face aux difficult\u00e9s. C&rsquo;est maintenir sa concentration sur les objectifs, surmonter les obstacles sans se d\u00e9courager. Elle incarne une force int\u00e9rieure, source de motivation et d&rsquo;optimisme malgr\u00e9 les retards des r\u00e9sultats. C&rsquo;est la cl\u00e9 pour progresser malgr\u00e9 les d\u00e9fis et les revers.<\/em><\/p>\n<p><strong>Comment arrives-tu \u00e0 bien concilier tes \u00e9tudes et ta vie personnelle?<br \/>\n<\/strong><em>Jongler entre les \u00e9tudes et ma vie personnelle exige planification et rigueur. Un emploi du temps bien pens\u00e9 me permet de consacrer le temps n\u00e9cessaire aux \u00e9tudes tout en pr\u00e9servant des moments personnels. La cl\u00e9 r\u00e9side dans la priorisation et dans l\u2019identification d\u2019objectifs concrets, alli\u00e9es \u00e0 la discipline et l\u2019organisation pour maintenir un \u00e9quilibre sain.<\/em><\/p>\n<p><strong>Dans tes moments de d\u00e9couragement, qu&rsquo;est-ce qui te motive \u00e0 poursuivre ton projet d&rsquo;\u00e9tudes?<br \/>\n<\/strong><em>Dans les moments de d\u00e9couragement, la musique me recentre et ravive ma motivation. La r\u00e9flexion sur le chemin parcouru renforce ma fiert\u00e9 et m\u2019aide \u00e0 rester pers\u00e9v\u00e9rant. Le soutien inconditionnel de ma famille et mes amis sont aussi une pr\u00e9cieuse source de motivation qui m&rsquo;inspire \u00e0 poursuivre mes \u00e9tudes malgr\u00e9 les obstacles.<\/em><\/p>\n<p><strong>Y a-t-il des personnes significatives dans ton parcours universitaire qui t\u2019ont aid\u00e9 \u00e0 pers\u00e9v\u00e9rer?<br \/>\n<\/strong><em>Oui, Mme Branger Mireille, conseill\u00e8re principale d\u2019\u00e9ducation au Lyc\u00e9e Polyvalent Galil\u00e9e, \u00e0 Vienne. Cette personne a \u00e9t\u00e9 tr\u00e8s significative dans mon parcours acad\u00e9mique. Elle m&rsquo;a enseign\u00e9 la gestion \u00e9motionnelle et l&rsquo;importance de pers\u00e9v\u00e9rer. De plus, elle m\u2019a aussi inculqu\u00e9 la valeur et l\u2019importance de l\u2019engagement b\u00e9n\u00e9vole et social. Son influence a profond\u00e9ment marqu\u00e9 ma trajectoire acad\u00e9mique et personnelle.<\/em><\/p>\n<p><strong>Si tu avais un conseil \u00e0 donner \u00e0 quelqu&rsquo;un pour l&rsquo;aider \u00e0 pers\u00e9v\u00e9rer, ce serait quoi?<br \/>\n<\/strong><em>Rappelle-toi des moments o\u00f9 tu as surmont\u00e9 des d\u00e9fis avec succ\u00e8s. Ces souvenirs peuvent raviver la flamme de ta d\u00e9termination et te rappeler que tu as la force n\u00e9cessaire pour pers\u00e9v\u00e9rer. Crois en toi et en ta capacit\u00e9 \u00e0 surmonter les obstacles et ne sous-estime pas la force que tu as en toi.<\/em><\/p>\n<p><strong>Quelle est ta plus grande fiert\u00e9 jusqu&rsquo;ici dans ton parcours universitaire?<br \/>\n<\/strong><em>Ma plus grande fiert\u00e9 dans mon parcours universitaire est de ne jamais avoir baiss\u00e9 les bras. Malgr\u00e9 des difficult\u00e9s initiales, j&rsquo;ai pers\u00e9v\u00e9r\u00e9 et am\u00e9lior\u00e9 mes comp\u00e9tences. On n&rsquo;est pas parfait, mais avec de l&rsquo;aide et de la pers\u00e9v\u00e9rance, j&rsquo;ai surmont\u00e9 mes d\u00e9fis et \u00e9volu\u00e9. Il est normal de douter, mais la cl\u00e9, c\u2019est de ne jamais abandonner. <\/em><\/p>\n","protected":false},"excerpt":{"rendered":"<p>Les journ\u00e9es de la pers\u00e9v\u00e9rance scolaire, qui ont lieu du 12 au 16 f\u00e9vrier, sont l\u2019occasion de mettre de l\u2019avant le parcours inspirant des \u00e9tudiantes et des \u00e9tudiants de l\u2019UQAC qui, par leur d\u00e9termination, ont r\u00e9ussi \u00e0 surmonter les nombreux d\u00e9fis rencontr\u00e9s au cours de leur cheminement scolaire et universitaire, pour atteindre les objectifs qu&rsquo;ils [&hellip;]<\/p>\n","protected":false},"author":5,"featured_media":46109,"comment_status":"open","ping_status":"open","sticky":false,"template":"","format":"standard","meta":{"footnotes":""},"categories":[2844,248],"tags":[636,885,558,565],"yoast_head":"<!-- This site is optimized with the Yoast SEO plugin v24.2 - https:\/\/yoast.com\/wordpress\/plugins\/seo\/ -->\r\n<title>Croire en sa force int\u00e9rieure pour pers\u00e9v\u00e9rer, l&#039;attitude bienveillante de Camille Cr\u00e9pieux - UQACtualit\u00e9s<\/title>\r\n<meta name=\"description\" content=\"Les journ\u00e9es de la pers\u00e9v\u00e9rance scolaire sont l\u2019occasion de mettre de l\u2019avant le parcours inspirant d&#039;\u00e9tudiantes et des \u00e9tudiants de l\u2019UQAC.\" \/>\r\n<meta name=\"robots\" content=\"index, follow, max-snippet:-1, max-image-preview:large, max-video-preview:-1\" \/>\r\n<link rel=\"canonical\" href=\"https:\/\/www.uqac.ca\/uqactualites\/2024\/02\/15\/croire-en-sa-force-interieure-pour-perseverer-lattitude-bienveillante-de-camille-crepieux\/\" \/>\r\n<meta property=\"og:locale\" content=\"fr_CA\" \/>\r\n<meta property=\"og:type\" content=\"article\" \/>\r\n<meta property=\"og:title\" content=\"Croire en sa force int\u00e9rieure pour pers\u00e9v\u00e9rer, l&#039;attitude bienveillante de Camille Cr\u00e9pieux - UQACtualit\u00e9s\" \/>\r\n<meta property=\"og:description\" content=\"Les journ\u00e9es de la pers\u00e9v\u00e9rance scolaire sont l\u2019occasion de mettre de l\u2019avant le parcours inspirant d&#039;\u00e9tudiantes et des \u00e9tudiants de l\u2019UQAC.\" \/>\r\n<meta property=\"og:url\" content=\"https:\/\/www.uqac.ca\/uqactualites\/2024\/02\/15\/croire-en-sa-force-interieure-pour-perseverer-lattitude-bienveillante-de-camille-crepieux\/\" \/>\r\n<meta property=\"og:site_name\" content=\"UQACtualit\u00e9s\" \/>\r\n<meta property=\"article:published_time\" content=\"2024-02-15T14:14:45+00:00\" \/>\r\n<meta property=\"article:modified_time\" content=\"2024-08-30T18:27:33+00:00\" \/>\r\n<meta property=\"og:image\" content=\"https:\/\/www.uqac.ca\/uqactualites\/wp-content\/uploads\/2024\/02\/Crepieux.png\" \/>\r\n\t<meta property=\"og:image:width\" content=\"1920\" \/>\r\n\t<meta property=\"og:image:height\" content=\"1080\" \/>\r\n\t<meta property=\"og:image:type\" content=\"image\/png\" \/>\r\n<meta name=\"author\" content=\"Service des communications et des relations publiques\" \/>\r\n<meta name=\"twitter:card\" content=\"summary_large_image\" \/>\r\n<meta name=\"twitter:label1\" content=\"\u00c9crit par\" \/>\n\t<meta name=\"twitter:data1\" content=\"Service des communications et des relations publiques\" \/>\n\t<meta name=\"twitter:label2\" content=\"Estimation du temps de lecture\" \/>\n\t<meta name=\"twitter:data2\" content=\"4 minutes\" \/>\r\n<script type=\"application\/ld+json\" class=\"yoast-schema-graph\">{\"@context\":\"https:\/\/schema.org\",\"@graph\":[{\"@type\":\"WebPage\",\"@id\":\"https:\/\/www.uqac.ca\/uqactualites\/2024\/02\/15\/croire-en-sa-force-interieure-pour-perseverer-lattitude-bienveillante-de-camille-crepieux\/\",\"url\":\"https:\/\/www.uqac.ca\/uqactualites\/2024\/02\/15\/croire-en-sa-force-interieure-pour-perseverer-lattitude-bienveillante-de-camille-crepieux\/\",\"name\":\"Croire en sa force int\u00e9rieure pour pers\u00e9v\u00e9rer, l'attitude bienveillante de Camille Cr\u00e9pieux - UQACtualit\u00e9s\",\"isPartOf\":{\"@id\":\"https:\/\/www.uqac.ca\/uqactualites\/#website\"},\"primaryImageOfPage\":{\"@id\":\"https:\/\/www.uqac.ca\/uqactualites\/2024\/02\/15\/croire-en-sa-force-interieure-pour-perseverer-lattitude-bienveillante-de-camille-crepieux\/#primaryimage\"},\"image\":{\"@id\":\"https:\/\/www.uqac.ca\/uqactualites\/2024\/02\/15\/croire-en-sa-force-interieure-pour-perseverer-lattitude-bienveillante-de-camille-crepieux\/#primaryimage\"},\"thumbnailUrl\":\"https:\/\/www.uqac.ca\/uqactualites\/wp-content\/uploads\/2024\/02\/Crepieux.png\",\"datePublished\":\"2024-02-15T14:14:45+00:00\",\"dateModified\":\"2024-08-30T18:27:33+00:00\",\"author\":{\"@id\":\"https:\/\/www.uqac.ca\/uqactualites\/#\/schema\/person\/366c45a0c4f0e677b41b4af5886e2018\"},\"description\":\"Les journ\u00e9es de la pers\u00e9v\u00e9rance scolaire sont l\u2019occasion de mettre de l\u2019avant le parcours inspirant d'\u00e9tudiantes et des \u00e9tudiants de l\u2019UQAC.\",\"breadcrumb\":{\"@id\":\"https:\/\/www.uqac.ca\/uqactualites\/2024\/02\/15\/croire-en-sa-force-interieure-pour-perseverer-lattitude-bienveillante-de-camille-crepieux\/#breadcrumb\"},\"inLanguage\":\"fr-CA\",\"potentialAction\":[{\"@type\":\"ReadAction\",\"target\":[\"https:\/\/www.uqac.ca\/uqactualites\/2024\/02\/15\/croire-en-sa-force-interieure-pour-perseverer-lattitude-bienveillante-de-camille-crepieux\/\"]}]},{\"@type\":\"ImageObject\",\"inLanguage\":\"fr-CA\",\"@id\":\"https:\/\/www.uqac.ca\/uqactualites\/2024\/02\/15\/croire-en-sa-force-interieure-pour-perseverer-lattitude-bienveillante-de-camille-crepieux\/#primaryimage\",\"url\":\"https:\/\/www.uqac.ca\/uqactualites\/wp-content\/uploads\/2024\/02\/Crepieux.png\",\"contentUrl\":\"https:\/\/www.uqac.ca\/uqactualites\/wp-content\/uploads\/2024\/02\/Crepieux.png\",\"width\":1920,\"height\":1080,\"caption\":\"Pers\u00e9v\u00e9rance scolaire\"},{\"@type\":\"BreadcrumbList\",\"@id\":\"https:\/\/www.uqac.ca\/uqactualites\/2024\/02\/15\/croire-en-sa-force-interieure-pour-perseverer-lattitude-bienveillante-de-camille-crepieux\/#breadcrumb\",\"itemListElement\":[{\"@type\":\"ListItem\",\"position\":1,\"name\":\"Home\",\"item\":\"https:\/\/www.uqac.ca\/uqactualites\/\"},{\"@type\":\"ListItem\",\"position\":2,\"name\":\"Croire en sa force int\u00e9rieure pour pers\u00e9v\u00e9rer, l&rsquo;attitude bienveillante de Camille Cr\u00e9pieux\"}]},{\"@type\":\"WebSite\",\"@id\":\"https:\/\/www.uqac.ca\/uqactualites\/#website\",\"url\":\"https:\/\/www.uqac.ca\/uqactualites\/\",\"name\":\"UQACtualit\u00e9s\",\"description\":\"Le portail des nouvelles de l&#039;UQAC\",\"potentialAction\":[{\"@type\":\"SearchAction\",\"target\":{\"@type\":\"EntryPoint\",\"urlTemplate\":\"https:\/\/www.uqac.ca\/uqactualites\/?s={search_term_string}\"},\"query-input\":{\"@type\":\"PropertyValueSpecification\",\"valueRequired\":true,\"valueName\":\"search_term_string\"}}],\"inLanguage\":\"fr-CA\"},{\"@type\":\"Person\",\"@id\":\"https:\/\/www.uqac.ca\/uqactualites\/#\/schema\/person\/366c45a0c4f0e677b41b4af5886e2018\",\"name\":\"Service des communications et des relations publiques\",\"image\":{\"@type\":\"ImageObject\",\"inLanguage\":\"fr-CA\",\"@id\":\"https:\/\/www.uqac.ca\/uqactualites\/#\/schema\/person\/image\/\",\"url\":\"https:\/\/secure.gravatar.com\/avatar\/20fbbda8a292f59f2d3461a5b999c00b?s=96&d=mm&r=g\",\"contentUrl\":\"https:\/\/secure.gravatar.com\/avatar\/20fbbda8a292f59f2d3461a5b999c00b?s=96&d=mm&r=g\",\"caption\":\"Service des communications et des relations publiques\"},\"url\":\"https:\/\/www.uqac.ca\/uqactualites\/author\/bap\/\"}]}<\/script>\r\n<!-- \/ Yoast SEO plugin. -->","yoast_head_json":{"title":"Croire en sa force int\u00e9rieure pour pers\u00e9v\u00e9rer, l'attitude bienveillante de Camille Cr\u00e9pieux - UQACtualit\u00e9s","description":"Les journ\u00e9es de la pers\u00e9v\u00e9rance scolaire sont l\u2019occasion de mettre de l\u2019avant le parcours inspirant d'\u00e9tudiantes et des \u00e9tudiants de l\u2019UQAC.","robots":{"index":"index","follow":"follow","max-snippet":"max-snippet:-1","max-image-preview":"max-image-preview:large","max-video-preview":"max-video-preview:-1"},"canonical":"https:\/\/www.uqac.ca\/uqactualites\/2024\/02\/15\/croire-en-sa-force-interieure-pour-perseverer-lattitude-bienveillante-de-camille-crepieux\/","og_locale":"fr_CA","og_type":"article","og_title":"Croire en sa force int\u00e9rieure pour pers\u00e9v\u00e9rer, l'attitude bienveillante de Camille Cr\u00e9pieux - UQACtualit\u00e9s","og_description":"Les journ\u00e9es de la pers\u00e9v\u00e9rance scolaire sont l\u2019occasion de mettre de l\u2019avant le parcours inspirant d'\u00e9tudiantes et des \u00e9tudiants de l\u2019UQAC.","og_url":"https:\/\/www.uqac.ca\/uqactualites\/2024\/02\/15\/croire-en-sa-force-interieure-pour-perseverer-lattitude-bienveillante-de-camille-crepieux\/","og_site_name":"UQACtualit\u00e9s","article_published_time":"2024-02-15T14:14:45+00:00","article_modified_time":"2024-08-30T18:27:33+00:00","og_image":[{"width":1920,"height":1080,"url":"https:\/\/www.uqac.ca\/uqactualites\/wp-content\/uploads\/2024\/02\/Crepieux.png","type":"image\/png"}],"author":"Service des communications et des relations publiques","twitter_card":"summary_large_image","twitter_misc":{"\u00c9crit par":"Service des communications et des relations publiques","Estimation du temps de lecture":"4 minutes"},"schema":{"@context":"https:\/\/schema.org","@graph":[{"@type":"WebPage","@id":"https:\/\/www.uqac.ca\/uqactualites\/2024\/02\/15\/croire-en-sa-force-interieure-pour-perseverer-lattitude-bienveillante-de-camille-crepieux\/","url":"https:\/\/www.uqac.ca\/uqactualites\/2024\/02\/15\/croire-en-sa-force-interieure-pour-perseverer-lattitude-bienveillante-de-camille-crepieux\/","name":"Croire en sa force int\u00e9rieure pour pers\u00e9v\u00e9rer, l'attitude bienveillante de Camille Cr\u00e9pieux - UQACtualit\u00e9s","isPartOf":{"@id":"https:\/\/www.uqac.ca\/uqactualites\/#website"},"primaryImageOfPage":{"@id":"https:\/\/www.uqac.ca\/uqactualites\/2024\/02\/15\/croire-en-sa-force-interieure-pour-perseverer-lattitude-bienveillante-de-camille-crepieux\/#primaryimage"},"image":{"@id":"https:\/\/www.uqac.ca\/uqactualites\/2024\/02\/15\/croire-en-sa-force-interieure-pour-perseverer-lattitude-bienveillante-de-camille-crepieux\/#primaryimage"},"thumbnailUrl":"https:\/\/www.uqac.ca\/uqactualites\/wp-content\/uploads\/2024\/02\/Crepieux.png","datePublished":"2024-02-15T14:14:45+00:00","dateModified":"2024-08-30T18:27:33+00:00","author":{"@id":"https:\/\/www.uqac.ca\/uqactualites\/#\/schema\/person\/366c45a0c4f0e677b41b4af5886e2018"},"description":"Les journ\u00e9es de la pers\u00e9v\u00e9rance scolaire sont l\u2019occasion de mettre de l\u2019avant le parcours inspirant d'\u00e9tudiantes et des \u00e9tudiants de l\u2019UQAC.","breadcrumb":{"@id":"https:\/\/www.uqac.ca\/uqactualites\/2024\/02\/15\/croire-en-sa-force-interieure-pour-perseverer-lattitude-bienveillante-de-camille-crepieux\/#breadcrumb"},"inLanguage":"fr-CA","potentialAction":[{"@type":"ReadAction","target":["https:\/\/www.uqac.ca\/uqactualites\/2024\/02\/15\/croire-en-sa-force-interieure-pour-perseverer-lattitude-bienveillante-de-camille-crepieux\/"]}]},{"@type":"ImageObject","inLanguage":"fr-CA","@id":"https:\/\/www.uqac.ca\/uqactualites\/2024\/02\/15\/croire-en-sa-force-interieure-pour-perseverer-lattitude-bienveillante-de-camille-crepieux\/#primaryimage","url":"https:\/\/www.uqac.ca\/uqactualites\/wp-content\/uploads\/2024\/02\/Crepieux.png","contentUrl":"https:\/\/www.uqac.ca\/uqactualites\/wp-content\/uploads\/2024\/02\/Crepieux.png","width":1920,"height":1080,"caption":"Pers\u00e9v\u00e9rance scolaire"},{"@type":"BreadcrumbList","@id":"https:\/\/www.uqac.ca\/uqactualites\/2024\/02\/15\/croire-en-sa-force-interieure-pour-perseverer-lattitude-bienveillante-de-camille-crepieux\/#breadcrumb","itemListElement":[{"@type":"ListItem","position":1,"name":"Home","item":"https:\/\/www.uqac.ca\/uqactualites\/"},{"@type":"ListItem","position":2,"name":"Croire en sa force int\u00e9rieure pour pers\u00e9v\u00e9rer, l&rsquo;attitude bienveillante de Camille Cr\u00e9pieux"}]},{"@type":"WebSite","@id":"https:\/\/www.uqac.ca\/uqactualites\/#website","url":"https:\/\/www.uqac.ca\/uqactualites\/","name":"UQACtualit\u00e9s","description":"Le portail des nouvelles de l&#039;UQAC","potentialAction":[{"@type":"SearchAction","target":{"@type":"EntryPoint","urlTemplate":"https:\/\/www.uqac.ca\/uqactualites\/?s={search_term_string}"},"query-input":{"@type":"PropertyValueSpecification","valueRequired":true,"valueName":"search_term_string"}}],"inLanguage":"fr-CA"},{"@type":"Person","@id":"https:\/\/www.uqac.ca\/uqactualites\/#\/schema\/person\/366c45a0c4f0e677b41b4af5886e2018","name":"Service des communications et des relations publiques","image":{"@type":"ImageObject","inLanguage":"fr-CA","@id":"https:\/\/www.uqac.ca\/uqactualites\/#\/schema\/person\/image\/","url":"https:\/\/secure.gravatar.com\/avatar\/20fbbda8a292f59f2d3461a5b999c00b?s=96&d=mm&r=g","contentUrl":"https:\/\/secure.gravatar.com\/avatar\/20fbbda8a292f59f2d3461a5b999c00b?s=96&d=mm&r=g","caption":"Service des communications et des relations publiques"},"url":"https:\/\/www.uqac.ca\/uqactualites\/author\/bap\/"}]}},"_links":{"self":[{"href":"https:\/\/www.uqac.ca\/uqactualites\/wp-json\/wp\/v2\/posts\/46107"}],"collection":[{"href":"https:\/\/www.uqac.ca\/uqactualites\/wp-json\/wp\/v2\/posts"}],"about":[{"href":"https:\/\/www.uqac.ca\/uqactualites\/wp-json\/wp\/v2\/types\/post"}],"author":[{"embeddable":true,"href":"https:\/\/www.uqac.ca\/uqactualites\/wp-json\/wp\/v2\/users\/5"}],"replies":[{"embeddable":true,"href":"https:\/\/www.uqac.ca\/uqactualites\/wp-json\/wp\/v2\/comments?post=46107"}],"version-history":[{"count":3,"href":"https:\/\/www.uqac.ca\/uqactualites\/wp-json\/wp\/v2\/posts\/46107\/revisions"}],"predecessor-version":[{"id":48572,"href":"https:\/\/www.uqac.ca\/uqactualites\/wp-json\/wp\/v2\/posts\/46107\/revisions\/48572"}],"wp:featuredmedia":[{"embeddable":true,"href":"https:\/\/www.uqac.ca\/uqactualites\/wp-json\/wp\/v2\/media\/46109"}],"wp:attachment":[{"href":"https:\/\/www.uqac.ca\/uqactualites\/wp-json\/wp\/v2\/media?parent=46107"}],"wp:term":[{"taxonomy":"category","embeddable":true,"href":"https:\/\/www.uqac.ca\/uqactualites\/wp-json\/wp\/v2\/categories?post=46107"},{"taxonomy":"post_tag","embeddable":true,"href":"https:\/\/www.uqac.ca\/uqactualites\/wp-json\/wp\/v2\/tags?post=46107"}],"curies":[{"name":"wp","href":"https:\/\/api.w.org\/{rel}","templated":true}]}}