{"id":46124,"date":"2024-02-19T16:08:16","date_gmt":"2024-02-19T21:08:16","guid":{"rendered":"https:\/\/www.uqac.ca\/uqactualites\/?p=46124"},"modified":"2024-07-29T09:26:22","modified_gmt":"2024-07-29T13:26:22","slug":"un-mois-sous-le-theme-de-lhistoire-des-noirs","status":"publish","type":"post","link":"https:\/\/www.uqac.ca\/uqactualites\/2024\/02\/19\/un-mois-sous-le-theme-de-lhistoire-des-noirs\/","title":{"rendered":"Un mois sous le th\u00e8me de l&rsquo;histoire des Noirs"},"content":{"rendered":"<p>Malgr\u00e9 ses quelques jours en moins, heureusement garni d\u2019une vingt-neuvi\u00e8me journ\u00e9e cette ann\u00e9e, f\u00e9vrier est d\u00e9finitivement un mois qui s\u2019impose par la diversit\u00e9 des activit\u00e9s et des th\u00e9matiques qu\u2019il nous offre.<\/p>\n<p>Je tiens d\u2019abord \u00e0 souligner que f\u00e9vrier est d\u00e9sign\u00e9 comme le Mois de l&rsquo;histoire des Noirs, une occasion de mettre en lumi\u00e8re des figures historiques, des \u00e9v\u00e9nements importants et la culture noire en g\u00e9n\u00e9ral. C\u2019est donc en plein de c\u0153ur de ce mois important pour les communaut\u00e9s noires que nous avons accueilli l\u2019ambassadeur d\u2019Ha\u00efti au Canada de m\u00eame que le secr\u00e9taire g\u00e9n\u00e9ral de la Conf\u00e9rence des recteurs, pr\u00e9sidents d\u2019universit\u00e9s et dirigeants d\u2019institutions d\u2019enseignement sup\u00e9rieur ha\u00eftiennes dans le cadre de nos rendez-vous de la recherche. Saviez-vous qu&rsquo;Ha\u00efti a acquis son ind\u00e9pendance le 1er janvier 1804, devenant ainsi le premier pays dirig\u00e9 par des anciens esclaves africains \u00e0 obtenir son ind\u00e9pendance des colons europ\u00e9ens? C&rsquo;est un \u00e9v\u00e9nement historique majeur qui a marqu\u00e9 la lutte contre l&rsquo;esclavage et l&rsquo;imp\u00e9rialisme. Cependant, les t\u00e9moignages livr\u00e9s par nos invit\u00e9s, nos professeurs d\u2019origine ha\u00eftienne de m\u00eame que par la vingtaine d\u2019\u00e9tudiantes et \u00e9tudiants ha\u00eftiens lors d\u2019un d\u00eener d\u2019\u00e9change ont mis en lumi\u00e8re l\u2019ampleur des d\u00e9fis sociaux, politiques et \u00e9conomiques qui marquent encore le pays, notamment en ce qui a trait au d\u00e9sengagement de l\u2019\u00e9tat en \u00e9ducation sup\u00e9rieure. Nos \u00e9changes ont \u00e9t\u00e9 teint\u00e9s de l\u2019importance de la solidarit\u00e9, de l\u2019espoir, mais \u00e9galement de la recherche universitaire pour permettre \u00e0 Ha\u00efti de se red\u00e9finir. Dans la foul\u00e9e de cette rencontre, je nous invite \u00e0 analyser les collaborations possibles avec eux si vous en voyez la pertinence dans vos projets. Toujours dans le foul\u00e9e du Mois de l\u2019histoire de noirs, je salue \u00e9galement les membres des communaut\u00e9s africaines qui ont choisi l\u2019UQAC pour y travailler ou pour y \u00e9tudier. Elles et ils \u00e9crivent, \u00e0 leur fa\u00e7on, une autre page de leur histoire et rappelons-nous que nous sommes privil\u00e9gi\u00e9s de compter sur une grande diversit\u00e9 culturelle au quotidien.<\/p>\n<p>Parlant diversit\u00e9, j\u2019esp\u00e8re que vous avez profit\u00e9 des Rendez-vous de la recherche et de la cr\u00e9ation de la semaine derni\u00e8re pour r\u00e9aliser \u00e0 quel point la progression, la qualit\u00e9 et la pertinence de nos activit\u00e9s de recherche refl\u00e8tent la vitalit\u00e9 et le dynamisme de notre institution. J\u2019y ai vu des gens passionn\u00e9s, fiers, engag\u00e9s et heureux de participer aux diverses activit\u00e9s que cette semaine avait \u00e0 offrir. \u00c0 celles et ceux qui ont ouvert les portes de leur laboratoire, qui ont tenu des kiosques ou qui se sont pr\u00eat\u00e9s au jeu des panels de discussions, aux \u00e9tudiantes et \u00e9tudiants qui ont particip\u00e9 au concours d\u2019affiches ou qui nous ont pr\u00e9sent\u00e9 leur recherche et \u00e0 toutes les \u00e9quipes qui ont organis\u00e9 et soutenu les nombreuses activit\u00e9s qui ont eu cours, f\u00e9licitations et merci pour le rayonnement institutionnel!<\/p>\n<p>Mon dernier point cette semaine concerne deux collaborations avec notre partenaire, le C\u00e9gep de Jonqui\u00e8re. En effet, j\u2019ai particip\u00e9 aux festivit\u00e9s entourant les 15 ann\u00e9es d\u2019existence de la Chaire VISAJ, petit bijou de collaboration interordre et interdisciplinaire au b\u00e9n\u00e9fice du d\u00e9veloppement et de la mobilisation des connaissances sur la <u>VI<\/u>e et la <u>S<\/u>ant\u00e9 des <u>J<\/u>eunes. Ce statut de chaire universitaire-coll\u00e9giale, unique au Qu\u00e9bec, est sans aucun doute un mod\u00e8le cit\u00e9 en exemple dans un contexte o\u00f9 les coll\u00e8ges souhaitent se voir reconna\u00eetre une plus grande participation \u00e0 la recherche en enseignement sup\u00e9rieur. Nous aurons sans aucun doute l\u2019occasion d\u2019en reparler. En mati\u00e8re de collaboration, soulignons \u00e9galement la signature d\u2019une nouvelle entente DEC-BAC entre nos programmes respectifs en travail social ce qui, je l\u2019esp\u00e8re, ouvrira la porte de l\u2019UQAC \u00e0 un plus grand nombre d\u2019\u00e9tudiantes et d\u2019\u00e9tudiants int\u00e9ress\u00e9s \u00e0 cette discipline.<\/p>\n<p>Je vous souhaite une excellente semaine. Le travail et la pers\u00e9v\u00e9rance de toutes et tous seront sous peu r\u00e9compens\u00e9s alors que la semaine de rel\u00e2che approche!<\/p>\n<p>&nbsp;<\/p>\n","protected":false},"excerpt":{"rendered":"<p>Malgr\u00e9 ses quelques jours en moins, heureusement garni d\u2019une vingt-neuvi\u00e8me journ\u00e9e cette ann\u00e9e, f\u00e9vrier est d\u00e9finitivement un mois qui s\u2019impose par la diversit\u00e9 des activit\u00e9s et des th\u00e9matiques qu\u2019il nous offre. Je tiens d\u2019abord \u00e0 souligner que f\u00e9vrier est d\u00e9sign\u00e9 comme le Mois de l&rsquo;histoire des Noirs, une occasion de mettre en lumi\u00e8re des figures [&hellip;]<\/p>\n","protected":false},"author":10,"featured_media":46144,"comment_status":"open","ping_status":"open","sticky":false,"template":"","format":"standard","meta":{"footnotes":""},"categories":[2792],"tags":[],"yoast_head":"<!-- This site is optimized with the Yoast SEO plugin v24.2 - https:\/\/yoast.com\/wordpress\/plugins\/seo\/ -->\r\n<title>Un mois sous le th\u00e8me de l&#039;histoire des Noirs - UQACtualit\u00e9s<\/title>\r\n<meta name=\"robots\" content=\"index, follow, max-snippet:-1, max-image-preview:large, max-video-preview:-1\" \/>\r\n<link rel=\"canonical\" href=\"https:\/\/www.uqac.ca\/uqactualites\/2024\/02\/19\/un-mois-sous-le-theme-de-lhistoire-des-noirs\/\" \/>\r\n<meta property=\"og:locale\" content=\"fr_CA\" \/>\r\n<meta property=\"og:type\" content=\"article\" \/>\r\n<meta property=\"og:title\" content=\"Un mois sous le th\u00e8me de l&#039;histoire des Noirs - UQACtualit\u00e9s\" \/>\r\n<meta property=\"og:description\" content=\"Malgr\u00e9 ses quelques jours en moins, heureusement garni d\u2019une vingt-neuvi\u00e8me journ\u00e9e cette ann\u00e9e, f\u00e9vrier est d\u00e9finitivement un mois qui s\u2019impose par la diversit\u00e9 des activit\u00e9s et des th\u00e9matiques qu\u2019il nous offre. Je tiens d\u2019abord \u00e0 souligner que f\u00e9vrier est d\u00e9sign\u00e9 comme le Mois de l&rsquo;histoire des Noirs, une occasion de mettre en lumi\u00e8re des figures [&hellip;]\" \/>\r\n<meta property=\"og:url\" content=\"https:\/\/www.uqac.ca\/uqactualites\/2024\/02\/19\/un-mois-sous-le-theme-de-lhistoire-des-noirs\/\" \/>\r\n<meta property=\"og:site_name\" content=\"UQACtualit\u00e9s\" \/>\r\n<meta property=\"article:published_time\" content=\"2024-02-19T21:08:16+00:00\" \/>\r\n<meta property=\"article:modified_time\" content=\"2024-07-29T13:26:22+00:00\" \/>\r\n<meta property=\"og:image\" content=\"https:\/\/www.uqac.ca\/uqactualites\/wp-content\/uploads\/2024\/02\/jrc-5a7-mduhaime-h24-19.jpg\" \/>\r\n\t<meta property=\"og:image:width\" content=\"1920\" \/>\r\n\t<meta property=\"og:image:height\" content=\"1280\" \/>\r\n\t<meta property=\"og:image:type\" content=\"image\/jpeg\" \/>\r\n<meta name=\"author\" content=\"Ghislain Samson\" \/>\r\n<meta name=\"twitter:card\" content=\"summary_large_image\" \/>\r\n<meta name=\"twitter:label1\" content=\"\u00c9crit par\" \/>\n\t<meta name=\"twitter:data1\" content=\"Ghislain Samson\" \/>\n\t<meta name=\"twitter:label2\" content=\"Estimation du temps de lecture\" \/>\n\t<meta name=\"twitter:data2\" content=\"4 minutes\" \/>\r\n<script type=\"application\/ld+json\" class=\"yoast-schema-graph\">{\"@context\":\"https:\/\/schema.org\",\"@graph\":[{\"@type\":\"WebPage\",\"@id\":\"https:\/\/www.uqac.ca\/uqactualites\/2024\/02\/19\/un-mois-sous-le-theme-de-lhistoire-des-noirs\/\",\"url\":\"https:\/\/www.uqac.ca\/uqactualites\/2024\/02\/19\/un-mois-sous-le-theme-de-lhistoire-des-noirs\/\",\"name\":\"Un mois sous le th\u00e8me de l'histoire des Noirs - UQACtualit\u00e9s\",\"isPartOf\":{\"@id\":\"https:\/\/www.uqac.ca\/uqactualites\/#website\"},\"primaryImageOfPage\":{\"@id\":\"https:\/\/www.uqac.ca\/uqactualites\/2024\/02\/19\/un-mois-sous-le-theme-de-lhistoire-des-noirs\/#primaryimage\"},\"image\":{\"@id\":\"https:\/\/www.uqac.ca\/uqactualites\/2024\/02\/19\/un-mois-sous-le-theme-de-lhistoire-des-noirs\/#primaryimage\"},\"thumbnailUrl\":\"https:\/\/www.uqac.ca\/uqactualites\/wp-content\/uploads\/2024\/02\/jrc-5a7-mduhaime-h24-19.jpg\",\"datePublished\":\"2024-02-19T21:08:16+00:00\",\"dateModified\":\"2024-07-29T13:26:22+00:00\",\"author\":{\"@id\":\"https:\/\/www.uqac.ca\/uqactualites\/#\/schema\/person\/ae2225f9f23eebff67a6e899225952fb\"},\"breadcrumb\":{\"@id\":\"https:\/\/www.uqac.ca\/uqactualites\/2024\/02\/19\/un-mois-sous-le-theme-de-lhistoire-des-noirs\/#breadcrumb\"},\"inLanguage\":\"fr-CA\",\"potentialAction\":[{\"@type\":\"ReadAction\",\"target\":[\"https:\/\/www.uqac.ca\/uqactualites\/2024\/02\/19\/un-mois-sous-le-theme-de-lhistoire-des-noirs\/\"]}]},{\"@type\":\"ImageObject\",\"inLanguage\":\"fr-CA\",\"@id\":\"https:\/\/www.uqac.ca\/uqactualites\/2024\/02\/19\/un-mois-sous-le-theme-de-lhistoire-des-noirs\/#primaryimage\",\"url\":\"https:\/\/www.uqac.ca\/uqactualites\/wp-content\/uploads\/2024\/02\/jrc-5a7-mduhaime-h24-19.jpg\",\"contentUrl\":\"https:\/\/www.uqac.ca\/uqactualites\/wp-content\/uploads\/2024\/02\/jrc-5a7-mduhaime-h24-19.jpg\",\"width\":1920,\"height\":1280,\"caption\":\"L'Ambassadeur d'Ha\u00efti au Canada, son Excellence le Dr. Weiber Arthus, le recteur de l'UQAC, Ghislain Samson, madame Isma\u00ebla Dubuisson, premier secr\u00e9taire de l'ambassade d'Ha\u00efti au Canada et monsieur Josselin Val, enseignant-chercheur, recteur de l'Universit\u00e9 de technologie d'Ha\u00efti (UNITECH)\"},{\"@type\":\"BreadcrumbList\",\"@id\":\"https:\/\/www.uqac.ca\/uqactualites\/2024\/02\/19\/un-mois-sous-le-theme-de-lhistoire-des-noirs\/#breadcrumb\",\"itemListElement\":[{\"@type\":\"ListItem\",\"position\":1,\"name\":\"Home\",\"item\":\"https:\/\/www.uqac.ca\/uqactualites\/\"},{\"@type\":\"ListItem\",\"position\":2,\"name\":\"Un mois sous le th\u00e8me de l&rsquo;histoire des Noirs\"}]},{\"@type\":\"WebSite\",\"@id\":\"https:\/\/www.uqac.ca\/uqactualites\/#website\",\"url\":\"https:\/\/www.uqac.ca\/uqactualites\/\",\"name\":\"UQACtualit\u00e9s\",\"description\":\"Le portail des nouvelles de l&#039;UQAC\",\"potentialAction\":[{\"@type\":\"SearchAction\",\"target\":{\"@type\":\"EntryPoint\",\"urlTemplate\":\"https:\/\/www.uqac.ca\/uqactualites\/?s={search_term_string}\"},\"query-input\":{\"@type\":\"PropertyValueSpecification\",\"valueRequired\":true,\"valueName\":\"search_term_string\"}}],\"inLanguage\":\"fr-CA\"},{\"@type\":\"Person\",\"@id\":\"https:\/\/www.uqac.ca\/uqactualites\/#\/schema\/person\/ae2225f9f23eebff67a6e899225952fb\",\"name\":\"Ghislain Samson\",\"image\":{\"@type\":\"ImageObject\",\"inLanguage\":\"fr-CA\",\"@id\":\"https:\/\/www.uqac.ca\/uqactualites\/#\/schema\/person\/image\/\",\"url\":\"https:\/\/secure.gravatar.com\/avatar\/61ad9756d7707fefb25ed321388b2105?s=96&d=mm&r=g\",\"contentUrl\":\"https:\/\/secure.gravatar.com\/avatar\/61ad9756d7707fefb25ed321388b2105?s=96&d=mm&r=g\",\"caption\":\"Ghislain Samson\"},\"url\":\"https:\/\/www.uqac.ca\/uqactualites\/author\/gsamson\/\"}]}<\/script>\r\n<!-- \/ Yoast SEO plugin. -->","yoast_head_json":{"title":"Un mois sous le th\u00e8me de l'histoire des Noirs - UQACtualit\u00e9s","robots":{"index":"index","follow":"follow","max-snippet":"max-snippet:-1","max-image-preview":"max-image-preview:large","max-video-preview":"max-video-preview:-1"},"canonical":"https:\/\/www.uqac.ca\/uqactualites\/2024\/02\/19\/un-mois-sous-le-theme-de-lhistoire-des-noirs\/","og_locale":"fr_CA","og_type":"article","og_title":"Un mois sous le th\u00e8me de l'histoire des Noirs - UQACtualit\u00e9s","og_description":"Malgr\u00e9 ses quelques jours en moins, heureusement garni d\u2019une vingt-neuvi\u00e8me journ\u00e9e cette ann\u00e9e, f\u00e9vrier est d\u00e9finitivement un mois qui s\u2019impose par la diversit\u00e9 des activit\u00e9s et des th\u00e9matiques qu\u2019il nous offre. Je tiens d\u2019abord \u00e0 souligner que f\u00e9vrier est d\u00e9sign\u00e9 comme le Mois de l&rsquo;histoire des Noirs, une occasion de mettre en lumi\u00e8re des figures [&hellip;]","og_url":"https:\/\/www.uqac.ca\/uqactualites\/2024\/02\/19\/un-mois-sous-le-theme-de-lhistoire-des-noirs\/","og_site_name":"UQACtualit\u00e9s","article_published_time":"2024-02-19T21:08:16+00:00","article_modified_time":"2024-07-29T13:26:22+00:00","og_image":[{"width":1920,"height":1280,"url":"https:\/\/www.uqac.ca\/uqactualites\/wp-content\/uploads\/2024\/02\/jrc-5a7-mduhaime-h24-19.jpg","type":"image\/jpeg"}],"author":"Ghislain Samson","twitter_card":"summary_large_image","twitter_misc":{"\u00c9crit par":"Ghislain Samson","Estimation du temps de lecture":"4 minutes"},"schema":{"@context":"https:\/\/schema.org","@graph":[{"@type":"WebPage","@id":"https:\/\/www.uqac.ca\/uqactualites\/2024\/02\/19\/un-mois-sous-le-theme-de-lhistoire-des-noirs\/","url":"https:\/\/www.uqac.ca\/uqactualites\/2024\/02\/19\/un-mois-sous-le-theme-de-lhistoire-des-noirs\/","name":"Un mois sous le th\u00e8me de l'histoire des Noirs - UQACtualit\u00e9s","isPartOf":{"@id":"https:\/\/www.uqac.ca\/uqactualites\/#website"},"primaryImageOfPage":{"@id":"https:\/\/www.uqac.ca\/uqactualites\/2024\/02\/19\/un-mois-sous-le-theme-de-lhistoire-des-noirs\/#primaryimage"},"image":{"@id":"https:\/\/www.uqac.ca\/uqactualites\/2024\/02\/19\/un-mois-sous-le-theme-de-lhistoire-des-noirs\/#primaryimage"},"thumbnailUrl":"https:\/\/www.uqac.ca\/uqactualites\/wp-content\/uploads\/2024\/02\/jrc-5a7-mduhaime-h24-19.jpg","datePublished":"2024-02-19T21:08:16+00:00","dateModified":"2024-07-29T13:26:22+00:00","author":{"@id":"https:\/\/www.uqac.ca\/uqactualites\/#\/schema\/person\/ae2225f9f23eebff67a6e899225952fb"},"breadcrumb":{"@id":"https:\/\/www.uqac.ca\/uqactualites\/2024\/02\/19\/un-mois-sous-le-theme-de-lhistoire-des-noirs\/#breadcrumb"},"inLanguage":"fr-CA","potentialAction":[{"@type":"ReadAction","target":["https:\/\/www.uqac.ca\/uqactualites\/2024\/02\/19\/un-mois-sous-le-theme-de-lhistoire-des-noirs\/"]}]},{"@type":"ImageObject","inLanguage":"fr-CA","@id":"https:\/\/www.uqac.ca\/uqactualites\/2024\/02\/19\/un-mois-sous-le-theme-de-lhistoire-des-noirs\/#primaryimage","url":"https:\/\/www.uqac.ca\/uqactualites\/wp-content\/uploads\/2024\/02\/jrc-5a7-mduhaime-h24-19.jpg","contentUrl":"https:\/\/www.uqac.ca\/uqactualites\/wp-content\/uploads\/2024\/02\/jrc-5a7-mduhaime-h24-19.jpg","width":1920,"height":1280,"caption":"L'Ambassadeur d'Ha\u00efti au Canada, son Excellence le Dr. Weiber Arthus, le recteur de l'UQAC, Ghislain Samson, madame Isma\u00ebla Dubuisson, premier secr\u00e9taire de l'ambassade d'Ha\u00efti au Canada et monsieur Josselin Val, enseignant-chercheur, recteur de l'Universit\u00e9 de technologie d'Ha\u00efti (UNITECH)"},{"@type":"BreadcrumbList","@id":"https:\/\/www.uqac.ca\/uqactualites\/2024\/02\/19\/un-mois-sous-le-theme-de-lhistoire-des-noirs\/#breadcrumb","itemListElement":[{"@type":"ListItem","position":1,"name":"Home","item":"https:\/\/www.uqac.ca\/uqactualites\/"},{"@type":"ListItem","position":2,"name":"Un mois sous le th\u00e8me de l&rsquo;histoire des Noirs"}]},{"@type":"WebSite","@id":"https:\/\/www.uqac.ca\/uqactualites\/#website","url":"https:\/\/www.uqac.ca\/uqactualites\/","name":"UQACtualit\u00e9s","description":"Le portail des nouvelles de l&#039;UQAC","potentialAction":[{"@type":"SearchAction","target":{"@type":"EntryPoint","urlTemplate":"https:\/\/www.uqac.ca\/uqactualites\/?s={search_term_string}"},"query-input":{"@type":"PropertyValueSpecification","valueRequired":true,"valueName":"search_term_string"}}],"inLanguage":"fr-CA"},{"@type":"Person","@id":"https:\/\/www.uqac.ca\/uqactualites\/#\/schema\/person\/ae2225f9f23eebff67a6e899225952fb","name":"Ghislain Samson","image":{"@type":"ImageObject","inLanguage":"fr-CA","@id":"https:\/\/www.uqac.ca\/uqactualites\/#\/schema\/person\/image\/","url":"https:\/\/secure.gravatar.com\/avatar\/61ad9756d7707fefb25ed321388b2105?s=96&d=mm&r=g","contentUrl":"https:\/\/secure.gravatar.com\/avatar\/61ad9756d7707fefb25ed321388b2105?s=96&d=mm&r=g","caption":"Ghislain Samson"},"url":"https:\/\/www.uqac.ca\/uqactualites\/author\/gsamson\/"}]}},"_links":{"self":[{"href":"https:\/\/www.uqac.ca\/uqactualites\/wp-json\/wp\/v2\/posts\/46124"}],"collection":[{"href":"https:\/\/www.uqac.ca\/uqactualites\/wp-json\/wp\/v2\/posts"}],"about":[{"href":"https:\/\/www.uqac.ca\/uqactualites\/wp-json\/wp\/v2\/types\/post"}],"author":[{"embeddable":true,"href":"https:\/\/www.uqac.ca\/uqactualites\/wp-json\/wp\/v2\/users\/10"}],"replies":[{"embeddable":true,"href":"https:\/\/www.uqac.ca\/uqactualites\/wp-json\/wp\/v2\/comments?post=46124"}],"version-history":[{"count":2,"href":"https:\/\/www.uqac.ca\/uqactualites\/wp-json\/wp\/v2\/posts\/46124\/revisions"}],"predecessor-version":[{"id":46147,"href":"https:\/\/www.uqac.ca\/uqactualites\/wp-json\/wp\/v2\/posts\/46124\/revisions\/46147"}],"wp:featuredmedia":[{"embeddable":true,"href":"https:\/\/www.uqac.ca\/uqactualites\/wp-json\/wp\/v2\/media\/46144"}],"wp:attachment":[{"href":"https:\/\/www.uqac.ca\/uqactualites\/wp-json\/wp\/v2\/media?parent=46124"}],"wp:term":[{"taxonomy":"category","embeddable":true,"href":"https:\/\/www.uqac.ca\/uqactualites\/wp-json\/wp\/v2\/categories?post=46124"},{"taxonomy":"post_tag","embeddable":true,"href":"https:\/\/www.uqac.ca\/uqactualites\/wp-json\/wp\/v2\/tags?post=46124"}],"curies":[{"name":"wp","href":"https:\/\/api.w.org\/{rel}","templated":true}]}}