{"id":46228,"date":"2024-03-05T09:59:47","date_gmt":"2024-03-05T14:59:47","guid":{"rendered":"https:\/\/www.uqac.ca\/uqactualites\/?p=46228"},"modified":"2024-07-24T15:38:06","modified_gmt":"2024-07-24T19:38:06","slug":"bilan-de-la-saison-inuk-2023-2024","status":"publish","type":"post","link":"https:\/\/www.uqac.ca\/uqactualites\/2024\/03\/05\/bilan-de-la-saison-inuk-2023-2024\/","title":{"rendered":"Inuk: bilan de la saison 2023-2024"},"content":{"rendered":"<p>L&rsquo;arriv\u00e9e du mois de mars annonce la fin de saison pour plusieurs sports universitaires. Pour l&rsquo;occasion, voici le bilan des \u00e9v\u00e8nements qui ont marqu\u00e9 le parcours comp\u00e9titif de nos Inuk depuis septembre.<\/p>\n<h3>Cross-country<\/h3>\n<p><img loading=\"lazy\" decoding=\"async\" class=\"alignnone wp-image-46230\" src=\"https:\/\/www.uqac.ca\/uqactualites\/wp-content\/uploads\/2024\/02\/398823782_799914212143981_6905166709620706288_n-e1709135482862-300x160.jpg\" alt=\"\" width=\"500\" height=\"267\" srcset=\"https:\/\/www.uqac.ca\/uqactualites\/wp-content\/uploads\/2024\/02\/398823782_799914212143981_6905166709620706288_n-e1709135482862-300x160.jpg 300w, https:\/\/www.uqac.ca\/uqactualites\/wp-content\/uploads\/2024\/02\/398823782_799914212143981_6905166709620706288_n-e1709135482862-1024x548.jpg 1024w, https:\/\/www.uqac.ca\/uqactualites\/wp-content\/uploads\/2024\/02\/398823782_799914212143981_6905166709620706288_n-e1709135482862-768x411.jpg 768w, https:\/\/www.uqac.ca\/uqactualites\/wp-content\/uploads\/2024\/02\/398823782_799914212143981_6905166709620706288_n-e1709135482862-1536x822.jpg 1536w, https:\/\/www.uqac.ca\/uqactualites\/wp-content\/uploads\/2024\/02\/398823782_799914212143981_6905166709620706288_n-e1709135482862-150x80.jpg 150w, https:\/\/www.uqac.ca\/uqactualites\/wp-content\/uploads\/2024\/02\/398823782_799914212143981_6905166709620706288_n-e1709135482862-696x372.jpg 696w, https:\/\/www.uqac.ca\/uqactualites\/wp-content\/uploads\/2024\/02\/398823782_799914212143981_6905166709620706288_n-e1709135482862-1068x571.jpg 1068w, https:\/\/www.uqac.ca\/uqactualites\/wp-content\/uploads\/2024\/02\/398823782_799914212143981_6905166709620706288_n-e1709135482862.jpg 1849w\" sizes=\"(max-width: 500px) 100vw, 500px\" \/><\/p>\n<p>La saison de <a href=\"https:\/\/www.uqac.ca\/inuk\/cross-country\/\" target=\"_blank\" rel=\"noopener\">cross-country<\/a> a officiellement \u00e9t\u00e9 lanc\u00e9e le 16 septembre dernier \u00e0 Montr\u00e9al avec le McGill Open. Au cours de cette premi\u00e8re comp\u00e9tition de 6 kilom\u00e8tres, les Inuk sont parvenus \u00e0 d\u00e9crocher une 11<sup>e<\/sup> place en masculin sur 17 institutions. Les athl\u00e8tes de l\u2019UQAC sont ensuite revenus en force avec une 5<sup>e<\/sup> place en masculin \u00e0 l\u2019Invitation Rouge et Or 2023 du 23 septembre. Mention sp\u00e9ciale \u00e0 Gabriel Vanasse qui est arriv\u00e9 en 6<sup>e<\/sup> place sur 67 participants lors de cette seconde comp\u00e9tition officielle.<\/p>\n<p>La saison s\u2019est poursuivie en octobre, avec l\u2019Invitation Vert &amp; Or sur le campus de l\u2019Universit\u00e9 de Sherbrooke. Encore une fois, les athl\u00e8tes de l\u2019UQAC sont arriv\u00e9s \u00e0 s\u00e9curiser une 5<sup>e<\/sup> place en masculin gr\u00e2ce \u00e0 leurs efforts acharn\u00e9s. Fid\u00e8le \u00e0 lui-m\u00eame, Gabriel Vanasse est d\u2019ailleurs parvenu \u00e0 atteindre la 6<sup>e<\/sup> place pour une seconde fois cons\u00e9cutive.<\/p>\n<p>Le 28 octobre dernier, c\u2019est un parcours \u00e9prouvant et glissant qui attendait nos Inuk lors du Championnat provincial de cross-country \u00e0 Rawdon. Malgr\u00e9 les conditions difficiles, les athl\u00e8tes Inuk ont r\u00e9ussi \u00e0 atteindre la 6<sup>e<\/sup> place sur les 10 universit\u00e9s en lice. La saison de cross-country s\u2019est par la suite conclue \u00e0 Londres, en Ontario, le 12 novembre au championnat canadien USPORTS. Cette occasion a permis \u00e0 la d\u00e9l\u00e9gation des Inuk de se mesurer aux meilleurs athl\u00e8tes universitaires du pays et d\u2019offrir une performance remarquable. F\u00e9licitations aux 3 \u00e9tudiants athl\u00e8tes Alexis Dufour, Simon Tremblay et Gabriel Vanasse qui, par leur excellente performance \u00e0 cette compl\u00e9tion d&rsquo;envergure, ont eu la chance de vivre une exp\u00e9rience des plus formatrices.<\/p>\n<hr \/>\n<h3>Athl\u00e9tisme<\/h3>\n<p><img loading=\"lazy\" decoding=\"async\" class=\"alignnone wp-image-46232\" src=\"https:\/\/www.uqac.ca\/uqactualites\/wp-content\/uploads\/2024\/02\/428637672_878719494263452_1475993372150737284_n-1-e1709135728760-1024x576.jpg\" alt=\"\" width=\"500\" height=\"281\" srcset=\"https:\/\/www.uqac.ca\/uqactualites\/wp-content\/uploads\/2024\/02\/428637672_878719494263452_1475993372150737284_n-1-e1709135728760-1024x576.jpg 1024w, https:\/\/www.uqac.ca\/uqactualites\/wp-content\/uploads\/2024\/02\/428637672_878719494263452_1475993372150737284_n-1-e1709135728760-300x169.jpg 300w, https:\/\/www.uqac.ca\/uqactualites\/wp-content\/uploads\/2024\/02\/428637672_878719494263452_1475993372150737284_n-1-e1709135728760-768x432.jpg 768w, https:\/\/www.uqac.ca\/uqactualites\/wp-content\/uploads\/2024\/02\/428637672_878719494263452_1475993372150737284_n-1-e1709135728760-1536x864.jpg 1536w, https:\/\/www.uqac.ca\/uqactualites\/wp-content\/uploads\/2024\/02\/428637672_878719494263452_1475993372150737284_n-1-e1709135728760-150x84.jpg 150w, https:\/\/www.uqac.ca\/uqactualites\/wp-content\/uploads\/2024\/02\/428637672_878719494263452_1475993372150737284_n-1-e1709135728760-696x391.jpg 696w, https:\/\/www.uqac.ca\/uqactualites\/wp-content\/uploads\/2024\/02\/428637672_878719494263452_1475993372150737284_n-1-e1709135728760-1068x601.jpg 1068w, https:\/\/www.uqac.ca\/uqactualites\/wp-content\/uploads\/2024\/02\/428637672_878719494263452_1475993372150737284_n-1-e1709135728760.jpg 1762w\" sizes=\"(max-width: 500px) 100vw, 500px\" \/><\/p>\n<p>Le 2 d\u00e9cembre dernier d\u00e9butait officiellement la saison d\u2019<a href=\"https:\/\/www.uqac.ca\/inuk\/athletisme\/\" target=\"_blank\" rel=\"noopener\">athl\u00e9tisme<\/a> pour nos Inuk, avec l\u2019invitation Rouge et Or \u00e0 l\u2019Universit\u00e9 Laval. Ce fut la premi\u00e8re comp\u00e9tition en salle pour plusieurs membres de l\u2019\u00e9quipe. Elle fut entre autres marqu\u00e9e par une performance exceptionnelle des Inuk au lancer du poids, avec une 3<sup>e<\/sup> place et un nouveau record personnel de 10,7 m\u00e8tres pour Myriam St-Hilaire, ainsi qu&rsquo;une 2<sup>e<\/sup> place pour Olivier Briand, avec 13,45 m\u00e8tres. S\u2019en est suivi l\u2019Invitation du Vert &amp; Or \u00e0 l\u2019Universit\u00e9 de Sherbrooke le 13 janvier. Atteignant une 5<sup>e<\/sup> place en masculin sur les 9 universit\u00e9s en lice, les Inuk ont offert une performance remarquable dans plusieurs disciplines. Mention particuli\u00e8re \u00e0 Bertrand Hugo, qui s\u2019\u00e9tait hiss\u00e9 en 3<sup>e<\/sup> place sur 27 participants au 300 m\u00e8tres et \u00e0 Olivier Briand qui a atteint son deuxi\u00e8me podium cons\u00e9cutif au lancer du poids, avec une 3<sup>e<\/sup> position.<\/p>\n<p>Derni\u00e8re comp\u00e9tition avant le championnat provincial, le McGill Team Challenge avait lieu le 26-27 janvier sur le campus de l\u2019universit\u00e9 montr\u00e9alaise. Outre les belles performances enregistr\u00e9es dans les \u00e9preuves de demi-fond, les Inuk sont parvenus \u00e0 battre le record UQAC \u00e0 la course \u00e0 relais de 4&#215;200 m\u00e8tres, avec 1:34.11 au chrono. F\u00e9licitations aux 4 coureurs Francis-Gaudreault-Roy, Alexis Bradette, Fr\u00e9d\u00e9ric Evora Silva et Bertrand Hugo, qui ont r\u00e9ussi \u00e0 atteindre la 5<sup>e<\/sup> place dans cette cat\u00e9gorie.<\/p>\n<p>La saison s\u2019est conclue par une fin de semaine m\u00e9morable pour nos Inuk, au championnat provincial des 23 et 24 f\u00e9vrier derniers avec de tr\u00e8s beaux r\u00e9sultats pour les 14 athl\u00e8tes de l&rsquo;UQAC qui y ont particip\u00e9. La d\u00e9l\u00e9gation est parvenue \u00e0 mettre la main sur 3 m\u00e9dailles de bronze gr\u00e2ce aux performances de Olivier Briand et Myriam St-Hilaire au lancer du poids et de Nina Olivier au saut \u00e0 la perche.<\/p>\n<div id='gallery-1' class='gallery galleryid-46228 gallery-columns-3 gallery-size-thumbnail'><figure class='gallery-item'>\n\t\t\t<div class='gallery-icon landscape'>\n\t\t\t\t<a href='https:\/\/www.uqac.ca\/uqactualites\/2024\/03\/05\/bilan-de-la-saison-inuk-2023-2024\/428640152_878719834263418_4784512305933248422_n\/'><img loading=\"lazy\" decoding=\"async\" width=\"150\" height=\"150\" src=\"https:\/\/www.uqac.ca\/uqactualites\/wp-content\/uploads\/2024\/02\/428640152_878719834263418_4784512305933248422_n-150x150.jpg\" class=\"attachment-thumbnail size-thumbnail\" alt=\"\" aria-describedby=\"gallery-1-46235\" \/><\/a>\n\t\t\t<\/div>\n\t\t\t\t<figcaption class='wp-caption-text gallery-caption' id='gallery-1-46235'>\n\t\t\t\tMyriam St-Hilaire, m\u00e9daille de bronze au lancer du poids (10,68 m\u00e8tres)\n\t\t\t\t<\/figcaption><\/figure><figure class='gallery-item'>\n\t\t\t<div class='gallery-icon landscape'>\n\t\t\t\t<a href='https:\/\/www.uqac.ca\/uqactualites\/2024\/03\/05\/bilan-de-la-saison-inuk-2023-2024\/428650257_878719657596769_5044207108940318986_n\/'><img loading=\"lazy\" decoding=\"async\" width=\"150\" height=\"150\" src=\"https:\/\/www.uqac.ca\/uqactualites\/wp-content\/uploads\/2024\/02\/428650257_878719657596769_5044207108940318986_n-150x150.jpg\" class=\"attachment-thumbnail size-thumbnail\" alt=\"\" aria-describedby=\"gallery-1-46236\" \/><\/a>\n\t\t\t<\/div>\n\t\t\t\t<figcaption class='wp-caption-text gallery-caption' id='gallery-1-46236'>\n\t\t\t\tOlivier Briand, m\u00e9daille de bronze au lancer du poids (14,08 m\u00e8tres)\n\t\t\t\t<\/figcaption><\/figure><figure class='gallery-item'>\n\t\t\t<div class='gallery-icon portrait'>\n\t\t\t\t<a href='https:\/\/www.uqac.ca\/uqactualites\/2024\/03\/05\/bilan-de-la-saison-inuk-2023-2024\/428648886_878330067635728_8577118950485314463_n\/'><img loading=\"lazy\" decoding=\"async\" width=\"150\" height=\"150\" src=\"https:\/\/www.uqac.ca\/uqactualites\/wp-content\/uploads\/2024\/02\/428648886_878330067635728_8577118950485314463_n-150x150.jpg\" class=\"attachment-thumbnail size-thumbnail\" alt=\"\" aria-describedby=\"gallery-1-46237\" \/><\/a>\n\t\t\t<\/div>\n\t\t\t\t<figcaption class='wp-caption-text gallery-caption' id='gallery-1-46237'>\n\t\t\t\tNina Olivier, m\u00e9daille de bronze au saut \u00e0 la perche (3,1 m\u00e8tres)\n\t\t\t\t<\/figcaption><\/figure>\n\t\t<\/div>\n\n<hr \/>\n<h3>Hockey<\/h3>\n<p><img loading=\"lazy\" decoding=\"async\" class=\"alignnone wp-image-45480\" src=\"https:\/\/www.uqac.ca\/uqactualites\/wp-content\/uploads\/2023\/12\/404949906_815291750606227_701396131351143670_n-1024x576.jpg\" alt=\"\" width=\"500\" height=\"281\" srcset=\"https:\/\/www.uqac.ca\/uqactualites\/wp-content\/uploads\/2023\/12\/404949906_815291750606227_701396131351143670_n-1024x576.jpg 1024w, https:\/\/www.uqac.ca\/uqactualites\/wp-content\/uploads\/2023\/12\/404949906_815291750606227_701396131351143670_n-300x169.jpg 300w, https:\/\/www.uqac.ca\/uqactualites\/wp-content\/uploads\/2023\/12\/404949906_815291750606227_701396131351143670_n-768x432.jpg 768w, https:\/\/www.uqac.ca\/uqactualites\/wp-content\/uploads\/2023\/12\/404949906_815291750606227_701396131351143670_n-1536x864.jpg 1536w, https:\/\/www.uqac.ca\/uqactualites\/wp-content\/uploads\/2023\/12\/404949906_815291750606227_701396131351143670_n-150x84.jpg 150w, https:\/\/www.uqac.ca\/uqactualites\/wp-content\/uploads\/2023\/12\/404949906_815291750606227_701396131351143670_n-696x392.jpg 696w, https:\/\/www.uqac.ca\/uqactualites\/wp-content\/uploads\/2023\/12\/404949906_815291750606227_701396131351143670_n-1068x601.jpg 1068w, https:\/\/www.uqac.ca\/uqactualites\/wp-content\/uploads\/2023\/12\/404949906_815291750606227_701396131351143670_n-1920x1080.jpg 1920w, https:\/\/www.uqac.ca\/uqactualites\/wp-content\/uploads\/2023\/12\/404949906_815291750606227_701396131351143670_n.jpg 2048w\" sizes=\"(max-width: 500px) 100vw, 500px\" \/><\/p>\n<p>Dans le cadre du lancement de la ligue de <a href=\"https:\/\/www.uqac.ca\/inuk\/hockey-masculin\/\" target=\"_blank\" rel=\"noopener\">hockey universitaire de division 2<\/a>, les Inuk de l\u2019Universit\u00e9 du Qu\u00e9bec \u00e0 Chicoutimi forment l&rsquo;une des trois \u00e9quipes, avec les Piranhas de l\u2019\u00c9cole de Technologie sup\u00e9rieure et les Stingers de l\u2019Universit\u00e9 Concordia, \u00e0 s\u2019\u00eatre livr\u00e9 une comp\u00e9tition intense au cours d&rsquo;un calendrier de saison r\u00e9guli\u00e8re charg\u00e9 en rebondissements.<\/p>\n<p>Gr\u00e2ce \u00e0 une victoire de 3 \u00e0 1 face aux Stigners le 17 f\u00e9vrier dernier, l\u2019\u00e9quipe de l\u2019UQAC a s\u00e9curis\u00e9 sa position en tant que champion de la saison r\u00e9guli\u00e8re. Les s\u00e9ries \u00e9liminatoires d\u00e9buteront le 7 mars prochain avec une ronde entre Concordia et l\u2019\u00c9TS. L\u2019\u00e9quipe gagnante affrontera par la suite les Inuk en finale.<\/p>\n<p>Au cours de la saison, les trois \u00e9quipes ont aussi eu la chance de se mesurer aux \u00e9quipes du circuit coll\u00e9gial de division 1 lors de quelques matchs hors-concours dans lesquels les Inuk sont ressortis avec un total de 3 victoires et d\u2019une seule d\u00e9faite.<\/p>\n<p>F\u00e9licitations aux joueurs et aux entra\u00eeneurs qui par leurs efforts et leur travail, contribuent \u00e0 faire progresser la ligue.<\/p>\n<hr \/>\n<h3>Volleyball<\/h3>\n<p><img loading=\"lazy\" decoding=\"async\" class=\"alignnone wp-image-46274\" src=\"https:\/\/www.uqac.ca\/uqactualites\/wp-content\/uploads\/2024\/03\/398776058_802029558599113_2556312744991719638_n-1024x682.jpg\" alt=\"Inuk\" width=\"500\" height=\"333\" srcset=\"https:\/\/www.uqac.ca\/uqactualites\/wp-content\/uploads\/2024\/03\/398776058_802029558599113_2556312744991719638_n-1024x682.jpg 1024w, https:\/\/www.uqac.ca\/uqactualites\/wp-content\/uploads\/2024\/03\/398776058_802029558599113_2556312744991719638_n-300x200.jpg 300w, https:\/\/www.uqac.ca\/uqactualites\/wp-content\/uploads\/2024\/03\/398776058_802029558599113_2556312744991719638_n-768x511.jpg 768w, https:\/\/www.uqac.ca\/uqactualites\/wp-content\/uploads\/2024\/03\/398776058_802029558599113_2556312744991719638_n-1536x1022.jpg 1536w, https:\/\/www.uqac.ca\/uqactualites\/wp-content\/uploads\/2024\/03\/398776058_802029558599113_2556312744991719638_n-150x100.jpg 150w, https:\/\/www.uqac.ca\/uqactualites\/wp-content\/uploads\/2024\/03\/398776058_802029558599113_2556312744991719638_n-696x463.jpg 696w, https:\/\/www.uqac.ca\/uqactualites\/wp-content\/uploads\/2024\/03\/398776058_802029558599113_2556312744991719638_n-1068x711.jpg 1068w, https:\/\/www.uqac.ca\/uqactualites\/wp-content\/uploads\/2024\/03\/398776058_802029558599113_2556312744991719638_n-1920x1278.jpg 1920w, https:\/\/www.uqac.ca\/uqactualites\/wp-content\/uploads\/2024\/03\/398776058_802029558599113_2556312744991719638_n.jpg 2048w\" sizes=\"(max-width: 500px) 100vw, 500px\" \/><\/p>\n<p>En tant que premi\u00e8re d\u00e9l\u00e9gation de l\u2019UQAC dans la ligue de <a href=\"https:\/\/www.uqac.ca\/inuk\/volleyball-feminin\/\" target=\"_blank\" rel=\"noopener\">Volleyball f\u00e9minin de division 1<\/a>, les volleyeuses Inuk sont parvenues \u00e0 tenir t\u00eate \u00e0 des \u00e9quipes redoutables tout au long de la saison.<\/p>\n<p>Malgr\u00e9 une derni\u00e8re place au classement, elles ont su tirer profit des exp\u00e9riences accumul\u00e9es et progresser de mani\u00e8re significative \u00e0 chaque affrontement. Les apprentissages et les d\u00e9fis rencontr\u00e9s dans les derniers mois ont t\u00e9moign\u00e9 de toute la d\u00e9termination et la r\u00e9silience de l\u2019\u00e9quipe.<\/p>\n<p>Une mention particuli\u00e8re au travail acharn\u00e9 de l&rsquo;entra\u00eeneur en chef Ghyslain Bergeron et de sa conjointe, l&rsquo;entra\u00eeneure adjointe Mich\u00e8le Routhier. Leur implication et leur contribution ont permis \u00e0 l\u2019\u00e9quipe de progresser continuellement et de conna\u00eetre des succ\u00e8s notables. Nous saluons \u00e9galement le d\u00e9vouement des entra\u00eeneures et entra\u00eeneurs Sabrina Harvey, Maxime Mercier-Mimeault, Marc-Antoine Poirier et Andr\u00e9a Maksimovic qui a aussi jou\u00e9 un r\u00f4le important dans l\u2019\u00e9volution de l\u2019\u00e9quipe tout au long de la saison.<\/p>\n<p>La combativit\u00e9 imperturbable et l\u2019immense progr\u00e8s r\u00e9alis\u00e9 par les joueuses dans tous les aspects du jeu nous promettent des matchs palpitants pour la saison \u00e0 venir.<\/p>\n","protected":false},"excerpt":{"rendered":"<p>L&rsquo;arriv\u00e9e du mois de mars annonce la fin de saison pour plusieurs sports universitaires. Pour l&rsquo;occasion, voici le bilan des \u00e9v\u00e8nements qui ont marqu\u00e9 le parcours comp\u00e9titif de nos Inuk depuis septembre. Cross-country La saison de cross-country a officiellement \u00e9t\u00e9 lanc\u00e9e le 16 septembre dernier \u00e0 Montr\u00e9al avec le McGill Open. Au cours de cette [&hellip;]<\/p>\n","protected":false},"author":5,"featured_media":46275,"comment_status":"open","ping_status":"open","sticky":false,"template":"","format":"standard","meta":{"footnotes":""},"categories":[2779,2773],"tags":[1942,114,57,26,94,89],"yoast_head":"<!-- This site is optimized with the Yoast SEO plugin v24.2 - https:\/\/yoast.com\/wordpress\/plugins\/seo\/ -->\r\n<title>Inuk: bilan de la saison 2023-2024 - UQACtualit\u00e9s<\/title>\r\n<meta name=\"description\" content=\"Voici le bilan des \u00e9v\u00e8nements qui ont marqu\u00e9 le parcours comp\u00e9titif de nos 4 d\u00e9l\u00e9gations des Inuk depuis septembre.\" \/>\r\n<meta name=\"robots\" content=\"index, follow, max-snippet:-1, max-image-preview:large, max-video-preview:-1\" \/>\r\n<link rel=\"canonical\" href=\"https:\/\/www.uqac.ca\/uqactualites\/2024\/03\/05\/bilan-de-la-saison-inuk-2023-2024\/\" \/>\r\n<meta property=\"og:locale\" content=\"fr_CA\" \/>\r\n<meta property=\"og:type\" content=\"article\" \/>\r\n<meta property=\"og:title\" content=\"Inuk: bilan de la saison 2023-2024 - UQACtualit\u00e9s\" \/>\r\n<meta property=\"og:description\" content=\"Voici le bilan des \u00e9v\u00e8nements qui ont marqu\u00e9 le parcours comp\u00e9titif de nos 4 d\u00e9l\u00e9gations des Inuk depuis septembre.\" \/>\r\n<meta property=\"og:url\" content=\"https:\/\/www.uqac.ca\/uqactualites\/2024\/03\/05\/bilan-de-la-saison-inuk-2023-2024\/\" \/>\r\n<meta property=\"og:site_name\" content=\"UQACtualit\u00e9s\" \/>\r\n<meta property=\"article:published_time\" content=\"2024-03-05T14:59:47+00:00\" \/>\r\n<meta property=\"article:modified_time\" content=\"2024-07-24T19:38:06+00:00\" \/>\r\n<meta property=\"og:image\" content=\"https:\/\/www.uqac.ca\/uqactualites\/wp-content\/uploads\/2024\/03\/370174981_756060226529380_3813802642798672177_n.jpg\" \/>\r\n\t<meta property=\"og:image:width\" content=\"2000\" \/>\r\n\t<meta property=\"og:image:height\" content=\"1059\" \/>\r\n\t<meta property=\"og:image:type\" content=\"image\/jpeg\" \/>\r\n<meta name=\"author\" content=\"Service des communications et des relations publiques\" \/>\r\n<meta name=\"twitter:card\" content=\"summary_large_image\" \/>\r\n<meta name=\"twitter:label1\" content=\"\u00c9crit par\" \/>\n\t<meta name=\"twitter:data1\" content=\"Service des communications et des relations publiques\" \/>\n\t<meta name=\"twitter:label2\" content=\"Estimation du temps de lecture\" \/>\n\t<meta name=\"twitter:data2\" content=\"6 minutes\" \/>\r\n<script type=\"application\/ld+json\" class=\"yoast-schema-graph\">{\"@context\":\"https:\/\/schema.org\",\"@graph\":[{\"@type\":\"WebPage\",\"@id\":\"https:\/\/www.uqac.ca\/uqactualites\/2024\/03\/05\/bilan-de-la-saison-inuk-2023-2024\/\",\"url\":\"https:\/\/www.uqac.ca\/uqactualites\/2024\/03\/05\/bilan-de-la-saison-inuk-2023-2024\/\",\"name\":\"Inuk: bilan de la saison 2023-2024 - UQACtualit\u00e9s\",\"isPartOf\":{\"@id\":\"https:\/\/www.uqac.ca\/uqactualites\/#website\"},\"primaryImageOfPage\":{\"@id\":\"https:\/\/www.uqac.ca\/uqactualites\/2024\/03\/05\/bilan-de-la-saison-inuk-2023-2024\/#primaryimage\"},\"image\":{\"@id\":\"https:\/\/www.uqac.ca\/uqactualites\/2024\/03\/05\/bilan-de-la-saison-inuk-2023-2024\/#primaryimage\"},\"thumbnailUrl\":\"https:\/\/www.uqac.ca\/uqactualites\/wp-content\/uploads\/2024\/03\/370174981_756060226529380_3813802642798672177_n.jpg\",\"datePublished\":\"2024-03-05T14:59:47+00:00\",\"dateModified\":\"2024-07-24T19:38:06+00:00\",\"author\":{\"@id\":\"https:\/\/www.uqac.ca\/uqactualites\/#\/schema\/person\/366c45a0c4f0e677b41b4af5886e2018\"},\"description\":\"Voici le bilan des \u00e9v\u00e8nements qui ont marqu\u00e9 le parcours comp\u00e9titif de nos 4 d\u00e9l\u00e9gations des Inuk depuis septembre.\",\"breadcrumb\":{\"@id\":\"https:\/\/www.uqac.ca\/uqactualites\/2024\/03\/05\/bilan-de-la-saison-inuk-2023-2024\/#breadcrumb\"},\"inLanguage\":\"fr-CA\",\"potentialAction\":[{\"@type\":\"ReadAction\",\"target\":[\"https:\/\/www.uqac.ca\/uqactualites\/2024\/03\/05\/bilan-de-la-saison-inuk-2023-2024\/\"]}]},{\"@type\":\"ImageObject\",\"inLanguage\":\"fr-CA\",\"@id\":\"https:\/\/www.uqac.ca\/uqactualites\/2024\/03\/05\/bilan-de-la-saison-inuk-2023-2024\/#primaryimage\",\"url\":\"https:\/\/www.uqac.ca\/uqactualites\/wp-content\/uploads\/2024\/03\/370174981_756060226529380_3813802642798672177_n.jpg\",\"contentUrl\":\"https:\/\/www.uqac.ca\/uqactualites\/wp-content\/uploads\/2024\/03\/370174981_756060226529380_3813802642798672177_n.jpg\",\"width\":2000,\"height\":1059,\"caption\":\"Inuk\"},{\"@type\":\"BreadcrumbList\",\"@id\":\"https:\/\/www.uqac.ca\/uqactualites\/2024\/03\/05\/bilan-de-la-saison-inuk-2023-2024\/#breadcrumb\",\"itemListElement\":[{\"@type\":\"ListItem\",\"position\":1,\"name\":\"Home\",\"item\":\"https:\/\/www.uqac.ca\/uqactualites\/\"},{\"@type\":\"ListItem\",\"position\":2,\"name\":\"Inuk: bilan de la saison 2023-2024\"}]},{\"@type\":\"WebSite\",\"@id\":\"https:\/\/www.uqac.ca\/uqactualites\/#website\",\"url\":\"https:\/\/www.uqac.ca\/uqactualites\/\",\"name\":\"UQACtualit\u00e9s\",\"description\":\"Le portail des nouvelles de l&#039;UQAC\",\"potentialAction\":[{\"@type\":\"SearchAction\",\"target\":{\"@type\":\"EntryPoint\",\"urlTemplate\":\"https:\/\/www.uqac.ca\/uqactualites\/?s={search_term_string}\"},\"query-input\":{\"@type\":\"PropertyValueSpecification\",\"valueRequired\":true,\"valueName\":\"search_term_string\"}}],\"inLanguage\":\"fr-CA\"},{\"@type\":\"Person\",\"@id\":\"https:\/\/www.uqac.ca\/uqactualites\/#\/schema\/person\/366c45a0c4f0e677b41b4af5886e2018\",\"name\":\"Service des communications et des relations publiques\",\"image\":{\"@type\":\"ImageObject\",\"inLanguage\":\"fr-CA\",\"@id\":\"https:\/\/www.uqac.ca\/uqactualites\/#\/schema\/person\/image\/\",\"url\":\"https:\/\/secure.gravatar.com\/avatar\/20fbbda8a292f59f2d3461a5b999c00b?s=96&d=mm&r=g\",\"contentUrl\":\"https:\/\/secure.gravatar.com\/avatar\/20fbbda8a292f59f2d3461a5b999c00b?s=96&d=mm&r=g\",\"caption\":\"Service des communications et des relations publiques\"},\"url\":\"https:\/\/www.uqac.ca\/uqactualites\/author\/bap\/\"}]}<\/script>\r\n<!-- \/ Yoast SEO plugin. -->","yoast_head_json":{"title":"Inuk: bilan de la saison 2023-2024 - UQACtualit\u00e9s","description":"Voici le bilan des \u00e9v\u00e8nements qui ont marqu\u00e9 le parcours comp\u00e9titif de nos 4 d\u00e9l\u00e9gations des Inuk depuis septembre.","robots":{"index":"index","follow":"follow","max-snippet":"max-snippet:-1","max-image-preview":"max-image-preview:large","max-video-preview":"max-video-preview:-1"},"canonical":"https:\/\/www.uqac.ca\/uqactualites\/2024\/03\/05\/bilan-de-la-saison-inuk-2023-2024\/","og_locale":"fr_CA","og_type":"article","og_title":"Inuk: bilan de la saison 2023-2024 - UQACtualit\u00e9s","og_description":"Voici le bilan des \u00e9v\u00e8nements qui ont marqu\u00e9 le parcours comp\u00e9titif de nos 4 d\u00e9l\u00e9gations des Inuk depuis septembre.","og_url":"https:\/\/www.uqac.ca\/uqactualites\/2024\/03\/05\/bilan-de-la-saison-inuk-2023-2024\/","og_site_name":"UQACtualit\u00e9s","article_published_time":"2024-03-05T14:59:47+00:00","article_modified_time":"2024-07-24T19:38:06+00:00","og_image":[{"width":2000,"height":1059,"url":"https:\/\/www.uqac.ca\/uqactualites\/wp-content\/uploads\/2024\/03\/370174981_756060226529380_3813802642798672177_n.jpg","type":"image\/jpeg"}],"author":"Service des communications et des relations publiques","twitter_card":"summary_large_image","twitter_misc":{"\u00c9crit par":"Service des communications et des relations publiques","Estimation du temps de lecture":"6 minutes"},"schema":{"@context":"https:\/\/schema.org","@graph":[{"@type":"WebPage","@id":"https:\/\/www.uqac.ca\/uqactualites\/2024\/03\/05\/bilan-de-la-saison-inuk-2023-2024\/","url":"https:\/\/www.uqac.ca\/uqactualites\/2024\/03\/05\/bilan-de-la-saison-inuk-2023-2024\/","name":"Inuk: bilan de la saison 2023-2024 - UQACtualit\u00e9s","isPartOf":{"@id":"https:\/\/www.uqac.ca\/uqactualites\/#website"},"primaryImageOfPage":{"@id":"https:\/\/www.uqac.ca\/uqactualites\/2024\/03\/05\/bilan-de-la-saison-inuk-2023-2024\/#primaryimage"},"image":{"@id":"https:\/\/www.uqac.ca\/uqactualites\/2024\/03\/05\/bilan-de-la-saison-inuk-2023-2024\/#primaryimage"},"thumbnailUrl":"https:\/\/www.uqac.ca\/uqactualites\/wp-content\/uploads\/2024\/03\/370174981_756060226529380_3813802642798672177_n.jpg","datePublished":"2024-03-05T14:59:47+00:00","dateModified":"2024-07-24T19:38:06+00:00","author":{"@id":"https:\/\/www.uqac.ca\/uqactualites\/#\/schema\/person\/366c45a0c4f0e677b41b4af5886e2018"},"description":"Voici le bilan des \u00e9v\u00e8nements qui ont marqu\u00e9 le parcours comp\u00e9titif de nos 4 d\u00e9l\u00e9gations des Inuk depuis septembre.","breadcrumb":{"@id":"https:\/\/www.uqac.ca\/uqactualites\/2024\/03\/05\/bilan-de-la-saison-inuk-2023-2024\/#breadcrumb"},"inLanguage":"fr-CA","potentialAction":[{"@type":"ReadAction","target":["https:\/\/www.uqac.ca\/uqactualites\/2024\/03\/05\/bilan-de-la-saison-inuk-2023-2024\/"]}]},{"@type":"ImageObject","inLanguage":"fr-CA","@id":"https:\/\/www.uqac.ca\/uqactualites\/2024\/03\/05\/bilan-de-la-saison-inuk-2023-2024\/#primaryimage","url":"https:\/\/www.uqac.ca\/uqactualites\/wp-content\/uploads\/2024\/03\/370174981_756060226529380_3813802642798672177_n.jpg","contentUrl":"https:\/\/www.uqac.ca\/uqactualites\/wp-content\/uploads\/2024\/03\/370174981_756060226529380_3813802642798672177_n.jpg","width":2000,"height":1059,"caption":"Inuk"},{"@type":"BreadcrumbList","@id":"https:\/\/www.uqac.ca\/uqactualites\/2024\/03\/05\/bilan-de-la-saison-inuk-2023-2024\/#breadcrumb","itemListElement":[{"@type":"ListItem","position":1,"name":"Home","item":"https:\/\/www.uqac.ca\/uqactualites\/"},{"@type":"ListItem","position":2,"name":"Inuk: bilan de la saison 2023-2024"}]},{"@type":"WebSite","@id":"https:\/\/www.uqac.ca\/uqactualites\/#website","url":"https:\/\/www.uqac.ca\/uqactualites\/","name":"UQACtualit\u00e9s","description":"Le portail des nouvelles de l&#039;UQAC","potentialAction":[{"@type":"SearchAction","target":{"@type":"EntryPoint","urlTemplate":"https:\/\/www.uqac.ca\/uqactualites\/?s={search_term_string}"},"query-input":{"@type":"PropertyValueSpecification","valueRequired":true,"valueName":"search_term_string"}}],"inLanguage":"fr-CA"},{"@type":"Person","@id":"https:\/\/www.uqac.ca\/uqactualites\/#\/schema\/person\/366c45a0c4f0e677b41b4af5886e2018","name":"Service des communications et des relations publiques","image":{"@type":"ImageObject","inLanguage":"fr-CA","@id":"https:\/\/www.uqac.ca\/uqactualites\/#\/schema\/person\/image\/","url":"https:\/\/secure.gravatar.com\/avatar\/20fbbda8a292f59f2d3461a5b999c00b?s=96&d=mm&r=g","contentUrl":"https:\/\/secure.gravatar.com\/avatar\/20fbbda8a292f59f2d3461a5b999c00b?s=96&d=mm&r=g","caption":"Service des communications et des relations publiques"},"url":"https:\/\/www.uqac.ca\/uqactualites\/author\/bap\/"}]}},"_links":{"self":[{"href":"https:\/\/www.uqac.ca\/uqactualites\/wp-json\/wp\/v2\/posts\/46228"}],"collection":[{"href":"https:\/\/www.uqac.ca\/uqactualites\/wp-json\/wp\/v2\/posts"}],"about":[{"href":"https:\/\/www.uqac.ca\/uqactualites\/wp-json\/wp\/v2\/types\/post"}],"author":[{"embeddable":true,"href":"https:\/\/www.uqac.ca\/uqactualites\/wp-json\/wp\/v2\/users\/5"}],"replies":[{"embeddable":true,"href":"https:\/\/www.uqac.ca\/uqactualites\/wp-json\/wp\/v2\/comments?post=46228"}],"version-history":[{"count":25,"href":"https:\/\/www.uqac.ca\/uqactualites\/wp-json\/wp\/v2\/posts\/46228\/revisions"}],"predecessor-version":[{"id":48106,"href":"https:\/\/www.uqac.ca\/uqactualites\/wp-json\/wp\/v2\/posts\/46228\/revisions\/48106"}],"wp:featuredmedia":[{"embeddable":true,"href":"https:\/\/www.uqac.ca\/uqactualites\/wp-json\/wp\/v2\/media\/46275"}],"wp:attachment":[{"href":"https:\/\/www.uqac.ca\/uqactualites\/wp-json\/wp\/v2\/media?parent=46228"}],"wp:term":[{"taxonomy":"category","embeddable":true,"href":"https:\/\/www.uqac.ca\/uqactualites\/wp-json\/wp\/v2\/categories?post=46228"},{"taxonomy":"post_tag","embeddable":true,"href":"https:\/\/www.uqac.ca\/uqactualites\/wp-json\/wp\/v2\/tags?post=46228"}],"curies":[{"name":"wp","href":"https:\/\/api.w.org\/{rel}","templated":true}]}}