{"id":46254,"date":"2024-02-29T16:22:25","date_gmt":"2024-02-29T21:22:25","guid":{"rendered":"https:\/\/www.uqac.ca\/uqactualites\/?p=46254"},"modified":"2025-07-09T13:24:00","modified_gmt":"2025-07-09T17:24:00","slug":"la-danse-pour-developper-des-habiletes-transferables-aux-etudes-pour-les-eleves-du-secondaire-en-difficulte-dapprentissage","status":"publish","type":"post","link":"https:\/\/www.uqac.ca\/uqactualites\/2024\/02\/29\/la-danse-pour-developper-des-habiletes-transferables-aux-etudes-pour-les-eleves-du-secondaire-en-difficulte-dapprentissage\/","title":{"rendered":"La danse pour d\u00e9velopper des habilet\u00e9s transf\u00e9rables aux \u00e9tudes pour les \u00e9l\u00e8ves du secondaire en difficult\u00e9 d\u2019apprentissage"},"content":{"rendered":"<p>\u00c9TUDIER DANS UN PROGRAMME RECHERCHE | Pour des \u00e9l\u00e8ves qui ont des difficult\u00e9s d\u2019apprentissage, l\u2019acc\u00e8s \u00e0 des programmes particuliers comme le Sport-Arts-\u00c9tudes est g\u00e9n\u00e9ralement complexe puisqu\u2019il devient pratiquement impossible de leur donner du temps pour obtenir les interventions p\u00e9dagogiques n\u00e9cessaires \u00e0 travers un horaire de cours d\u00e9j\u00e0 condens\u00e9. Et si les interventions orthop\u00e9dagogiques se donnaient pendant le sport ou l\u2019art de l\u2019\u00e9l\u00e8ve? Anne-Sophie Mailloux, \u00e9tudiante \u00e0 la <a href=\"https:\/\/www.uqac.ca\/programme\/3664-maitrise-en-education\/\" target=\"_blank\" rel=\"noopener\">ma\u00eetrise en \u00e9ducation volet recherche<\/a>, a choisi d\u2019allier ses deux passions pour son projet de recherche, la danse et l\u2019enseignement.<\/p>\n<p>Bacheli\u00e8re en <a href=\"https:\/\/www.uqac.ca\/programme\/7080-bac-ens-adaptation-scolaire-et-sociale\/\" target=\"_blank\" rel=\"noopener\">enseignement en adaptation scolaire et sociale<\/a> et \u00e9galement professeure de danse, Anne-Sophie se questionnait s\u2019il pouvait y avoir un lien entre l\u2019apprentissage de la danse et l\u2019\u00e9ducation. En cherchant dans la litt\u00e9rature scientifique, elle a r\u00e9alis\u00e9 que non seulement il y en avait un, mais que l\u2019int\u00e9r\u00eat des scientifiques sur le sujet \u00e9tait en augmentation. C\u2019est la participation \u00e0 un projet de recherche-action \u00e0 la fin de son baccalaur\u00e9at qui lui a permis de constater son int\u00e9r\u00eat pour la recherche et que celle-ci pouvait faire une diff\u00e9rence concr\u00e8te sur le terrain.<\/p>\n<p>\u00ab\u2009Pendant mes stages, j\u2019ai pu voir que beaucoup d\u2019\u00e9l\u00e8ves en difficult\u00e9s d\u2019apprentissage \u00e9taient d\u00e9motiv\u00e9s et que l\u2019impact est grand sur leur pers\u00e9v\u00e9rance\u2009\u00bb, mentionne l\u2019\u00e9tudiante. Pour celle qui a v\u00e9cu les bienfaits d\u2019un programme comme le Sports-Arts-\u00c9tude, elle souhaitait que son projet de recherche puisse un jour contribuer \u00e0 y ouvrir les portes aux \u00e9l\u00e8ves qui ont besoin d\u2019interventions orthop\u00e9dagogiques dans leur apprentissage.<\/p>\n<p>Et si l\u2019utilisation de m\u00e9diation p\u00e9dagogique pendant l\u2019enseignement du sport permettait \u00e0 l\u2019\u00e9l\u00e8ve de d\u00e9velopper des habilet\u00e9s reli\u00e9es aux fonctions ex\u00e9cutives transf\u00e9rables \u00e0 ses \u00e9tudes? Les fonctions ex\u00e9cutives entrent en jeu lorsque pour r\u00e9soudre une situation complexe l\u2019\u00e9l\u00e8ve doit diriger son attention, s\u2019adapter aux impr\u00e9vus et planifier ses actions*. \u00ab\u2009En contexte d\u2019apprentissage de la danse, il y a plusieurs activit\u00e9s li\u00e9es aux fonctions ex\u00e9cutives. Pour la cr\u00e9ation d\u2019une chor\u00e9graphie par exemple, l\u2019\u00e9l\u00e8ve doit s\u2019organiser, planifier ses mouvements en fonction de la musique, l\u2019apprendre par c\u0153ur et se r\u00e9f\u00e9rer \u00e0 l&rsquo;objectif qui est de faire comprendre son intention au public. La m\u00e9diation p\u00e9dagogique fait le pont entre les strat\u00e9gies de l\u2019activit\u00e9 et comment elles peuvent s\u2019appliquer dans un contexte d\u2019apprentissage scolaire\u2009\u00bb, explique Anne-Sophie.<\/p>\n<p>Dirig\u00e9 par les professeures <a href=\"https:\/\/www.uqac.ca\/portfolio\/mariepierrebaron\/\" target=\"_blank\" rel=\"noopener\">Marie-Pierre Baron<\/a> et <a href=\"https:\/\/www.uqac.ca\/portfolio\/elisabethboily\/\" target=\"_blank\" rel=\"noopener\">\u00c9lisabeth Boily<\/a>, son projet de recherche consiste \u00e0 observer des groupes pour r\u00e9pertorier toutes les pratiques utilis\u00e9es dans l\u2019enseignement de la danse afin de d\u00e9terminer ce qui peut \u00eatre reli\u00e9 aux habilet\u00e9s ex\u00e9cutives et \u00e0 leur transfert au domaine. Pour celle qui souhaite faire la diff\u00e9rence dans la vie des \u00e9l\u00e8ves et trouver des alternatives pour les personnes pour qui le syst\u00e8me en place ne convient pas, le souhait ultime est qu\u2019\u00e9ventuellement ses r\u00e9sultats de recherche soient appliqu\u00e9s \u00e0 diff\u00e9rentes disciplines sportives et artistiques. \u00ab\u2009Quand j\u2019arrive \u00e0 faire comprendre une notion \u00e0 l\u2019\u00e9l\u00e8ve par des m\u00e9thodes orthop\u00e9dagogiques et que je vois le soulagement dans son regard, tout d\u2019un coup c\u2019est toute la pression sur ses \u00e9paules qui se dissout, il n\u2019y a rien de plus motivant\u2009\u00bb, mentionne l\u2019\u00e9tudiante.<\/p>\n<p>Stimul\u00e9e par son exp\u00e9rience, Anne-Sophie souhaite peut-\u00eatre poursuivre au doctorat par la suite pour pousser son projet encore plus loin, devenir professionnelle de recherche ou encore \u00eatre orthop\u00e9dagogue et mettre en place des pratiques innovantes. \u00ab\u2009Une fois rendu aux cycles sup\u00e9rieurs, je r\u00e9alise qu\u2019il y a tellement de possibilit\u00e9s et que \u00e7a ouvre beaucoup de portes.\u2009\u00bb<\/p>\n<p>*(<a href=\"https:\/\/doi.org\/10.1146\/annurev-psych-113011-143750\" target=\"_blank\" rel=\"noopener\"><em>Diamond, 2013<\/em><\/a>)<\/p>\n","protected":false},"excerpt":{"rendered":"<p>\u00c9TUDIER DANS UN PROGRAMME RECHERCHE | Pour des \u00e9l\u00e8ves qui ont des difficult\u00e9s d\u2019apprentissage, l\u2019acc\u00e8s \u00e0 des programmes particuliers comme le Sport-Arts-\u00c9tudes est g\u00e9n\u00e9ralement complexe puisqu\u2019il devient pratiquement impossible de leur donner du temps pour obtenir les interventions p\u00e9dagogiques n\u00e9cessaires \u00e0 travers un horaire de cours d\u00e9j\u00e0 condens\u00e9. Et si les interventions orthop\u00e9dagogiques se donnaient [&hellip;]<\/p>\n","protected":false},"author":5,"featured_media":46263,"comment_status":"open","ping_status":"open","sticky":false,"template":"","format":"standard","meta":{"footnotes":""},"categories":[2844,248,4],"tags":[5,123,2977,565,914],"yoast_head":"<!-- This site is optimized with the Yoast SEO plugin v24.2 - https:\/\/yoast.com\/wordpress\/plugins\/seo\/ -->\r\n<title>La danse pour d\u00e9velopper des habilet\u00e9s transf\u00e9rables aux \u00e9tudes pour les \u00e9l\u00e8ves du secondaire en difficult\u00e9 d\u2019apprentissage - UQACtualit\u00e9s<\/title>\r\n<meta name=\"description\" content=\"\u00c9tudiante \u00e0 la ma\u00eetrise en \u00e9ducation, Anne-Sophie a choisi d\u2019allier ses passions pour son projet de recherche: la danse et l\u2019enseignement\" \/>\r\n<meta name=\"robots\" content=\"index, follow, max-snippet:-1, max-image-preview:large, max-video-preview:-1\" \/>\r\n<link rel=\"canonical\" href=\"https:\/\/www.uqac.ca\/uqactualites\/2024\/02\/29\/la-danse-pour-developper-des-habiletes-transferables-aux-etudes-pour-les-eleves-du-secondaire-en-difficulte-dapprentissage\/\" \/>\r\n<meta property=\"og:locale\" content=\"fr_CA\" \/>\r\n<meta property=\"og:type\" content=\"article\" \/>\r\n<meta property=\"og:title\" content=\"La danse pour d\u00e9velopper des habilet\u00e9s transf\u00e9rables aux \u00e9tudes pour les \u00e9l\u00e8ves du secondaire en difficult\u00e9 d\u2019apprentissage - UQACtualit\u00e9s\" \/>\r\n<meta property=\"og:description\" content=\"\u00c9tudiante \u00e0 la ma\u00eetrise en \u00e9ducation, Anne-Sophie a choisi d\u2019allier ses passions pour son projet de recherche: la danse et l\u2019enseignement\" \/>\r\n<meta property=\"og:url\" content=\"https:\/\/www.uqac.ca\/uqactualites\/2024\/02\/29\/la-danse-pour-developper-des-habiletes-transferables-aux-etudes-pour-les-eleves-du-secondaire-en-difficulte-dapprentissage\/\" \/>\r\n<meta property=\"og:site_name\" content=\"UQACtualit\u00e9s\" \/>\r\n<meta property=\"article:published_time\" content=\"2024-02-29T21:22:25+00:00\" \/>\r\n<meta property=\"article:modified_time\" content=\"2025-07-09T17:24:00+00:00\" \/>\r\n<meta property=\"og:image\" content=\"https:\/\/www.uqac.ca\/uqactualites\/wp-content\/uploads\/2024\/02\/mailloux-Anne-sophie-mduhaime-h24-1.jpg\" \/>\r\n\t<meta property=\"og:image:width\" content=\"1920\" \/>\r\n\t<meta property=\"og:image:height\" content=\"1280\" \/>\r\n\t<meta property=\"og:image:type\" content=\"image\/jpeg\" \/>\r\n<meta name=\"author\" content=\"Service des communications et des relations publiques\" \/>\r\n<meta name=\"twitter:card\" content=\"summary_large_image\" \/>\r\n<meta name=\"twitter:label1\" content=\"\u00c9crit par\" \/>\n\t<meta name=\"twitter:data1\" content=\"Service des communications et des relations publiques\" \/>\n\t<meta name=\"twitter:label2\" content=\"Estimation du temps de lecture\" \/>\n\t<meta name=\"twitter:data2\" content=\"4 minutes\" \/>\r\n<script type=\"application\/ld+json\" class=\"yoast-schema-graph\">{\"@context\":\"https:\/\/schema.org\",\"@graph\":[{\"@type\":\"WebPage\",\"@id\":\"https:\/\/www.uqac.ca\/uqactualites\/2024\/02\/29\/la-danse-pour-developper-des-habiletes-transferables-aux-etudes-pour-les-eleves-du-secondaire-en-difficulte-dapprentissage\/\",\"url\":\"https:\/\/www.uqac.ca\/uqactualites\/2024\/02\/29\/la-danse-pour-developper-des-habiletes-transferables-aux-etudes-pour-les-eleves-du-secondaire-en-difficulte-dapprentissage\/\",\"name\":\"La danse pour d\u00e9velopper des habilet\u00e9s transf\u00e9rables aux \u00e9tudes pour les \u00e9l\u00e8ves du secondaire en difficult\u00e9 d\u2019apprentissage - UQACtualit\u00e9s\",\"isPartOf\":{\"@id\":\"https:\/\/www.uqac.ca\/uqactualites\/#website\"},\"primaryImageOfPage\":{\"@id\":\"https:\/\/www.uqac.ca\/uqactualites\/2024\/02\/29\/la-danse-pour-developper-des-habiletes-transferables-aux-etudes-pour-les-eleves-du-secondaire-en-difficulte-dapprentissage\/#primaryimage\"},\"image\":{\"@id\":\"https:\/\/www.uqac.ca\/uqactualites\/2024\/02\/29\/la-danse-pour-developper-des-habiletes-transferables-aux-etudes-pour-les-eleves-du-secondaire-en-difficulte-dapprentissage\/#primaryimage\"},\"thumbnailUrl\":\"https:\/\/www.uqac.ca\/uqactualites\/wp-content\/uploads\/2024\/02\/mailloux-Anne-sophie-mduhaime-h24-1.jpg\",\"datePublished\":\"2024-02-29T21:22:25+00:00\",\"dateModified\":\"2025-07-09T17:24:00+00:00\",\"author\":{\"@id\":\"https:\/\/www.uqac.ca\/uqactualites\/#\/schema\/person\/366c45a0c4f0e677b41b4af5886e2018\"},\"description\":\"\u00c9tudiante \u00e0 la ma\u00eetrise en \u00e9ducation, Anne-Sophie a choisi d\u2019allier ses passions pour son projet de recherche: la danse et l\u2019enseignement\",\"breadcrumb\":{\"@id\":\"https:\/\/www.uqac.ca\/uqactualites\/2024\/02\/29\/la-danse-pour-developper-des-habiletes-transferables-aux-etudes-pour-les-eleves-du-secondaire-en-difficulte-dapprentissage\/#breadcrumb\"},\"inLanguage\":\"fr-CA\",\"potentialAction\":[{\"@type\":\"ReadAction\",\"target\":[\"https:\/\/www.uqac.ca\/uqactualites\/2024\/02\/29\/la-danse-pour-developper-des-habiletes-transferables-aux-etudes-pour-les-eleves-du-secondaire-en-difficulte-dapprentissage\/\"]}]},{\"@type\":\"ImageObject\",\"inLanguage\":\"fr-CA\",\"@id\":\"https:\/\/www.uqac.ca\/uqactualites\/2024\/02\/29\/la-danse-pour-developper-des-habiletes-transferables-aux-etudes-pour-les-eleves-du-secondaire-en-difficulte-dapprentissage\/#primaryimage\",\"url\":\"https:\/\/www.uqac.ca\/uqactualites\/wp-content\/uploads\/2024\/02\/mailloux-Anne-sophie-mduhaime-h24-1.jpg\",\"contentUrl\":\"https:\/\/www.uqac.ca\/uqactualites\/wp-content\/uploads\/2024\/02\/mailloux-Anne-sophie-mduhaime-h24-1.jpg\",\"width\":1920,\"height\":1280,\"caption\":\"enseignement\"},{\"@type\":\"BreadcrumbList\",\"@id\":\"https:\/\/www.uqac.ca\/uqactualites\/2024\/02\/29\/la-danse-pour-developper-des-habiletes-transferables-aux-etudes-pour-les-eleves-du-secondaire-en-difficulte-dapprentissage\/#breadcrumb\",\"itemListElement\":[{\"@type\":\"ListItem\",\"position\":1,\"name\":\"Home\",\"item\":\"https:\/\/www.uqac.ca\/uqactualites\/\"},{\"@type\":\"ListItem\",\"position\":2,\"name\":\"La danse pour d\u00e9velopper des habilet\u00e9s transf\u00e9rables aux \u00e9tudes pour les \u00e9l\u00e8ves du secondaire en difficult\u00e9 d\u2019apprentissage\"}]},{\"@type\":\"WebSite\",\"@id\":\"https:\/\/www.uqac.ca\/uqactualites\/#website\",\"url\":\"https:\/\/www.uqac.ca\/uqactualites\/\",\"name\":\"UQACtualit\u00e9s\",\"description\":\"Le portail des nouvelles de l&#039;UQAC\",\"potentialAction\":[{\"@type\":\"SearchAction\",\"target\":{\"@type\":\"EntryPoint\",\"urlTemplate\":\"https:\/\/www.uqac.ca\/uqactualites\/?s={search_term_string}\"},\"query-input\":{\"@type\":\"PropertyValueSpecification\",\"valueRequired\":true,\"valueName\":\"search_term_string\"}}],\"inLanguage\":\"fr-CA\"},{\"@type\":\"Person\",\"@id\":\"https:\/\/www.uqac.ca\/uqactualites\/#\/schema\/person\/366c45a0c4f0e677b41b4af5886e2018\",\"name\":\"Service des communications et des relations publiques\",\"image\":{\"@type\":\"ImageObject\",\"inLanguage\":\"fr-CA\",\"@id\":\"https:\/\/www.uqac.ca\/uqactualites\/#\/schema\/person\/image\/\",\"url\":\"https:\/\/secure.gravatar.com\/avatar\/20fbbda8a292f59f2d3461a5b999c00b?s=96&d=mm&r=g\",\"contentUrl\":\"https:\/\/secure.gravatar.com\/avatar\/20fbbda8a292f59f2d3461a5b999c00b?s=96&d=mm&r=g\",\"caption\":\"Service des communications et des relations publiques\"},\"url\":\"https:\/\/www.uqac.ca\/uqactualites\/author\/bap\/\"}]}<\/script>\r\n<!-- \/ Yoast SEO plugin. -->","yoast_head_json":{"title":"La danse pour d\u00e9velopper des habilet\u00e9s transf\u00e9rables aux \u00e9tudes pour les \u00e9l\u00e8ves du secondaire en difficult\u00e9 d\u2019apprentissage - UQACtualit\u00e9s","description":"\u00c9tudiante \u00e0 la ma\u00eetrise en \u00e9ducation, Anne-Sophie a choisi d\u2019allier ses passions pour son projet de recherche: la danse et l\u2019enseignement","robots":{"index":"index","follow":"follow","max-snippet":"max-snippet:-1","max-image-preview":"max-image-preview:large","max-video-preview":"max-video-preview:-1"},"canonical":"https:\/\/www.uqac.ca\/uqactualites\/2024\/02\/29\/la-danse-pour-developper-des-habiletes-transferables-aux-etudes-pour-les-eleves-du-secondaire-en-difficulte-dapprentissage\/","og_locale":"fr_CA","og_type":"article","og_title":"La danse pour d\u00e9velopper des habilet\u00e9s transf\u00e9rables aux \u00e9tudes pour les \u00e9l\u00e8ves du secondaire en difficult\u00e9 d\u2019apprentissage - UQACtualit\u00e9s","og_description":"\u00c9tudiante \u00e0 la ma\u00eetrise en \u00e9ducation, Anne-Sophie a choisi d\u2019allier ses passions pour son projet de recherche: la danse et l\u2019enseignement","og_url":"https:\/\/www.uqac.ca\/uqactualites\/2024\/02\/29\/la-danse-pour-developper-des-habiletes-transferables-aux-etudes-pour-les-eleves-du-secondaire-en-difficulte-dapprentissage\/","og_site_name":"UQACtualit\u00e9s","article_published_time":"2024-02-29T21:22:25+00:00","article_modified_time":"2025-07-09T17:24:00+00:00","og_image":[{"width":1920,"height":1280,"url":"https:\/\/www.uqac.ca\/uqactualites\/wp-content\/uploads\/2024\/02\/mailloux-Anne-sophie-mduhaime-h24-1.jpg","type":"image\/jpeg"}],"author":"Service des communications et des relations publiques","twitter_card":"summary_large_image","twitter_misc":{"\u00c9crit par":"Service des communications et des relations publiques","Estimation du temps de lecture":"4 minutes"},"schema":{"@context":"https:\/\/schema.org","@graph":[{"@type":"WebPage","@id":"https:\/\/www.uqac.ca\/uqactualites\/2024\/02\/29\/la-danse-pour-developper-des-habiletes-transferables-aux-etudes-pour-les-eleves-du-secondaire-en-difficulte-dapprentissage\/","url":"https:\/\/www.uqac.ca\/uqactualites\/2024\/02\/29\/la-danse-pour-developper-des-habiletes-transferables-aux-etudes-pour-les-eleves-du-secondaire-en-difficulte-dapprentissage\/","name":"La danse pour d\u00e9velopper des habilet\u00e9s transf\u00e9rables aux \u00e9tudes pour les \u00e9l\u00e8ves du secondaire en difficult\u00e9 d\u2019apprentissage - UQACtualit\u00e9s","isPartOf":{"@id":"https:\/\/www.uqac.ca\/uqactualites\/#website"},"primaryImageOfPage":{"@id":"https:\/\/www.uqac.ca\/uqactualites\/2024\/02\/29\/la-danse-pour-developper-des-habiletes-transferables-aux-etudes-pour-les-eleves-du-secondaire-en-difficulte-dapprentissage\/#primaryimage"},"image":{"@id":"https:\/\/www.uqac.ca\/uqactualites\/2024\/02\/29\/la-danse-pour-developper-des-habiletes-transferables-aux-etudes-pour-les-eleves-du-secondaire-en-difficulte-dapprentissage\/#primaryimage"},"thumbnailUrl":"https:\/\/www.uqac.ca\/uqactualites\/wp-content\/uploads\/2024\/02\/mailloux-Anne-sophie-mduhaime-h24-1.jpg","datePublished":"2024-02-29T21:22:25+00:00","dateModified":"2025-07-09T17:24:00+00:00","author":{"@id":"https:\/\/www.uqac.ca\/uqactualites\/#\/schema\/person\/366c45a0c4f0e677b41b4af5886e2018"},"description":"\u00c9tudiante \u00e0 la ma\u00eetrise en \u00e9ducation, Anne-Sophie a choisi d\u2019allier ses passions pour son projet de recherche: la danse et l\u2019enseignement","breadcrumb":{"@id":"https:\/\/www.uqac.ca\/uqactualites\/2024\/02\/29\/la-danse-pour-developper-des-habiletes-transferables-aux-etudes-pour-les-eleves-du-secondaire-en-difficulte-dapprentissage\/#breadcrumb"},"inLanguage":"fr-CA","potentialAction":[{"@type":"ReadAction","target":["https:\/\/www.uqac.ca\/uqactualites\/2024\/02\/29\/la-danse-pour-developper-des-habiletes-transferables-aux-etudes-pour-les-eleves-du-secondaire-en-difficulte-dapprentissage\/"]}]},{"@type":"ImageObject","inLanguage":"fr-CA","@id":"https:\/\/www.uqac.ca\/uqactualites\/2024\/02\/29\/la-danse-pour-developper-des-habiletes-transferables-aux-etudes-pour-les-eleves-du-secondaire-en-difficulte-dapprentissage\/#primaryimage","url":"https:\/\/www.uqac.ca\/uqactualites\/wp-content\/uploads\/2024\/02\/mailloux-Anne-sophie-mduhaime-h24-1.jpg","contentUrl":"https:\/\/www.uqac.ca\/uqactualites\/wp-content\/uploads\/2024\/02\/mailloux-Anne-sophie-mduhaime-h24-1.jpg","width":1920,"height":1280,"caption":"enseignement"},{"@type":"BreadcrumbList","@id":"https:\/\/www.uqac.ca\/uqactualites\/2024\/02\/29\/la-danse-pour-developper-des-habiletes-transferables-aux-etudes-pour-les-eleves-du-secondaire-en-difficulte-dapprentissage\/#breadcrumb","itemListElement":[{"@type":"ListItem","position":1,"name":"Home","item":"https:\/\/www.uqac.ca\/uqactualites\/"},{"@type":"ListItem","position":2,"name":"La danse pour d\u00e9velopper des habilet\u00e9s transf\u00e9rables aux \u00e9tudes pour les \u00e9l\u00e8ves du secondaire en difficult\u00e9 d\u2019apprentissage"}]},{"@type":"WebSite","@id":"https:\/\/www.uqac.ca\/uqactualites\/#website","url":"https:\/\/www.uqac.ca\/uqactualites\/","name":"UQACtualit\u00e9s","description":"Le portail des nouvelles de l&#039;UQAC","potentialAction":[{"@type":"SearchAction","target":{"@type":"EntryPoint","urlTemplate":"https:\/\/www.uqac.ca\/uqactualites\/?s={search_term_string}"},"query-input":{"@type":"PropertyValueSpecification","valueRequired":true,"valueName":"search_term_string"}}],"inLanguage":"fr-CA"},{"@type":"Person","@id":"https:\/\/www.uqac.ca\/uqactualites\/#\/schema\/person\/366c45a0c4f0e677b41b4af5886e2018","name":"Service des communications et des relations publiques","image":{"@type":"ImageObject","inLanguage":"fr-CA","@id":"https:\/\/www.uqac.ca\/uqactualites\/#\/schema\/person\/image\/","url":"https:\/\/secure.gravatar.com\/avatar\/20fbbda8a292f59f2d3461a5b999c00b?s=96&d=mm&r=g","contentUrl":"https:\/\/secure.gravatar.com\/avatar\/20fbbda8a292f59f2d3461a5b999c00b?s=96&d=mm&r=g","caption":"Service des communications et des relations publiques"},"url":"https:\/\/www.uqac.ca\/uqactualites\/author\/bap\/"}]}},"_links":{"self":[{"href":"https:\/\/www.uqac.ca\/uqactualites\/wp-json\/wp\/v2\/posts\/46254"}],"collection":[{"href":"https:\/\/www.uqac.ca\/uqactualites\/wp-json\/wp\/v2\/posts"}],"about":[{"href":"https:\/\/www.uqac.ca\/uqactualites\/wp-json\/wp\/v2\/types\/post"}],"author":[{"embeddable":true,"href":"https:\/\/www.uqac.ca\/uqactualites\/wp-json\/wp\/v2\/users\/5"}],"replies":[{"embeddable":true,"href":"https:\/\/www.uqac.ca\/uqactualites\/wp-json\/wp\/v2\/comments?post=46254"}],"version-history":[{"count":3,"href":"https:\/\/www.uqac.ca\/uqactualites\/wp-json\/wp\/v2\/posts\/46254\/revisions"}],"predecessor-version":[{"id":48108,"href":"https:\/\/www.uqac.ca\/uqactualites\/wp-json\/wp\/v2\/posts\/46254\/revisions\/48108"}],"wp:featuredmedia":[{"embeddable":true,"href":"https:\/\/www.uqac.ca\/uqactualites\/wp-json\/wp\/v2\/media\/46263"}],"wp:attachment":[{"href":"https:\/\/www.uqac.ca\/uqactualites\/wp-json\/wp\/v2\/media?parent=46254"}],"wp:term":[{"taxonomy":"category","embeddable":true,"href":"https:\/\/www.uqac.ca\/uqactualites\/wp-json\/wp\/v2\/categories?post=46254"},{"taxonomy":"post_tag","embeddable":true,"href":"https:\/\/www.uqac.ca\/uqactualites\/wp-json\/wp\/v2\/tags?post=46254"}],"curies":[{"name":"wp","href":"https:\/\/api.w.org\/{rel}","templated":true}]}}