{"id":46303,"date":"2024-03-07T08:00:36","date_gmt":"2024-03-07T13:00:36","guid":{"rendered":"https:\/\/www.uqac.ca\/uqactualites\/?p=46303"},"modified":"2024-07-24T15:24:56","modified_gmt":"2024-07-24T19:24:56","slug":"soulignons-la-journee-internationale-des-droits-des-femmes","status":"publish","type":"post","link":"https:\/\/www.uqac.ca\/uqactualites\/2024\/03\/07\/soulignons-la-journee-internationale-des-droits-des-femmes\/","title":{"rendered":"Soulignons la Journ\u00e9e internationale des droits des femmes"},"content":{"rendered":"<p>Le 8 mars marque la Journ\u00e9e internationale des droits des femmes. Voil\u00e0 l\u2019occasion de souligner le parcours des femmes qui composent notre communaut\u00e9 UQAC.<\/p>\n<p>Afin de mettre en valeur les r\u00e9ussites de ces professeures, charg\u00e9es de cours, chercheuses et \u00e9tudiantes, voici une r\u00e9trospective des actualit\u00e9s qui font \u00e9tat des r\u00e9alisations et de projets importants qu\u2019elles ont accomplis dans la derni\u00e8re ann\u00e9e.<\/p>\n<hr \/>\n<h4><strong>F\u00e9vrier 2024<\/strong><\/h4>\n<p><a href=\"https:\/\/www.uqac.ca\/uqactualites\/la-professeure-anne-martine-parent-accede-a-la-finale-du-prix-des-libraires-du-quebec\/\" target=\"_blank\" rel=\"noopener\"><strong>La professeure Anne Martine Parent acc\u00e8de \u00e0 la finale du Prix des libraires du Qu\u00e9bec<\/strong><\/a><strong><br \/>\n<\/strong>L\u2019horizon par hasard, une \u0153uvre litt\u00e9raire de la po\u00e8te et professeure au D\u00e9partement des arts, des lettres et du langage <a href=\"https:\/\/www.uqac.ca\/portfolio\/annemartineparent\/\" target=\"_blank\" rel=\"noopener\">Anne Martine Parent<\/a> a \u00e9t\u00e9 s\u00e9lectionn\u00e9e pour la finale des Prix des libraires du Qu\u00e9bec 2024 dans la cat\u00e9gorie Po\u00e9sie.<\/p>\n<h4><strong>Janvier 2024<\/strong><\/h4>\n<p><a href=\"https:\/\/www.uqac.ca\/uqactualites\/la-professeure-elise-duchesne-realise-lune-des-plus-importantes-decouvertes-quebecoises-de-lannee-2023\/\" target=\"_blank\" rel=\"noopener\"><strong>La professeure Elise Duchesne r\u00e9alise l\u2019une des plus importantes d\u00e9couvertes qu\u00e9b\u00e9coises de l\u2019ann\u00e9e 2023<\/strong><\/a><strong><br \/>\n<\/strong>La professeure et chercheuse de l\u2019UQAC <a href=\"https:\/\/www.uqac.ca\/portfolio\/eliseduchesne\/\" target=\"_blank\" rel=\"noopener\">Elise Duchesne<\/a> a r\u00e9alis\u00e9, avec son \u00e9quipe de recherche, l\u2019une des 10 d\u00e9couvertes qu\u00e9b\u00e9coises les plus importantes de l\u2019ann\u00e9e 2023 selon le magazine Qu\u00e9bec Science. Leur recherche a permis d\u2019identifier une \u00absignature\u00bb mol\u00e9culaire li\u00e9e aux d\u00e9ficiences musculaires document\u00e9es en DM1.<\/p>\n<p><a href=\"https:\/\/www.uqac.ca\/uqactualites\/la-professeure-marie-fall-nommee-au-comite-dorientation-scientifique-et-strategique-de-la-revue-afrique-contemporaine\/\" target=\"_blank\" rel=\"noopener\"><strong>La professeure Marie Fall nomm\u00e9e au Comit\u00e9 d\u2019orientation scientifique et strat\u00e9gique de la revue Afrique contemporaine<\/strong><\/a><strong><br \/>\n<\/strong><a href=\"https:\/\/www.uqac.ca\/portfolio\/mariefall\/\" target=\"_blank\" rel=\"noopener\">Marie Fall<\/a>, professeure de g\u00e9ographie et de coop\u00e9ration internationale \u00e0 l\u2019UQAC, a \u00e9t\u00e9 nomm\u00e9e \u00e0 titre de membre du Conseil d\u2019orientation strat\u00e9gique et scientifique de la revue\u00a0<em>Afrique contemporaine<\/em>.<\/p>\n<h4><strong>D\u00e9cembre 2023<\/strong><\/h4>\n<p><a href=\"https:\/\/www.uqac.ca\/uqactualites\/un-ouvrage-de-la-professeure-anne-martine-parent-en-nomination-au-prix-des-libraires-du-quebec\/\" target=\"_blank\" rel=\"noopener\"><strong>Un ouvrage de la professeure Anne Martine Parent en nomination au Prix des libraires du Qu\u00e9bec<\/strong><\/a><strong><br \/>\n<\/strong>La professeure <a href=\"https:\/\/www.uqac.ca\/portfolio\/annemartineparent\/\" target=\"_blank\" rel=\"noopener\">Anne Martine Parent<\/a> a \u00e9t\u00e9 s\u00e9lectionn\u00e9e au prestigieux Prix des libraires du Qu\u00e9bec 2024 pour son recueil de po\u00e9sie intitul\u00e9 L\u2019horizon par hasard.<\/p>\n<p><a href=\"https:\/\/www.uqac.ca\/uqactualites\/dominique-biron-renouvelle-son-mandat-a-titre-de-vice-rectrice-aux-affaires-administratives-et-aux-ressources\/\" target=\"_blank\" rel=\"noopener\"><strong>Dominique Biron renouvelle son mandat \u00e0 titre de vice-rectrice aux affaires administratives et aux ressources<\/strong><\/a><br \/>\nSuite \u00e0 la recommandation unanime des membres du comit\u00e9 de s\u00e9lection, Dominique Biron renouvelle son mandat \u00e0 titre de vice-rectrice aux affaires administratives et aux ressources.<\/p>\n<h4><strong>Novembre 2023<\/strong><\/h4>\n<p><a href=\"https:\/\/www.uqac.ca\/uqactualites\/letudiante-en-ingenierie-ghada-gmati-remporte-le-prix-deis-graduate-fellowship-2023\/\" target=\"_blank\" rel=\"noopener\"><strong>L\u2019\u00e9tudiante en ing\u00e9nierie Ghada Gmati remporte le Prix DEIS Graduate Fellowship 2023<\/strong><\/a><strong><br \/>\n<\/strong>Ghada Gmati, \u00e9tudiante au doctorat en ing\u00e9nierie \u00e0 l\u2019UQAC, s\u2019est vu d\u00e9cerner le Prix <em>Graduate Fellowship 2023 <\/em>de la <em>Dielectrics and Electrical Insulation Society<\/em> (DEIS)<\/p>\n<p><a href=\"https:\/\/www.uqac.ca\/uqactualites\/la-professeure-annie-deslauriers-obtient-une-subvention-majeure-pour-comprendre-le-deperissement-de-lepinette-noire\/\" target=\"_blank\" rel=\"noopener\"><strong>La professeure Annie Deslauriers obtient une subvention majeure pour comprendre le d\u00e9p\u00e9rissement de l\u2019\u00e9pinette noire<\/strong><\/a><strong><br \/>\n<\/strong>La professeure au D\u00e9partement des sciences fondamentales, <a href=\"https:\/\/www.uqac.ca\/portfolio\/anniedeslauriers\/\" target=\"_blank\" rel=\"noopener\">Annie Deslauriers<\/a>, obtient une subvention CRSNG-Alliance totalisant 1,9 M$ pour entamer des travaux de recherche sur le d\u00e9p\u00e9rissement des \u00e9pinettes noires en milieu bor\u00e9al dans un contexte d\u2019\u00e9pid\u00e9mie de tordeuse et de changements climatiques.<\/p>\n<p><strong><a href=\"https:\/\/www.uqac.ca\/uqactualites\/un-concours-pour-recompenser-les-innovations-entrepreneuriales-de-femmes-daffaire-du-saguenay\/\" target=\"_blank\" rel=\"noopener\">Un concours pour r\u00e9compenser les innovations entrepreneuriales de femmes d\u2019affaires du Saguenay<\/a><br \/>\n<\/strong>La premi\u00e8re \u00e9dition du concours \u00abInnover au f\u00e9minin\u00bb organis\u00e9e par la Corporation des femmes d\u2019affaires du Saguenay et en partenariat avec l\u2019UQAC a permis de mettre en lumi\u00e8re les talents des entrepreneuses innovantes du Saguenay.<\/p>\n<h4><strong>Octobre 2023<\/strong><\/h4>\n<p><a href=\"https:\/\/www.uqac.ca\/uqactualites\/la-chercheuse-segolene-vandevelde-remporte-le-prix-brepols-de-lunion-academique-internationale\/\" target=\"_blank\" rel=\"noopener\"><strong>La chercheuse S\u00e9gol\u00e8ne Vandevelde re\u00e7oit le Prix Brepols de l\u2019Union acad\u00e9mique internationale<\/strong><\/a><strong><br \/>\n<\/strong>Le 5 octobre dernier, S\u00e9gol\u00e8ne Vandevelde, chercheuse postdoctorante au D\u00e9partement des sciences appliqu\u00e9es et charg\u00e9e de cours au D\u00e9partement des sciences humaines et sociales, s\u2019est vue d\u00e9cerner le prestigieux Prix Brepols pour les jeunes chercheurs, d\u2019une valeur de 6000\u20ac.<\/p>\n<p><a href=\"https:\/\/www.uqac.ca\/uqactualites\/une-chaire-de-recherche-de-niveau-2-en-technologie-durabilite-et-societe-pour-la-professeure-myriam-ertz\/\" target=\"_blank\" rel=\"noopener\"><strong>Une chaire de recherche du Canada en technologie, durabilit\u00e9 et soci\u00e9t\u00e9 pour la professeure Myriam Ertz<\/strong><\/a><strong><br \/>\n<\/strong>La professeure du D\u00e9partement des sciences \u00e9conomiques et administratives <a href=\"https:\/\/www.uqac.ca\/portfolio\/myriamertz\/\" target=\"_blank\" rel=\"noopener\">Myriam Ertz, <\/a>a obtenu une nouvelle Chaire de recherche du Canada (CRC) de niveau 2 en technologie, durabilit\u00e9 et soci\u00e9t\u00e9. Cette CRC vise \u00e0 \u00e9tudier comment les nouvelles technologies contribuent au d\u00e9veloppement durable afin de r\u00e9pondre de mani\u00e8re optimale aux besoins humains.<\/p>\n<p><a href=\"https:\/\/www.uqac.ca\/uqactualites\/la-professeure-kadiata-ba-integre-le-conseil-dadministration-de-linwes\/\" target=\"_blank\" rel=\"noopener\"><strong>La professeure Kadiata Ba int\u00e8gre le conseil d\u2019administration de l\u2019INWES<\/strong><\/a><strong><br \/>\n<\/strong>La professeure au D\u00e9partement des sciences appliqu\u00e9es et directrice par int\u00e9rim du module d\u2019ing\u00e9nierie <a href=\"https:\/\/www.uqac.ca\/portfolio\/kadiataba\/\" target=\"_blank\" rel=\"noopener\">Kadiata Ba<\/a> a \u00e9t\u00e9 \u00e9lue en tant que membre du conseil d\u2019administration du R\u00e9seau international des femmes ing\u00e9nieures et scientifiques (INWES), une organisation mondiale partenaire de l\u2019UNESCO et regroupant plus de 60 pays.<\/p>\n<p><a href=\"https:\/\/www.uqac.ca\/uqactualites\/letudiante-de-luqac-charlotte-gauthier-remporte-le-prix-de-la-meilleure-presentation-orale\/\" target=\"_blank\" rel=\"noopener\"><strong>L\u2019\u00e9tudiante de l\u2019UQAC Charlotte Gauthier remporte le prix de la meilleure pr\u00e9sentation orale<\/strong><\/a><strong><br \/>\n<\/strong>Une d\u00e9l\u00e9gation de la Chaire de recherche sur les esp\u00e8ces aquatiques exploit\u00e9es \u00e9tait pr\u00e9sente au 7e Symposium international sur les otolithes qui a eu lieu du 9 au 13 octobre \u00e0 Vina del Mar au Chili. Charlotte Gauthier, \u00e9tudiante au doctorat en biologie, a remport\u00e9 le prix de la meilleure pr\u00e9sentation \u00e9tudiante lors de cette occasion.<\/p>\n<h4><strong>Septembre 2023<\/strong><\/h4>\n<p><a href=\"https:\/\/www.uqac.ca\/uqactualites\/la-chercheuse-segolene-vandevelde-recoit-un-prix-de-these-de-luispp\/\" target=\"_blank\" rel=\"noopener\"><strong>La chercheuse S\u00e9gol\u00e8ne Vandevelde re\u00e7oit un Prix de th\u00e8se de l\u2019UISPP<\/strong><\/a><strong><br \/>\n<\/strong>Le 8 septembre dernier, la charg\u00e9e de cours et chercheuse au D\u00e9partement des sciences appliqu\u00e9es S\u00e9gol\u00e8ne Vandevelde a re\u00e7u le Prix de th\u00e8se de l\u2019Union internationale des sciences pr\u00e9historiques et protohistoriques (UISPP) lors d\u2019un congr\u00e8s international \u00e0 Timi\u0219oara, en Roumanie.<\/p>\n<p><a href=\"https:\/\/www.uqac.ca\/uqactualites\/prix-du-meilleur-article-scientifique-pour-une-etudiante-au-doctorat-en-ingenierie-de-luqac\/\" target=\"_blank\" rel=\"noopener\"><strong>Prix du meilleur article scientifique pour une \u00e9tudiante au doctorat en ing\u00e9nierie de l\u2019UQAC<\/strong><\/a><strong><br \/>\n<\/strong>Thota Jayasree, \u00e9tudiante au doctorat en ing\u00e9nierie de l\u2019UQAC, a re\u00e7u le prix du meilleur article scientifique dans la comp\u00e9tition de communications \u00e9tudiantes de la <em>IEEE International Conference on Dielectric Liquids<\/em> (ICDL).<\/p>\n<p><a href=\"https:\/\/www.uqac.ca\/uqactualites\/luqac-decerne-les-medailles-du-gouverneur-general-du-canada-3\/\" target=\"_blank\" rel=\"noopener\"><strong>L\u2019UQAC d\u00e9cerne les m\u00e9dailles du Gouverneur g\u00e9n\u00e9ral du Canada<\/strong><\/a><strong><br \/>\n<\/strong>L\u2019Universit\u00e9 du Qu\u00e9bec \u00e0 Chicoutimi a d\u00e9cern\u00e9 les m\u00e9dailles d\u2019argent et d\u2019or du Gouverneur g\u00e9n\u00e9ral du Canada pour l\u2019ann\u00e9e 2022-2023 \u00e0 Sophie Nadeau-Tremblay, \u00e9tudiante au doctorat en \u00e9ducation, et Judith Ross, dipl\u00f4m\u00e9e au baccalaur\u00e9at en administration.<\/p>\n<h4><strong>Ao\u00fbt 2023<\/strong><\/h4>\n<p><a href=\"https:\/\/www.uqac.ca\/uqactualites\/letudiante-denise-alano-recipiendaire-dune-bourse-en-genetique-forestiere\/\" target=\"_blank\" rel=\"noopener\"><strong>L\u2019\u00e9tudiante Denise Alano r\u00e9cipiendaire d\u2019une bourse en g\u00e9n\u00e9tique foresti\u00e8re<\/strong><\/a><strong><br \/>\n<\/strong>L\u2019Association canadienne de g\u00e9n\u00e9tique foresti\u00e8re a octroy\u00e9 la bourse <em>Undergraduate Student Travel Grant<\/em> \u00e0 Denise Alano, \u00e9tudiante au baccalaur\u00e9at en biologie, pour sa participation au congr\u00e8s <em>Forest Genetics 2023: Discovery and innovation in changing climates<\/em>.<\/p>\n<h4><strong>Juillet 2023<\/strong><\/h4>\n<p><a href=\"https:\/\/www.uqac.ca\/uqactualites\/pres-de-100-000-de-subvention-pour-le-projet-de-recherche-participative-de-la-professeure-sylvie-morais\/\" target=\"_blank\" rel=\"noopener\"><strong>Pr\u00e8s de 100 000$ de subvention pour le projet de recherche participative de la professeure Sylvie Morais<\/strong><\/a><strong><br \/>\n<\/strong>La professeure <a href=\"https:\/\/www.uqac.ca\/portfolio\/sylviemorais\/\" target=\"_blank\" rel=\"noopener\">Sylvie Morais<\/a> du D\u00e9partement des arts, des lettres et du langage s\u2019est vu octroyer pr\u00e8s de 100 000$ de subvention pour sa recherche participative intitul\u00e9e <em>L\u2019art et le vivant : des voies \u00e9cosensibles en \u00e9ducation artistique et culturelle<\/em>.<\/p>\n<h4><strong>Juin 2023<\/strong><\/h4>\n<p><a href=\"https:\/\/www.uqac.ca\/uqactualites\/marie-claude-sincennes-remporte-le-prix-decouverte-banting-bourse-jarislowsky\/\" target=\"_blank\" rel=\"noopener\"><strong>Marie-Claude Sincennes remporte le Prix D\u00e9couverte Banting \u2013 bourse Jarislowsky<\/strong><\/a><strong><br \/>\n<\/strong>La chercheuse de l\u2019UMR IRNS-UQAC <a href=\"https:\/\/www.uqac.ca\/uqactualites\/portrait-de-prof-specialiste-en-biologie-moleculaire-marie-claude-sincennes-sajoute-a-lequipe-de-lunite-mixte-de-recherche-inrs-uqac-en-sante-durable\/\" target=\"_blank\" rel=\"noopener\">Marie-Claude Sincennes<\/a> a re\u00e7u le Prix D\u00e9couverte Banting \u2013 bourse Jarislowsky. Cette bourse prestigieuse, destin\u00e9e aux chercheuses et chercheurs en d\u00e9but de carri\u00e8re, lui a \u00e9t\u00e9 remise en reconnaissance de l\u2019impact significatif de ses projets novateurs dans le domaine de la sant\u00e9 et des sciences biom\u00e9dicales.<\/p>\n<p><a href=\"https:\/\/www.uqac.ca\/uqactualites\/suzy-ngomo-est-nommee-doyenne-de-la-recherche-de-la-creation-et-de-linnovation\/\" target=\"_blank\" rel=\"noopener\"><strong>Suzy Ngomo est nomm\u00e9e doyenne de la recherche, de la cr\u00e9ation et de l\u2019innovation<\/strong><\/a><strong><br \/>\n<\/strong>Le Conseil d\u2019administration de l\u2019Universit\u00e9 du Qu\u00e9bec \u00e0 Chicoutimi a nomm\u00e9 Suzy Ngomo \u00e0 titre de doyenne de la recherche, de la cr\u00e9ation et de l\u2019innovation pour un mandat d\u2019une dur\u00e9e de 4 ann\u00e9es.<\/p>\n<p><a href=\"https:\/\/www.uqac.ca\/uqactualites\/la-professeure-eve-pouliot-presente-ses-travaux-de-recherche-a-ottawa\/\" target=\"_blank\" rel=\"noopener\"><strong>La professeure Eve Pouliot pr\u00e9sente ses travaux de recherche \u00e0 Ottawa<\/strong><\/a><br \/>\nPour l\u2019impact de ses travaux sur la sant\u00e9 mentale des jeunes dans des contextes d\u2019adversit\u00e9, la professeure <a href=\"https:\/\/www.uqac.ca\/portfolio\/evepouliot\/\" target=\"_blank\" rel=\"noopener\">Eve Pouliot<\/a> a \u00e9t\u00e9 s\u00e9lectionn\u00e9e par le CRSH pour pr\u00e9senter ses recherches \u00e0 Ottawa, sur la Colline du Parlement.<\/p>\n<p><a href=\"https:\/\/www.uqac.ca\/uqactualites\/letudiante-maria-lucia-loaiza-osorio-obtient-la-bourse-releve-feminine-en-aerospatiale\/\" target=\"_blank\" rel=\"noopener\"><strong>L\u2019\u00e9tudiante Maria Lucia Loaiza Osorio obtient la bourse CRIAQ \u2013 Rel\u00e8ve f\u00e9minine en a\u00e9rospatiale<\/strong><\/a><br \/>\nLe Consortium de recherche et d&rsquo;innovation en a\u00e9rospatiale au Qu\u00e9bec (CRIAQ) a remis une bourse de 7\u00a0500$ \u00e0 l\u2019\u00e9tudiante-chercheuse du Laboratoire International des mat\u00e9riaux antigivre (LIMA) Maria Lucia Loaiza Osorio.\u00a0 Cette initiative a pour objectif de favoriser l\u2019int\u00e9gration et l\u2019essor des femmes dans le domaine la recherche en a\u00e9rospatiale.<\/p>\n<h4><strong>Mai 2023 <\/strong><\/h4>\n<p><a href=\"https:\/\/www.uqac.ca\/uqactualites\/les-astucieuses-23-etudiantes-de-luqac-terminent-leur-parcours\/\" target=\"_blank\" rel=\"noopener\"><strong>Les astucieuses: 23 \u00e9tudiantes de l\u2019UQAC terminent leur parcours<\/strong><\/a><strong><br \/>\n<\/strong>23 \u00e9tudiantes de l\u2019UQAC ont c\u00e9l\u00e9br\u00e9 la fin de leur parcours\u00a0d\u2019\u00abastucieuse\u00bb. Pendant l\u2019\u00e9quivalent d\u2019une ann\u00e9e scolaire, cette formation leur a permis de d\u00e9velopper un projet num\u00e9rique tout en participant \u00e0 des ateliers et des activit\u00e9s sur le leadership, l\u2019esprit entrepreneurial, l\u2019id\u00e9ation et la cr\u00e9ation.<\/p>\n<p><a href=\"https:\/\/www.uqac.ca\/uqactualites\/lequipe-de-recherche-de-la-professeure-catherine-flynn-obtient-plus-de-400-000-de-subvention-pour-une-recherche-sur-la-violence-fondee-sur-le-genre\/\" target=\"_blank\" rel=\"noopener\"><strong>L\u2019\u00e9quipe de la professeure Catherine Flynn obtient plus de 400 000$ de subvention pour une recherche sur la violence fond\u00e9e sur le genre<\/strong><\/a><strong><br \/>\n<\/strong>Dans le cade de l\u2019\u2019initiative de recherche sur la violence fond\u00e9e sur genre du Gouvernement du Canada, un projet de recherche dirig\u00e9 par <a href=\"https:\/\/www.uqac.ca\/portfolio\/catherineflynn\/\" target=\"_blank\" rel=\"noopener\">Catherine Flynn<\/a>, professeure du D\u00e9partement des sciences humaines et sociales, a re\u00e7u un financement de 442 850$ sur quatre ans.<\/p>\n<h4><strong>Avril 2023<\/strong><\/h4>\n<p><a href=\"https:\/\/www.uqac.ca\/uqactualites\/plus-de-300-000-de-subventions-pour-la-professeure-karine-cote\/\" target=\"_blank\" rel=\"noopener\"><strong>Plus de 300 000 $ de subventions pour la professeure Karine C\u00f4t\u00e9<\/strong><\/a><strong><br \/>\n<\/strong><a href=\"https:\/\/www.uqac.ca\/portfolio\/karinecote\/\" target=\"_blank\" rel=\"noopener\">Karine C\u00f4t\u00e9<\/a>, professeure du D\u00e9partement des sciences de la sant\u00e9 et chercheuse au Centre intersectoriel en sant\u00e9 durable (CISD), a obtenu trois subventions d\u2019une valeur totale de plus de 300\u00a0000$ pour diff\u00e9rents projets de recherches \u00e0 propos de l\u2019exploitation sexuelle.<\/p>\n<p><a href=\"https:\/\/www.uqac.ca\/uqactualites\/sergio-rossi-et-annie-deslauriers-figurent-parmi-les-scientifiques-les-plus-influents-au-canada\/\" target=\"_blank\" rel=\"noopener\"><strong>Sergio Rossi et Annie Deslauriers figurent parmi les scientifiques les plus influents au Canada<\/strong><\/a><strong><br \/>\n<\/strong><a href=\"https:\/\/www.uqac.ca\/portfolio\/anniedeslauriers\/\" target=\"_blank\" rel=\"noopener\">Annie Deslauriers<\/a>, professeure au D\u00e9partement des sciences fondamentales, figure au 90e rang des meilleures chercheuses et des meilleurs chercheurs au Canada dans le domaine de la science des plantes et de l\u2019agronomie.<\/p>\n<p><a href=\"https:\/\/www.uqac.ca\/uqactualites\/la-professeure-genevieve-nootens-est-nommee-sur-le-comite-scientifique-de-linstitut-quebecois-pour-la-reforme-du-droit-et-de-la-justice\/\" target=\"_blank\" rel=\"noopener\"><strong>La professeure Genevi\u00e8ve Nootens est nomm\u00e9e sur le comit\u00e9 scientifique de l\u2019Institut qu\u00e9b\u00e9cois pour la r\u00e9forme du droit et de la justice<\/strong><\/a><strong><br \/>\n<\/strong><a href=\"https:\/\/www.uqac.ca\/portfolio\/genevievenootens\/\" target=\"_blank\" rel=\"noopener\">Genevi\u00e8ve Nootens<\/a>, professeure en science politique au D\u00e9partement des sciences humaines et sociales, a rejoint le comit\u00e9 scientifique de l\u2019Institut qu\u00e9b\u00e9cois pour la r\u00e9forme du droit et de la justice (IQRDJ)<\/p>\n<p><a href=\"https:\/\/www.uqac.ca\/uqactualites\/prix-au-stagiaires-en-enseignement-edition-hiver-2023\/\" target=\"_blank\" rel=\"noopener\"><strong>Remise de prix aux stagiaires en enseignement \u2013 \u00c9dition Hiver 2023<\/strong><\/a><strong><br \/>\n<\/strong>La 16e \u00e9dition de la remise de prix aux stagiaires en enseignement a permis de r\u00e9compenser sept \u00e9tudiantes passionn\u00e9es et engag\u00e9es<\/p>\n<h4><strong>Mars 2023<\/strong><\/h4>\n<p><strong><a href=\"https:\/\/www.uqac.ca\/uqactualites\/un-autre-financement-en-maladies-rares-pour-elise-duchesne\/\" target=\"_blank\" rel=\"noopener\">Un autre financement en maladies rares pour Elise Duchesne<\/a><br \/>\n<\/strong>La professeure <a href=\"https:\/\/www.uqac.ca\/portfolio\/eliseduchesne\/\" target=\"_blank\" rel=\"noopener\">Elise Duchesne<\/a>, a obtenu un financement de 50\u00a0000$ en tant que chercheuse principale d\u2019un projet de recherche intitul\u00e9 <em>Therapeutic potentials of strength exercise program on skeletal muscle and mitochondrial function in DM1 patients<\/em>.<\/p>\n<p><strong><a href=\"https:\/\/www.uqac.ca\/uqactualites\/la-professeure-elise-duchesne-est-co-autrice-dune-nouvelle-etude-qui-donne-lieu-a-une-decouverte-scientifique-majeure\/\" target=\"_blank\" rel=\"noopener\">La professeure Elise Duchesne est co-autrice d\u2019une nouvelle \u00e9tude qui donne lieu \u00e0 une d\u00e9couverte scientifique majeure<\/a><br \/>\n<\/strong>L\u2019\u00e9quipe de recherche de la professeure <a href=\"https:\/\/www.uqac.ca\/portfolio\/eliseduchesne\/\" target=\"_blank\" rel=\"noopener\">Elise Duchesne<\/a> identifie un g\u00e8ne impliqu\u00e9 dans la r\u00e9gulation de l\u2019autophagie et dans l\u2019int\u00e9grit\u00e9 des muscles squelettiques qui n\u2019avait jamais \u00e9t\u00e9 d\u00e9couvert auparavant.<\/p>\n<p><strong><a href=\"https:\/\/www.uqac.ca\/uqactualites\/les-professeures-sasseville-et-juneau-font-rayonner-la-cuts-a-linternational\/\" target=\"_blank\" rel=\"noopener\">Les professeures Sasseville et Juneau font rayonner la Clinique universitaire en travail social \u00e0 l\u2019international<\/a><br \/>\n<\/strong>Les professeures\u00a0du D\u00e9partement des sciences humaines et sociales <a href=\"https:\/\/www.uqac.ca\/portfolio\/nathaliesasseville\/\" target=\"_blank\" rel=\"noopener\">Nathalie Sasseville<\/a>\u00a0et\u00a0<a href=\"https:\/\/www.uqac.ca\/portfolio\/sandrajuneau\/\" target=\"_blank\" rel=\"noopener\">Sandra Juneau<\/a>\u00a0ont eu la chance de repr\u00e9senter l\u2019UQAC au Congr\u00e8s annuel inter-universit\u00e9s et \u00e9coles. Les deux professeures ont pu y pr\u00e9senter la d\u00e9marche p\u00e9dagogique exp\u00e9rientielle d\u2019intervention syst\u00e9mique familiale utilis\u00e9e \u00e0 Clinique universitaire de travail social (CUTS).<\/p>\n<p><strong><a href=\"https:\/\/www.uqac.ca\/uqactualites\/letudiante-marie-pier-couture-gagne-le-prix-coup-de-coeur-du-jury-au-concours-delie-ta-langue\/\" target=\"_blank\" rel=\"noopener\">L\u2019\u00e9tudiante Marie-Pier Couture gagne le Prix Coup de coeur du jury au concours D\u00e9lie ta langue!<\/a><br \/>\n<\/strong>Marie-Pier Couture a remport\u00e9 le Prix Coup de c\u0153ur du jury \u00e0 la finale provinciale du concours \u00abD\u00e9lie ta langue!\u00bb pour la formidable prestation qu\u2019elle a livr\u00e9e \u00e0 propos de l\u2019expression \u00abne tenir qu\u2019\u00e0 un fil\u00bb.<\/p>\n<p>&nbsp;<\/p>\n","protected":false},"excerpt":{"rendered":"<p>Le 8 mars marque la Journ\u00e9e internationale des droits des femmes. Voil\u00e0 l\u2019occasion de souligner le parcours des femmes qui composent notre communaut\u00e9 UQAC. Afin de mettre en valeur les r\u00e9ussites de ces professeures, charg\u00e9es de cours, chercheuses et \u00e9tudiantes, voici une r\u00e9trospective des actualit\u00e9s qui font \u00e9tat des r\u00e9alisations et de projets importants qu\u2019elles [&hellip;]<\/p>\n","protected":false},"author":5,"featured_media":46314,"comment_status":"open","ping_status":"open","sticky":false,"template":"","format":"standard","meta":{"footnotes":""},"categories":[2795,2],"tags":[39,20,21,5,8,3,22,23,2839],"yoast_head":"<!-- This site is optimized with the Yoast SEO plugin v24.2 - https:\/\/yoast.com\/wordpress\/plugins\/seo\/ -->\r\n<title>Soulignons la Journ\u00e9e internationale des droits des femmes - UQACtualit\u00e9s<\/title>\r\n<meta name=\"description\" content=\"Afin de c\u00e9l\u00e9brer la Journ\u00e9e Internationale des droits des femmes soulignons le parcours des femmes qui composent notre communaut\u00e9 UQAC\" \/>\r\n<meta name=\"robots\" content=\"index, follow, max-snippet:-1, max-image-preview:large, max-video-preview:-1\" \/>\r\n<link rel=\"canonical\" href=\"https:\/\/www.uqac.ca\/uqactualites\/2024\/03\/07\/soulignons-la-journee-internationale-des-droits-des-femmes\/\" \/>\r\n<meta property=\"og:locale\" content=\"fr_CA\" \/>\r\n<meta property=\"og:type\" content=\"article\" \/>\r\n<meta property=\"og:title\" content=\"Soulignons la Journ\u00e9e internationale des droits des femmes - UQACtualit\u00e9s\" \/>\r\n<meta property=\"og:description\" content=\"Afin de c\u00e9l\u00e9brer la Journ\u00e9e Internationale des droits des femmes soulignons le parcours des femmes qui composent notre communaut\u00e9 UQAC\" \/>\r\n<meta property=\"og:url\" content=\"https:\/\/www.uqac.ca\/uqactualites\/2024\/03\/07\/soulignons-la-journee-internationale-des-droits-des-femmes\/\" \/>\r\n<meta property=\"og:site_name\" content=\"UQACtualit\u00e9s\" \/>\r\n<meta property=\"article:published_time\" content=\"2024-03-07T13:00:36+00:00\" \/>\r\n<meta property=\"article:modified_time\" content=\"2024-07-24T19:24:56+00:00\" \/>\r\n<meta property=\"og:image\" content=\"https:\/\/www.uqac.ca\/uqactualites\/wp-content\/uploads\/2024\/03\/NUM_JDFH24_Uqctualite1920X1080.jpg\" \/>\r\n\t<meta property=\"og:image:width\" content=\"1920\" \/>\r\n\t<meta property=\"og:image:height\" content=\"1080\" \/>\r\n\t<meta property=\"og:image:type\" content=\"image\/jpeg\" \/>\r\n<meta name=\"author\" content=\"Service des communications et des relations publiques\" \/>\r\n<meta name=\"twitter:card\" content=\"summary_large_image\" \/>\r\n<meta name=\"twitter:label1\" content=\"\u00c9crit par\" \/>\n\t<meta name=\"twitter:data1\" content=\"Service des communications et des relations publiques\" \/>\n\t<meta name=\"twitter:label2\" content=\"Estimation du temps de lecture\" \/>\n\t<meta name=\"twitter:data2\" content=\"9 minutes\" \/>\r\n<script type=\"application\/ld+json\" class=\"yoast-schema-graph\">{\"@context\":\"https:\/\/schema.org\",\"@graph\":[{\"@type\":\"WebPage\",\"@id\":\"https:\/\/www.uqac.ca\/uqactualites\/2024\/03\/07\/soulignons-la-journee-internationale-des-droits-des-femmes\/\",\"url\":\"https:\/\/www.uqac.ca\/uqactualites\/2024\/03\/07\/soulignons-la-journee-internationale-des-droits-des-femmes\/\",\"name\":\"Soulignons la Journ\u00e9e internationale des droits des femmes - UQACtualit\u00e9s\",\"isPartOf\":{\"@id\":\"https:\/\/www.uqac.ca\/uqactualites\/#website\"},\"primaryImageOfPage\":{\"@id\":\"https:\/\/www.uqac.ca\/uqactualites\/2024\/03\/07\/soulignons-la-journee-internationale-des-droits-des-femmes\/#primaryimage\"},\"image\":{\"@id\":\"https:\/\/www.uqac.ca\/uqactualites\/2024\/03\/07\/soulignons-la-journee-internationale-des-droits-des-femmes\/#primaryimage\"},\"thumbnailUrl\":\"https:\/\/www.uqac.ca\/uqactualites\/wp-content\/uploads\/2024\/03\/NUM_JDFH24_Uqctualite1920X1080.jpg\",\"datePublished\":\"2024-03-07T13:00:36+00:00\",\"dateModified\":\"2024-07-24T19:24:56+00:00\",\"author\":{\"@id\":\"https:\/\/www.uqac.ca\/uqactualites\/#\/schema\/person\/366c45a0c4f0e677b41b4af5886e2018\"},\"description\":\"Afin de c\u00e9l\u00e9brer la Journ\u00e9e Internationale des droits des femmes soulignons le parcours des femmes qui composent notre communaut\u00e9 UQAC\",\"breadcrumb\":{\"@id\":\"https:\/\/www.uqac.ca\/uqactualites\/2024\/03\/07\/soulignons-la-journee-internationale-des-droits-des-femmes\/#breadcrumb\"},\"inLanguage\":\"fr-CA\",\"potentialAction\":[{\"@type\":\"ReadAction\",\"target\":[\"https:\/\/www.uqac.ca\/uqactualites\/2024\/03\/07\/soulignons-la-journee-internationale-des-droits-des-femmes\/\"]}]},{\"@type\":\"ImageObject\",\"inLanguage\":\"fr-CA\",\"@id\":\"https:\/\/www.uqac.ca\/uqactualites\/2024\/03\/07\/soulignons-la-journee-internationale-des-droits-des-femmes\/#primaryimage\",\"url\":\"https:\/\/www.uqac.ca\/uqactualites\/wp-content\/uploads\/2024\/03\/NUM_JDFH24_Uqctualite1920X1080.jpg\",\"contentUrl\":\"https:\/\/www.uqac.ca\/uqactualites\/wp-content\/uploads\/2024\/03\/NUM_JDFH24_Uqctualite1920X1080.jpg\",\"width\":1920,\"height\":1080,\"caption\":\"Journ\u00e9e Internationale des droits des femmes\"},{\"@type\":\"BreadcrumbList\",\"@id\":\"https:\/\/www.uqac.ca\/uqactualites\/2024\/03\/07\/soulignons-la-journee-internationale-des-droits-des-femmes\/#breadcrumb\",\"itemListElement\":[{\"@type\":\"ListItem\",\"position\":1,\"name\":\"Home\",\"item\":\"https:\/\/www.uqac.ca\/uqactualites\/\"},{\"@type\":\"ListItem\",\"position\":2,\"name\":\"Soulignons la Journ\u00e9e internationale des droits des femmes\"}]},{\"@type\":\"WebSite\",\"@id\":\"https:\/\/www.uqac.ca\/uqactualites\/#website\",\"url\":\"https:\/\/www.uqac.ca\/uqactualites\/\",\"name\":\"UQACtualit\u00e9s\",\"description\":\"Le portail des nouvelles de l&#039;UQAC\",\"potentialAction\":[{\"@type\":\"SearchAction\",\"target\":{\"@type\":\"EntryPoint\",\"urlTemplate\":\"https:\/\/www.uqac.ca\/uqactualites\/?s={search_term_string}\"},\"query-input\":{\"@type\":\"PropertyValueSpecification\",\"valueRequired\":true,\"valueName\":\"search_term_string\"}}],\"inLanguage\":\"fr-CA\"},{\"@type\":\"Person\",\"@id\":\"https:\/\/www.uqac.ca\/uqactualites\/#\/schema\/person\/366c45a0c4f0e677b41b4af5886e2018\",\"name\":\"Service des communications et des relations publiques\",\"image\":{\"@type\":\"ImageObject\",\"inLanguage\":\"fr-CA\",\"@id\":\"https:\/\/www.uqac.ca\/uqactualites\/#\/schema\/person\/image\/\",\"url\":\"https:\/\/secure.gravatar.com\/avatar\/20fbbda8a292f59f2d3461a5b999c00b?s=96&d=mm&r=g\",\"contentUrl\":\"https:\/\/secure.gravatar.com\/avatar\/20fbbda8a292f59f2d3461a5b999c00b?s=96&d=mm&r=g\",\"caption\":\"Service des communications et des relations publiques\"},\"url\":\"https:\/\/www.uqac.ca\/uqactualites\/author\/bap\/\"}]}<\/script>\r\n<!-- \/ Yoast SEO plugin. -->","yoast_head_json":{"title":"Soulignons la Journ\u00e9e internationale des droits des femmes - UQACtualit\u00e9s","description":"Afin de c\u00e9l\u00e9brer la Journ\u00e9e Internationale des droits des femmes soulignons le parcours des femmes qui composent notre communaut\u00e9 UQAC","robots":{"index":"index","follow":"follow","max-snippet":"max-snippet:-1","max-image-preview":"max-image-preview:large","max-video-preview":"max-video-preview:-1"},"canonical":"https:\/\/www.uqac.ca\/uqactualites\/2024\/03\/07\/soulignons-la-journee-internationale-des-droits-des-femmes\/","og_locale":"fr_CA","og_type":"article","og_title":"Soulignons la Journ\u00e9e internationale des droits des femmes - UQACtualit\u00e9s","og_description":"Afin de c\u00e9l\u00e9brer la Journ\u00e9e Internationale des droits des femmes soulignons le parcours des femmes qui composent notre communaut\u00e9 UQAC","og_url":"https:\/\/www.uqac.ca\/uqactualites\/2024\/03\/07\/soulignons-la-journee-internationale-des-droits-des-femmes\/","og_site_name":"UQACtualit\u00e9s","article_published_time":"2024-03-07T13:00:36+00:00","article_modified_time":"2024-07-24T19:24:56+00:00","og_image":[{"width":1920,"height":1080,"url":"https:\/\/www.uqac.ca\/uqactualites\/wp-content\/uploads\/2024\/03\/NUM_JDFH24_Uqctualite1920X1080.jpg","type":"image\/jpeg"}],"author":"Service des communications et des relations publiques","twitter_card":"summary_large_image","twitter_misc":{"\u00c9crit par":"Service des communications et des relations publiques","Estimation du temps de lecture":"9 minutes"},"schema":{"@context":"https:\/\/schema.org","@graph":[{"@type":"WebPage","@id":"https:\/\/www.uqac.ca\/uqactualites\/2024\/03\/07\/soulignons-la-journee-internationale-des-droits-des-femmes\/","url":"https:\/\/www.uqac.ca\/uqactualites\/2024\/03\/07\/soulignons-la-journee-internationale-des-droits-des-femmes\/","name":"Soulignons la Journ\u00e9e internationale des droits des femmes - UQACtualit\u00e9s","isPartOf":{"@id":"https:\/\/www.uqac.ca\/uqactualites\/#website"},"primaryImageOfPage":{"@id":"https:\/\/www.uqac.ca\/uqactualites\/2024\/03\/07\/soulignons-la-journee-internationale-des-droits-des-femmes\/#primaryimage"},"image":{"@id":"https:\/\/www.uqac.ca\/uqactualites\/2024\/03\/07\/soulignons-la-journee-internationale-des-droits-des-femmes\/#primaryimage"},"thumbnailUrl":"https:\/\/www.uqac.ca\/uqactualites\/wp-content\/uploads\/2024\/03\/NUM_JDFH24_Uqctualite1920X1080.jpg","datePublished":"2024-03-07T13:00:36+00:00","dateModified":"2024-07-24T19:24:56+00:00","author":{"@id":"https:\/\/www.uqac.ca\/uqactualites\/#\/schema\/person\/366c45a0c4f0e677b41b4af5886e2018"},"description":"Afin de c\u00e9l\u00e9brer la Journ\u00e9e Internationale des droits des femmes soulignons le parcours des femmes qui composent notre communaut\u00e9 UQAC","breadcrumb":{"@id":"https:\/\/www.uqac.ca\/uqactualites\/2024\/03\/07\/soulignons-la-journee-internationale-des-droits-des-femmes\/#breadcrumb"},"inLanguage":"fr-CA","potentialAction":[{"@type":"ReadAction","target":["https:\/\/www.uqac.ca\/uqactualites\/2024\/03\/07\/soulignons-la-journee-internationale-des-droits-des-femmes\/"]}]},{"@type":"ImageObject","inLanguage":"fr-CA","@id":"https:\/\/www.uqac.ca\/uqactualites\/2024\/03\/07\/soulignons-la-journee-internationale-des-droits-des-femmes\/#primaryimage","url":"https:\/\/www.uqac.ca\/uqactualites\/wp-content\/uploads\/2024\/03\/NUM_JDFH24_Uqctualite1920X1080.jpg","contentUrl":"https:\/\/www.uqac.ca\/uqactualites\/wp-content\/uploads\/2024\/03\/NUM_JDFH24_Uqctualite1920X1080.jpg","width":1920,"height":1080,"caption":"Journ\u00e9e Internationale des droits des femmes"},{"@type":"BreadcrumbList","@id":"https:\/\/www.uqac.ca\/uqactualites\/2024\/03\/07\/soulignons-la-journee-internationale-des-droits-des-femmes\/#breadcrumb","itemListElement":[{"@type":"ListItem","position":1,"name":"Home","item":"https:\/\/www.uqac.ca\/uqactualites\/"},{"@type":"ListItem","position":2,"name":"Soulignons la Journ\u00e9e internationale des droits des femmes"}]},{"@type":"WebSite","@id":"https:\/\/www.uqac.ca\/uqactualites\/#website","url":"https:\/\/www.uqac.ca\/uqactualites\/","name":"UQACtualit\u00e9s","description":"Le portail des nouvelles de l&#039;UQAC","potentialAction":[{"@type":"SearchAction","target":{"@type":"EntryPoint","urlTemplate":"https:\/\/www.uqac.ca\/uqactualites\/?s={search_term_string}"},"query-input":{"@type":"PropertyValueSpecification","valueRequired":true,"valueName":"search_term_string"}}],"inLanguage":"fr-CA"},{"@type":"Person","@id":"https:\/\/www.uqac.ca\/uqactualites\/#\/schema\/person\/366c45a0c4f0e677b41b4af5886e2018","name":"Service des communications et des relations publiques","image":{"@type":"ImageObject","inLanguage":"fr-CA","@id":"https:\/\/www.uqac.ca\/uqactualites\/#\/schema\/person\/image\/","url":"https:\/\/secure.gravatar.com\/avatar\/20fbbda8a292f59f2d3461a5b999c00b?s=96&d=mm&r=g","contentUrl":"https:\/\/secure.gravatar.com\/avatar\/20fbbda8a292f59f2d3461a5b999c00b?s=96&d=mm&r=g","caption":"Service des communications et des relations publiques"},"url":"https:\/\/www.uqac.ca\/uqactualites\/author\/bap\/"}]}},"_links":{"self":[{"href":"https:\/\/www.uqac.ca\/uqactualites\/wp-json\/wp\/v2\/posts\/46303"}],"collection":[{"href":"https:\/\/www.uqac.ca\/uqactualites\/wp-json\/wp\/v2\/posts"}],"about":[{"href":"https:\/\/www.uqac.ca\/uqactualites\/wp-json\/wp\/v2\/types\/post"}],"author":[{"embeddable":true,"href":"https:\/\/www.uqac.ca\/uqactualites\/wp-json\/wp\/v2\/users\/5"}],"replies":[{"embeddable":true,"href":"https:\/\/www.uqac.ca\/uqactualites\/wp-json\/wp\/v2\/comments?post=46303"}],"version-history":[{"count":19,"href":"https:\/\/www.uqac.ca\/uqactualites\/wp-json\/wp\/v2\/posts\/46303\/revisions"}],"predecessor-version":[{"id":48104,"href":"https:\/\/www.uqac.ca\/uqactualites\/wp-json\/wp\/v2\/posts\/46303\/revisions\/48104"}],"wp:featuredmedia":[{"embeddable":true,"href":"https:\/\/www.uqac.ca\/uqactualites\/wp-json\/wp\/v2\/media\/46314"}],"wp:attachment":[{"href":"https:\/\/www.uqac.ca\/uqactualites\/wp-json\/wp\/v2\/media?parent=46303"}],"wp:term":[{"taxonomy":"category","embeddable":true,"href":"https:\/\/www.uqac.ca\/uqactualites\/wp-json\/wp\/v2\/categories?post=46303"},{"taxonomy":"post_tag","embeddable":true,"href":"https:\/\/www.uqac.ca\/uqactualites\/wp-json\/wp\/v2\/tags?post=46303"}],"curies":[{"name":"wp","href":"https:\/\/api.w.org\/{rel}","templated":true}]}}