{"id":46381,"date":"2024-03-14T15:02:28","date_gmt":"2024-03-14T19:02:28","guid":{"rendered":"https:\/\/www.uqac.ca\/uqactualites\/?p=46381"},"modified":"2024-05-24T08:41:34","modified_gmt":"2024-05-24T12:41:34","slug":"la-sante-et-la-securite-au-travail-beaucoup-plus-que-la-gestion-des-accidents","status":"publish","type":"post","link":"https:\/\/www.uqac.ca\/uqactualites\/2024\/03\/14\/la-sante-et-la-securite-au-travail-beaucoup-plus-que-la-gestion-des-accidents\/","title":{"rendered":"La sant\u00e9 et la s\u00e9curit\u00e9 au travail, beaucoup plus que la gestion des accidents"},"content":{"rendered":"<p>Lorsqu\u2019on pense \u00e0 sant\u00e9 et s\u00e9curit\u00e9 au travail, on a tout de suite en t\u00eate un grave accident de travail qui aurait pu \u00eatre \u00e9vit\u00e9. Cependant, ce domaine est si vaste qu\u2019il couvre non seulement l\u2019int\u00e9grit\u00e9 physique des employ\u00e9s d\u2019une entreprise, mais aussi leur bien-\u00eatre au travail. \u00a0C\u2019est du moins ce qu&rsquo;affirme Nathalie Godin, dipl\u00f4m\u00e9e du <a href=\"https:\/\/www.uqac.ca\/programme\/4253-certificat-en-sante-et-securite-au-travail\/\">certificat en sant\u00e9 et s\u00e9curit\u00e9 au travail<\/a>.<\/p>\n<p>Mme Godin, a entam\u00e9 cette formation en 2019, alors qu\u2019elle \u00e9tait d\u00e9j\u00e0 pr\u00e9ventionniste au sein de la fonction publique qu\u00e9b\u00e9coise. Souhaitant parfaire ses connaissances et parce que le programme permet de conjuguer travail-famille-\u00e9tudes, elle a d\u00e9cid\u00e9 de faire le saut et a obtenu son dipl\u00f4me l\u2019automne dernier.<\/p>\n<p><em>\u00ab\u00a0<\/em><em>J\u2019ai vraiment un int\u00e9r\u00eat particulier pour l\u2019ergonomie. Cela me donne le sentiment de contribuer \u00e0 am\u00e9liorer l\u2019environnement de travail des gens. J\u2019ai l\u2019impression de les aider \u00e0 se sentir bien dans l\u2019accomplissement de leurs t\u00e2ches quotidiennes et ainsi, contribuer \u00e0 leur bien-\u00eatre. De plus, l\u2019ergonomie des espaces de travail est un facteur important dans la vie de tous les jours afin d\u2019\u00e9viter le d\u00e9veloppement de troubles musculosquelettiques.\u00a0\u00bb, <\/em>r\u00e9v\u00e8le Nathalie, lorsqu\u2019on lui demande ce qu\u2019elle pr\u00e9f\u00e8re dans ce domaine.<\/p>\n<p>Mme Godin a particuli\u00e8rement appr\u00e9ci\u00e9 la formule propos\u00e9e dans ce programme puisque les cours sont offerts par cohorte, c\u2019est-\u00e0-dire que les m\u00eames personnes \u00e9tudiantes se retrouvent d\u2019un trimestre \u00e0 l\u2019autre, ce qui favorise les \u00e9changes. De m\u00eame, deux cours sont offerts au trimestre d\u2019automne et d\u2019hiver et ce enti\u00e8rement en ligne et de soir, toujours dans l\u2019optique d\u2019\u00eatre en ad\u00e9quation avec la r\u00e9alit\u00e9 des personnes sur le march\u00e9 du travail.<\/p>\n<h6>Si comme Nathalie, vous souhaitez approfondir vos connaissances en mati\u00e8re de sant\u00e9 et s\u00e9curit\u00e9 au travail, une prochaine cohorte d\u00e9marre d\u00e8s mai prochain. Les cours du trimestre d\u2019\u00e9t\u00e9 sont condens\u00e9s \u00e0 raison de deux cours par semaine et se terminent \u00e0 la fin du mois de juin.<\/h6>\n","protected":false},"excerpt":{"rendered":"<p>Lorsqu\u2019on pense \u00e0 sant\u00e9 et s\u00e9curit\u00e9 au travail, on a tout de suite en t\u00eate un grave accident de travail qui aurait pu \u00eatre \u00e9vit\u00e9. Cependant, ce domaine est si vaste qu\u2019il couvre non seulement l\u2019int\u00e9grit\u00e9 physique des employ\u00e9s d\u2019une entreprise, mais aussi leur bien-\u00eatre au travail. \u00a0C\u2019est du moins ce qu&rsquo;affirme Nathalie Godin, dipl\u00f4m\u00e9e [&hellip;]<\/p>\n","protected":false},"author":5,"featured_media":46383,"comment_status":"open","ping_status":"open","sticky":false,"template":"","format":"standard","meta":{"footnotes":""},"categories":[2847,248],"tags":[465,8,2843],"yoast_head":"<!-- This site is optimized with the Yoast SEO plugin v24.2 - https:\/\/yoast.com\/wordpress\/plugins\/seo\/ -->\r\n<title>La sant\u00e9 et la s\u00e9curit\u00e9 au travail, beaucoup plus que la gestion des accidents - UQACtualit\u00e9s<\/title>\r\n<meta name=\"description\" content=\"T\u00e9moignage de Nathalie Godin, dipl\u00f4m\u00e9e du certificat en sant\u00e9 et s\u00e9curit\u00e9 au travail, de l&#039;Universit\u00e9 du Qu\u00e9bec \u00e0 Chicoutimi.\" \/>\r\n<meta name=\"robots\" content=\"index, follow, max-snippet:-1, max-image-preview:large, max-video-preview:-1\" \/>\r\n<link rel=\"canonical\" href=\"https:\/\/www.uqac.ca\/uqactualites\/2024\/03\/14\/la-sante-et-la-securite-au-travail-beaucoup-plus-que-la-gestion-des-accidents\/\" \/>\r\n<meta property=\"og:locale\" content=\"fr_CA\" \/>\r\n<meta property=\"og:type\" content=\"article\" \/>\r\n<meta property=\"og:title\" content=\"La sant\u00e9 et la s\u00e9curit\u00e9 au travail, beaucoup plus que la gestion des accidents - UQACtualit\u00e9s\" \/>\r\n<meta property=\"og:description\" content=\"T\u00e9moignage de Nathalie Godin, dipl\u00f4m\u00e9e du certificat en sant\u00e9 et s\u00e9curit\u00e9 au travail, de l&#039;Universit\u00e9 du Qu\u00e9bec \u00e0 Chicoutimi.\" \/>\r\n<meta property=\"og:url\" content=\"https:\/\/www.uqac.ca\/uqactualites\/2024\/03\/14\/la-sante-et-la-securite-au-travail-beaucoup-plus-que-la-gestion-des-accidents\/\" \/>\r\n<meta property=\"og:site_name\" content=\"UQACtualit\u00e9s\" \/>\r\n<meta property=\"article:published_time\" content=\"2024-03-14T19:02:28+00:00\" \/>\r\n<meta property=\"article:modified_time\" content=\"2024-05-24T12:41:34+00:00\" \/>\r\n<meta property=\"og:image\" content=\"https:\/\/www.uqac.ca\/uqactualites\/wp-content\/uploads\/2024\/03\/sst.jpg\" \/>\r\n\t<meta property=\"og:image:width\" content=\"1920\" \/>\r\n\t<meta property=\"og:image:height\" content=\"1280\" \/>\r\n\t<meta property=\"og:image:type\" content=\"image\/jpeg\" \/>\r\n<meta name=\"author\" content=\"Service des communications et des relations publiques\" \/>\r\n<meta name=\"twitter:card\" content=\"summary_large_image\" \/>\r\n<meta name=\"twitter:label1\" content=\"\u00c9crit par\" \/>\n\t<meta name=\"twitter:data1\" content=\"Service des communications et des relations publiques\" \/>\n\t<meta name=\"twitter:label2\" content=\"Estimation du temps de lecture\" \/>\n\t<meta name=\"twitter:data2\" content=\"2 minutes\" \/>\r\n<script type=\"application\/ld+json\" class=\"yoast-schema-graph\">{\"@context\":\"https:\/\/schema.org\",\"@graph\":[{\"@type\":\"WebPage\",\"@id\":\"https:\/\/www.uqac.ca\/uqactualites\/2024\/03\/14\/la-sante-et-la-securite-au-travail-beaucoup-plus-que-la-gestion-des-accidents\/\",\"url\":\"https:\/\/www.uqac.ca\/uqactualites\/2024\/03\/14\/la-sante-et-la-securite-au-travail-beaucoup-plus-que-la-gestion-des-accidents\/\",\"name\":\"La sant\u00e9 et la s\u00e9curit\u00e9 au travail, beaucoup plus que la gestion des accidents - UQACtualit\u00e9s\",\"isPartOf\":{\"@id\":\"https:\/\/www.uqac.ca\/uqactualites\/#website\"},\"primaryImageOfPage\":{\"@id\":\"https:\/\/www.uqac.ca\/uqactualites\/2024\/03\/14\/la-sante-et-la-securite-au-travail-beaucoup-plus-que-la-gestion-des-accidents\/#primaryimage\"},\"image\":{\"@id\":\"https:\/\/www.uqac.ca\/uqactualites\/2024\/03\/14\/la-sante-et-la-securite-au-travail-beaucoup-plus-que-la-gestion-des-accidents\/#primaryimage\"},\"thumbnailUrl\":\"https:\/\/www.uqac.ca\/uqactualites\/wp-content\/uploads\/2024\/03\/sst.jpg\",\"datePublished\":\"2024-03-14T19:02:28+00:00\",\"dateModified\":\"2024-05-24T12:41:34+00:00\",\"author\":{\"@id\":\"https:\/\/www.uqac.ca\/uqactualites\/#\/schema\/person\/366c45a0c4f0e677b41b4af5886e2018\"},\"description\":\"T\u00e9moignage de Nathalie Godin, dipl\u00f4m\u00e9e du certificat en sant\u00e9 et s\u00e9curit\u00e9 au travail, de l'Universit\u00e9 du Qu\u00e9bec \u00e0 Chicoutimi.\",\"breadcrumb\":{\"@id\":\"https:\/\/www.uqac.ca\/uqactualites\/2024\/03\/14\/la-sante-et-la-securite-au-travail-beaucoup-plus-que-la-gestion-des-accidents\/#breadcrumb\"},\"inLanguage\":\"fr-CA\",\"potentialAction\":[{\"@type\":\"ReadAction\",\"target\":[\"https:\/\/www.uqac.ca\/uqactualites\/2024\/03\/14\/la-sante-et-la-securite-au-travail-beaucoup-plus-que-la-gestion-des-accidents\/\"]}]},{\"@type\":\"ImageObject\",\"inLanguage\":\"fr-CA\",\"@id\":\"https:\/\/www.uqac.ca\/uqactualites\/2024\/03\/14\/la-sante-et-la-securite-au-travail-beaucoup-plus-que-la-gestion-des-accidents\/#primaryimage\",\"url\":\"https:\/\/www.uqac.ca\/uqactualites\/wp-content\/uploads\/2024\/03\/sst.jpg\",\"contentUrl\":\"https:\/\/www.uqac.ca\/uqactualites\/wp-content\/uploads\/2024\/03\/sst.jpg\",\"width\":1920,\"height\":1280},{\"@type\":\"BreadcrumbList\",\"@id\":\"https:\/\/www.uqac.ca\/uqactualites\/2024\/03\/14\/la-sante-et-la-securite-au-travail-beaucoup-plus-que-la-gestion-des-accidents\/#breadcrumb\",\"itemListElement\":[{\"@type\":\"ListItem\",\"position\":1,\"name\":\"Home\",\"item\":\"https:\/\/www.uqac.ca\/uqactualites\/\"},{\"@type\":\"ListItem\",\"position\":2,\"name\":\"La sant\u00e9 et la s\u00e9curit\u00e9 au travail, beaucoup plus que la gestion des accidents\"}]},{\"@type\":\"WebSite\",\"@id\":\"https:\/\/www.uqac.ca\/uqactualites\/#website\",\"url\":\"https:\/\/www.uqac.ca\/uqactualites\/\",\"name\":\"UQACtualit\u00e9s\",\"description\":\"Le portail des nouvelles de l&#039;UQAC\",\"potentialAction\":[{\"@type\":\"SearchAction\",\"target\":{\"@type\":\"EntryPoint\",\"urlTemplate\":\"https:\/\/www.uqac.ca\/uqactualites\/?s={search_term_string}\"},\"query-input\":{\"@type\":\"PropertyValueSpecification\",\"valueRequired\":true,\"valueName\":\"search_term_string\"}}],\"inLanguage\":\"fr-CA\"},{\"@type\":\"Person\",\"@id\":\"https:\/\/www.uqac.ca\/uqactualites\/#\/schema\/person\/366c45a0c4f0e677b41b4af5886e2018\",\"name\":\"Service des communications et des relations publiques\",\"image\":{\"@type\":\"ImageObject\",\"inLanguage\":\"fr-CA\",\"@id\":\"https:\/\/www.uqac.ca\/uqactualites\/#\/schema\/person\/image\/\",\"url\":\"https:\/\/secure.gravatar.com\/avatar\/20fbbda8a292f59f2d3461a5b999c00b?s=96&d=mm&r=g\",\"contentUrl\":\"https:\/\/secure.gravatar.com\/avatar\/20fbbda8a292f59f2d3461a5b999c00b?s=96&d=mm&r=g\",\"caption\":\"Service des communications et des relations publiques\"},\"url\":\"https:\/\/www.uqac.ca\/uqactualites\/author\/bap\/\"}]}<\/script>\r\n<!-- \/ Yoast SEO plugin. -->","yoast_head_json":{"title":"La sant\u00e9 et la s\u00e9curit\u00e9 au travail, beaucoup plus que la gestion des accidents - UQACtualit\u00e9s","description":"T\u00e9moignage de Nathalie Godin, dipl\u00f4m\u00e9e du certificat en sant\u00e9 et s\u00e9curit\u00e9 au travail, de l'Universit\u00e9 du Qu\u00e9bec \u00e0 Chicoutimi.","robots":{"index":"index","follow":"follow","max-snippet":"max-snippet:-1","max-image-preview":"max-image-preview:large","max-video-preview":"max-video-preview:-1"},"canonical":"https:\/\/www.uqac.ca\/uqactualites\/2024\/03\/14\/la-sante-et-la-securite-au-travail-beaucoup-plus-que-la-gestion-des-accidents\/","og_locale":"fr_CA","og_type":"article","og_title":"La sant\u00e9 et la s\u00e9curit\u00e9 au travail, beaucoup plus que la gestion des accidents - UQACtualit\u00e9s","og_description":"T\u00e9moignage de Nathalie Godin, dipl\u00f4m\u00e9e du certificat en sant\u00e9 et s\u00e9curit\u00e9 au travail, de l'Universit\u00e9 du Qu\u00e9bec \u00e0 Chicoutimi.","og_url":"https:\/\/www.uqac.ca\/uqactualites\/2024\/03\/14\/la-sante-et-la-securite-au-travail-beaucoup-plus-que-la-gestion-des-accidents\/","og_site_name":"UQACtualit\u00e9s","article_published_time":"2024-03-14T19:02:28+00:00","article_modified_time":"2024-05-24T12:41:34+00:00","og_image":[{"width":1920,"height":1280,"url":"https:\/\/www.uqac.ca\/uqactualites\/wp-content\/uploads\/2024\/03\/sst.jpg","type":"image\/jpeg"}],"author":"Service des communications et des relations publiques","twitter_card":"summary_large_image","twitter_misc":{"\u00c9crit par":"Service des communications et des relations publiques","Estimation du temps de lecture":"2 minutes"},"schema":{"@context":"https:\/\/schema.org","@graph":[{"@type":"WebPage","@id":"https:\/\/www.uqac.ca\/uqactualites\/2024\/03\/14\/la-sante-et-la-securite-au-travail-beaucoup-plus-que-la-gestion-des-accidents\/","url":"https:\/\/www.uqac.ca\/uqactualites\/2024\/03\/14\/la-sante-et-la-securite-au-travail-beaucoup-plus-que-la-gestion-des-accidents\/","name":"La sant\u00e9 et la s\u00e9curit\u00e9 au travail, beaucoup plus que la gestion des accidents - UQACtualit\u00e9s","isPartOf":{"@id":"https:\/\/www.uqac.ca\/uqactualites\/#website"},"primaryImageOfPage":{"@id":"https:\/\/www.uqac.ca\/uqactualites\/2024\/03\/14\/la-sante-et-la-securite-au-travail-beaucoup-plus-que-la-gestion-des-accidents\/#primaryimage"},"image":{"@id":"https:\/\/www.uqac.ca\/uqactualites\/2024\/03\/14\/la-sante-et-la-securite-au-travail-beaucoup-plus-que-la-gestion-des-accidents\/#primaryimage"},"thumbnailUrl":"https:\/\/www.uqac.ca\/uqactualites\/wp-content\/uploads\/2024\/03\/sst.jpg","datePublished":"2024-03-14T19:02:28+00:00","dateModified":"2024-05-24T12:41:34+00:00","author":{"@id":"https:\/\/www.uqac.ca\/uqactualites\/#\/schema\/person\/366c45a0c4f0e677b41b4af5886e2018"},"description":"T\u00e9moignage de Nathalie Godin, dipl\u00f4m\u00e9e du certificat en sant\u00e9 et s\u00e9curit\u00e9 au travail, de l'Universit\u00e9 du Qu\u00e9bec \u00e0 Chicoutimi.","breadcrumb":{"@id":"https:\/\/www.uqac.ca\/uqactualites\/2024\/03\/14\/la-sante-et-la-securite-au-travail-beaucoup-plus-que-la-gestion-des-accidents\/#breadcrumb"},"inLanguage":"fr-CA","potentialAction":[{"@type":"ReadAction","target":["https:\/\/www.uqac.ca\/uqactualites\/2024\/03\/14\/la-sante-et-la-securite-au-travail-beaucoup-plus-que-la-gestion-des-accidents\/"]}]},{"@type":"ImageObject","inLanguage":"fr-CA","@id":"https:\/\/www.uqac.ca\/uqactualites\/2024\/03\/14\/la-sante-et-la-securite-au-travail-beaucoup-plus-que-la-gestion-des-accidents\/#primaryimage","url":"https:\/\/www.uqac.ca\/uqactualites\/wp-content\/uploads\/2024\/03\/sst.jpg","contentUrl":"https:\/\/www.uqac.ca\/uqactualites\/wp-content\/uploads\/2024\/03\/sst.jpg","width":1920,"height":1280},{"@type":"BreadcrumbList","@id":"https:\/\/www.uqac.ca\/uqactualites\/2024\/03\/14\/la-sante-et-la-securite-au-travail-beaucoup-plus-que-la-gestion-des-accidents\/#breadcrumb","itemListElement":[{"@type":"ListItem","position":1,"name":"Home","item":"https:\/\/www.uqac.ca\/uqactualites\/"},{"@type":"ListItem","position":2,"name":"La sant\u00e9 et la s\u00e9curit\u00e9 au travail, beaucoup plus que la gestion des accidents"}]},{"@type":"WebSite","@id":"https:\/\/www.uqac.ca\/uqactualites\/#website","url":"https:\/\/www.uqac.ca\/uqactualites\/","name":"UQACtualit\u00e9s","description":"Le portail des nouvelles de l&#039;UQAC","potentialAction":[{"@type":"SearchAction","target":{"@type":"EntryPoint","urlTemplate":"https:\/\/www.uqac.ca\/uqactualites\/?s={search_term_string}"},"query-input":{"@type":"PropertyValueSpecification","valueRequired":true,"valueName":"search_term_string"}}],"inLanguage":"fr-CA"},{"@type":"Person","@id":"https:\/\/www.uqac.ca\/uqactualites\/#\/schema\/person\/366c45a0c4f0e677b41b4af5886e2018","name":"Service des communications et des relations publiques","image":{"@type":"ImageObject","inLanguage":"fr-CA","@id":"https:\/\/www.uqac.ca\/uqactualites\/#\/schema\/person\/image\/","url":"https:\/\/secure.gravatar.com\/avatar\/20fbbda8a292f59f2d3461a5b999c00b?s=96&d=mm&r=g","contentUrl":"https:\/\/secure.gravatar.com\/avatar\/20fbbda8a292f59f2d3461a5b999c00b?s=96&d=mm&r=g","caption":"Service des communications et des relations publiques"},"url":"https:\/\/www.uqac.ca\/uqactualites\/author\/bap\/"}]}},"_links":{"self":[{"href":"https:\/\/www.uqac.ca\/uqactualites\/wp-json\/wp\/v2\/posts\/46381"}],"collection":[{"href":"https:\/\/www.uqac.ca\/uqactualites\/wp-json\/wp\/v2\/posts"}],"about":[{"href":"https:\/\/www.uqac.ca\/uqactualites\/wp-json\/wp\/v2\/types\/post"}],"author":[{"embeddable":true,"href":"https:\/\/www.uqac.ca\/uqactualites\/wp-json\/wp\/v2\/users\/5"}],"replies":[{"embeddable":true,"href":"https:\/\/www.uqac.ca\/uqactualites\/wp-json\/wp\/v2\/comments?post=46381"}],"version-history":[{"count":7,"href":"https:\/\/www.uqac.ca\/uqactualites\/wp-json\/wp\/v2\/posts\/46381\/revisions"}],"predecessor-version":[{"id":46420,"href":"https:\/\/www.uqac.ca\/uqactualites\/wp-json\/wp\/v2\/posts\/46381\/revisions\/46420"}],"wp:featuredmedia":[{"embeddable":true,"href":"https:\/\/www.uqac.ca\/uqactualites\/wp-json\/wp\/v2\/media\/46383"}],"wp:attachment":[{"href":"https:\/\/www.uqac.ca\/uqactualites\/wp-json\/wp\/v2\/media?parent=46381"}],"wp:term":[{"taxonomy":"category","embeddable":true,"href":"https:\/\/www.uqac.ca\/uqactualites\/wp-json\/wp\/v2\/categories?post=46381"},{"taxonomy":"post_tag","embeddable":true,"href":"https:\/\/www.uqac.ca\/uqactualites\/wp-json\/wp\/v2\/tags?post=46381"}],"curies":[{"name":"wp","href":"https:\/\/api.w.org\/{rel}","templated":true}]}}