{"id":46422,"date":"2024-03-19T09:03:13","date_gmt":"2024-03-19T13:03:13","guid":{"rendered":"https:\/\/www.uqac.ca\/uqactualites\/?p=46422"},"modified":"2024-07-24T14:32:53","modified_gmt":"2024-07-24T18:32:53","slug":"le-centre-intersectoriel-en-sante-durable-obtient-lappui-du-fonds-de-recherche-du-quebec-pour-soutenir-son-developpement","status":"publish","type":"post","link":"https:\/\/www.uqac.ca\/uqactualites\/2024\/03\/19\/le-centre-intersectoriel-en-sante-durable-obtient-lappui-du-fonds-de-recherche-du-quebec-pour-soutenir-son-developpement\/","title":{"rendered":"Le Centre intersectoriel en sant\u00e9 durable obtient l\u2019appui du Fonds de recherche du Qu\u00e9bec pour soutenir son d\u00e9veloppement"},"content":{"rendered":"<p>Le Fonds de recherche du Qu\u00e9bec \u2013 Sant\u00e9 (FRQS) a r\u00e9cemment confirm\u00e9 l\u2019octroi d\u2019une subvention r\u00e9partie sur deux ans pour le d\u00e9veloppement du <a href=\"https:\/\/cisd.uqac.ca\/\">Centre intersectoriel en sant\u00e9 durable (CISD)<\/a> de l\u2019Universit\u00e9 du Qu\u00e9bec \u00e0 Chicoutimi (UQAC). Une premi\u00e8re dans la r\u00e9gion.<\/p>\n<p><em>\u00abEn soutenant le CISD, nous affirmons notre engagement envers la recherche intersectorielle en sant\u00e9 durable, essentielle pour transformer nos approches de sant\u00e9 pour le b\u00e9n\u00e9fice individuel et collectif. C\u2019est en consid\u00e9rant le r\u00f4le pionnier du CISD dans ce domaine crucial, que nous avons d\u00e9cid\u00e9 d\u2019appuyer ses efforts notamment pour la formation d\u2019une rel\u00e8ve talentueuse et engag\u00e9e dans cette transformation<\/em>.\u00bb Carole Jabet, Directrice scientifique Sant\u00e9, Fonds de recherche du Qu\u00e9bec.<\/p>\n<p>D\u00e9j\u00e0 bien ancr\u00e9 au sein de la r\u00e9gion, le CISD a pour mission de contribuer \u00e0 b\u00e2tir la sant\u00e9 durable \u2013 un esprit sain dans un corps sain, dans un milieu de vie et un environnement sains, sur une plan\u00e8te en sant\u00e9 &#8211; par la recherche, l\u2019innovation et la mobilisation des connaissances. Les membres du CISD proviennent de tous les secteurs de la recherche et s\u2019int\u00e9ressent \u00e0 la sant\u00e9 dans sa globalit\u00e9. Le d\u00e9veloppement global des enfants, l\u2019adoption de saines habitudes de vie, les in\u00e9galit\u00e9s sociales, le vieillissement de la population, le fardeau des maladies g\u00e9n\u00e9tiques et chroniques, les probl\u00e8mes de sant\u00e9 mentale et ceux li\u00e9s aux changements climatiques repr\u00e9sentent les principaux d\u00e9fis de sant\u00e9 abord\u00e9s par les chercheuses et chercheurs du CISD.<\/p>\n<p>De plus, la participation citoyenne est capitale et doit \u00eatre pr\u00e9sente \u00e0 toutes les \u00e9tapes de la recherche pour s\u2019assurer d\u2019\u00eatre align\u00e9e aux besoins de la population. L\u2019approche du CISD vise donc l\u2019am\u00e9lioration de la sant\u00e9 des personnes demeurant sur le territoire que l\u2019UQAC dessert (Saguenay\u2013Lac-Saint-Jean (SLSJ), C\u00f4te-Nord, Charlevoix) pour tout leur parcours de vie, par l\u2019adoption de meilleures habitudes de vie (pr\u00e9vention) et le d\u00e9veloppement d\u2019environnements favorables. Le CISD rassemble les forces vives de la recherche en sant\u00e9 de la r\u00e9gion et b\u00e9n\u00e9ficie de son riche r\u00e9seau de collaborations nationales et internationales. Ainsi, il vise aussi inspirer les autres r\u00e9gions du Qu\u00e9bec en faisant la d\u00e9monstration qu\u2019une d\u00e9marche intersectorielle faisant place \u00e0 des initiatives atypiques bas\u00e9es sur des donn\u00e9es probantes peut jeter un nouveau regard sur des probl\u00e8mes complexes.<\/p>\n<p>Pour la directrice du CISD, la professeure du <a href=\"https:\/\/www.uqac.ca\/departements\/dsf\/\" target=\"_blank\" rel=\"noopener\">D\u00e9partement des sciences fondamentales<\/a> et chercheuse <a href=\"https:\/\/www.uqac.ca\/portfolio\/catherinelaprise\/\" target=\"_blank\" rel=\"noopener\">Catherine Laprise<\/a>, \u00ab<em>les cliniciens et chercheurs \u00e9tablis au SLSJ d\u00e9ploient depuis pr\u00e8s de 50 ans des efforts en recherche et \u00e9tablissent un r\u00e9seau de collaborations permettant la production de donn\u00e9es, la mobilisation de ressources et le transfert des connaissances vers la population. De ces initiatives s\u2019est construit l\u2019environnement de recherche actuel qui permet, gr\u00e2ce \u00e0 son nombre de chercheurs, d\u2019unit\u00e9s, d\u2019infrastructures de recherche et de cliniques sp\u00e9cialis\u00e9es, la programmation de recherche du CISD. Cette marque de confiance du FRQS t\u00e9moigne de la n\u00e9cessit\u00e9 de faire une place aux centres intersectoriels comme le n\u00f4tre. Depuis sa cr\u00e9ation, le CISD a d\u00e9montr\u00e9 qu\u2019il permet l\u2019\u00e9mergence et le d\u00e9ploiement d\u2019id\u00e9es nouvelles, qu\u2019il s\u2019arrime aux besoins complexes, propres \u00e0 la r\u00e9alit\u00e9 territoriale, de la soci\u00e9t\u00e9 actuelle et qu\u2019il permet d\u2019optimiser la mobilisation et le transfert des donn\u00e9es probantes.<\/em>\u00bb<\/p>\n<p>Rappelons que le CISD compte parmi ses membres 92 chercheuses et chercheurs, 255 \u00e9tudiantes et \u00e9tudiants ainsi qu\u2019une table de douze citoyennes et citoyens partenaires. II mobilise aussi neuf laboratoires et six cliniques de l\u2019universit\u00e9, b\u00e9n\u00e9ficie de l\u2019expertise de 10 chaires de recherche et regroupe dans ses membres les chercheuses et chercheurs de plusieurs institutions (UQAC, <a href=\"https:\/\/inrs.ca\/la-recherche\/chaires-groupes-et-reseaux-de-recherche\/repertoire-des-chaires-groupes-et-reseaux-de-recherche\/unite-mixte-de-recherche-inrs-uqac-en-sante-durable\/\" target=\"_blank\" rel=\"noopener\">Unit\u00e9 mixte de recherche en sant\u00e9 durable de l\u2019INRS-UQAC<\/a>, C\u00e9gep de Jonqui\u00e8re, Universit\u00e9 de Sherbrooke, Universit\u00e9 Laval, Universit\u00e9 de Montr\u00e9al et Universit\u00e9 McGill) afin de bonifier le paysage qu\u00e9b\u00e9cois de la recherche en sant\u00e9.<\/p>\n<p>F\u00e9licitations pour cet octroi qui permettra au CISD de continuer \u00e0 s\u2019affirmer comme leader de la recherche intersectorielle en sant\u00e9 durable au Qu\u00e9bec et ailleurs.<\/p>\n","protected":false},"excerpt":{"rendered":"<p>Le Fonds de recherche du Qu\u00e9bec \u2013 Sant\u00e9 (FRQS) a r\u00e9cemment confirm\u00e9 l\u2019octroi d\u2019une subvention r\u00e9partie sur deux ans pour le d\u00e9veloppement du Centre intersectoriel en sant\u00e9 durable (CISD) de l\u2019Universit\u00e9 du Qu\u00e9bec \u00e0 Chicoutimi (UQAC). Une premi\u00e8re dans la r\u00e9gion. \u00abEn soutenant le CISD, nous affirmons notre engagement envers la recherche intersectorielle en sant\u00e9 [&hellip;]<\/p>\n","protected":false},"author":5,"featured_media":46444,"comment_status":"open","ping_status":"open","sticky":false,"template":"","format":"standard","meta":{"footnotes":""},"categories":[2795,4],"tags":[19,39,20,21,5,8,3,22,23],"yoast_head":"<!-- This site is optimized with the Yoast SEO plugin v24.2 - https:\/\/yoast.com\/wordpress\/plugins\/seo\/ -->\r\n<title>Le Centre intersectoriel en sant\u00e9 durable obtient l\u2019appui du Fonds de recherche du Qu\u00e9bec pour soutenir son d\u00e9veloppement - UQACtualit\u00e9s<\/title>\r\n<meta name=\"description\" content=\"Le FRQS a r\u00e9cemment confirm\u00e9 l\u2019octroi d\u2019une subvention pour le d\u00e9veloppement du Centre intersectoriel en sant\u00e9 durable (CISD).\" \/>\r\n<meta name=\"robots\" content=\"index, follow, max-snippet:-1, max-image-preview:large, max-video-preview:-1\" \/>\r\n<link rel=\"canonical\" href=\"https:\/\/www.uqac.ca\/uqactualites\/2024\/03\/19\/le-centre-intersectoriel-en-sante-durable-obtient-lappui-du-fonds-de-recherche-du-quebec-pour-soutenir-son-developpement\/\" \/>\r\n<meta property=\"og:locale\" content=\"fr_CA\" \/>\r\n<meta property=\"og:type\" content=\"article\" \/>\r\n<meta property=\"og:title\" content=\"Le Centre intersectoriel en sant\u00e9 durable obtient l\u2019appui du Fonds de recherche du Qu\u00e9bec pour soutenir son d\u00e9veloppement - UQACtualit\u00e9s\" \/>\r\n<meta property=\"og:description\" content=\"Le FRQS a r\u00e9cemment confirm\u00e9 l\u2019octroi d\u2019une subvention pour le d\u00e9veloppement du Centre intersectoriel en sant\u00e9 durable (CISD).\" \/>\r\n<meta property=\"og:url\" content=\"https:\/\/www.uqac.ca\/uqactualites\/2024\/03\/19\/le-centre-intersectoriel-en-sante-durable-obtient-lappui-du-fonds-de-recherche-du-quebec-pour-soutenir-son-developpement\/\" \/>\r\n<meta property=\"og:site_name\" content=\"UQACtualit\u00e9s\" \/>\r\n<meta property=\"article:published_time\" content=\"2024-03-19T13:03:13+00:00\" \/>\r\n<meta property=\"article:modified_time\" content=\"2024-07-24T18:32:53+00:00\" \/>\r\n<meta property=\"og:image\" content=\"https:\/\/www.uqac.ca\/uqactualites\/wp-content\/uploads\/2024\/03\/NUM_CISD_Uqactualite_19MarsH24_Uqctualite1920X1080.jpg\" \/>\r\n\t<meta property=\"og:image:width\" content=\"1920\" \/>\r\n\t<meta property=\"og:image:height\" content=\"1080\" \/>\r\n\t<meta property=\"og:image:type\" content=\"image\/jpeg\" \/>\r\n<meta name=\"author\" content=\"Service des communications et des relations publiques\" \/>\r\n<meta name=\"twitter:card\" content=\"summary_large_image\" \/>\r\n<meta name=\"twitter:label1\" content=\"\u00c9crit par\" \/>\n\t<meta name=\"twitter:data1\" content=\"Service des communications et des relations publiques\" \/>\n\t<meta name=\"twitter:label2\" content=\"Estimation du temps de lecture\" \/>\n\t<meta name=\"twitter:data2\" content=\"4 minutes\" \/>\r\n<script type=\"application\/ld+json\" class=\"yoast-schema-graph\">{\"@context\":\"https:\/\/schema.org\",\"@graph\":[{\"@type\":\"WebPage\",\"@id\":\"https:\/\/www.uqac.ca\/uqactualites\/2024\/03\/19\/le-centre-intersectoriel-en-sante-durable-obtient-lappui-du-fonds-de-recherche-du-quebec-pour-soutenir-son-developpement\/\",\"url\":\"https:\/\/www.uqac.ca\/uqactualites\/2024\/03\/19\/le-centre-intersectoriel-en-sante-durable-obtient-lappui-du-fonds-de-recherche-du-quebec-pour-soutenir-son-developpement\/\",\"name\":\"Le Centre intersectoriel en sant\u00e9 durable obtient l\u2019appui du Fonds de recherche du Qu\u00e9bec pour soutenir son d\u00e9veloppement - UQACtualit\u00e9s\",\"isPartOf\":{\"@id\":\"https:\/\/www.uqac.ca\/uqactualites\/#website\"},\"primaryImageOfPage\":{\"@id\":\"https:\/\/www.uqac.ca\/uqactualites\/2024\/03\/19\/le-centre-intersectoriel-en-sante-durable-obtient-lappui-du-fonds-de-recherche-du-quebec-pour-soutenir-son-developpement\/#primaryimage\"},\"image\":{\"@id\":\"https:\/\/www.uqac.ca\/uqactualites\/2024\/03\/19\/le-centre-intersectoriel-en-sante-durable-obtient-lappui-du-fonds-de-recherche-du-quebec-pour-soutenir-son-developpement\/#primaryimage\"},\"thumbnailUrl\":\"https:\/\/www.uqac.ca\/uqactualites\/wp-content\/uploads\/2024\/03\/NUM_CISD_Uqactualite_19MarsH24_Uqctualite1920X1080.jpg\",\"datePublished\":\"2024-03-19T13:03:13+00:00\",\"dateModified\":\"2024-07-24T18:32:53+00:00\",\"author\":{\"@id\":\"https:\/\/www.uqac.ca\/uqactualites\/#\/schema\/person\/366c45a0c4f0e677b41b4af5886e2018\"},\"description\":\"Le FRQS a r\u00e9cemment confirm\u00e9 l\u2019octroi d\u2019une subvention pour le d\u00e9veloppement du Centre intersectoriel en sant\u00e9 durable (CISD).\",\"breadcrumb\":{\"@id\":\"https:\/\/www.uqac.ca\/uqactualites\/2024\/03\/19\/le-centre-intersectoriel-en-sante-durable-obtient-lappui-du-fonds-de-recherche-du-quebec-pour-soutenir-son-developpement\/#breadcrumb\"},\"inLanguage\":\"fr-CA\",\"potentialAction\":[{\"@type\":\"ReadAction\",\"target\":[\"https:\/\/www.uqac.ca\/uqactualites\/2024\/03\/19\/le-centre-intersectoriel-en-sante-durable-obtient-lappui-du-fonds-de-recherche-du-quebec-pour-soutenir-son-developpement\/\"]}]},{\"@type\":\"ImageObject\",\"inLanguage\":\"fr-CA\",\"@id\":\"https:\/\/www.uqac.ca\/uqactualites\/2024\/03\/19\/le-centre-intersectoriel-en-sante-durable-obtient-lappui-du-fonds-de-recherche-du-quebec-pour-soutenir-son-developpement\/#primaryimage\",\"url\":\"https:\/\/www.uqac.ca\/uqactualites\/wp-content\/uploads\/2024\/03\/NUM_CISD_Uqactualite_19MarsH24_Uqctualite1920X1080.jpg\",\"contentUrl\":\"https:\/\/www.uqac.ca\/uqactualites\/wp-content\/uploads\/2024\/03\/NUM_CISD_Uqactualite_19MarsH24_Uqctualite1920X1080.jpg\",\"width\":1920,\"height\":1080,\"caption\":\"CISD\"},{\"@type\":\"BreadcrumbList\",\"@id\":\"https:\/\/www.uqac.ca\/uqactualites\/2024\/03\/19\/le-centre-intersectoriel-en-sante-durable-obtient-lappui-du-fonds-de-recherche-du-quebec-pour-soutenir-son-developpement\/#breadcrumb\",\"itemListElement\":[{\"@type\":\"ListItem\",\"position\":1,\"name\":\"Home\",\"item\":\"https:\/\/www.uqac.ca\/uqactualites\/\"},{\"@type\":\"ListItem\",\"position\":2,\"name\":\"Le Centre intersectoriel en sant\u00e9 durable obtient l\u2019appui du Fonds de recherche du Qu\u00e9bec pour soutenir son d\u00e9veloppement\"}]},{\"@type\":\"WebSite\",\"@id\":\"https:\/\/www.uqac.ca\/uqactualites\/#website\",\"url\":\"https:\/\/www.uqac.ca\/uqactualites\/\",\"name\":\"UQACtualit\u00e9s\",\"description\":\"Le portail des nouvelles de l&#039;UQAC\",\"potentialAction\":[{\"@type\":\"SearchAction\",\"target\":{\"@type\":\"EntryPoint\",\"urlTemplate\":\"https:\/\/www.uqac.ca\/uqactualites\/?s={search_term_string}\"},\"query-input\":{\"@type\":\"PropertyValueSpecification\",\"valueRequired\":true,\"valueName\":\"search_term_string\"}}],\"inLanguage\":\"fr-CA\"},{\"@type\":\"Person\",\"@id\":\"https:\/\/www.uqac.ca\/uqactualites\/#\/schema\/person\/366c45a0c4f0e677b41b4af5886e2018\",\"name\":\"Service des communications et des relations publiques\",\"image\":{\"@type\":\"ImageObject\",\"inLanguage\":\"fr-CA\",\"@id\":\"https:\/\/www.uqac.ca\/uqactualites\/#\/schema\/person\/image\/\",\"url\":\"https:\/\/secure.gravatar.com\/avatar\/20fbbda8a292f59f2d3461a5b999c00b?s=96&d=mm&r=g\",\"contentUrl\":\"https:\/\/secure.gravatar.com\/avatar\/20fbbda8a292f59f2d3461a5b999c00b?s=96&d=mm&r=g\",\"caption\":\"Service des communications et des relations publiques\"},\"url\":\"https:\/\/www.uqac.ca\/uqactualites\/author\/bap\/\"}]}<\/script>\r\n<!-- \/ Yoast SEO plugin. -->","yoast_head_json":{"title":"Le Centre intersectoriel en sant\u00e9 durable obtient l\u2019appui du Fonds de recherche du Qu\u00e9bec pour soutenir son d\u00e9veloppement - UQACtualit\u00e9s","description":"Le FRQS a r\u00e9cemment confirm\u00e9 l\u2019octroi d\u2019une subvention pour le d\u00e9veloppement du Centre intersectoriel en sant\u00e9 durable (CISD).","robots":{"index":"index","follow":"follow","max-snippet":"max-snippet:-1","max-image-preview":"max-image-preview:large","max-video-preview":"max-video-preview:-1"},"canonical":"https:\/\/www.uqac.ca\/uqactualites\/2024\/03\/19\/le-centre-intersectoriel-en-sante-durable-obtient-lappui-du-fonds-de-recherche-du-quebec-pour-soutenir-son-developpement\/","og_locale":"fr_CA","og_type":"article","og_title":"Le Centre intersectoriel en sant\u00e9 durable obtient l\u2019appui du Fonds de recherche du Qu\u00e9bec pour soutenir son d\u00e9veloppement - UQACtualit\u00e9s","og_description":"Le FRQS a r\u00e9cemment confirm\u00e9 l\u2019octroi d\u2019une subvention pour le d\u00e9veloppement du Centre intersectoriel en sant\u00e9 durable (CISD).","og_url":"https:\/\/www.uqac.ca\/uqactualites\/2024\/03\/19\/le-centre-intersectoriel-en-sante-durable-obtient-lappui-du-fonds-de-recherche-du-quebec-pour-soutenir-son-developpement\/","og_site_name":"UQACtualit\u00e9s","article_published_time":"2024-03-19T13:03:13+00:00","article_modified_time":"2024-07-24T18:32:53+00:00","og_image":[{"width":1920,"height":1080,"url":"https:\/\/www.uqac.ca\/uqactualites\/wp-content\/uploads\/2024\/03\/NUM_CISD_Uqactualite_19MarsH24_Uqctualite1920X1080.jpg","type":"image\/jpeg"}],"author":"Service des communications et des relations publiques","twitter_card":"summary_large_image","twitter_misc":{"\u00c9crit par":"Service des communications et des relations publiques","Estimation du temps de lecture":"4 minutes"},"schema":{"@context":"https:\/\/schema.org","@graph":[{"@type":"WebPage","@id":"https:\/\/www.uqac.ca\/uqactualites\/2024\/03\/19\/le-centre-intersectoriel-en-sante-durable-obtient-lappui-du-fonds-de-recherche-du-quebec-pour-soutenir-son-developpement\/","url":"https:\/\/www.uqac.ca\/uqactualites\/2024\/03\/19\/le-centre-intersectoriel-en-sante-durable-obtient-lappui-du-fonds-de-recherche-du-quebec-pour-soutenir-son-developpement\/","name":"Le Centre intersectoriel en sant\u00e9 durable obtient l\u2019appui du Fonds de recherche du Qu\u00e9bec pour soutenir son d\u00e9veloppement - UQACtualit\u00e9s","isPartOf":{"@id":"https:\/\/www.uqac.ca\/uqactualites\/#website"},"primaryImageOfPage":{"@id":"https:\/\/www.uqac.ca\/uqactualites\/2024\/03\/19\/le-centre-intersectoriel-en-sante-durable-obtient-lappui-du-fonds-de-recherche-du-quebec-pour-soutenir-son-developpement\/#primaryimage"},"image":{"@id":"https:\/\/www.uqac.ca\/uqactualites\/2024\/03\/19\/le-centre-intersectoriel-en-sante-durable-obtient-lappui-du-fonds-de-recherche-du-quebec-pour-soutenir-son-developpement\/#primaryimage"},"thumbnailUrl":"https:\/\/www.uqac.ca\/uqactualites\/wp-content\/uploads\/2024\/03\/NUM_CISD_Uqactualite_19MarsH24_Uqctualite1920X1080.jpg","datePublished":"2024-03-19T13:03:13+00:00","dateModified":"2024-07-24T18:32:53+00:00","author":{"@id":"https:\/\/www.uqac.ca\/uqactualites\/#\/schema\/person\/366c45a0c4f0e677b41b4af5886e2018"},"description":"Le FRQS a r\u00e9cemment confirm\u00e9 l\u2019octroi d\u2019une subvention pour le d\u00e9veloppement du Centre intersectoriel en sant\u00e9 durable (CISD).","breadcrumb":{"@id":"https:\/\/www.uqac.ca\/uqactualites\/2024\/03\/19\/le-centre-intersectoriel-en-sante-durable-obtient-lappui-du-fonds-de-recherche-du-quebec-pour-soutenir-son-developpement\/#breadcrumb"},"inLanguage":"fr-CA","potentialAction":[{"@type":"ReadAction","target":["https:\/\/www.uqac.ca\/uqactualites\/2024\/03\/19\/le-centre-intersectoriel-en-sante-durable-obtient-lappui-du-fonds-de-recherche-du-quebec-pour-soutenir-son-developpement\/"]}]},{"@type":"ImageObject","inLanguage":"fr-CA","@id":"https:\/\/www.uqac.ca\/uqactualites\/2024\/03\/19\/le-centre-intersectoriel-en-sante-durable-obtient-lappui-du-fonds-de-recherche-du-quebec-pour-soutenir-son-developpement\/#primaryimage","url":"https:\/\/www.uqac.ca\/uqactualites\/wp-content\/uploads\/2024\/03\/NUM_CISD_Uqactualite_19MarsH24_Uqctualite1920X1080.jpg","contentUrl":"https:\/\/www.uqac.ca\/uqactualites\/wp-content\/uploads\/2024\/03\/NUM_CISD_Uqactualite_19MarsH24_Uqctualite1920X1080.jpg","width":1920,"height":1080,"caption":"CISD"},{"@type":"BreadcrumbList","@id":"https:\/\/www.uqac.ca\/uqactualites\/2024\/03\/19\/le-centre-intersectoriel-en-sante-durable-obtient-lappui-du-fonds-de-recherche-du-quebec-pour-soutenir-son-developpement\/#breadcrumb","itemListElement":[{"@type":"ListItem","position":1,"name":"Home","item":"https:\/\/www.uqac.ca\/uqactualites\/"},{"@type":"ListItem","position":2,"name":"Le Centre intersectoriel en sant\u00e9 durable obtient l\u2019appui du Fonds de recherche du Qu\u00e9bec pour soutenir son d\u00e9veloppement"}]},{"@type":"WebSite","@id":"https:\/\/www.uqac.ca\/uqactualites\/#website","url":"https:\/\/www.uqac.ca\/uqactualites\/","name":"UQACtualit\u00e9s","description":"Le portail des nouvelles de l&#039;UQAC","potentialAction":[{"@type":"SearchAction","target":{"@type":"EntryPoint","urlTemplate":"https:\/\/www.uqac.ca\/uqactualites\/?s={search_term_string}"},"query-input":{"@type":"PropertyValueSpecification","valueRequired":true,"valueName":"search_term_string"}}],"inLanguage":"fr-CA"},{"@type":"Person","@id":"https:\/\/www.uqac.ca\/uqactualites\/#\/schema\/person\/366c45a0c4f0e677b41b4af5886e2018","name":"Service des communications et des relations publiques","image":{"@type":"ImageObject","inLanguage":"fr-CA","@id":"https:\/\/www.uqac.ca\/uqactualites\/#\/schema\/person\/image\/","url":"https:\/\/secure.gravatar.com\/avatar\/20fbbda8a292f59f2d3461a5b999c00b?s=96&d=mm&r=g","contentUrl":"https:\/\/secure.gravatar.com\/avatar\/20fbbda8a292f59f2d3461a5b999c00b?s=96&d=mm&r=g","caption":"Service des communications et des relations publiques"},"url":"https:\/\/www.uqac.ca\/uqactualites\/author\/bap\/"}]}},"_links":{"self":[{"href":"https:\/\/www.uqac.ca\/uqactualites\/wp-json\/wp\/v2\/posts\/46422"}],"collection":[{"href":"https:\/\/www.uqac.ca\/uqactualites\/wp-json\/wp\/v2\/posts"}],"about":[{"href":"https:\/\/www.uqac.ca\/uqactualites\/wp-json\/wp\/v2\/types\/post"}],"author":[{"embeddable":true,"href":"https:\/\/www.uqac.ca\/uqactualites\/wp-json\/wp\/v2\/users\/5"}],"replies":[{"embeddable":true,"href":"https:\/\/www.uqac.ca\/uqactualites\/wp-json\/wp\/v2\/comments?post=46422"}],"version-history":[{"count":7,"href":"https:\/\/www.uqac.ca\/uqactualites\/wp-json\/wp\/v2\/posts\/46422\/revisions"}],"predecessor-version":[{"id":48090,"href":"https:\/\/www.uqac.ca\/uqactualites\/wp-json\/wp\/v2\/posts\/46422\/revisions\/48090"}],"wp:featuredmedia":[{"embeddable":true,"href":"https:\/\/www.uqac.ca\/uqactualites\/wp-json\/wp\/v2\/media\/46444"}],"wp:attachment":[{"href":"https:\/\/www.uqac.ca\/uqactualites\/wp-json\/wp\/v2\/media?parent=46422"}],"wp:term":[{"taxonomy":"category","embeddable":true,"href":"https:\/\/www.uqac.ca\/uqactualites\/wp-json\/wp\/v2\/categories?post=46422"},{"taxonomy":"post_tag","embeddable":true,"href":"https:\/\/www.uqac.ca\/uqactualites\/wp-json\/wp\/v2\/tags?post=46422"}],"curies":[{"name":"wp","href":"https:\/\/api.w.org\/{rel}","templated":true}]}}