{"id":46439,"date":"2024-03-19T10:57:52","date_gmt":"2024-03-19T14:57:52","guid":{"rendered":"https:\/\/www.uqac.ca\/uqactualites\/?p=46439"},"modified":"2024-07-24T14:31:07","modified_gmt":"2024-07-24T18:31:07","slug":"un-sejour-a-montreal-fort-interessant","status":"publish","type":"post","link":"https:\/\/www.uqac.ca\/uqactualites\/2024\/03\/19\/un-sejour-a-montreal-fort-interessant\/","title":{"rendered":"Un s\u00e9jour \u00e0 Montr\u00e9al fort int\u00e9ressant"},"content":{"rendered":"<p>La semaine derni\u00e8re, j\u2019ai pass\u00e9 quelques jours \u00e0 Montr\u00e9al, notamment pour rencontrer de potentiels donateurs int\u00e9ress\u00e9s \u00e0 participer \u00e0 notre campagne majeure de lev\u00e9e de fonds de notre Fondation. Les rencontres en ce sens se succ\u00e8deront ce printemps et je suis confiant que nous serons en mesure d\u2019atteindre l\u2019objectif philanthropique que nous nous sommes fix\u00e9s. Si je demeure en confiance, c\u2019est que l\u2019int\u00e9r\u00eat que suscite l\u2019UQAC, mais surtout les projets de recherche, d\u2019innovation et de cr\u00e9ation port\u00e9s par son corps professoral est sans fin. Toutes les personnes rencontr\u00e9es ressortent enchant\u00e9es de ces moments o\u00f9 nous mettons \u00e0 l\u2019honneur le pouvoir de votre curiosit\u00e9 et de votre pers\u00e9v\u00e9rance.<\/p>\n<p>Passer quelques temps dans la m\u00e9tropole, c\u2019est \u00e9galement m\u2019installer \u00e0 notre \u00c9cole NAD-UQAC pour travailler. \u00c0 chaque fois que je mets les pieds au NAD-UQAC, je suis ravi par l\u2019accueil exceptionnel du personnel et l\u2019ambiance inspirante qu\u2019on y retrouve. Qui plus est, l&rsquo;architecture moderne qui caract\u00e9rise le b\u00e2timent impressionne. Avant m\u00eame de passer la porte d\u2019entr\u00e9e, l\u2019univers de l\u2019\u00c9cole nous happe, bien ancr\u00e9e dans un cadre urbain magnifique, propice \u00e0 l&rsquo;apprentissage et \u00e0 la cr\u00e9ation. Renomm\u00e9e pour son expertise dans le domaine de l&rsquo;animation et du design, les \u00e9tudiantes et \u00e9tudiants y travaillent sur des projets fascinants, les personnes enseignantes (professeur.e.s et charg\u00e9.e.s de cours) utilisent des technologies de pointe pour donner vie \u00e0 leurs id\u00e9es et l&rsquo;atmosph\u00e8re y est collaborative et stimulante. La qualit\u00e9 des talents et l&rsquo;engagement de notre communaut\u00e9 NADienne contribue \u00e0 embellir nos mondes virtuels et cin\u00e9matographiques, lesquels sont palpables.<\/p>\n<p>Je vous invite, quand vous en aurez la chance, \u00e0 passer par l\u2019\u00celot Balmoral pour visiter notre campus montr\u00e9alais, en plein c\u0153ur du quartier des spectacles. La porte de l\u2019ensemble de nos campus vous est ouverte et je demeure convaincu que la mixit\u00e9 des expertises et des id\u00e9es entre nos diff\u00e9rentes communaut\u00e9s universitaires n\u2019a pas fini de nous \u00e9tonner.<\/p>\n<p>Bonne semaine!<\/p>\n","protected":false},"excerpt":{"rendered":"<p>La semaine derni\u00e8re, j\u2019ai pass\u00e9 quelques jours \u00e0 Montr\u00e9al, notamment pour rencontrer de potentiels donateurs int\u00e9ress\u00e9s \u00e0 participer \u00e0 notre campagne majeure de lev\u00e9e de fonds de notre Fondation. Les rencontres en ce sens se succ\u00e8deront ce printemps et je suis confiant que nous serons en mesure d\u2019atteindre l\u2019objectif philanthropique que nous nous sommes fix\u00e9s. [&hellip;]<\/p>\n","protected":false},"author":10,"featured_media":46446,"comment_status":"open","ping_status":"open","sticky":false,"template":"","format":"standard","meta":{"footnotes":""},"categories":[2792],"tags":[],"yoast_head":"<!-- This site is optimized with the Yoast SEO plugin v24.2 - https:\/\/yoast.com\/wordpress\/plugins\/seo\/ -->\r\n<title>Un s\u00e9jour \u00e0 Montr\u00e9al fort int\u00e9ressant - UQACtualit\u00e9s<\/title>\r\n<meta name=\"robots\" content=\"index, follow, max-snippet:-1, max-image-preview:large, max-video-preview:-1\" \/>\r\n<link rel=\"canonical\" href=\"https:\/\/www.uqac.ca\/uqactualites\/2024\/03\/19\/un-sejour-a-montreal-fort-interessant\/\" \/>\r\n<meta property=\"og:locale\" content=\"fr_CA\" \/>\r\n<meta property=\"og:type\" content=\"article\" \/>\r\n<meta property=\"og:title\" content=\"Un s\u00e9jour \u00e0 Montr\u00e9al fort int\u00e9ressant - UQACtualit\u00e9s\" \/>\r\n<meta property=\"og:description\" content=\"La semaine derni\u00e8re, j\u2019ai pass\u00e9 quelques jours \u00e0 Montr\u00e9al, notamment pour rencontrer de potentiels donateurs int\u00e9ress\u00e9s \u00e0 participer \u00e0 notre campagne majeure de lev\u00e9e de fonds de notre Fondation. Les rencontres en ce sens se succ\u00e8deront ce printemps et je suis confiant que nous serons en mesure d\u2019atteindre l\u2019objectif philanthropique que nous nous sommes fix\u00e9s. [&hellip;]\" \/>\r\n<meta property=\"og:url\" content=\"https:\/\/www.uqac.ca\/uqactualites\/2024\/03\/19\/un-sejour-a-montreal-fort-interessant\/\" \/>\r\n<meta property=\"og:site_name\" content=\"UQACtualit\u00e9s\" \/>\r\n<meta property=\"article:published_time\" content=\"2024-03-19T14:57:52+00:00\" \/>\r\n<meta property=\"article:modified_time\" content=\"2024-07-24T18:31:07+00:00\" \/>\r\n<meta name=\"author\" content=\"Ghislain Samson\" \/>\r\n<meta name=\"twitter:card\" content=\"summary_large_image\" \/>\r\n<meta name=\"twitter:image\" content=\"https:\/\/www.uqac.ca\/uqactualites\/wp-content\/uploads\/2024\/03\/ECOLENAD_UQAC_\u00a9LeQuotidien_MelanieCote.jpg\" \/>\r\n<meta name=\"twitter:label1\" content=\"\u00c9crit par\" \/>\n\t<meta name=\"twitter:data1\" content=\"Ghislain Samson\" \/>\n\t<meta name=\"twitter:label2\" content=\"Estimation du temps de lecture\" \/>\n\t<meta name=\"twitter:data2\" content=\"2 minutes\" \/>\r\n<script type=\"application\/ld+json\" class=\"yoast-schema-graph\">{\"@context\":\"https:\/\/schema.org\",\"@graph\":[{\"@type\":\"WebPage\",\"@id\":\"https:\/\/www.uqac.ca\/uqactualites\/2024\/03\/19\/un-sejour-a-montreal-fort-interessant\/\",\"url\":\"https:\/\/www.uqac.ca\/uqactualites\/2024\/03\/19\/un-sejour-a-montreal-fort-interessant\/\",\"name\":\"Un s\u00e9jour \u00e0 Montr\u00e9al fort int\u00e9ressant - UQACtualit\u00e9s\",\"isPartOf\":{\"@id\":\"https:\/\/www.uqac.ca\/uqactualites\/#website\"},\"primaryImageOfPage\":{\"@id\":\"https:\/\/www.uqac.ca\/uqactualites\/2024\/03\/19\/un-sejour-a-montreal-fort-interessant\/#primaryimage\"},\"image\":{\"@id\":\"https:\/\/www.uqac.ca\/uqactualites\/2024\/03\/19\/un-sejour-a-montreal-fort-interessant\/#primaryimage\"},\"thumbnailUrl\":\"https:\/\/www.uqac.ca\/uqactualites\/wp-content\/uploads\/2024\/03\/ECOLENAD_UQAC_\u00a9LeQuotidien_MelanieCote.jpg\",\"datePublished\":\"2024-03-19T14:57:52+00:00\",\"dateModified\":\"2024-07-24T18:31:07+00:00\",\"author\":{\"@id\":\"https:\/\/www.uqac.ca\/uqactualites\/#\/schema\/person\/ae2225f9f23eebff67a6e899225952fb\"},\"breadcrumb\":{\"@id\":\"https:\/\/www.uqac.ca\/uqactualites\/2024\/03\/19\/un-sejour-a-montreal-fort-interessant\/#breadcrumb\"},\"inLanguage\":\"fr-CA\",\"potentialAction\":[{\"@type\":\"ReadAction\",\"target\":[\"https:\/\/www.uqac.ca\/uqactualites\/2024\/03\/19\/un-sejour-a-montreal-fort-interessant\/\"]}]},{\"@type\":\"ImageObject\",\"inLanguage\":\"fr-CA\",\"@id\":\"https:\/\/www.uqac.ca\/uqactualites\/2024\/03\/19\/un-sejour-a-montreal-fort-interessant\/#primaryimage\",\"url\":\"https:\/\/www.uqac.ca\/uqactualites\/wp-content\/uploads\/2024\/03\/ECOLENAD_UQAC_\u00a9LeQuotidien_MelanieCote.jpg\",\"contentUrl\":\"https:\/\/www.uqac.ca\/uqactualites\/wp-content\/uploads\/2024\/03\/ECOLENAD_UQAC_\u00a9LeQuotidien_MelanieCote.jpg\",\"width\":960,\"height\":1280,\"caption\":\"\u00a9 Le Quotidien, M\u00e9lanie C\u00f4t\u00e9\"},{\"@type\":\"BreadcrumbList\",\"@id\":\"https:\/\/www.uqac.ca\/uqactualites\/2024\/03\/19\/un-sejour-a-montreal-fort-interessant\/#breadcrumb\",\"itemListElement\":[{\"@type\":\"ListItem\",\"position\":1,\"name\":\"Home\",\"item\":\"https:\/\/www.uqac.ca\/uqactualites\/\"},{\"@type\":\"ListItem\",\"position\":2,\"name\":\"Un s\u00e9jour \u00e0 Montr\u00e9al fort int\u00e9ressant\"}]},{\"@type\":\"WebSite\",\"@id\":\"https:\/\/www.uqac.ca\/uqactualites\/#website\",\"url\":\"https:\/\/www.uqac.ca\/uqactualites\/\",\"name\":\"UQACtualit\u00e9s\",\"description\":\"Le portail des nouvelles de l&#039;UQAC\",\"potentialAction\":[{\"@type\":\"SearchAction\",\"target\":{\"@type\":\"EntryPoint\",\"urlTemplate\":\"https:\/\/www.uqac.ca\/uqactualites\/?s={search_term_string}\"},\"query-input\":{\"@type\":\"PropertyValueSpecification\",\"valueRequired\":true,\"valueName\":\"search_term_string\"}}],\"inLanguage\":\"fr-CA\"},{\"@type\":\"Person\",\"@id\":\"https:\/\/www.uqac.ca\/uqactualites\/#\/schema\/person\/ae2225f9f23eebff67a6e899225952fb\",\"name\":\"Ghislain Samson\",\"image\":{\"@type\":\"ImageObject\",\"inLanguage\":\"fr-CA\",\"@id\":\"https:\/\/www.uqac.ca\/uqactualites\/#\/schema\/person\/image\/\",\"url\":\"https:\/\/secure.gravatar.com\/avatar\/61ad9756d7707fefb25ed321388b2105?s=96&d=mm&r=g\",\"contentUrl\":\"https:\/\/secure.gravatar.com\/avatar\/61ad9756d7707fefb25ed321388b2105?s=96&d=mm&r=g\",\"caption\":\"Ghislain Samson\"},\"url\":\"https:\/\/www.uqac.ca\/uqactualites\/author\/gsamson\/\"}]}<\/script>\r\n<!-- \/ Yoast SEO plugin. -->","yoast_head_json":{"title":"Un s\u00e9jour \u00e0 Montr\u00e9al fort int\u00e9ressant - UQACtualit\u00e9s","robots":{"index":"index","follow":"follow","max-snippet":"max-snippet:-1","max-image-preview":"max-image-preview:large","max-video-preview":"max-video-preview:-1"},"canonical":"https:\/\/www.uqac.ca\/uqactualites\/2024\/03\/19\/un-sejour-a-montreal-fort-interessant\/","og_locale":"fr_CA","og_type":"article","og_title":"Un s\u00e9jour \u00e0 Montr\u00e9al fort int\u00e9ressant - UQACtualit\u00e9s","og_description":"La semaine derni\u00e8re, j\u2019ai pass\u00e9 quelques jours \u00e0 Montr\u00e9al, notamment pour rencontrer de potentiels donateurs int\u00e9ress\u00e9s \u00e0 participer \u00e0 notre campagne majeure de lev\u00e9e de fonds de notre Fondation. Les rencontres en ce sens se succ\u00e8deront ce printemps et je suis confiant que nous serons en mesure d\u2019atteindre l\u2019objectif philanthropique que nous nous sommes fix\u00e9s. [&hellip;]","og_url":"https:\/\/www.uqac.ca\/uqactualites\/2024\/03\/19\/un-sejour-a-montreal-fort-interessant\/","og_site_name":"UQACtualit\u00e9s","article_published_time":"2024-03-19T14:57:52+00:00","article_modified_time":"2024-07-24T18:31:07+00:00","author":"Ghislain Samson","twitter_card":"summary_large_image","twitter_image":"https:\/\/www.uqac.ca\/uqactualites\/wp-content\/uploads\/2024\/03\/ECOLENAD_UQAC_\u00a9LeQuotidien_MelanieCote.jpg","twitter_misc":{"\u00c9crit par":"Ghislain Samson","Estimation du temps de lecture":"2 minutes"},"schema":{"@context":"https:\/\/schema.org","@graph":[{"@type":"WebPage","@id":"https:\/\/www.uqac.ca\/uqactualites\/2024\/03\/19\/un-sejour-a-montreal-fort-interessant\/","url":"https:\/\/www.uqac.ca\/uqactualites\/2024\/03\/19\/un-sejour-a-montreal-fort-interessant\/","name":"Un s\u00e9jour \u00e0 Montr\u00e9al fort int\u00e9ressant - UQACtualit\u00e9s","isPartOf":{"@id":"https:\/\/www.uqac.ca\/uqactualites\/#website"},"primaryImageOfPage":{"@id":"https:\/\/www.uqac.ca\/uqactualites\/2024\/03\/19\/un-sejour-a-montreal-fort-interessant\/#primaryimage"},"image":{"@id":"https:\/\/www.uqac.ca\/uqactualites\/2024\/03\/19\/un-sejour-a-montreal-fort-interessant\/#primaryimage"},"thumbnailUrl":"https:\/\/www.uqac.ca\/uqactualites\/wp-content\/uploads\/2024\/03\/ECOLENAD_UQAC_\u00a9LeQuotidien_MelanieCote.jpg","datePublished":"2024-03-19T14:57:52+00:00","dateModified":"2024-07-24T18:31:07+00:00","author":{"@id":"https:\/\/www.uqac.ca\/uqactualites\/#\/schema\/person\/ae2225f9f23eebff67a6e899225952fb"},"breadcrumb":{"@id":"https:\/\/www.uqac.ca\/uqactualites\/2024\/03\/19\/un-sejour-a-montreal-fort-interessant\/#breadcrumb"},"inLanguage":"fr-CA","potentialAction":[{"@type":"ReadAction","target":["https:\/\/www.uqac.ca\/uqactualites\/2024\/03\/19\/un-sejour-a-montreal-fort-interessant\/"]}]},{"@type":"ImageObject","inLanguage":"fr-CA","@id":"https:\/\/www.uqac.ca\/uqactualites\/2024\/03\/19\/un-sejour-a-montreal-fort-interessant\/#primaryimage","url":"https:\/\/www.uqac.ca\/uqactualites\/wp-content\/uploads\/2024\/03\/ECOLENAD_UQAC_\u00a9LeQuotidien_MelanieCote.jpg","contentUrl":"https:\/\/www.uqac.ca\/uqactualites\/wp-content\/uploads\/2024\/03\/ECOLENAD_UQAC_\u00a9LeQuotidien_MelanieCote.jpg","width":960,"height":1280,"caption":"\u00a9 Le Quotidien, M\u00e9lanie C\u00f4t\u00e9"},{"@type":"BreadcrumbList","@id":"https:\/\/www.uqac.ca\/uqactualites\/2024\/03\/19\/un-sejour-a-montreal-fort-interessant\/#breadcrumb","itemListElement":[{"@type":"ListItem","position":1,"name":"Home","item":"https:\/\/www.uqac.ca\/uqactualites\/"},{"@type":"ListItem","position":2,"name":"Un s\u00e9jour \u00e0 Montr\u00e9al fort int\u00e9ressant"}]},{"@type":"WebSite","@id":"https:\/\/www.uqac.ca\/uqactualites\/#website","url":"https:\/\/www.uqac.ca\/uqactualites\/","name":"UQACtualit\u00e9s","description":"Le portail des nouvelles de l&#039;UQAC","potentialAction":[{"@type":"SearchAction","target":{"@type":"EntryPoint","urlTemplate":"https:\/\/www.uqac.ca\/uqactualites\/?s={search_term_string}"},"query-input":{"@type":"PropertyValueSpecification","valueRequired":true,"valueName":"search_term_string"}}],"inLanguage":"fr-CA"},{"@type":"Person","@id":"https:\/\/www.uqac.ca\/uqactualites\/#\/schema\/person\/ae2225f9f23eebff67a6e899225952fb","name":"Ghislain Samson","image":{"@type":"ImageObject","inLanguage":"fr-CA","@id":"https:\/\/www.uqac.ca\/uqactualites\/#\/schema\/person\/image\/","url":"https:\/\/secure.gravatar.com\/avatar\/61ad9756d7707fefb25ed321388b2105?s=96&d=mm&r=g","contentUrl":"https:\/\/secure.gravatar.com\/avatar\/61ad9756d7707fefb25ed321388b2105?s=96&d=mm&r=g","caption":"Ghislain Samson"},"url":"https:\/\/www.uqac.ca\/uqactualites\/author\/gsamson\/"}]}},"_links":{"self":[{"href":"https:\/\/www.uqac.ca\/uqactualites\/wp-json\/wp\/v2\/posts\/46439"}],"collection":[{"href":"https:\/\/www.uqac.ca\/uqactualites\/wp-json\/wp\/v2\/posts"}],"about":[{"href":"https:\/\/www.uqac.ca\/uqactualites\/wp-json\/wp\/v2\/types\/post"}],"author":[{"embeddable":true,"href":"https:\/\/www.uqac.ca\/uqactualites\/wp-json\/wp\/v2\/users\/10"}],"replies":[{"embeddable":true,"href":"https:\/\/www.uqac.ca\/uqactualites\/wp-json\/wp\/v2\/comments?post=46439"}],"version-history":[{"count":1,"href":"https:\/\/www.uqac.ca\/uqactualites\/wp-json\/wp\/v2\/posts\/46439\/revisions"}],"predecessor-version":[{"id":46443,"href":"https:\/\/www.uqac.ca\/uqactualites\/wp-json\/wp\/v2\/posts\/46439\/revisions\/46443"}],"wp:featuredmedia":[{"embeddable":true,"href":"https:\/\/www.uqac.ca\/uqactualites\/wp-json\/wp\/v2\/media\/46446"}],"wp:attachment":[{"href":"https:\/\/www.uqac.ca\/uqactualites\/wp-json\/wp\/v2\/media?parent=46439"}],"wp:term":[{"taxonomy":"category","embeddable":true,"href":"https:\/\/www.uqac.ca\/uqactualites\/wp-json\/wp\/v2\/categories?post=46439"},{"taxonomy":"post_tag","embeddable":true,"href":"https:\/\/www.uqac.ca\/uqactualites\/wp-json\/wp\/v2\/tags?post=46439"}],"curies":[{"name":"wp","href":"https:\/\/api.w.org\/{rel}","templated":true}]}}