{"id":46471,"date":"2024-03-21T09:45:31","date_gmt":"2024-03-21T13:45:31","guid":{"rendered":"https:\/\/www.uqac.ca\/uqactualites\/?p=46471"},"modified":"2024-07-24T14:25:53","modified_gmt":"2024-07-24T18:25:53","slug":"luqac-lance-le-centre-de-valorisation-du-francais-lors-de-la-journee-internationale-de-la-francophonie","status":"publish","type":"post","link":"https:\/\/www.uqac.ca\/uqactualites\/2024\/03\/21\/luqac-lance-le-centre-de-valorisation-du-francais-lors-de-la-journee-internationale-de-la-francophonie\/","title":{"rendered":"L\u2019UQAC lance le Centre de valorisation du fran\u00e7ais lors de la Journ\u00e9e internationale de la Francophonie"},"content":{"rendered":"<p>Le 20 mars marque la Journ\u00e9e internationale de la Francophonie. Cette journ\u00e9e est d\u00e9di\u00e9e au soutien et au rehaussement de l\u2019usage de la langue fran\u00e7aise. C\u2019est dans cet esprit que s\u2019est inscrit le lancement officiel du <a href=\"https:\/\/www.uqac.ca\/ccoe\/#:~:text=Modalit%C3%A9s%20d'application-,%C3%80%20propos,de%20la%20comp%C3%A9tence%20en%20fran%C3%A7ais.\">Centre de valorisation du fran\u00e7ais (CVF)<\/a>, dont la vision d\u2019excellence et de r\u00e9f\u00e9rence en mati\u00e8re de langue fran\u00e7aise \u00e0 l\u2019UQAC a \u00e9t\u00e9 mise en lumi\u00e8re mercredi dernier. Le CVF remplace le Centre de communication orale et \u00e9crite et l\u2019\u00c9cole de langue fran\u00e7aise et de culture qu\u00e9b\u00e9coise. Il a pour mission de favoriser l\u2019acquisition, la consolidation et l\u2019am\u00e9lioration de la comp\u00e9tence en fran\u00e7ais, \u00e0 l\u2019\u00e9crit comme \u00e0 l\u2019oral, de l\u2019ensemble de la communaut\u00e9 de l\u2019UQAC.<\/p>\n<p>Ce jour de lancement fut \u00e9galement l\u2019occasion, pour le CVF, de sensibiliser la communaut\u00e9 universitaire aux enjeux li\u00e9s \u00e0 la s\u00e9curit\u00e9 et la valorisation du fran\u00e7ais gr\u00e2ce \u00e0 une s\u00e9ance de visionnement du documentaire<em> <a href=\"https:\/\/ici.tou.tv\/parler-mal\" target=\"_blank\" rel=\"noopener\">Parler mal<\/a><\/em>. \u00a0Par la r\u00e9alisatrice et le r\u00e9alisateur d\u2019origines acadiennes Bianca Richard et Gabriel Robichaud, <em>Parler mal<\/em> offre des t\u00e9moignages percutants de Canadiennes et Canadiens francophones touch\u00e9s par l\u2019ins\u00e9curit\u00e9 linguistique. Les deux documentaristes \u00e9taient d\u2019ailleurs pr\u00e9sents en visioconf\u00e9rence lors de la diffusion pour \u00e9changer et r\u00e9pondre aux questions suscit\u00e9es par l\u2019\u0153uvre audiovisuelle.<\/p>\n<p><img loading=\"lazy\" decoding=\"async\" class=\"alignnone wp-image-46474\" src=\"https:\/\/www.uqac.ca\/uqactualites\/wp-content\/uploads\/2024\/03\/cvf-lancement-mduhaime-h24-10-1024x683.jpg\" alt=\"\" width=\"500\" height=\"333\" srcset=\"https:\/\/www.uqac.ca\/uqactualites\/wp-content\/uploads\/2024\/03\/cvf-lancement-mduhaime-h24-10-1024x683.jpg 1024w, https:\/\/www.uqac.ca\/uqactualites\/wp-content\/uploads\/2024\/03\/cvf-lancement-mduhaime-h24-10-300x200.jpg 300w, https:\/\/www.uqac.ca\/uqactualites\/wp-content\/uploads\/2024\/03\/cvf-lancement-mduhaime-h24-10-768x512.jpg 768w, https:\/\/www.uqac.ca\/uqactualites\/wp-content\/uploads\/2024\/03\/cvf-lancement-mduhaime-h24-10-1536x1024.jpg 1536w, https:\/\/www.uqac.ca\/uqactualites\/wp-content\/uploads\/2024\/03\/cvf-lancement-mduhaime-h24-10-150x100.jpg 150w, https:\/\/www.uqac.ca\/uqactualites\/wp-content\/uploads\/2024\/03\/cvf-lancement-mduhaime-h24-10-696x464.jpg 696w, https:\/\/www.uqac.ca\/uqactualites\/wp-content\/uploads\/2024\/03\/cvf-lancement-mduhaime-h24-10-1068x712.jpg 1068w, https:\/\/www.uqac.ca\/uqactualites\/wp-content\/uploads\/2024\/03\/cvf-lancement-mduhaime-h24-10.jpg 1920w\" sizes=\"(max-width: 500px) 100vw, 500px\" \/><\/p>\n<p>Au cours de la journ\u00e9e, le CVF a aussi tenu un kiosque d\u2019information au Centre social pour faire conna\u00eetre ses mandats ainsi que <a href=\"https:\/\/www.uqac.ca\/ccoe\/offre-a-la-communaute-etudiante\/\">son offre de services<\/a>, qui cible autant la communaut\u00e9 \u00e9tudiante que le personnel de l\u2019UQAC.<\/p>\n<p><strong><a href=\"https:\/\/www.uqac.ca\/ccoe\/\">En savoir plus sur le Centre de valorisation du fran\u00e7ais<\/a><\/strong><\/p>\n<p><strong><a href=\"https:\/\/ici.tou.tv\/parler-mal\" target=\"_blank\" rel=\"noopener\">Visionner gratuitement le documentaire <em>Parler Mal<\/em><\/a><\/strong><\/p>\n","protected":false},"excerpt":{"rendered":"<p>Le 20 mars marque la Journ\u00e9e internationale de la Francophonie. Cette journ\u00e9e est d\u00e9di\u00e9e au soutien et au rehaussement de l\u2019usage de la langue fran\u00e7aise. C\u2019est dans cet esprit que s\u2019est inscrit le lancement officiel du Centre de valorisation du fran\u00e7ais (CVF), dont la vision d\u2019excellence et de r\u00e9f\u00e9rence en mati\u00e8re de langue fran\u00e7aise \u00e0 [&hellip;]<\/p>\n","protected":false},"author":5,"featured_media":46472,"comment_status":"open","ping_status":"open","sticky":false,"template":"","format":"standard","meta":{"footnotes":""},"categories":[2795,2854,61],"tags":[2848,39],"yoast_head":"<!-- This site is optimized with the Yoast SEO plugin v24.2 - https:\/\/yoast.com\/wordpress\/plugins\/seo\/ -->\r\n<title>L\u2019UQAC lance le Centre de valorisation du fran\u00e7ais lors de la Journ\u00e9e internationale de la Francophonie - UQACtualit\u00e9s<\/title>\r\n<meta name=\"description\" content=\"La Journ\u00e9e internationale de la Francophonie marquait le lancement officiel du Centre de valorisation du fran\u00e7ais (CVF).\" \/>\r\n<meta name=\"robots\" content=\"index, follow, max-snippet:-1, max-image-preview:large, max-video-preview:-1\" \/>\r\n<link rel=\"canonical\" href=\"https:\/\/www.uqac.ca\/uqactualites\/2024\/03\/21\/luqac-lance-le-centre-de-valorisation-du-francais-lors-de-la-journee-internationale-de-la-francophonie\/\" \/>\r\n<meta property=\"og:locale\" content=\"fr_CA\" \/>\r\n<meta property=\"og:type\" content=\"article\" \/>\r\n<meta property=\"og:title\" content=\"L\u2019UQAC lance le Centre de valorisation du fran\u00e7ais lors de la Journ\u00e9e internationale de la Francophonie - UQACtualit\u00e9s\" \/>\r\n<meta property=\"og:description\" content=\"La Journ\u00e9e internationale de la Francophonie marquait le lancement officiel du Centre de valorisation du fran\u00e7ais (CVF).\" \/>\r\n<meta property=\"og:url\" content=\"https:\/\/www.uqac.ca\/uqactualites\/2024\/03\/21\/luqac-lance-le-centre-de-valorisation-du-francais-lors-de-la-journee-internationale-de-la-francophonie\/\" \/>\r\n<meta property=\"og:site_name\" content=\"UQACtualit\u00e9s\" \/>\r\n<meta property=\"article:published_time\" content=\"2024-03-21T13:45:31+00:00\" \/>\r\n<meta property=\"article:modified_time\" content=\"2024-07-24T18:25:53+00:00\" \/>\r\n<meta property=\"og:image\" content=\"https:\/\/www.uqac.ca\/uqactualites\/wp-content\/uploads\/2024\/03\/cvf-lancement-mduhaime-h24-11.jpg\" \/>\r\n\t<meta property=\"og:image:width\" content=\"1920\" \/>\r\n\t<meta property=\"og:image:height\" content=\"1280\" \/>\r\n\t<meta property=\"og:image:type\" content=\"image\/jpeg\" \/>\r\n<meta name=\"author\" content=\"Service des communications et des relations publiques\" \/>\r\n<meta name=\"twitter:card\" content=\"summary_large_image\" \/>\r\n<meta name=\"twitter:label1\" content=\"\u00c9crit par\" \/>\n\t<meta name=\"twitter:data1\" content=\"Service des communications et des relations publiques\" \/>\n\t<meta name=\"twitter:label2\" content=\"Estimation du temps de lecture\" \/>\n\t<meta name=\"twitter:data2\" content=\"2 minutes\" \/>\r\n<script type=\"application\/ld+json\" class=\"yoast-schema-graph\">{\"@context\":\"https:\/\/schema.org\",\"@graph\":[{\"@type\":\"WebPage\",\"@id\":\"https:\/\/www.uqac.ca\/uqactualites\/2024\/03\/21\/luqac-lance-le-centre-de-valorisation-du-francais-lors-de-la-journee-internationale-de-la-francophonie\/\",\"url\":\"https:\/\/www.uqac.ca\/uqactualites\/2024\/03\/21\/luqac-lance-le-centre-de-valorisation-du-francais-lors-de-la-journee-internationale-de-la-francophonie\/\",\"name\":\"L\u2019UQAC lance le Centre de valorisation du fran\u00e7ais lors de la Journ\u00e9e internationale de la Francophonie - UQACtualit\u00e9s\",\"isPartOf\":{\"@id\":\"https:\/\/www.uqac.ca\/uqactualites\/#website\"},\"primaryImageOfPage\":{\"@id\":\"https:\/\/www.uqac.ca\/uqactualites\/2024\/03\/21\/luqac-lance-le-centre-de-valorisation-du-francais-lors-de-la-journee-internationale-de-la-francophonie\/#primaryimage\"},\"image\":{\"@id\":\"https:\/\/www.uqac.ca\/uqactualites\/2024\/03\/21\/luqac-lance-le-centre-de-valorisation-du-francais-lors-de-la-journee-internationale-de-la-francophonie\/#primaryimage\"},\"thumbnailUrl\":\"https:\/\/www.uqac.ca\/uqactualites\/wp-content\/uploads\/2024\/03\/cvf-lancement-mduhaime-h24-11.jpg\",\"datePublished\":\"2024-03-21T13:45:31+00:00\",\"dateModified\":\"2024-07-24T18:25:53+00:00\",\"author\":{\"@id\":\"https:\/\/www.uqac.ca\/uqactualites\/#\/schema\/person\/366c45a0c4f0e677b41b4af5886e2018\"},\"description\":\"La Journ\u00e9e internationale de la Francophonie marquait le lancement officiel du Centre de valorisation du fran\u00e7ais (CVF).\",\"breadcrumb\":{\"@id\":\"https:\/\/www.uqac.ca\/uqactualites\/2024\/03\/21\/luqac-lance-le-centre-de-valorisation-du-francais-lors-de-la-journee-internationale-de-la-francophonie\/#breadcrumb\"},\"inLanguage\":\"fr-CA\",\"potentialAction\":[{\"@type\":\"ReadAction\",\"target\":[\"https:\/\/www.uqac.ca\/uqactualites\/2024\/03\/21\/luqac-lance-le-centre-de-valorisation-du-francais-lors-de-la-journee-internationale-de-la-francophonie\/\"]}]},{\"@type\":\"ImageObject\",\"inLanguage\":\"fr-CA\",\"@id\":\"https:\/\/www.uqac.ca\/uqactualites\/2024\/03\/21\/luqac-lance-le-centre-de-valorisation-du-francais-lors-de-la-journee-internationale-de-la-francophonie\/#primaryimage\",\"url\":\"https:\/\/www.uqac.ca\/uqactualites\/wp-content\/uploads\/2024\/03\/cvf-lancement-mduhaime-h24-11.jpg\",\"contentUrl\":\"https:\/\/www.uqac.ca\/uqactualites\/wp-content\/uploads\/2024\/03\/cvf-lancement-mduhaime-h24-11.jpg\",\"width\":1920,\"height\":1280,\"caption\":\"Centre de valorisation du Fran\u00e7ais\"},{\"@type\":\"BreadcrumbList\",\"@id\":\"https:\/\/www.uqac.ca\/uqactualites\/2024\/03\/21\/luqac-lance-le-centre-de-valorisation-du-francais-lors-de-la-journee-internationale-de-la-francophonie\/#breadcrumb\",\"itemListElement\":[{\"@type\":\"ListItem\",\"position\":1,\"name\":\"Home\",\"item\":\"https:\/\/www.uqac.ca\/uqactualites\/\"},{\"@type\":\"ListItem\",\"position\":2,\"name\":\"L\u2019UQAC lance le Centre de valorisation du fran\u00e7ais lors de la Journ\u00e9e internationale de la Francophonie\"}]},{\"@type\":\"WebSite\",\"@id\":\"https:\/\/www.uqac.ca\/uqactualites\/#website\",\"url\":\"https:\/\/www.uqac.ca\/uqactualites\/\",\"name\":\"UQACtualit\u00e9s\",\"description\":\"Le portail des nouvelles de l&#039;UQAC\",\"potentialAction\":[{\"@type\":\"SearchAction\",\"target\":{\"@type\":\"EntryPoint\",\"urlTemplate\":\"https:\/\/www.uqac.ca\/uqactualites\/?s={search_term_string}\"},\"query-input\":{\"@type\":\"PropertyValueSpecification\",\"valueRequired\":true,\"valueName\":\"search_term_string\"}}],\"inLanguage\":\"fr-CA\"},{\"@type\":\"Person\",\"@id\":\"https:\/\/www.uqac.ca\/uqactualites\/#\/schema\/person\/366c45a0c4f0e677b41b4af5886e2018\",\"name\":\"Service des communications et des relations publiques\",\"image\":{\"@type\":\"ImageObject\",\"inLanguage\":\"fr-CA\",\"@id\":\"https:\/\/www.uqac.ca\/uqactualites\/#\/schema\/person\/image\/\",\"url\":\"https:\/\/secure.gravatar.com\/avatar\/20fbbda8a292f59f2d3461a5b999c00b?s=96&d=mm&r=g\",\"contentUrl\":\"https:\/\/secure.gravatar.com\/avatar\/20fbbda8a292f59f2d3461a5b999c00b?s=96&d=mm&r=g\",\"caption\":\"Service des communications et des relations publiques\"},\"url\":\"https:\/\/www.uqac.ca\/uqactualites\/author\/bap\/\"}]}<\/script>\r\n<!-- \/ Yoast SEO plugin. -->","yoast_head_json":{"title":"L\u2019UQAC lance le Centre de valorisation du fran\u00e7ais lors de la Journ\u00e9e internationale de la Francophonie - UQACtualit\u00e9s","description":"La Journ\u00e9e internationale de la Francophonie marquait le lancement officiel du Centre de valorisation du fran\u00e7ais (CVF).","robots":{"index":"index","follow":"follow","max-snippet":"max-snippet:-1","max-image-preview":"max-image-preview:large","max-video-preview":"max-video-preview:-1"},"canonical":"https:\/\/www.uqac.ca\/uqactualites\/2024\/03\/21\/luqac-lance-le-centre-de-valorisation-du-francais-lors-de-la-journee-internationale-de-la-francophonie\/","og_locale":"fr_CA","og_type":"article","og_title":"L\u2019UQAC lance le Centre de valorisation du fran\u00e7ais lors de la Journ\u00e9e internationale de la Francophonie - UQACtualit\u00e9s","og_description":"La Journ\u00e9e internationale de la Francophonie marquait le lancement officiel du Centre de valorisation du fran\u00e7ais (CVF).","og_url":"https:\/\/www.uqac.ca\/uqactualites\/2024\/03\/21\/luqac-lance-le-centre-de-valorisation-du-francais-lors-de-la-journee-internationale-de-la-francophonie\/","og_site_name":"UQACtualit\u00e9s","article_published_time":"2024-03-21T13:45:31+00:00","article_modified_time":"2024-07-24T18:25:53+00:00","og_image":[{"width":1920,"height":1280,"url":"https:\/\/www.uqac.ca\/uqactualites\/wp-content\/uploads\/2024\/03\/cvf-lancement-mduhaime-h24-11.jpg","type":"image\/jpeg"}],"author":"Service des communications et des relations publiques","twitter_card":"summary_large_image","twitter_misc":{"\u00c9crit par":"Service des communications et des relations publiques","Estimation du temps de lecture":"2 minutes"},"schema":{"@context":"https:\/\/schema.org","@graph":[{"@type":"WebPage","@id":"https:\/\/www.uqac.ca\/uqactualites\/2024\/03\/21\/luqac-lance-le-centre-de-valorisation-du-francais-lors-de-la-journee-internationale-de-la-francophonie\/","url":"https:\/\/www.uqac.ca\/uqactualites\/2024\/03\/21\/luqac-lance-le-centre-de-valorisation-du-francais-lors-de-la-journee-internationale-de-la-francophonie\/","name":"L\u2019UQAC lance le Centre de valorisation du fran\u00e7ais lors de la Journ\u00e9e internationale de la Francophonie - UQACtualit\u00e9s","isPartOf":{"@id":"https:\/\/www.uqac.ca\/uqactualites\/#website"},"primaryImageOfPage":{"@id":"https:\/\/www.uqac.ca\/uqactualites\/2024\/03\/21\/luqac-lance-le-centre-de-valorisation-du-francais-lors-de-la-journee-internationale-de-la-francophonie\/#primaryimage"},"image":{"@id":"https:\/\/www.uqac.ca\/uqactualites\/2024\/03\/21\/luqac-lance-le-centre-de-valorisation-du-francais-lors-de-la-journee-internationale-de-la-francophonie\/#primaryimage"},"thumbnailUrl":"https:\/\/www.uqac.ca\/uqactualites\/wp-content\/uploads\/2024\/03\/cvf-lancement-mduhaime-h24-11.jpg","datePublished":"2024-03-21T13:45:31+00:00","dateModified":"2024-07-24T18:25:53+00:00","author":{"@id":"https:\/\/www.uqac.ca\/uqactualites\/#\/schema\/person\/366c45a0c4f0e677b41b4af5886e2018"},"description":"La Journ\u00e9e internationale de la Francophonie marquait le lancement officiel du Centre de valorisation du fran\u00e7ais (CVF).","breadcrumb":{"@id":"https:\/\/www.uqac.ca\/uqactualites\/2024\/03\/21\/luqac-lance-le-centre-de-valorisation-du-francais-lors-de-la-journee-internationale-de-la-francophonie\/#breadcrumb"},"inLanguage":"fr-CA","potentialAction":[{"@type":"ReadAction","target":["https:\/\/www.uqac.ca\/uqactualites\/2024\/03\/21\/luqac-lance-le-centre-de-valorisation-du-francais-lors-de-la-journee-internationale-de-la-francophonie\/"]}]},{"@type":"ImageObject","inLanguage":"fr-CA","@id":"https:\/\/www.uqac.ca\/uqactualites\/2024\/03\/21\/luqac-lance-le-centre-de-valorisation-du-francais-lors-de-la-journee-internationale-de-la-francophonie\/#primaryimage","url":"https:\/\/www.uqac.ca\/uqactualites\/wp-content\/uploads\/2024\/03\/cvf-lancement-mduhaime-h24-11.jpg","contentUrl":"https:\/\/www.uqac.ca\/uqactualites\/wp-content\/uploads\/2024\/03\/cvf-lancement-mduhaime-h24-11.jpg","width":1920,"height":1280,"caption":"Centre de valorisation du Fran\u00e7ais"},{"@type":"BreadcrumbList","@id":"https:\/\/www.uqac.ca\/uqactualites\/2024\/03\/21\/luqac-lance-le-centre-de-valorisation-du-francais-lors-de-la-journee-internationale-de-la-francophonie\/#breadcrumb","itemListElement":[{"@type":"ListItem","position":1,"name":"Home","item":"https:\/\/www.uqac.ca\/uqactualites\/"},{"@type":"ListItem","position":2,"name":"L\u2019UQAC lance le Centre de valorisation du fran\u00e7ais lors de la Journ\u00e9e internationale de la Francophonie"}]},{"@type":"WebSite","@id":"https:\/\/www.uqac.ca\/uqactualites\/#website","url":"https:\/\/www.uqac.ca\/uqactualites\/","name":"UQACtualit\u00e9s","description":"Le portail des nouvelles de l&#039;UQAC","potentialAction":[{"@type":"SearchAction","target":{"@type":"EntryPoint","urlTemplate":"https:\/\/www.uqac.ca\/uqactualites\/?s={search_term_string}"},"query-input":{"@type":"PropertyValueSpecification","valueRequired":true,"valueName":"search_term_string"}}],"inLanguage":"fr-CA"},{"@type":"Person","@id":"https:\/\/www.uqac.ca\/uqactualites\/#\/schema\/person\/366c45a0c4f0e677b41b4af5886e2018","name":"Service des communications et des relations publiques","image":{"@type":"ImageObject","inLanguage":"fr-CA","@id":"https:\/\/www.uqac.ca\/uqactualites\/#\/schema\/person\/image\/","url":"https:\/\/secure.gravatar.com\/avatar\/20fbbda8a292f59f2d3461a5b999c00b?s=96&d=mm&r=g","contentUrl":"https:\/\/secure.gravatar.com\/avatar\/20fbbda8a292f59f2d3461a5b999c00b?s=96&d=mm&r=g","caption":"Service des communications et des relations publiques"},"url":"https:\/\/www.uqac.ca\/uqactualites\/author\/bap\/"}]}},"_links":{"self":[{"href":"https:\/\/www.uqac.ca\/uqactualites\/wp-json\/wp\/v2\/posts\/46471"}],"collection":[{"href":"https:\/\/www.uqac.ca\/uqactualites\/wp-json\/wp\/v2\/posts"}],"about":[{"href":"https:\/\/www.uqac.ca\/uqactualites\/wp-json\/wp\/v2\/types\/post"}],"author":[{"embeddable":true,"href":"https:\/\/www.uqac.ca\/uqactualites\/wp-json\/wp\/v2\/users\/5"}],"replies":[{"embeddable":true,"href":"https:\/\/www.uqac.ca\/uqactualites\/wp-json\/wp\/v2\/comments?post=46471"}],"version-history":[{"count":2,"href":"https:\/\/www.uqac.ca\/uqactualites\/wp-json\/wp\/v2\/posts\/46471\/revisions"}],"predecessor-version":[{"id":46476,"href":"https:\/\/www.uqac.ca\/uqactualites\/wp-json\/wp\/v2\/posts\/46471\/revisions\/46476"}],"wp:featuredmedia":[{"embeddable":true,"href":"https:\/\/www.uqac.ca\/uqactualites\/wp-json\/wp\/v2\/media\/46472"}],"wp:attachment":[{"href":"https:\/\/www.uqac.ca\/uqactualites\/wp-json\/wp\/v2\/media?parent=46471"}],"wp:term":[{"taxonomy":"category","embeddable":true,"href":"https:\/\/www.uqac.ca\/uqactualites\/wp-json\/wp\/v2\/categories?post=46471"},{"taxonomy":"post_tag","embeddable":true,"href":"https:\/\/www.uqac.ca\/uqactualites\/wp-json\/wp\/v2\/tags?post=46471"}],"curies":[{"name":"wp","href":"https:\/\/api.w.org\/{rel}","templated":true}]}}