{"id":46568,"date":"2024-03-27T09:32:06","date_gmt":"2024-03-27T13:32:06","guid":{"rendered":"https:\/\/www.uqac.ca\/uqactualites\/?p=46568"},"modified":"2024-07-24T14:01:59","modified_gmt":"2024-07-24T18:01:59","slug":"le-professeur-l-paul-bedard-et-letudiant-nils-van-weederlen-participent-a-des-recherches-geologiques-en-coree-du-sud","status":"publish","type":"post","link":"https:\/\/www.uqac.ca\/uqactualites\/2024\/03\/27\/le-professeur-l-paul-bedard-et-letudiant-nils-van-weederlen-participent-a-des-recherches-geologiques-en-coree-du-sud\/","title":{"rendered":"Le professeur Paul B\u00e9dard et l\u2019\u00e9tudiant Nils Van Weederlen participent \u00e0 des recherches g\u00e9ologiques en Cor\u00e9e du Sud"},"content":{"rendered":"\r\n<p>Le professeur au <a href=\"https:\/\/www.uqac.ca\/dsa\/\" target=\"_blank\" rel=\"noreferrer noopener\">D\u00e9partement des sciences appliqu\u00e9es<\/a> et directeur du <a href=\"https:\/\/cerm.uqac.ca\/\" target=\"_blank\" rel=\"noreferrer noopener\">Centre d\u2019\u00e9tudes sur les ressources min\u00e9rales (CERM)<\/a> Paul B\u00e9dard et l\u2019\u00e9tudiant au <a href=\"https:\/\/www.uqac.ca\/programme\/3141-doctorat-en-sc-de-la-terre-et-de-latmosphere\/\" target=\"_blank\" rel=\"noreferrer noopener\">doctorat en sciences de la Terre et de l\u2019atmosph\u00e8re<\/a> de l\u2019UQAC Nils Van Weederlen ont \u00e9t\u00e9 invit\u00e9s par l\u2019Institut de Cor\u00e9e du Sud en g\u00e9osciences et en ressources min\u00e9rales (KIGAM) pour contribuer \u00e0 une recherche sur les min\u00e9raux critiques et strat\u00e9giques.<\/p>\r\n\r\n\r\n\r\n<p>La g\u00e9ologie de certaines r\u00e9gions de la Cor\u00e9e du Sud pr\u00e9sente des similitudes avec celle du Saguenay Lac-Saint-Jean d\u2019o\u00f9 l\u2019int\u00e9r\u00eat de cette collaboration. L\u2019expertise du professeur Paul B\u00e9dard et de Nils Van Weederlen fut grandement appr\u00e9ci\u00e9e par les membres de la commission g\u00e9ologique sud-cor\u00e9enne ainsi que par les g\u00e9ologues et \u00e9tudiants de l\u2019Universit\u00e9 nationale de S\u00e9oul.<\/p>\r\n\r\n\r\n\r\n<p>Le <a href=\"https:\/\/www.uqac.ca\/portfolio\/paulbedard\/\" target=\"_blank\" rel=\"noopener\">professeur B\u00e9dard<\/a> en a d\u2019ailleurs profit\u00e9 pour pr\u00e9senter deux conf\u00e9rences: une qui portait sur le gisement de niobium et de terres rares \u00e0 Saint-Honor\u00e9 et une autre \u00e0 propos de l\u2019identification automatis\u00e9e des min\u00e9raux et sur une approche novatrice de p\u00e9trographie quantitative.<\/p>\r\n","protected":false},"excerpt":{"rendered":"<p>Le professeur au D\u00e9partement des sciences appliqu\u00e9es et directeur du Centre d\u2019\u00e9tudes sur les ressources min\u00e9rales (CERM) Paul B\u00e9dard et l\u2019\u00e9tudiant au doctorat en sciences de la Terre et de l\u2019atmosph\u00e8re de l\u2019UQAC Nils Van Weederlen ont \u00e9t\u00e9 invit\u00e9s par l\u2019Institut de Cor\u00e9e du Sud en g\u00e9osciences et en ressources min\u00e9rales (KIGAM) pour contribuer \u00e0 [&hellip;]<\/p>\n","protected":false},"author":5,"featured_media":46570,"comment_status":"open","ping_status":"open","sticky":false,"template":"","format":"standard","meta":{"footnotes":""},"categories":[2795,4],"tags":[46,21,100],"yoast_head":"<!-- This site is optimized with the Yoast SEO plugin v24.2 - https:\/\/yoast.com\/wordpress\/plugins\/seo\/ -->\r\n<title>Le professeur Paul B\u00e9dard et l\u2019\u00e9tudiant Nils Van Weederlen participent \u00e0 des recherches g\u00e9ologiques en Cor\u00e9e du Sud - UQACtualit\u00e9s<\/title>\r\n<meta name=\"description\" content=\"Le Pr. Paul B\u00e9dard et le doctorant Nils Van Weederlen \u00e9taient en Cor\u00e9e du Sud pour contribuer \u00e0 une recherche sur les min\u00e9raux.\" \/>\r\n<meta name=\"robots\" content=\"index, follow, max-snippet:-1, max-image-preview:large, max-video-preview:-1\" \/>\r\n<link rel=\"canonical\" href=\"https:\/\/www.uqac.ca\/uqactualites\/2024\/03\/27\/le-professeur-l-paul-bedard-et-letudiant-nils-van-weederlen-participent-a-des-recherches-geologiques-en-coree-du-sud\/\" \/>\r\n<meta property=\"og:locale\" content=\"fr_CA\" \/>\r\n<meta property=\"og:type\" content=\"article\" \/>\r\n<meta property=\"og:title\" content=\"Le professeur Paul B\u00e9dard et l\u2019\u00e9tudiant Nils Van Weederlen participent \u00e0 des recherches g\u00e9ologiques en Cor\u00e9e du Sud - UQACtualit\u00e9s\" \/>\r\n<meta property=\"og:description\" content=\"Le Pr. Paul B\u00e9dard et le doctorant Nils Van Weederlen \u00e9taient en Cor\u00e9e du Sud pour contribuer \u00e0 une recherche sur les min\u00e9raux.\" \/>\r\n<meta property=\"og:url\" content=\"https:\/\/www.uqac.ca\/uqactualites\/2024\/03\/27\/le-professeur-l-paul-bedard-et-letudiant-nils-van-weederlen-participent-a-des-recherches-geologiques-en-coree-du-sud\/\" \/>\r\n<meta property=\"og:site_name\" content=\"UQACtualit\u00e9s\" \/>\r\n<meta property=\"article:published_time\" content=\"2024-03-27T13:32:06+00:00\" \/>\r\n<meta property=\"article:modified_time\" content=\"2024-07-24T18:01:59+00:00\" \/>\r\n<meta property=\"og:image\" content=\"https:\/\/www.uqac.ca\/uqactualites\/wp-content\/uploads\/2024\/03\/Kigam_Field_trip.jpg\" \/>\r\n\t<meta property=\"og:image:width\" content=\"1600\" \/>\r\n\t<meta property=\"og:image:height\" content=\"900\" \/>\r\n\t<meta property=\"og:image:type\" content=\"image\/jpeg\" \/>\r\n<meta name=\"author\" content=\"Service des communications et des relations publiques\" \/>\r\n<meta name=\"twitter:card\" content=\"summary_large_image\" \/>\r\n<meta name=\"twitter:label1\" content=\"\u00c9crit par\" \/>\n\t<meta name=\"twitter:data1\" content=\"Service des communications et des relations publiques\" \/>\n\t<meta name=\"twitter:label2\" content=\"Estimation du temps de lecture\" \/>\n\t<meta name=\"twitter:data2\" content=\"2 minutes\" \/>\r\n<script type=\"application\/ld+json\" class=\"yoast-schema-graph\">{\"@context\":\"https:\/\/schema.org\",\"@graph\":[{\"@type\":\"WebPage\",\"@id\":\"https:\/\/www.uqac.ca\/uqactualites\/2024\/03\/27\/le-professeur-l-paul-bedard-et-letudiant-nils-van-weederlen-participent-a-des-recherches-geologiques-en-coree-du-sud\/\",\"url\":\"https:\/\/www.uqac.ca\/uqactualites\/2024\/03\/27\/le-professeur-l-paul-bedard-et-letudiant-nils-van-weederlen-participent-a-des-recherches-geologiques-en-coree-du-sud\/\",\"name\":\"Le professeur Paul B\u00e9dard et l\u2019\u00e9tudiant Nils Van Weederlen participent \u00e0 des recherches g\u00e9ologiques en Cor\u00e9e du Sud - UQACtualit\u00e9s\",\"isPartOf\":{\"@id\":\"https:\/\/www.uqac.ca\/uqactualites\/#website\"},\"primaryImageOfPage\":{\"@id\":\"https:\/\/www.uqac.ca\/uqactualites\/2024\/03\/27\/le-professeur-l-paul-bedard-et-letudiant-nils-van-weederlen-participent-a-des-recherches-geologiques-en-coree-du-sud\/#primaryimage\"},\"image\":{\"@id\":\"https:\/\/www.uqac.ca\/uqactualites\/2024\/03\/27\/le-professeur-l-paul-bedard-et-letudiant-nils-van-weederlen-participent-a-des-recherches-geologiques-en-coree-du-sud\/#primaryimage\"},\"thumbnailUrl\":\"https:\/\/www.uqac.ca\/uqactualites\/wp-content\/uploads\/2024\/03\/Kigam_Field_trip.jpg\",\"datePublished\":\"2024-03-27T13:32:06+00:00\",\"dateModified\":\"2024-07-24T18:01:59+00:00\",\"author\":{\"@id\":\"https:\/\/www.uqac.ca\/uqactualites\/#\/schema\/person\/366c45a0c4f0e677b41b4af5886e2018\"},\"description\":\"Le Pr. Paul B\u00e9dard et le doctorant Nils Van Weederlen \u00e9taient en Cor\u00e9e du Sud pour contribuer \u00e0 une recherche sur les min\u00e9raux.\",\"breadcrumb\":{\"@id\":\"https:\/\/www.uqac.ca\/uqactualites\/2024\/03\/27\/le-professeur-l-paul-bedard-et-letudiant-nils-van-weederlen-participent-a-des-recherches-geologiques-en-coree-du-sud\/#breadcrumb\"},\"inLanguage\":\"fr-CA\",\"potentialAction\":[{\"@type\":\"ReadAction\",\"target\":[\"https:\/\/www.uqac.ca\/uqactualites\/2024\/03\/27\/le-professeur-l-paul-bedard-et-letudiant-nils-van-weederlen-participent-a-des-recherches-geologiques-en-coree-du-sud\/\"]}]},{\"@type\":\"ImageObject\",\"inLanguage\":\"fr-CA\",\"@id\":\"https:\/\/www.uqac.ca\/uqactualites\/2024\/03\/27\/le-professeur-l-paul-bedard-et-letudiant-nils-van-weederlen-participent-a-des-recherches-geologiques-en-coree-du-sud\/#primaryimage\",\"url\":\"https:\/\/www.uqac.ca\/uqactualites\/wp-content\/uploads\/2024\/03\/Kigam_Field_trip.jpg\",\"contentUrl\":\"https:\/\/www.uqac.ca\/uqactualites\/wp-content\/uploads\/2024\/03\/Kigam_Field_trip.jpg\",\"width\":1600,\"height\":900,\"caption\":\"Sur la photo, de gauche \u00e0 droite : Heonkyung Im, Ph.D. (KIGAM), Juneyoung Choi (Universit\u00e9 nationale de S\u00e9oul), Yeongchan Kim (Universit\u00e9 nationale de S\u00e9oul), Otgon-Erdene Davaasuren, Ph. D. (KIGAM), Jung Hun Seo, Ph. D. (Universit\u00e9 nationale de S\u00e9oul), L.Paul B\u00e9dard, ing. Ph. D (UQAC), Bumhan Lee Ph. D. (KIGAM), Bong Chul Yoo Ph. D. (KIGAM) et Nils Van Weederlen M. Sc. (UQAC).\"},{\"@type\":\"BreadcrumbList\",\"@id\":\"https:\/\/www.uqac.ca\/uqactualites\/2024\/03\/27\/le-professeur-l-paul-bedard-et-letudiant-nils-van-weederlen-participent-a-des-recherches-geologiques-en-coree-du-sud\/#breadcrumb\",\"itemListElement\":[{\"@type\":\"ListItem\",\"position\":1,\"name\":\"Home\",\"item\":\"https:\/\/www.uqac.ca\/uqactualites\/\"},{\"@type\":\"ListItem\",\"position\":2,\"name\":\"Le professeur Paul B\u00e9dard et l\u2019\u00e9tudiant Nils Van Weederlen participent \u00e0 des recherches g\u00e9ologiques en Cor\u00e9e du Sud\"}]},{\"@type\":\"WebSite\",\"@id\":\"https:\/\/www.uqac.ca\/uqactualites\/#website\",\"url\":\"https:\/\/www.uqac.ca\/uqactualites\/\",\"name\":\"UQACtualit\u00e9s\",\"description\":\"Le portail des nouvelles de l&#039;UQAC\",\"potentialAction\":[{\"@type\":\"SearchAction\",\"target\":{\"@type\":\"EntryPoint\",\"urlTemplate\":\"https:\/\/www.uqac.ca\/uqactualites\/?s={search_term_string}\"},\"query-input\":{\"@type\":\"PropertyValueSpecification\",\"valueRequired\":true,\"valueName\":\"search_term_string\"}}],\"inLanguage\":\"fr-CA\"},{\"@type\":\"Person\",\"@id\":\"https:\/\/www.uqac.ca\/uqactualites\/#\/schema\/person\/366c45a0c4f0e677b41b4af5886e2018\",\"name\":\"Service des communications et des relations publiques\",\"image\":{\"@type\":\"ImageObject\",\"inLanguage\":\"fr-CA\",\"@id\":\"https:\/\/www.uqac.ca\/uqactualites\/#\/schema\/person\/image\/\",\"url\":\"https:\/\/secure.gravatar.com\/avatar\/20fbbda8a292f59f2d3461a5b999c00b?s=96&d=mm&r=g\",\"contentUrl\":\"https:\/\/secure.gravatar.com\/avatar\/20fbbda8a292f59f2d3461a5b999c00b?s=96&d=mm&r=g\",\"caption\":\"Service des communications et des relations publiques\"},\"url\":\"https:\/\/www.uqac.ca\/uqactualites\/author\/bap\/\"}]}<\/script>\r\n<!-- \/ Yoast SEO plugin. -->","yoast_head_json":{"title":"Le professeur Paul B\u00e9dard et l\u2019\u00e9tudiant Nils Van Weederlen participent \u00e0 des recherches g\u00e9ologiques en Cor\u00e9e du Sud - UQACtualit\u00e9s","description":"Le Pr. Paul B\u00e9dard et le doctorant Nils Van Weederlen \u00e9taient en Cor\u00e9e du Sud pour contribuer \u00e0 une recherche sur les min\u00e9raux.","robots":{"index":"index","follow":"follow","max-snippet":"max-snippet:-1","max-image-preview":"max-image-preview:large","max-video-preview":"max-video-preview:-1"},"canonical":"https:\/\/www.uqac.ca\/uqactualites\/2024\/03\/27\/le-professeur-l-paul-bedard-et-letudiant-nils-van-weederlen-participent-a-des-recherches-geologiques-en-coree-du-sud\/","og_locale":"fr_CA","og_type":"article","og_title":"Le professeur Paul B\u00e9dard et l\u2019\u00e9tudiant Nils Van Weederlen participent \u00e0 des recherches g\u00e9ologiques en Cor\u00e9e du Sud - UQACtualit\u00e9s","og_description":"Le Pr. Paul B\u00e9dard et le doctorant Nils Van Weederlen \u00e9taient en Cor\u00e9e du Sud pour contribuer \u00e0 une recherche sur les min\u00e9raux.","og_url":"https:\/\/www.uqac.ca\/uqactualites\/2024\/03\/27\/le-professeur-l-paul-bedard-et-letudiant-nils-van-weederlen-participent-a-des-recherches-geologiques-en-coree-du-sud\/","og_site_name":"UQACtualit\u00e9s","article_published_time":"2024-03-27T13:32:06+00:00","article_modified_time":"2024-07-24T18:01:59+00:00","og_image":[{"width":1600,"height":900,"url":"https:\/\/www.uqac.ca\/uqactualites\/wp-content\/uploads\/2024\/03\/Kigam_Field_trip.jpg","type":"image\/jpeg"}],"author":"Service des communications et des relations publiques","twitter_card":"summary_large_image","twitter_misc":{"\u00c9crit par":"Service des communications et des relations publiques","Estimation du temps de lecture":"2 minutes"},"schema":{"@context":"https:\/\/schema.org","@graph":[{"@type":"WebPage","@id":"https:\/\/www.uqac.ca\/uqactualites\/2024\/03\/27\/le-professeur-l-paul-bedard-et-letudiant-nils-van-weederlen-participent-a-des-recherches-geologiques-en-coree-du-sud\/","url":"https:\/\/www.uqac.ca\/uqactualites\/2024\/03\/27\/le-professeur-l-paul-bedard-et-letudiant-nils-van-weederlen-participent-a-des-recherches-geologiques-en-coree-du-sud\/","name":"Le professeur Paul B\u00e9dard et l\u2019\u00e9tudiant Nils Van Weederlen participent \u00e0 des recherches g\u00e9ologiques en Cor\u00e9e du Sud - UQACtualit\u00e9s","isPartOf":{"@id":"https:\/\/www.uqac.ca\/uqactualites\/#website"},"primaryImageOfPage":{"@id":"https:\/\/www.uqac.ca\/uqactualites\/2024\/03\/27\/le-professeur-l-paul-bedard-et-letudiant-nils-van-weederlen-participent-a-des-recherches-geologiques-en-coree-du-sud\/#primaryimage"},"image":{"@id":"https:\/\/www.uqac.ca\/uqactualites\/2024\/03\/27\/le-professeur-l-paul-bedard-et-letudiant-nils-van-weederlen-participent-a-des-recherches-geologiques-en-coree-du-sud\/#primaryimage"},"thumbnailUrl":"https:\/\/www.uqac.ca\/uqactualites\/wp-content\/uploads\/2024\/03\/Kigam_Field_trip.jpg","datePublished":"2024-03-27T13:32:06+00:00","dateModified":"2024-07-24T18:01:59+00:00","author":{"@id":"https:\/\/www.uqac.ca\/uqactualites\/#\/schema\/person\/366c45a0c4f0e677b41b4af5886e2018"},"description":"Le Pr. Paul B\u00e9dard et le doctorant Nils Van Weederlen \u00e9taient en Cor\u00e9e du Sud pour contribuer \u00e0 une recherche sur les min\u00e9raux.","breadcrumb":{"@id":"https:\/\/www.uqac.ca\/uqactualites\/2024\/03\/27\/le-professeur-l-paul-bedard-et-letudiant-nils-van-weederlen-participent-a-des-recherches-geologiques-en-coree-du-sud\/#breadcrumb"},"inLanguage":"fr-CA","potentialAction":[{"@type":"ReadAction","target":["https:\/\/www.uqac.ca\/uqactualites\/2024\/03\/27\/le-professeur-l-paul-bedard-et-letudiant-nils-van-weederlen-participent-a-des-recherches-geologiques-en-coree-du-sud\/"]}]},{"@type":"ImageObject","inLanguage":"fr-CA","@id":"https:\/\/www.uqac.ca\/uqactualites\/2024\/03\/27\/le-professeur-l-paul-bedard-et-letudiant-nils-van-weederlen-participent-a-des-recherches-geologiques-en-coree-du-sud\/#primaryimage","url":"https:\/\/www.uqac.ca\/uqactualites\/wp-content\/uploads\/2024\/03\/Kigam_Field_trip.jpg","contentUrl":"https:\/\/www.uqac.ca\/uqactualites\/wp-content\/uploads\/2024\/03\/Kigam_Field_trip.jpg","width":1600,"height":900,"caption":"Sur la photo, de gauche \u00e0 droite : Heonkyung Im, Ph.D. (KIGAM), Juneyoung Choi (Universit\u00e9 nationale de S\u00e9oul), Yeongchan Kim (Universit\u00e9 nationale de S\u00e9oul), Otgon-Erdene Davaasuren, Ph. D. (KIGAM), Jung Hun Seo, Ph. D. (Universit\u00e9 nationale de S\u00e9oul), L.Paul B\u00e9dard, ing. Ph. D (UQAC), Bumhan Lee Ph. D. (KIGAM), Bong Chul Yoo Ph. D. (KIGAM) et Nils Van Weederlen M. Sc. (UQAC)."},{"@type":"BreadcrumbList","@id":"https:\/\/www.uqac.ca\/uqactualites\/2024\/03\/27\/le-professeur-l-paul-bedard-et-letudiant-nils-van-weederlen-participent-a-des-recherches-geologiques-en-coree-du-sud\/#breadcrumb","itemListElement":[{"@type":"ListItem","position":1,"name":"Home","item":"https:\/\/www.uqac.ca\/uqactualites\/"},{"@type":"ListItem","position":2,"name":"Le professeur Paul B\u00e9dard et l\u2019\u00e9tudiant Nils Van Weederlen participent \u00e0 des recherches g\u00e9ologiques en Cor\u00e9e du Sud"}]},{"@type":"WebSite","@id":"https:\/\/www.uqac.ca\/uqactualites\/#website","url":"https:\/\/www.uqac.ca\/uqactualites\/","name":"UQACtualit\u00e9s","description":"Le portail des nouvelles de l&#039;UQAC","potentialAction":[{"@type":"SearchAction","target":{"@type":"EntryPoint","urlTemplate":"https:\/\/www.uqac.ca\/uqactualites\/?s={search_term_string}"},"query-input":{"@type":"PropertyValueSpecification","valueRequired":true,"valueName":"search_term_string"}}],"inLanguage":"fr-CA"},{"@type":"Person","@id":"https:\/\/www.uqac.ca\/uqactualites\/#\/schema\/person\/366c45a0c4f0e677b41b4af5886e2018","name":"Service des communications et des relations publiques","image":{"@type":"ImageObject","inLanguage":"fr-CA","@id":"https:\/\/www.uqac.ca\/uqactualites\/#\/schema\/person\/image\/","url":"https:\/\/secure.gravatar.com\/avatar\/20fbbda8a292f59f2d3461a5b999c00b?s=96&d=mm&r=g","contentUrl":"https:\/\/secure.gravatar.com\/avatar\/20fbbda8a292f59f2d3461a5b999c00b?s=96&d=mm&r=g","caption":"Service des communications et des relations publiques"},"url":"https:\/\/www.uqac.ca\/uqactualites\/author\/bap\/"}]}},"_links":{"self":[{"href":"https:\/\/www.uqac.ca\/uqactualites\/wp-json\/wp\/v2\/posts\/46568"}],"collection":[{"href":"https:\/\/www.uqac.ca\/uqactualites\/wp-json\/wp\/v2\/posts"}],"about":[{"href":"https:\/\/www.uqac.ca\/uqactualites\/wp-json\/wp\/v2\/types\/post"}],"author":[{"embeddable":true,"href":"https:\/\/www.uqac.ca\/uqactualites\/wp-json\/wp\/v2\/users\/5"}],"replies":[{"embeddable":true,"href":"https:\/\/www.uqac.ca\/uqactualites\/wp-json\/wp\/v2\/comments?post=46568"}],"version-history":[{"count":4,"href":"https:\/\/www.uqac.ca\/uqactualites\/wp-json\/wp\/v2\/posts\/46568\/revisions"}],"predecessor-version":[{"id":48085,"href":"https:\/\/www.uqac.ca\/uqactualites\/wp-json\/wp\/v2\/posts\/46568\/revisions\/48085"}],"wp:featuredmedia":[{"embeddable":true,"href":"https:\/\/www.uqac.ca\/uqactualites\/wp-json\/wp\/v2\/media\/46570"}],"wp:attachment":[{"href":"https:\/\/www.uqac.ca\/uqactualites\/wp-json\/wp\/v2\/media?parent=46568"}],"wp:term":[{"taxonomy":"category","embeddable":true,"href":"https:\/\/www.uqac.ca\/uqactualites\/wp-json\/wp\/v2\/categories?post=46568"},{"taxonomy":"post_tag","embeddable":true,"href":"https:\/\/www.uqac.ca\/uqactualites\/wp-json\/wp\/v2\/tags?post=46568"}],"curies":[{"name":"wp","href":"https:\/\/api.w.org\/{rel}","templated":true}]}}