{"id":46607,"date":"2024-04-02T08:09:50","date_gmt":"2024-04-02T12:09:50","guid":{"rendered":"https:\/\/www.uqac.ca\/uqactualites\/?p=46607"},"modified":"2024-07-24T13:49:24","modified_gmt":"2024-07-24T17:49:24","slug":"semaine-des-t-s-une-delegation-etudiante-de-la-maitrise-en-travail-social-participe-a-un-panel-pour-faire-connaitre-ses-recherches","status":"publish","type":"post","link":"https:\/\/www.uqac.ca\/uqactualites\/2024\/04\/02\/semaine-des-t-s-une-delegation-etudiante-de-la-maitrise-en-travail-social-participe-a-un-panel-pour-faire-connaitre-ses-recherches\/","title":{"rendered":"Semaine des T.S.\u00a0: Une d\u00e9l\u00e9gation \u00e9tudiante de la ma\u00eetrise en travail social participe \u00e0 un panel pour faire conna\u00eetre ses recherches"},"content":{"rendered":"\r\n<p>Cette ann\u00e9e, la <strong>Semaine des travailleuses sociales et des travailleurs sociaux<\/strong> (semaine des T.S.) avait lieu du 24 au 30 mars dernier. Pour la <a href=\"https:\/\/www.uqac.ca\/cuts\/\" target=\"_blank\" rel=\"noreferrer noopener\">Clinique universitaire en travail social de l\u2019UQAC<\/a>, c\u2019\u00e9tait l\u2019occasion id\u00e9ale de faire conna\u00eetre la profession \u00e0 la communaut\u00e9 universitaire. Ainsi, plusieurs activit\u00e9s ont \u00e9t\u00e9 organis\u00e9es au cours de la semaine, notamment gr\u00e2ce \u00e0 la mobilisation d\u2019\u00e9tudiantes et d\u2019\u00e9tudiants.<\/p>\r\n\r\n\r\n\r\n<p>Parmi les activit\u00e9s ouvertes \u00e0 tous, notons tout d\u2019abord que le <strong>26 mars<\/strong>, les \u00e9tudiantes et \u00e9tudiantes en travail social ont tenu des <strong>kiosques aux salons verts<\/strong> pour faire conna\u00eetre leur champ d\u2019\u00e9tudes et leur future profession. Tous les membres de la communaut\u00e9 \u00e9taient invit\u00e9s \u00e0 venir discuter et \u00e0 en apprendre davantage sur le travail social et son apport \u00e0 notre soci\u00e9t\u00e9.<\/p>\r\n\r\n\r\n\r\n<p>Souhaitant faire conna\u00eetre la richesse et l\u2019apport des recherches \u00e9tudiantes en travail social, la d\u00e9l\u00e9gation \u00e9tudiante a organis\u00e9 <strong>un panel ouvert \u00e0 toutes et \u00e0 tous<\/strong>. Ce panel, qui avait lieu pendant la journ\u00e9e du <strong>27 mars,<\/strong>\u00a0 a permis \u00e0 des \u00e9tudiantes et \u00e9tudiants de la <a href=\"https:\/\/www.uqac.ca\/programme\/3563-maitrise-en-travail-social\/\" target=\"_blank\" rel=\"noreferrer noopener\">ma\u00eetrise en travail social<\/a> de pr\u00e9senter leur projet de recherche, de discuter de leur parcours et d\u2019\u00e9changer sur les diff\u00e9rentes perspectives li\u00e9es \u00e0 leur domaine d\u2019\u00e9tudes.<\/p>\r\n\r\n\r\n\r\n<p>Les pan\u00e9listes\u00a0qui ont particip\u00e9 sont :<\/p>\r\n\r\n\r\n\r\n<ul>\r\n<li><strong>Catherine Lacelle<\/strong>: Catherine se penche sur le point de vue de jeunes et de parents suivis pour troubles de comportements en protection de la jeunesse sur leur exp\u00e9rience d&rsquo;un programme en r\u00e9adaptation externe.<\/li>\r\n\r\n\r\n\r\n<li><strong>Genevi\u00e8ve Dick<\/strong>: Genevi\u00e8ve travaille sur un projet de ma\u00eetrise portant sur les enjeux de transport dans le cadre de l\u2019intervention sociale en zone rurale, plus particuli\u00e8rement sur son territoire d\u2019adoption.<\/li>\r\n\r\n\r\n\r\n<li><strong>Pascale Jean<\/strong>: Finissante \u00e0 la ma\u00eetrise en travail social, le m\u00e9moire de Pascale porte sur le point de vue de m\u00e8res qu\u00e9b\u00e9coises sur l\u2019exercice de leur r\u00f4le parental aupr\u00e8s d\u2019un enfant hypersensible.<\/li>\r\n\r\n\r\n\r\n<li><strong>Gwenael Granal<\/strong>: Gwenael a entrepris une ma\u00eetrise qui vise \u00e0 mettre \u00e0 l\u2019essai une m\u00e9thode d\u2019intervention alternative aupr\u00e8s des hommes.<\/li>\r\n\r\n\r\n\r\n<li><strong>Karolane Vachon<\/strong>: Karolane s\u2019int\u00e9resse au r\u00f4le des familles, des communaut\u00e9s et du milieu urbain sur les transitions et la pers\u00e9v\u00e9rance scolaires d\u2019<a href=\"https:\/\/can01.safelinks.protection.outlook.com\/?url=http%3A%2F%2Fxn--tudiants-90a.es%2F&amp;data=05%7C02%7Cg3larouc%40uqac.ca%7C01776e81bb3a4fe5f1fc08dc49c09732%7Cc97978b1bd4c44b59bbb20215efdf611%7C0%7C0%7C638466338747355972%7CUnknown%7CTWFpbGZsb3d8eyJWIjoiMC4wLjAwMDAiLCJQIjoiV2luMzIiLCJBTiI6Ik1haWwiLCJXVCI6Mn0%3D%7C0%7C%7C%7C&amp;sdata=JeBxNyuiM3tN0pxppHUwLpRJeuig%2FMbvEQktdjsxogY%3D&amp;reserved=0\">\u00e9tudiants.es<\/a> autochtones au coll\u00e9gial.<\/li>\r\n<\/ul>\r\n\r\n\r\n\r\n<p>Pour clore la semaine, le <strong>D\u00eener du travail social<\/strong> a eu lieu le 28 mars. Ce d\u00eener a \u00e9t\u00e9 organis\u00e9 pour c\u00e9l\u00e9brer la diversit\u00e9 du travail social et les multiples formes qu\u2019il prend dans nos communaut\u00e9s. Nous souhaitons \u00e9galement reconna\u00eetre et faire valoir le travail des personnes intervenantes qui ne portent pas le titre de T.S., mais qui pratiquent le travail social dans une vaste diversit\u00e9 de milieux\u00a0: communautaire, d\u00e9fense de droits, municipalit\u00e9s, syndicats, etc. Ces personnes qui incarnent les valeurs du travail social font un travail essentiel pour un monde meilleur et plus \u00e9quitable.\u00a0<\/p>\r\n\r\n\r\n\r\n<h3 class=\"wp-block-heading\">En bref<\/h3>\r\n\r\n\r\n\r\n<p>L\u2019<a href=\"https:\/\/programmes.uqac.ca\/premier-cycle\/regroupements\/4-1\">Unit\u00e9 d\u2019enseignement en travail social<\/a> regroupe 60 \u00e9tudiantes et \u00e9tudiants \u00e0 la ma\u00eetrise et 229 au <a href=\"https:\/\/www.uqac.ca\/programme\/7798-baccalaureat-en-travail-social\/\">baccalaur\u00e9at en travail social<\/a>. En 2023-2024, plus de 50 personnes dipl\u00f4meront de l&rsquo;un de ces programmes d&rsquo;\u00e9tudes. Toutes ont en commun de contribuer \u00e0 un r\u00e9el changement de soci\u00e9t\u00e9 permettant \u00e0 chaque personne de vivre dans la dignit\u00e9 et aux collectivit\u00e9s d\u2019assurer leur bien-\u00eatre.<\/p>\r\n\r\n\r\n\r\n<p>On compte plus 16 000 travailleuses sociales et les travailleurs sociaux (T.S.) au Qu\u00e9bec. Ainsi, la <strong>Semaine des T.S.<\/strong> permet de souligner le r\u00f4le essentiel jou\u00e9 par les T.S. aupr\u00e8s de personnes, de couples, de familles, de groupes et de communaut\u00e9s qui traversent des p\u00e9riodes difficiles ou qui amorcent de nouvelles \u00e9tapes de leur vie.<\/p>\r\n","protected":false},"excerpt":{"rendered":"<p>Cette ann\u00e9e, la Semaine des travailleuses sociales et des travailleurs sociaux (semaine des T.S.) avait lieu du 24 au 30 mars dernier. Pour la Clinique universitaire en travail social de l\u2019UQAC, c\u2019\u00e9tait l\u2019occasion id\u00e9ale de faire conna\u00eetre la profession \u00e0 la communaut\u00e9 universitaire. Ainsi, plusieurs activit\u00e9s ont \u00e9t\u00e9 organis\u00e9es au cours de la semaine, notamment [&hellip;]<\/p>\n","protected":false},"author":5,"featured_media":46612,"comment_status":"open","ping_status":"open","sticky":false,"template":"","format":"standard","meta":{"footnotes":""},"categories":[2795,2,61],"tags":[429,22,169],"yoast_head":"<!-- This site is optimized with the Yoast SEO plugin v24.2 - https:\/\/yoast.com\/wordpress\/plugins\/seo\/ -->\r\n<title>Semaine des T.S.\u00a0: Une d\u00e9l\u00e9gation \u00e9tudiante de la ma\u00eetrise en travail social participe \u00e0 un panel pour faire conna\u00eetre ses recherches - UQACtualit\u00e9s<\/title>\r\n<meta name=\"description\" content=\"Pour la Clinique universitaire en travail social de l\u2019UQAC, la semaine des T.S est l\u2019occasion id\u00e9ale de faire conna\u00eetre la profession.\" \/>\r\n<meta name=\"robots\" content=\"index, follow, max-snippet:-1, max-image-preview:large, max-video-preview:-1\" \/>\r\n<link rel=\"canonical\" href=\"https:\/\/www.uqac.ca\/uqactualites\/2024\/04\/02\/semaine-des-t-s-une-delegation-etudiante-de-la-maitrise-en-travail-social-participe-a-un-panel-pour-faire-connaitre-ses-recherches\/\" \/>\r\n<meta property=\"og:locale\" content=\"fr_CA\" \/>\r\n<meta property=\"og:type\" content=\"article\" \/>\r\n<meta property=\"og:title\" content=\"Semaine des T.S.\u00a0: Une d\u00e9l\u00e9gation \u00e9tudiante de la ma\u00eetrise en travail social participe \u00e0 un panel pour faire conna\u00eetre ses recherches - UQACtualit\u00e9s\" \/>\r\n<meta property=\"og:description\" content=\"Pour la Clinique universitaire en travail social de l\u2019UQAC, la semaine des T.S est l\u2019occasion id\u00e9ale de faire conna\u00eetre la profession.\" \/>\r\n<meta property=\"og:url\" content=\"https:\/\/www.uqac.ca\/uqactualites\/2024\/04\/02\/semaine-des-t-s-une-delegation-etudiante-de-la-maitrise-en-travail-social-participe-a-un-panel-pour-faire-connaitre-ses-recherches\/\" \/>\r\n<meta property=\"og:site_name\" content=\"UQACtualit\u00e9s\" \/>\r\n<meta property=\"article:published_time\" content=\"2024-04-02T12:09:50+00:00\" \/>\r\n<meta property=\"article:modified_time\" content=\"2024-07-24T17:49:24+00:00\" \/>\r\n<meta property=\"og:image\" content=\"https:\/\/www.uqac.ca\/uqactualites\/wp-content\/uploads\/2024\/03\/153ab242-6a1f-49d9-844d-29ac68bacda4.jpg\" \/>\r\n\t<meta property=\"og:image:width\" content=\"2048\" \/>\r\n\t<meta property=\"og:image:height\" content=\"1536\" \/>\r\n\t<meta property=\"og:image:type\" content=\"image\/jpeg\" \/>\r\n<meta name=\"author\" content=\"Service des communications et des relations publiques\" \/>\r\n<meta name=\"twitter:card\" content=\"summary_large_image\" \/>\r\n<meta name=\"twitter:label1\" content=\"\u00c9crit par\" \/>\n\t<meta name=\"twitter:data1\" content=\"Service des communications et des relations publiques\" \/>\n\t<meta name=\"twitter:label2\" content=\"Estimation du temps de lecture\" \/>\n\t<meta name=\"twitter:data2\" content=\"4 minutes\" \/>\r\n<script type=\"application\/ld+json\" class=\"yoast-schema-graph\">{\"@context\":\"https:\/\/schema.org\",\"@graph\":[{\"@type\":\"WebPage\",\"@id\":\"https:\/\/www.uqac.ca\/uqactualites\/2024\/04\/02\/semaine-des-t-s-une-delegation-etudiante-de-la-maitrise-en-travail-social-participe-a-un-panel-pour-faire-connaitre-ses-recherches\/\",\"url\":\"https:\/\/www.uqac.ca\/uqactualites\/2024\/04\/02\/semaine-des-t-s-une-delegation-etudiante-de-la-maitrise-en-travail-social-participe-a-un-panel-pour-faire-connaitre-ses-recherches\/\",\"name\":\"Semaine des T.S.\u00a0: Une d\u00e9l\u00e9gation \u00e9tudiante de la ma\u00eetrise en travail social participe \u00e0 un panel pour faire conna\u00eetre ses recherches - UQACtualit\u00e9s\",\"isPartOf\":{\"@id\":\"https:\/\/www.uqac.ca\/uqactualites\/#website\"},\"primaryImageOfPage\":{\"@id\":\"https:\/\/www.uqac.ca\/uqactualites\/2024\/04\/02\/semaine-des-t-s-une-delegation-etudiante-de-la-maitrise-en-travail-social-participe-a-un-panel-pour-faire-connaitre-ses-recherches\/#primaryimage\"},\"image\":{\"@id\":\"https:\/\/www.uqac.ca\/uqactualites\/2024\/04\/02\/semaine-des-t-s-une-delegation-etudiante-de-la-maitrise-en-travail-social-participe-a-un-panel-pour-faire-connaitre-ses-recherches\/#primaryimage\"},\"thumbnailUrl\":\"https:\/\/www.uqac.ca\/uqactualites\/wp-content\/uploads\/2024\/03\/153ab242-6a1f-49d9-844d-29ac68bacda4.jpg\",\"datePublished\":\"2024-04-02T12:09:50+00:00\",\"dateModified\":\"2024-07-24T17:49:24+00:00\",\"author\":{\"@id\":\"https:\/\/www.uqac.ca\/uqactualites\/#\/schema\/person\/366c45a0c4f0e677b41b4af5886e2018\"},\"description\":\"Pour la Clinique universitaire en travail social de l\u2019UQAC, la semaine des T.S est l\u2019occasion id\u00e9ale de faire conna\u00eetre la profession.\",\"breadcrumb\":{\"@id\":\"https:\/\/www.uqac.ca\/uqactualites\/2024\/04\/02\/semaine-des-t-s-une-delegation-etudiante-de-la-maitrise-en-travail-social-participe-a-un-panel-pour-faire-connaitre-ses-recherches\/#breadcrumb\"},\"inLanguage\":\"fr-CA\",\"potentialAction\":[{\"@type\":\"ReadAction\",\"target\":[\"https:\/\/www.uqac.ca\/uqactualites\/2024\/04\/02\/semaine-des-t-s-une-delegation-etudiante-de-la-maitrise-en-travail-social-participe-a-un-panel-pour-faire-connaitre-ses-recherches\/\"]}]},{\"@type\":\"ImageObject\",\"inLanguage\":\"fr-CA\",\"@id\":\"https:\/\/www.uqac.ca\/uqactualites\/2024\/04\/02\/semaine-des-t-s-une-delegation-etudiante-de-la-maitrise-en-travail-social-participe-a-un-panel-pour-faire-connaitre-ses-recherches\/#primaryimage\",\"url\":\"https:\/\/www.uqac.ca\/uqactualites\/wp-content\/uploads\/2024\/03\/153ab242-6a1f-49d9-844d-29ac68bacda4.jpg\",\"contentUrl\":\"https:\/\/www.uqac.ca\/uqactualites\/wp-content\/uploads\/2024\/03\/153ab242-6a1f-49d9-844d-29ac68bacda4.jpg\",\"width\":2048,\"height\":1536,\"caption\":\"Semaine des T.S.\"},{\"@type\":\"BreadcrumbList\",\"@id\":\"https:\/\/www.uqac.ca\/uqactualites\/2024\/04\/02\/semaine-des-t-s-une-delegation-etudiante-de-la-maitrise-en-travail-social-participe-a-un-panel-pour-faire-connaitre-ses-recherches\/#breadcrumb\",\"itemListElement\":[{\"@type\":\"ListItem\",\"position\":1,\"name\":\"Home\",\"item\":\"https:\/\/www.uqac.ca\/uqactualites\/\"},{\"@type\":\"ListItem\",\"position\":2,\"name\":\"Semaine des T.S.\u00a0: Une d\u00e9l\u00e9gation \u00e9tudiante de la ma\u00eetrise en travail social participe \u00e0 un panel pour faire conna\u00eetre ses recherches\"}]},{\"@type\":\"WebSite\",\"@id\":\"https:\/\/www.uqac.ca\/uqactualites\/#website\",\"url\":\"https:\/\/www.uqac.ca\/uqactualites\/\",\"name\":\"UQACtualit\u00e9s\",\"description\":\"Le portail des nouvelles de l&#039;UQAC\",\"potentialAction\":[{\"@type\":\"SearchAction\",\"target\":{\"@type\":\"EntryPoint\",\"urlTemplate\":\"https:\/\/www.uqac.ca\/uqactualites\/?s={search_term_string}\"},\"query-input\":{\"@type\":\"PropertyValueSpecification\",\"valueRequired\":true,\"valueName\":\"search_term_string\"}}],\"inLanguage\":\"fr-CA\"},{\"@type\":\"Person\",\"@id\":\"https:\/\/www.uqac.ca\/uqactualites\/#\/schema\/person\/366c45a0c4f0e677b41b4af5886e2018\",\"name\":\"Service des communications et des relations publiques\",\"image\":{\"@type\":\"ImageObject\",\"inLanguage\":\"fr-CA\",\"@id\":\"https:\/\/www.uqac.ca\/uqactualites\/#\/schema\/person\/image\/\",\"url\":\"https:\/\/secure.gravatar.com\/avatar\/20fbbda8a292f59f2d3461a5b999c00b?s=96&d=mm&r=g\",\"contentUrl\":\"https:\/\/secure.gravatar.com\/avatar\/20fbbda8a292f59f2d3461a5b999c00b?s=96&d=mm&r=g\",\"caption\":\"Service des communications et des relations publiques\"},\"url\":\"https:\/\/www.uqac.ca\/uqactualites\/author\/bap\/\"}]}<\/script>\r\n<!-- \/ Yoast SEO plugin. -->","yoast_head_json":{"title":"Semaine des T.S.\u00a0: Une d\u00e9l\u00e9gation \u00e9tudiante de la ma\u00eetrise en travail social participe \u00e0 un panel pour faire conna\u00eetre ses recherches - UQACtualit\u00e9s","description":"Pour la Clinique universitaire en travail social de l\u2019UQAC, la semaine des T.S est l\u2019occasion id\u00e9ale de faire conna\u00eetre la profession.","robots":{"index":"index","follow":"follow","max-snippet":"max-snippet:-1","max-image-preview":"max-image-preview:large","max-video-preview":"max-video-preview:-1"},"canonical":"https:\/\/www.uqac.ca\/uqactualites\/2024\/04\/02\/semaine-des-t-s-une-delegation-etudiante-de-la-maitrise-en-travail-social-participe-a-un-panel-pour-faire-connaitre-ses-recherches\/","og_locale":"fr_CA","og_type":"article","og_title":"Semaine des T.S.\u00a0: Une d\u00e9l\u00e9gation \u00e9tudiante de la ma\u00eetrise en travail social participe \u00e0 un panel pour faire conna\u00eetre ses recherches - UQACtualit\u00e9s","og_description":"Pour la Clinique universitaire en travail social de l\u2019UQAC, la semaine des T.S est l\u2019occasion id\u00e9ale de faire conna\u00eetre la profession.","og_url":"https:\/\/www.uqac.ca\/uqactualites\/2024\/04\/02\/semaine-des-t-s-une-delegation-etudiante-de-la-maitrise-en-travail-social-participe-a-un-panel-pour-faire-connaitre-ses-recherches\/","og_site_name":"UQACtualit\u00e9s","article_published_time":"2024-04-02T12:09:50+00:00","article_modified_time":"2024-07-24T17:49:24+00:00","og_image":[{"width":2048,"height":1536,"url":"https:\/\/www.uqac.ca\/uqactualites\/wp-content\/uploads\/2024\/03\/153ab242-6a1f-49d9-844d-29ac68bacda4.jpg","type":"image\/jpeg"}],"author":"Service des communications et des relations publiques","twitter_card":"summary_large_image","twitter_misc":{"\u00c9crit par":"Service des communications et des relations publiques","Estimation du temps de lecture":"4 minutes"},"schema":{"@context":"https:\/\/schema.org","@graph":[{"@type":"WebPage","@id":"https:\/\/www.uqac.ca\/uqactualites\/2024\/04\/02\/semaine-des-t-s-une-delegation-etudiante-de-la-maitrise-en-travail-social-participe-a-un-panel-pour-faire-connaitre-ses-recherches\/","url":"https:\/\/www.uqac.ca\/uqactualites\/2024\/04\/02\/semaine-des-t-s-une-delegation-etudiante-de-la-maitrise-en-travail-social-participe-a-un-panel-pour-faire-connaitre-ses-recherches\/","name":"Semaine des T.S.\u00a0: Une d\u00e9l\u00e9gation \u00e9tudiante de la ma\u00eetrise en travail social participe \u00e0 un panel pour faire conna\u00eetre ses recherches - UQACtualit\u00e9s","isPartOf":{"@id":"https:\/\/www.uqac.ca\/uqactualites\/#website"},"primaryImageOfPage":{"@id":"https:\/\/www.uqac.ca\/uqactualites\/2024\/04\/02\/semaine-des-t-s-une-delegation-etudiante-de-la-maitrise-en-travail-social-participe-a-un-panel-pour-faire-connaitre-ses-recherches\/#primaryimage"},"image":{"@id":"https:\/\/www.uqac.ca\/uqactualites\/2024\/04\/02\/semaine-des-t-s-une-delegation-etudiante-de-la-maitrise-en-travail-social-participe-a-un-panel-pour-faire-connaitre-ses-recherches\/#primaryimage"},"thumbnailUrl":"https:\/\/www.uqac.ca\/uqactualites\/wp-content\/uploads\/2024\/03\/153ab242-6a1f-49d9-844d-29ac68bacda4.jpg","datePublished":"2024-04-02T12:09:50+00:00","dateModified":"2024-07-24T17:49:24+00:00","author":{"@id":"https:\/\/www.uqac.ca\/uqactualites\/#\/schema\/person\/366c45a0c4f0e677b41b4af5886e2018"},"description":"Pour la Clinique universitaire en travail social de l\u2019UQAC, la semaine des T.S est l\u2019occasion id\u00e9ale de faire conna\u00eetre la profession.","breadcrumb":{"@id":"https:\/\/www.uqac.ca\/uqactualites\/2024\/04\/02\/semaine-des-t-s-une-delegation-etudiante-de-la-maitrise-en-travail-social-participe-a-un-panel-pour-faire-connaitre-ses-recherches\/#breadcrumb"},"inLanguage":"fr-CA","potentialAction":[{"@type":"ReadAction","target":["https:\/\/www.uqac.ca\/uqactualites\/2024\/04\/02\/semaine-des-t-s-une-delegation-etudiante-de-la-maitrise-en-travail-social-participe-a-un-panel-pour-faire-connaitre-ses-recherches\/"]}]},{"@type":"ImageObject","inLanguage":"fr-CA","@id":"https:\/\/www.uqac.ca\/uqactualites\/2024\/04\/02\/semaine-des-t-s-une-delegation-etudiante-de-la-maitrise-en-travail-social-participe-a-un-panel-pour-faire-connaitre-ses-recherches\/#primaryimage","url":"https:\/\/www.uqac.ca\/uqactualites\/wp-content\/uploads\/2024\/03\/153ab242-6a1f-49d9-844d-29ac68bacda4.jpg","contentUrl":"https:\/\/www.uqac.ca\/uqactualites\/wp-content\/uploads\/2024\/03\/153ab242-6a1f-49d9-844d-29ac68bacda4.jpg","width":2048,"height":1536,"caption":"Semaine des T.S."},{"@type":"BreadcrumbList","@id":"https:\/\/www.uqac.ca\/uqactualites\/2024\/04\/02\/semaine-des-t-s-une-delegation-etudiante-de-la-maitrise-en-travail-social-participe-a-un-panel-pour-faire-connaitre-ses-recherches\/#breadcrumb","itemListElement":[{"@type":"ListItem","position":1,"name":"Home","item":"https:\/\/www.uqac.ca\/uqactualites\/"},{"@type":"ListItem","position":2,"name":"Semaine des T.S.\u00a0: Une d\u00e9l\u00e9gation \u00e9tudiante de la ma\u00eetrise en travail social participe \u00e0 un panel pour faire conna\u00eetre ses recherches"}]},{"@type":"WebSite","@id":"https:\/\/www.uqac.ca\/uqactualites\/#website","url":"https:\/\/www.uqac.ca\/uqactualites\/","name":"UQACtualit\u00e9s","description":"Le portail des nouvelles de l&#039;UQAC","potentialAction":[{"@type":"SearchAction","target":{"@type":"EntryPoint","urlTemplate":"https:\/\/www.uqac.ca\/uqactualites\/?s={search_term_string}"},"query-input":{"@type":"PropertyValueSpecification","valueRequired":true,"valueName":"search_term_string"}}],"inLanguage":"fr-CA"},{"@type":"Person","@id":"https:\/\/www.uqac.ca\/uqactualites\/#\/schema\/person\/366c45a0c4f0e677b41b4af5886e2018","name":"Service des communications et des relations publiques","image":{"@type":"ImageObject","inLanguage":"fr-CA","@id":"https:\/\/www.uqac.ca\/uqactualites\/#\/schema\/person\/image\/","url":"https:\/\/secure.gravatar.com\/avatar\/20fbbda8a292f59f2d3461a5b999c00b?s=96&d=mm&r=g","contentUrl":"https:\/\/secure.gravatar.com\/avatar\/20fbbda8a292f59f2d3461a5b999c00b?s=96&d=mm&r=g","caption":"Service des communications et des relations publiques"},"url":"https:\/\/www.uqac.ca\/uqactualites\/author\/bap\/"}]}},"_links":{"self":[{"href":"https:\/\/www.uqac.ca\/uqactualites\/wp-json\/wp\/v2\/posts\/46607"}],"collection":[{"href":"https:\/\/www.uqac.ca\/uqactualites\/wp-json\/wp\/v2\/posts"}],"about":[{"href":"https:\/\/www.uqac.ca\/uqactualites\/wp-json\/wp\/v2\/types\/post"}],"author":[{"embeddable":true,"href":"https:\/\/www.uqac.ca\/uqactualites\/wp-json\/wp\/v2\/users\/5"}],"replies":[{"embeddable":true,"href":"https:\/\/www.uqac.ca\/uqactualites\/wp-json\/wp\/v2\/comments?post=46607"}],"version-history":[{"count":8,"href":"https:\/\/www.uqac.ca\/uqactualites\/wp-json\/wp\/v2\/posts\/46607\/revisions"}],"predecessor-version":[{"id":48080,"href":"https:\/\/www.uqac.ca\/uqactualites\/wp-json\/wp\/v2\/posts\/46607\/revisions\/48080"}],"wp:featuredmedia":[{"embeddable":true,"href":"https:\/\/www.uqac.ca\/uqactualites\/wp-json\/wp\/v2\/media\/46612"}],"wp:attachment":[{"href":"https:\/\/www.uqac.ca\/uqactualites\/wp-json\/wp\/v2\/media?parent=46607"}],"wp:term":[{"taxonomy":"category","embeddable":true,"href":"https:\/\/www.uqac.ca\/uqactualites\/wp-json\/wp\/v2\/categories?post=46607"},{"taxonomy":"post_tag","embeddable":true,"href":"https:\/\/www.uqac.ca\/uqactualites\/wp-json\/wp\/v2\/tags?post=46607"}],"curies":[{"name":"wp","href":"https:\/\/api.w.org\/{rel}","templated":true}]}}