{"id":46628,"date":"2024-04-02T16:26:55","date_gmt":"2024-04-02T20:26:55","guid":{"rendered":"https:\/\/www.uqac.ca\/uqactualites\/?p=46628"},"modified":"2024-07-24T13:40:49","modified_gmt":"2024-07-24T17:40:49","slug":"le-journaliste-emerite-jean-francois-lepine-de-passage-a-luqac","status":"publish","type":"post","link":"https:\/\/www.uqac.ca\/uqactualites\/2024\/04\/02\/le-journaliste-emerite-jean-francois-lepine-de-passage-a-luqac\/","title":{"rendered":"Le journaliste \u00e9m\u00e9rite Jean-Fran\u00e7ois L\u00e9pine de passage \u00e0 l\u2019UQAC"},"content":{"rendered":"\r\n<p>Dans le cadre des formations \u00ab50 ans et plus\u00bb propos\u00e9es par <a href=\"https:\/\/formationcontinue.uqac.ca\/\" target=\"_blank\" rel=\"noreferrer noopener\">la Formation continue de l\u2019UQAC<\/a>, le journaliste et consultant en g\u00e9opolitique Jean-Fran\u00e7ois L\u00e9pine \u00e9tait en visite sur le campus de Chicoutimi le 27 mars dernier pour y pr\u00e9senter sa conf\u00e9rence intitul\u00e9e \u00ab<a href=\"https:\/\/formationcontinue.uqac.ca\/formation-continue\/conference-la-decennie-dangereuse-50\/\" target=\"_blank\" rel=\"noreferrer noopener\">La d\u00e9cennie dangereuse<\/a>\u00bb.<\/p>\r\n\r\n\r\n\r\n<p>C\u2019\u00e9tait l\u2019occasion, pour le conf\u00e9rencier, de partager son analyse des conflits et des tensions g\u00e9opolitiques qui ont cours actuellement, mais aussi d\u2019aborder des enjeux tels que l\u2019impact des innovations fulgurantes en intelligences artificielles sur les droits individuels, la hausse des in\u00e9galit\u00e9s de richesse dans le monde et la crise climatique. La conf\u00e9rence \u00e9tait offerte gratuitement en pr\u00e9sence et en ligne. \u00a0<\/p>\r\n\r\n\r\n\r\n<p>Merci \u00e0 Monsieur L\u00e9pine pour son passage, qui fut des plus enrichissants pour les personnes qui y ont assist\u00e9.<\/p>\r\n\r\n\r\n\r\n<h5 class=\"wp-block-heading\"><strong>Les formations 50+<\/strong><\/h5>\r\n\r\n\r\n\r\n<p>La formation continue de l&rsquo;UQAC offre une vari\u00e9t\u00e9 de formations pour les personnes \u00e2g\u00e9es de 50 ans et plus qui d\u00e9sirent poursuivre leurs apprentissages sur diff\u00e9rentes th\u00e9matiques. Les activit\u00e9s et \u00e9v\u00e9nements propos\u00e9es favorisent l&rsquo;\u00e9change entre les personnes participantes en plus de permettre l&rsquo;enrichissement et le partage de connaissance sur des enjeux actuels.Pour en apprendre davantage sur les formations 50+ offertes \u00e0 l\u2019UQAC et pour ne rien manquer des \u00e9v\u00e9nements \u00e0 venir, <a href=\"https:\/\/formationcontinue.uqac.ca\/les-formations-50\/\" target=\"_blank\" rel=\"noreferrer noopener\">visitez le site Web de la formation continue.<\/a><\/p>\r\n\r\n\r\n\r\n<h6 class=\"wp-block-heading\"><span class=\"td_text_columns_two_cols\"><strong>\u00c0 propos de Jean-Fran\u00e7ois L\u00e9pine<\/strong><\/span><\/h6>\r\n\r\n\r\n\r\n<p>Jean-Fran\u00e7ois L\u00e9pine a \u00e9t\u00e9 diplomate canadien, de 2015 \u00e0 2021, en tant que Directeur des Repr\u00e9sentations du Gouvernement du Qu\u00e9bec en Chine (P\u00e9kin, Qingdao, Shanghai et Shenzhen). Avant de s\u2019installer \u00e0 Shanghai en Chine, il \u00e9tait analyste international, conf\u00e9rencier et associ\u00e9, communications et affaires gouvernementales, au sein de Avistra International Inc.\u00a0 Jusqu\u2019en novembre 2015, il \u00e9tait aussi Pr\u00e9sident de l\u2019Observatoire sur le Moyen-Orient et l\u2019Afrique du Nord (OMAN) de l\u2019Universit\u00e9 du Qu\u00e9bec \u00e0 Montr\u00e9al et membre du Conseil de Montr\u00e9al International. Grand reporter pour la Soci\u00e9t\u00e9 Radio-Canada et CBC \u00e0 P\u00e9kin, Paris et J\u00e9rusalem de 1982 \u00e0 1990, il est reconnu comme un analyste et un communicateur hors pair.\u00a0 Il est actuellement chroniqueur international \u00e0 l\u2019\u00e9mission de Paul Arcand au 98,5FM et auteur d\u2019un <a href=\"https:\/\/poirier.leslibraires.ca\/livres\/les-angoisses-de-ma-prof-de-jean-francois-lepine-9782764815618.html\" target=\"_blank\" rel=\"noreferrer noopener\">tout nouvel ouvrage<\/a>.<\/p>\r\n","protected":false},"excerpt":{"rendered":"<p>Dans le cadre des formations \u00ab50 ans et plus\u00bb propos\u00e9es par la Formation continue de l\u2019UQAC, le journaliste et consultant en g\u00e9opolitique Jean-Fran\u00e7ois L\u00e9pine \u00e9tait en visite sur le campus de Chicoutimi le 27 mars dernier pour y pr\u00e9senter sa conf\u00e9rence intitul\u00e9e \u00abLa d\u00e9cennie dangereuse\u00bb. C\u2019\u00e9tait l\u2019occasion, pour le conf\u00e9rencier, de partager son analyse des [&hellip;]<\/p>\n","protected":false},"author":5,"featured_media":46632,"comment_status":"open","ping_status":"open","sticky":false,"template":"","format":"standard","meta":{"footnotes":""},"categories":[2795,2,61],"tags":[2853,223,291],"yoast_head":"<!-- This site is optimized with the Yoast SEO plugin v24.2 - https:\/\/yoast.com\/wordpress\/plugins\/seo\/ -->\r\n<title>Le journaliste \u00e9m\u00e9rite Jean-Fran\u00e7ois L\u00e9pine de passage \u00e0 l\u2019UQAC - UQACtualit\u00e9s<\/title>\r\n<meta name=\"description\" content=\"Le journaliste et consultant en g\u00e9opolitique Jean-Fran\u00e7ois L\u00e9pine \u00e9tait en visite sur le campus de Chicoutimi le 27 mars dernier\" \/>\r\n<meta name=\"robots\" content=\"index, follow, max-snippet:-1, max-image-preview:large, max-video-preview:-1\" \/>\r\n<link rel=\"canonical\" href=\"https:\/\/www.uqac.ca\/uqactualites\/2024\/04\/02\/le-journaliste-emerite-jean-francois-lepine-de-passage-a-luqac\/\" \/>\r\n<meta property=\"og:locale\" content=\"fr_CA\" \/>\r\n<meta property=\"og:type\" content=\"article\" \/>\r\n<meta property=\"og:title\" content=\"Le journaliste \u00e9m\u00e9rite Jean-Fran\u00e7ois L\u00e9pine de passage \u00e0 l\u2019UQAC - UQACtualit\u00e9s\" \/>\r\n<meta property=\"og:description\" content=\"Le journaliste et consultant en g\u00e9opolitique Jean-Fran\u00e7ois L\u00e9pine \u00e9tait en visite sur le campus de Chicoutimi le 27 mars dernier\" \/>\r\n<meta property=\"og:url\" content=\"https:\/\/www.uqac.ca\/uqactualites\/2024\/04\/02\/le-journaliste-emerite-jean-francois-lepine-de-passage-a-luqac\/\" \/>\r\n<meta property=\"og:site_name\" content=\"UQACtualit\u00e9s\" \/>\r\n<meta property=\"article:published_time\" content=\"2024-04-02T20:26:55+00:00\" \/>\r\n<meta property=\"article:modified_time\" content=\"2024-07-24T17:40:49+00:00\" \/>\r\n<meta property=\"og:image\" content=\"https:\/\/www.uqac.ca\/uqactualites\/wp-content\/uploads\/2024\/04\/sfc-conference-jflepine-mduhaime-h24-3.jpg\" \/>\r\n\t<meta property=\"og:image:width\" content=\"1920\" \/>\r\n\t<meta property=\"og:image:height\" content=\"1280\" \/>\r\n\t<meta property=\"og:image:type\" content=\"image\/jpeg\" \/>\r\n<meta name=\"author\" content=\"Service des communications et des relations publiques\" \/>\r\n<meta name=\"twitter:card\" content=\"summary_large_image\" \/>\r\n<meta name=\"twitter:label1\" content=\"\u00c9crit par\" \/>\n\t<meta name=\"twitter:data1\" content=\"Service des communications et des relations publiques\" \/>\n\t<meta name=\"twitter:label2\" content=\"Estimation du temps de lecture\" \/>\n\t<meta name=\"twitter:data2\" content=\"2 minutes\" \/>\r\n<script type=\"application\/ld+json\" class=\"yoast-schema-graph\">{\"@context\":\"https:\/\/schema.org\",\"@graph\":[{\"@type\":\"WebPage\",\"@id\":\"https:\/\/www.uqac.ca\/uqactualites\/2024\/04\/02\/le-journaliste-emerite-jean-francois-lepine-de-passage-a-luqac\/\",\"url\":\"https:\/\/www.uqac.ca\/uqactualites\/2024\/04\/02\/le-journaliste-emerite-jean-francois-lepine-de-passage-a-luqac\/\",\"name\":\"Le journaliste \u00e9m\u00e9rite Jean-Fran\u00e7ois L\u00e9pine de passage \u00e0 l\u2019UQAC - UQACtualit\u00e9s\",\"isPartOf\":{\"@id\":\"https:\/\/www.uqac.ca\/uqactualites\/#website\"},\"primaryImageOfPage\":{\"@id\":\"https:\/\/www.uqac.ca\/uqactualites\/2024\/04\/02\/le-journaliste-emerite-jean-francois-lepine-de-passage-a-luqac\/#primaryimage\"},\"image\":{\"@id\":\"https:\/\/www.uqac.ca\/uqactualites\/2024\/04\/02\/le-journaliste-emerite-jean-francois-lepine-de-passage-a-luqac\/#primaryimage\"},\"thumbnailUrl\":\"https:\/\/www.uqac.ca\/uqactualites\/wp-content\/uploads\/2024\/04\/sfc-conference-jflepine-mduhaime-h24-3.jpg\",\"datePublished\":\"2024-04-02T20:26:55+00:00\",\"dateModified\":\"2024-07-24T17:40:49+00:00\",\"author\":{\"@id\":\"https:\/\/www.uqac.ca\/uqactualites\/#\/schema\/person\/366c45a0c4f0e677b41b4af5886e2018\"},\"description\":\"Le journaliste et consultant en g\u00e9opolitique Jean-Fran\u00e7ois L\u00e9pine \u00e9tait en visite sur le campus de Chicoutimi le 27 mars dernier\",\"breadcrumb\":{\"@id\":\"https:\/\/www.uqac.ca\/uqactualites\/2024\/04\/02\/le-journaliste-emerite-jean-francois-lepine-de-passage-a-luqac\/#breadcrumb\"},\"inLanguage\":\"fr-CA\",\"potentialAction\":[{\"@type\":\"ReadAction\",\"target\":[\"https:\/\/www.uqac.ca\/uqactualites\/2024\/04\/02\/le-journaliste-emerite-jean-francois-lepine-de-passage-a-luqac\/\"]}]},{\"@type\":\"ImageObject\",\"inLanguage\":\"fr-CA\",\"@id\":\"https:\/\/www.uqac.ca\/uqactualites\/2024\/04\/02\/le-journaliste-emerite-jean-francois-lepine-de-passage-a-luqac\/#primaryimage\",\"url\":\"https:\/\/www.uqac.ca\/uqactualites\/wp-content\/uploads\/2024\/04\/sfc-conference-jflepine-mduhaime-h24-3.jpg\",\"contentUrl\":\"https:\/\/www.uqac.ca\/uqactualites\/wp-content\/uploads\/2024\/04\/sfc-conference-jflepine-mduhaime-h24-3.jpg\",\"width\":1920,\"height\":1280,\"caption\":\"Jean-Fran\u00e7ois L\u00e9pine\"},{\"@type\":\"BreadcrumbList\",\"@id\":\"https:\/\/www.uqac.ca\/uqactualites\/2024\/04\/02\/le-journaliste-emerite-jean-francois-lepine-de-passage-a-luqac\/#breadcrumb\",\"itemListElement\":[{\"@type\":\"ListItem\",\"position\":1,\"name\":\"Home\",\"item\":\"https:\/\/www.uqac.ca\/uqactualites\/\"},{\"@type\":\"ListItem\",\"position\":2,\"name\":\"Le journaliste \u00e9m\u00e9rite Jean-Fran\u00e7ois L\u00e9pine de passage \u00e0 l\u2019UQAC\"}]},{\"@type\":\"WebSite\",\"@id\":\"https:\/\/www.uqac.ca\/uqactualites\/#website\",\"url\":\"https:\/\/www.uqac.ca\/uqactualites\/\",\"name\":\"UQACtualit\u00e9s\",\"description\":\"Le portail des nouvelles de l&#039;UQAC\",\"potentialAction\":[{\"@type\":\"SearchAction\",\"target\":{\"@type\":\"EntryPoint\",\"urlTemplate\":\"https:\/\/www.uqac.ca\/uqactualites\/?s={search_term_string}\"},\"query-input\":{\"@type\":\"PropertyValueSpecification\",\"valueRequired\":true,\"valueName\":\"search_term_string\"}}],\"inLanguage\":\"fr-CA\"},{\"@type\":\"Person\",\"@id\":\"https:\/\/www.uqac.ca\/uqactualites\/#\/schema\/person\/366c45a0c4f0e677b41b4af5886e2018\",\"name\":\"Service des communications et des relations publiques\",\"image\":{\"@type\":\"ImageObject\",\"inLanguage\":\"fr-CA\",\"@id\":\"https:\/\/www.uqac.ca\/uqactualites\/#\/schema\/person\/image\/\",\"url\":\"https:\/\/secure.gravatar.com\/avatar\/20fbbda8a292f59f2d3461a5b999c00b?s=96&d=mm&r=g\",\"contentUrl\":\"https:\/\/secure.gravatar.com\/avatar\/20fbbda8a292f59f2d3461a5b999c00b?s=96&d=mm&r=g\",\"caption\":\"Service des communications et des relations publiques\"},\"url\":\"https:\/\/www.uqac.ca\/uqactualites\/author\/bap\/\"}]}<\/script>\r\n<!-- \/ Yoast SEO plugin. -->","yoast_head_json":{"title":"Le journaliste \u00e9m\u00e9rite Jean-Fran\u00e7ois L\u00e9pine de passage \u00e0 l\u2019UQAC - UQACtualit\u00e9s","description":"Le journaliste et consultant en g\u00e9opolitique Jean-Fran\u00e7ois L\u00e9pine \u00e9tait en visite sur le campus de Chicoutimi le 27 mars dernier","robots":{"index":"index","follow":"follow","max-snippet":"max-snippet:-1","max-image-preview":"max-image-preview:large","max-video-preview":"max-video-preview:-1"},"canonical":"https:\/\/www.uqac.ca\/uqactualites\/2024\/04\/02\/le-journaliste-emerite-jean-francois-lepine-de-passage-a-luqac\/","og_locale":"fr_CA","og_type":"article","og_title":"Le journaliste \u00e9m\u00e9rite Jean-Fran\u00e7ois L\u00e9pine de passage \u00e0 l\u2019UQAC - UQACtualit\u00e9s","og_description":"Le journaliste et consultant en g\u00e9opolitique Jean-Fran\u00e7ois L\u00e9pine \u00e9tait en visite sur le campus de Chicoutimi le 27 mars dernier","og_url":"https:\/\/www.uqac.ca\/uqactualites\/2024\/04\/02\/le-journaliste-emerite-jean-francois-lepine-de-passage-a-luqac\/","og_site_name":"UQACtualit\u00e9s","article_published_time":"2024-04-02T20:26:55+00:00","article_modified_time":"2024-07-24T17:40:49+00:00","og_image":[{"width":1920,"height":1280,"url":"https:\/\/www.uqac.ca\/uqactualites\/wp-content\/uploads\/2024\/04\/sfc-conference-jflepine-mduhaime-h24-3.jpg","type":"image\/jpeg"}],"author":"Service des communications et des relations publiques","twitter_card":"summary_large_image","twitter_misc":{"\u00c9crit par":"Service des communications et des relations publiques","Estimation du temps de lecture":"2 minutes"},"schema":{"@context":"https:\/\/schema.org","@graph":[{"@type":"WebPage","@id":"https:\/\/www.uqac.ca\/uqactualites\/2024\/04\/02\/le-journaliste-emerite-jean-francois-lepine-de-passage-a-luqac\/","url":"https:\/\/www.uqac.ca\/uqactualites\/2024\/04\/02\/le-journaliste-emerite-jean-francois-lepine-de-passage-a-luqac\/","name":"Le journaliste \u00e9m\u00e9rite Jean-Fran\u00e7ois L\u00e9pine de passage \u00e0 l\u2019UQAC - UQACtualit\u00e9s","isPartOf":{"@id":"https:\/\/www.uqac.ca\/uqactualites\/#website"},"primaryImageOfPage":{"@id":"https:\/\/www.uqac.ca\/uqactualites\/2024\/04\/02\/le-journaliste-emerite-jean-francois-lepine-de-passage-a-luqac\/#primaryimage"},"image":{"@id":"https:\/\/www.uqac.ca\/uqactualites\/2024\/04\/02\/le-journaliste-emerite-jean-francois-lepine-de-passage-a-luqac\/#primaryimage"},"thumbnailUrl":"https:\/\/www.uqac.ca\/uqactualites\/wp-content\/uploads\/2024\/04\/sfc-conference-jflepine-mduhaime-h24-3.jpg","datePublished":"2024-04-02T20:26:55+00:00","dateModified":"2024-07-24T17:40:49+00:00","author":{"@id":"https:\/\/www.uqac.ca\/uqactualites\/#\/schema\/person\/366c45a0c4f0e677b41b4af5886e2018"},"description":"Le journaliste et consultant en g\u00e9opolitique Jean-Fran\u00e7ois L\u00e9pine \u00e9tait en visite sur le campus de Chicoutimi le 27 mars dernier","breadcrumb":{"@id":"https:\/\/www.uqac.ca\/uqactualites\/2024\/04\/02\/le-journaliste-emerite-jean-francois-lepine-de-passage-a-luqac\/#breadcrumb"},"inLanguage":"fr-CA","potentialAction":[{"@type":"ReadAction","target":["https:\/\/www.uqac.ca\/uqactualites\/2024\/04\/02\/le-journaliste-emerite-jean-francois-lepine-de-passage-a-luqac\/"]}]},{"@type":"ImageObject","inLanguage":"fr-CA","@id":"https:\/\/www.uqac.ca\/uqactualites\/2024\/04\/02\/le-journaliste-emerite-jean-francois-lepine-de-passage-a-luqac\/#primaryimage","url":"https:\/\/www.uqac.ca\/uqactualites\/wp-content\/uploads\/2024\/04\/sfc-conference-jflepine-mduhaime-h24-3.jpg","contentUrl":"https:\/\/www.uqac.ca\/uqactualites\/wp-content\/uploads\/2024\/04\/sfc-conference-jflepine-mduhaime-h24-3.jpg","width":1920,"height":1280,"caption":"Jean-Fran\u00e7ois L\u00e9pine"},{"@type":"BreadcrumbList","@id":"https:\/\/www.uqac.ca\/uqactualites\/2024\/04\/02\/le-journaliste-emerite-jean-francois-lepine-de-passage-a-luqac\/#breadcrumb","itemListElement":[{"@type":"ListItem","position":1,"name":"Home","item":"https:\/\/www.uqac.ca\/uqactualites\/"},{"@type":"ListItem","position":2,"name":"Le journaliste \u00e9m\u00e9rite Jean-Fran\u00e7ois L\u00e9pine de passage \u00e0 l\u2019UQAC"}]},{"@type":"WebSite","@id":"https:\/\/www.uqac.ca\/uqactualites\/#website","url":"https:\/\/www.uqac.ca\/uqactualites\/","name":"UQACtualit\u00e9s","description":"Le portail des nouvelles de l&#039;UQAC","potentialAction":[{"@type":"SearchAction","target":{"@type":"EntryPoint","urlTemplate":"https:\/\/www.uqac.ca\/uqactualites\/?s={search_term_string}"},"query-input":{"@type":"PropertyValueSpecification","valueRequired":true,"valueName":"search_term_string"}}],"inLanguage":"fr-CA"},{"@type":"Person","@id":"https:\/\/www.uqac.ca\/uqactualites\/#\/schema\/person\/366c45a0c4f0e677b41b4af5886e2018","name":"Service des communications et des relations publiques","image":{"@type":"ImageObject","inLanguage":"fr-CA","@id":"https:\/\/www.uqac.ca\/uqactualites\/#\/schema\/person\/image\/","url":"https:\/\/secure.gravatar.com\/avatar\/20fbbda8a292f59f2d3461a5b999c00b?s=96&d=mm&r=g","contentUrl":"https:\/\/secure.gravatar.com\/avatar\/20fbbda8a292f59f2d3461a5b999c00b?s=96&d=mm&r=g","caption":"Service des communications et des relations publiques"},"url":"https:\/\/www.uqac.ca\/uqactualites\/author\/bap\/"}]}},"_links":{"self":[{"href":"https:\/\/www.uqac.ca\/uqactualites\/wp-json\/wp\/v2\/posts\/46628"}],"collection":[{"href":"https:\/\/www.uqac.ca\/uqactualites\/wp-json\/wp\/v2\/posts"}],"about":[{"href":"https:\/\/www.uqac.ca\/uqactualites\/wp-json\/wp\/v2\/types\/post"}],"author":[{"embeddable":true,"href":"https:\/\/www.uqac.ca\/uqactualites\/wp-json\/wp\/v2\/users\/5"}],"replies":[{"embeddable":true,"href":"https:\/\/www.uqac.ca\/uqactualites\/wp-json\/wp\/v2\/comments?post=46628"}],"version-history":[{"count":7,"href":"https:\/\/www.uqac.ca\/uqactualites\/wp-json\/wp\/v2\/posts\/46628\/revisions"}],"predecessor-version":[{"id":48076,"href":"https:\/\/www.uqac.ca\/uqactualites\/wp-json\/wp\/v2\/posts\/46628\/revisions\/48076"}],"wp:featuredmedia":[{"embeddable":true,"href":"https:\/\/www.uqac.ca\/uqactualites\/wp-json\/wp\/v2\/media\/46632"}],"wp:attachment":[{"href":"https:\/\/www.uqac.ca\/uqactualites\/wp-json\/wp\/v2\/media?parent=46628"}],"wp:term":[{"taxonomy":"category","embeddable":true,"href":"https:\/\/www.uqac.ca\/uqactualites\/wp-json\/wp\/v2\/categories?post=46628"},{"taxonomy":"post_tag","embeddable":true,"href":"https:\/\/www.uqac.ca\/uqactualites\/wp-json\/wp\/v2\/tags?post=46628"}],"curies":[{"name":"wp","href":"https:\/\/api.w.org\/{rel}","templated":true}]}}