{"id":46668,"date":"2024-04-04T16:29:44","date_gmt":"2024-04-04T20:29:44","guid":{"rendered":"https:\/\/www.uqac.ca\/uqactualites\/?p=46668"},"modified":"2024-07-24T13:26:54","modified_gmt":"2024-07-24T17:26:54","slug":"justine-valtier-la-rencontre-dun-milieu-culturel-foisonnant","status":"publish","type":"post","link":"https:\/\/www.uqac.ca\/uqactualites\/2024\/04\/04\/justine-valtier-la-rencontre-dun-milieu-culturel-foisonnant\/","title":{"rendered":"Justine Valtier: La rencontre d\u2019un milieu culturel foisonnant"},"content":{"rendered":"\r\n<p>Originaire de Caen, en France, c\u2019est en 2015 que Justine Valtier effectue son premier s\u00e9jour \u00e0 Saguenay alors qu\u2019elle r\u00e9alise un \u00e9change \u00e9tudiant \u00e0 l\u2019Universit\u00e9 du Qu\u00e9bec \u00e0 Chicoutimi (UQAC). Rapidement, elle est s\u00e9duite par l\u2019effervescence culturelle et tombe sous le charme de la r\u00e9gion pour son bassin culturel foisonnant qui lui laisse entrevoir la possibilit\u00e9 de se professionnaliser dans son art.<\/p>\r\n\r\n\r\n\r\n<p>En 2016, elle d\u00e9cide donc de revenir en r\u00e9gion et s\u2019inscrit \u00e0 la ma\u00eetrise en art, \u00e0 l\u2019UQAC. \u00ab J\u2019\u00e9tais tr\u00e8s focalis\u00e9e sur cette id\u00e9e de me professionnaliser et rapidement, j\u2019ai commenc\u00e9 \u00e0 faire de la recherche et \u00e0 devenir assistante de cours pour diff\u00e9rents professeurs, dont Marcel Marois, qui est devenu ensuite mon directeur de recherche. Cette rencontre a d\u2019ailleurs \u00e9t\u00e9 bouleversante, car du ma\u00eetre \u00e0 l\u2019\u00e9l\u00e8ve, nous avons d\u00e9velopp\u00e9 une relation amicale qui nous permettait d\u2019\u00e9changer sur la cr\u00e9ation, d\u2019artiste \u00e0 artiste \u00bb,\u00a0 relate-t-elle.<\/p>\r\n\r\n\r\n\r\n<p><strong>L\u2019\u00e9cole de la vie<\/strong><\/p>\r\n\r\n\r\n\r\n<p>Ce qu\u2019elle retient par-dessus tout de son exp\u00e9rience \u00e0 l\u2019UQAC c\u2019est d\u2019avoir eu cette chance de pouvoir se tromper, de prendre des risques et d\u2019exp\u00e9rimenter. Cette peur de l\u2019infini possible s\u2019est av\u00e9r\u00e9e tr\u00e8s r\u00e9v\u00e9latrice, puisque d\u2019avoir la possibilit\u00e9 d\u2019\u00e9chouer signifie pour elle de se relever et d\u2019en sortir grandie. \u00ab L\u2019universit\u00e9 c\u2019est en quelque sorte l\u2019\u00e9cole de la vie \u00bb, partage-t-elle.<\/p>\r\n\r\n\r\n\r\n<p>En terminant sa ma\u00eetrise, elle se voit proposer une charge de cours \u00e0 l\u2019UQAC, qu\u2019elle endossera pendant les quatre ann\u00e9es suivantes. Dans la m\u00eame s\u00e9quence, elle accepte un poste comme adjointe au centre d\u2019artistes, le LOBE duquel elle deviendra directrice g\u00e9n\u00e9rale pendant pr\u00e8s de trois ans et demi. \u00ab Tout s\u2019est d\u00e9bloqu\u00e9 rapidement pour moi, mon but initial n\u2019\u00e9tait pas n\u00e9cessairement de poursuivre ma carri\u00e8re \u00e0 Chicoutimi, mais tout s\u2019est mis en place pour que j\u2019y demeure. Mon exp\u00e9rience au LOBE a \u00e9t\u00e9 une belle \u00e9cole, puisque j\u2019ai appris tout l\u2019arri\u00e8re du d\u00e9cor du milieu artistique, notamment les subventions et le c\u00f4t\u00e9 plus administratif \u00bb, pr\u00e9cise l\u2019artiste.<\/p>\r\n\r\n\r\n\r\n<p><strong>Renouer avec la cr\u00e9ation<\/strong><\/p>\r\n\r\n\r\n\r\n<p>Ayant toujours nourri en parall\u00e8le une passion pour le cin\u00e9ma, elle d\u00e9cide, en 2022, de devenir consultante pour la bo\u00eete de production <em>Saint-Fortuna Films<\/em> pour laquelle elle s\u2019occupera, notamment, de la coordination des tournages. \u00a0<\/p>\r\n\r\n\r\n\r\n<p>En 2023, le t\u00e9l\u00e9phone commence \u00e0 sonner, elle est approch\u00e9e pour soumettre sa candidature pour rejoindre le Festival <em>Regard<\/em> \u00e0 titre de directrice g\u00e9n\u00e9rale et artistique de l\u2019\u00e9v\u00e9nement cin\u00e9matographique. Contre toute attente, elle obtient ce poste qu\u2019elle n\u2019esp\u00e9rait pas et qui lui permet de mettre \u00e0 profit toutes ses connaissances de gestion acquises au LOBE. Il lui offre \u00e9galement l\u2019opportunit\u00e9 de se replonger dans la cr\u00e9ation en mettant \u00e0 contribution sa vision de l\u2019art qu\u2019elle continue d\u2019ailleurs de nourrir gr\u00e2ce \u00e0 ses nombreux voyages.<\/p>\r\n\r\n\r\n\r\n<p>En outre, elle porte toujours en elle tout son bagage acad\u00e9mique ainsi que ses relations significatives qu\u2019elles continuent de ch\u00e9rir avec ses professeurs, comme avec ses \u00e9tudiants. \u00ab C\u2019est important pour moi de rester proche de l\u2019universit\u00e9 et de cr\u00e9er une synergie avec la communaut\u00e9 \u00e9tudiante d\u2019artistes. La transmission et le partage sont des valeurs qui me sont ch\u00e8res \u00bb, termine-t-elle.<\/p>\r\n","protected":false},"excerpt":{"rendered":"<p>Originaire de Caen, en France, c\u2019est en 2015 que Justine Valtier effectue son premier s\u00e9jour \u00e0 Saguenay alors qu\u2019elle r\u00e9alise un \u00e9change \u00e9tudiant \u00e0 l\u2019Universit\u00e9 du Qu\u00e9bec \u00e0 Chicoutimi (UQAC). Rapidement, elle est s\u00e9duite par l\u2019effervescence culturelle et tombe sous le charme de la r\u00e9gion pour son bassin culturel foisonnant qui lui laisse entrevoir la [&hellip;]<\/p>\n","protected":false},"author":5,"featured_media":46669,"comment_status":"open","ping_status":"open","sticky":false,"template":"","format":"standard","meta":{"footnotes":""},"categories":[2847,248],"tags":[152,465],"yoast_head":"<!-- This site is optimized with the Yoast SEO plugin v24.2 - https:\/\/yoast.com\/wordpress\/plugins\/seo\/ -->\r\n<title>Justine Valtier: La rencontre d\u2019un milieu culturel foisonnant - UQACtualit\u00e9s<\/title>\r\n<meta name=\"description\" content=\"C\u2019est en 2015 que Justine Valtier effectue son premier s\u00e9jour \u00e0 Saguenay alors qu\u2019elle r\u00e9alise un \u00e9change \u00e9tudiant \u00e0 l&#039;UQAC.\" \/>\r\n<meta name=\"robots\" content=\"index, follow, max-snippet:-1, max-image-preview:large, max-video-preview:-1\" \/>\r\n<link rel=\"canonical\" href=\"https:\/\/www.uqac.ca\/uqactualites\/2024\/04\/04\/justine-valtier-la-rencontre-dun-milieu-culturel-foisonnant\/\" \/>\r\n<meta property=\"og:locale\" content=\"fr_CA\" \/>\r\n<meta property=\"og:type\" content=\"article\" \/>\r\n<meta property=\"og:title\" content=\"Justine Valtier: La rencontre d\u2019un milieu culturel foisonnant - UQACtualit\u00e9s\" \/>\r\n<meta property=\"og:description\" content=\"C\u2019est en 2015 que Justine Valtier effectue son premier s\u00e9jour \u00e0 Saguenay alors qu\u2019elle r\u00e9alise un \u00e9change \u00e9tudiant \u00e0 l&#039;UQAC.\" \/>\r\n<meta property=\"og:url\" content=\"https:\/\/www.uqac.ca\/uqactualites\/2024\/04\/04\/justine-valtier-la-rencontre-dun-milieu-culturel-foisonnant\/\" \/>\r\n<meta property=\"og:site_name\" content=\"UQACtualit\u00e9s\" \/>\r\n<meta property=\"article:published_time\" content=\"2024-04-04T20:29:44+00:00\" \/>\r\n<meta property=\"article:modified_time\" content=\"2024-07-24T17:26:54+00:00\" \/>\r\n<meta property=\"og:image\" content=\"https:\/\/www.uqac.ca\/uqactualites\/wp-content\/uploads\/2024\/04\/NUM_AmbassadeursH24_Uqctualite1920X1080-62.jpg\" \/>\r\n\t<meta property=\"og:image:width\" content=\"1920\" \/>\r\n\t<meta property=\"og:image:height\" content=\"1080\" \/>\r\n\t<meta property=\"og:image:type\" content=\"image\/jpeg\" \/>\r\n<meta name=\"author\" content=\"Service des communications et des relations publiques\" \/>\r\n<meta name=\"twitter:card\" content=\"summary_large_image\" \/>\r\n<meta name=\"twitter:label1\" content=\"\u00c9crit par\" \/>\n\t<meta name=\"twitter:data1\" content=\"Service des communications et des relations publiques\" \/>\n\t<meta name=\"twitter:label2\" content=\"Estimation du temps de lecture\" \/>\n\t<meta name=\"twitter:data2\" content=\"3 minutes\" \/>\r\n<script type=\"application\/ld+json\" class=\"yoast-schema-graph\">{\"@context\":\"https:\/\/schema.org\",\"@graph\":[{\"@type\":\"WebPage\",\"@id\":\"https:\/\/www.uqac.ca\/uqactualites\/2024\/04\/04\/justine-valtier-la-rencontre-dun-milieu-culturel-foisonnant\/\",\"url\":\"https:\/\/www.uqac.ca\/uqactualites\/2024\/04\/04\/justine-valtier-la-rencontre-dun-milieu-culturel-foisonnant\/\",\"name\":\"Justine Valtier: La rencontre d\u2019un milieu culturel foisonnant - UQACtualit\u00e9s\",\"isPartOf\":{\"@id\":\"https:\/\/www.uqac.ca\/uqactualites\/#website\"},\"primaryImageOfPage\":{\"@id\":\"https:\/\/www.uqac.ca\/uqactualites\/2024\/04\/04\/justine-valtier-la-rencontre-dun-milieu-culturel-foisonnant\/#primaryimage\"},\"image\":{\"@id\":\"https:\/\/www.uqac.ca\/uqactualites\/2024\/04\/04\/justine-valtier-la-rencontre-dun-milieu-culturel-foisonnant\/#primaryimage\"},\"thumbnailUrl\":\"https:\/\/www.uqac.ca\/uqactualites\/wp-content\/uploads\/2024\/04\/NUM_AmbassadeursH24_Uqctualite1920X1080-62.jpg\",\"datePublished\":\"2024-04-04T20:29:44+00:00\",\"dateModified\":\"2024-07-24T17:26:54+00:00\",\"author\":{\"@id\":\"https:\/\/www.uqac.ca\/uqactualites\/#\/schema\/person\/366c45a0c4f0e677b41b4af5886e2018\"},\"description\":\"C\u2019est en 2015 que Justine Valtier effectue son premier s\u00e9jour \u00e0 Saguenay alors qu\u2019elle r\u00e9alise un \u00e9change \u00e9tudiant \u00e0 l'UQAC.\",\"breadcrumb\":{\"@id\":\"https:\/\/www.uqac.ca\/uqactualites\/2024\/04\/04\/justine-valtier-la-rencontre-dun-milieu-culturel-foisonnant\/#breadcrumb\"},\"inLanguage\":\"fr-CA\",\"potentialAction\":[{\"@type\":\"ReadAction\",\"target\":[\"https:\/\/www.uqac.ca\/uqactualites\/2024\/04\/04\/justine-valtier-la-rencontre-dun-milieu-culturel-foisonnant\/\"]}]},{\"@type\":\"ImageObject\",\"inLanguage\":\"fr-CA\",\"@id\":\"https:\/\/www.uqac.ca\/uqactualites\/2024\/04\/04\/justine-valtier-la-rencontre-dun-milieu-culturel-foisonnant\/#primaryimage\",\"url\":\"https:\/\/www.uqac.ca\/uqactualites\/wp-content\/uploads\/2024\/04\/NUM_AmbassadeursH24_Uqctualite1920X1080-62.jpg\",\"contentUrl\":\"https:\/\/www.uqac.ca\/uqactualites\/wp-content\/uploads\/2024\/04\/NUM_AmbassadeursH24_Uqctualite1920X1080-62.jpg\",\"width\":1920,\"height\":1080,\"caption\":\"Justine Valtier\"},{\"@type\":\"BreadcrumbList\",\"@id\":\"https:\/\/www.uqac.ca\/uqactualites\/2024\/04\/04\/justine-valtier-la-rencontre-dun-milieu-culturel-foisonnant\/#breadcrumb\",\"itemListElement\":[{\"@type\":\"ListItem\",\"position\":1,\"name\":\"Home\",\"item\":\"https:\/\/www.uqac.ca\/uqactualites\/\"},{\"@type\":\"ListItem\",\"position\":2,\"name\":\"Justine Valtier: La rencontre d\u2019un milieu culturel foisonnant\"}]},{\"@type\":\"WebSite\",\"@id\":\"https:\/\/www.uqac.ca\/uqactualites\/#website\",\"url\":\"https:\/\/www.uqac.ca\/uqactualites\/\",\"name\":\"UQACtualit\u00e9s\",\"description\":\"Le portail des nouvelles de l&#039;UQAC\",\"potentialAction\":[{\"@type\":\"SearchAction\",\"target\":{\"@type\":\"EntryPoint\",\"urlTemplate\":\"https:\/\/www.uqac.ca\/uqactualites\/?s={search_term_string}\"},\"query-input\":{\"@type\":\"PropertyValueSpecification\",\"valueRequired\":true,\"valueName\":\"search_term_string\"}}],\"inLanguage\":\"fr-CA\"},{\"@type\":\"Person\",\"@id\":\"https:\/\/www.uqac.ca\/uqactualites\/#\/schema\/person\/366c45a0c4f0e677b41b4af5886e2018\",\"name\":\"Service des communications et des relations publiques\",\"image\":{\"@type\":\"ImageObject\",\"inLanguage\":\"fr-CA\",\"@id\":\"https:\/\/www.uqac.ca\/uqactualites\/#\/schema\/person\/image\/\",\"url\":\"https:\/\/secure.gravatar.com\/avatar\/20fbbda8a292f59f2d3461a5b999c00b?s=96&d=mm&r=g\",\"contentUrl\":\"https:\/\/secure.gravatar.com\/avatar\/20fbbda8a292f59f2d3461a5b999c00b?s=96&d=mm&r=g\",\"caption\":\"Service des communications et des relations publiques\"},\"url\":\"https:\/\/www.uqac.ca\/uqactualites\/author\/bap\/\"}]}<\/script>\r\n<!-- \/ Yoast SEO plugin. -->","yoast_head_json":{"title":"Justine Valtier: La rencontre d\u2019un milieu culturel foisonnant - UQACtualit\u00e9s","description":"C\u2019est en 2015 que Justine Valtier effectue son premier s\u00e9jour \u00e0 Saguenay alors qu\u2019elle r\u00e9alise un \u00e9change \u00e9tudiant \u00e0 l'UQAC.","robots":{"index":"index","follow":"follow","max-snippet":"max-snippet:-1","max-image-preview":"max-image-preview:large","max-video-preview":"max-video-preview:-1"},"canonical":"https:\/\/www.uqac.ca\/uqactualites\/2024\/04\/04\/justine-valtier-la-rencontre-dun-milieu-culturel-foisonnant\/","og_locale":"fr_CA","og_type":"article","og_title":"Justine Valtier: La rencontre d\u2019un milieu culturel foisonnant - UQACtualit\u00e9s","og_description":"C\u2019est en 2015 que Justine Valtier effectue son premier s\u00e9jour \u00e0 Saguenay alors qu\u2019elle r\u00e9alise un \u00e9change \u00e9tudiant \u00e0 l'UQAC.","og_url":"https:\/\/www.uqac.ca\/uqactualites\/2024\/04\/04\/justine-valtier-la-rencontre-dun-milieu-culturel-foisonnant\/","og_site_name":"UQACtualit\u00e9s","article_published_time":"2024-04-04T20:29:44+00:00","article_modified_time":"2024-07-24T17:26:54+00:00","og_image":[{"width":1920,"height":1080,"url":"https:\/\/www.uqac.ca\/uqactualites\/wp-content\/uploads\/2024\/04\/NUM_AmbassadeursH24_Uqctualite1920X1080-62.jpg","type":"image\/jpeg"}],"author":"Service des communications et des relations publiques","twitter_card":"summary_large_image","twitter_misc":{"\u00c9crit par":"Service des communications et des relations publiques","Estimation du temps de lecture":"3 minutes"},"schema":{"@context":"https:\/\/schema.org","@graph":[{"@type":"WebPage","@id":"https:\/\/www.uqac.ca\/uqactualites\/2024\/04\/04\/justine-valtier-la-rencontre-dun-milieu-culturel-foisonnant\/","url":"https:\/\/www.uqac.ca\/uqactualites\/2024\/04\/04\/justine-valtier-la-rencontre-dun-milieu-culturel-foisonnant\/","name":"Justine Valtier: La rencontre d\u2019un milieu culturel foisonnant - UQACtualit\u00e9s","isPartOf":{"@id":"https:\/\/www.uqac.ca\/uqactualites\/#website"},"primaryImageOfPage":{"@id":"https:\/\/www.uqac.ca\/uqactualites\/2024\/04\/04\/justine-valtier-la-rencontre-dun-milieu-culturel-foisonnant\/#primaryimage"},"image":{"@id":"https:\/\/www.uqac.ca\/uqactualites\/2024\/04\/04\/justine-valtier-la-rencontre-dun-milieu-culturel-foisonnant\/#primaryimage"},"thumbnailUrl":"https:\/\/www.uqac.ca\/uqactualites\/wp-content\/uploads\/2024\/04\/NUM_AmbassadeursH24_Uqctualite1920X1080-62.jpg","datePublished":"2024-04-04T20:29:44+00:00","dateModified":"2024-07-24T17:26:54+00:00","author":{"@id":"https:\/\/www.uqac.ca\/uqactualites\/#\/schema\/person\/366c45a0c4f0e677b41b4af5886e2018"},"description":"C\u2019est en 2015 que Justine Valtier effectue son premier s\u00e9jour \u00e0 Saguenay alors qu\u2019elle r\u00e9alise un \u00e9change \u00e9tudiant \u00e0 l'UQAC.","breadcrumb":{"@id":"https:\/\/www.uqac.ca\/uqactualites\/2024\/04\/04\/justine-valtier-la-rencontre-dun-milieu-culturel-foisonnant\/#breadcrumb"},"inLanguage":"fr-CA","potentialAction":[{"@type":"ReadAction","target":["https:\/\/www.uqac.ca\/uqactualites\/2024\/04\/04\/justine-valtier-la-rencontre-dun-milieu-culturel-foisonnant\/"]}]},{"@type":"ImageObject","inLanguage":"fr-CA","@id":"https:\/\/www.uqac.ca\/uqactualites\/2024\/04\/04\/justine-valtier-la-rencontre-dun-milieu-culturel-foisonnant\/#primaryimage","url":"https:\/\/www.uqac.ca\/uqactualites\/wp-content\/uploads\/2024\/04\/NUM_AmbassadeursH24_Uqctualite1920X1080-62.jpg","contentUrl":"https:\/\/www.uqac.ca\/uqactualites\/wp-content\/uploads\/2024\/04\/NUM_AmbassadeursH24_Uqctualite1920X1080-62.jpg","width":1920,"height":1080,"caption":"Justine Valtier"},{"@type":"BreadcrumbList","@id":"https:\/\/www.uqac.ca\/uqactualites\/2024\/04\/04\/justine-valtier-la-rencontre-dun-milieu-culturel-foisonnant\/#breadcrumb","itemListElement":[{"@type":"ListItem","position":1,"name":"Home","item":"https:\/\/www.uqac.ca\/uqactualites\/"},{"@type":"ListItem","position":2,"name":"Justine Valtier: La rencontre d\u2019un milieu culturel foisonnant"}]},{"@type":"WebSite","@id":"https:\/\/www.uqac.ca\/uqactualites\/#website","url":"https:\/\/www.uqac.ca\/uqactualites\/","name":"UQACtualit\u00e9s","description":"Le portail des nouvelles de l&#039;UQAC","potentialAction":[{"@type":"SearchAction","target":{"@type":"EntryPoint","urlTemplate":"https:\/\/www.uqac.ca\/uqactualites\/?s={search_term_string}"},"query-input":{"@type":"PropertyValueSpecification","valueRequired":true,"valueName":"search_term_string"}}],"inLanguage":"fr-CA"},{"@type":"Person","@id":"https:\/\/www.uqac.ca\/uqactualites\/#\/schema\/person\/366c45a0c4f0e677b41b4af5886e2018","name":"Service des communications et des relations publiques","image":{"@type":"ImageObject","inLanguage":"fr-CA","@id":"https:\/\/www.uqac.ca\/uqactualites\/#\/schema\/person\/image\/","url":"https:\/\/secure.gravatar.com\/avatar\/20fbbda8a292f59f2d3461a5b999c00b?s=96&d=mm&r=g","contentUrl":"https:\/\/secure.gravatar.com\/avatar\/20fbbda8a292f59f2d3461a5b999c00b?s=96&d=mm&r=g","caption":"Service des communications et des relations publiques"},"url":"https:\/\/www.uqac.ca\/uqactualites\/author\/bap\/"}]}},"_links":{"self":[{"href":"https:\/\/www.uqac.ca\/uqactualites\/wp-json\/wp\/v2\/posts\/46668"}],"collection":[{"href":"https:\/\/www.uqac.ca\/uqactualites\/wp-json\/wp\/v2\/posts"}],"about":[{"href":"https:\/\/www.uqac.ca\/uqactualites\/wp-json\/wp\/v2\/types\/post"}],"author":[{"embeddable":true,"href":"https:\/\/www.uqac.ca\/uqactualites\/wp-json\/wp\/v2\/users\/5"}],"replies":[{"embeddable":true,"href":"https:\/\/www.uqac.ca\/uqactualites\/wp-json\/wp\/v2\/comments?post=46668"}],"version-history":[{"count":4,"href":"https:\/\/www.uqac.ca\/uqactualites\/wp-json\/wp\/v2\/posts\/46668\/revisions"}],"predecessor-version":[{"id":48064,"href":"https:\/\/www.uqac.ca\/uqactualites\/wp-json\/wp\/v2\/posts\/46668\/revisions\/48064"}],"wp:featuredmedia":[{"embeddable":true,"href":"https:\/\/www.uqac.ca\/uqactualites\/wp-json\/wp\/v2\/media\/46669"}],"wp:attachment":[{"href":"https:\/\/www.uqac.ca\/uqactualites\/wp-json\/wp\/v2\/media?parent=46668"}],"wp:term":[{"taxonomy":"category","embeddable":true,"href":"https:\/\/www.uqac.ca\/uqactualites\/wp-json\/wp\/v2\/categories?post=46668"},{"taxonomy":"post_tag","embeddable":true,"href":"https:\/\/www.uqac.ca\/uqactualites\/wp-json\/wp\/v2\/tags?post=46668"}],"curies":[{"name":"wp","href":"https:\/\/api.w.org\/{rel}","templated":true}]}}