{"id":46673,"date":"2024-04-05T16:31:12","date_gmt":"2024-04-05T20:31:12","guid":{"rendered":"https:\/\/www.uqac.ca\/uqactualites\/?p=46673"},"modified":"2024-07-24T13:25:19","modified_gmt":"2024-07-24T17:25:19","slug":"david-cleary-un-heritage-a-preserver","status":"publish","type":"post","link":"https:\/\/www.uqac.ca\/uqactualites\/2024\/04\/05\/david-cleary-un-heritage-a-preserver\/","title":{"rendered":"David Cleary: Un h\u00e9ritage \u00e0 pr\u00e9server"},"content":{"rendered":"\r\n<p>Originaire de Mashteuiatsh, David Cleary est profond\u00e9ment ancr\u00e9 \u00e0 ses racines familiales qu\u2019il porte aujourd\u2019hui en lui comme un h\u00e9ritage \u00e0 pr\u00e9server. Entour\u00e9 par les for\u00eats et les cours d\u2019eau, sur ses terres ancestrales, c\u2019est en harmonie avec la nature qu\u2019il souhaite contribuer \u00e0 p\u00e9renniser les ressources naturelles du territoire des Premi\u00e8res Nations, une mission qu\u2019il endosse depuis 17 ans gr\u00e2ce \u00e0 son r\u00f4le de conseiller en gestion de la faune et de l\u2019environnement pour la nation ilnu de Mashteuiatsh (Pekuakamiulnuatsh Takuhikan).<\/p>\r\n\r\n\r\n\r\n<p>Avant d\u2019entamer un retour aux \u00e9tudes au certificat en biologie \u00e0 l\u2019Universit\u00e9 du Qu\u00e9bec \u00e0 Chicoutimi (UQAC) en 2001, David se questionne sur son avenir, ne sachant trop de quoi sera fait demain. \u00ab \u00c0 cette \u00e9poque, j\u2019\u00e9tais dans une sorte de qu\u00eate identitaire. J\u2019ai donc d\u00e9cid\u00e9 d\u2019aller en Ontario pour y travailler sur une ferme et m\u2019impliquer dans la communaut\u00e9 dans le th\u00e9\u00e2tre et les danses traditionnelles. Je savais \u00e0 ce moment que je devais penser \u00e0 mon avenir, mais je n\u2019avais jamais envisag\u00e9 de faire des \u00e9tudes, \u00e7a ne semblait pas \u00eatre une possibilit\u00e9 pour moi \u00bb, se confie-t-il.<\/p>\r\n\r\n\r\n\r\n<p>\u00c0 son retour au bercail, il d\u00e9cide finalement de tenter sa chance et de faire une demande d\u2019inscription \u00e0 l\u2019UQAC. \u00ab Comme je n\u2019avais pas fait d\u2019\u00e9tudes coll\u00e9giales, je devais faire une demande pour \u00eatre accept\u00e9 au programme sur une base adulte. C\u2019est le directeur du baccalaur\u00e9at en biologie, Andr\u00e9 Francoeur, qui m\u2019a tendu une perche en me proposant de faire les cours compl\u00e9mentaires du c\u00e9gep en compensation, et ce, \u00e0 condition que j\u2019obtienne une moyenne de B dans tous mes cours \u00bb, se souvient-il.<\/p>\r\n\r\n\r\n\r\n<p><strong>Un retour sur les bancs d\u2019\u00e9cole<\/strong><\/p>\r\n\r\n\r\n\r\n<p>En raison de son absence prolong\u00e9e sur les bancs d\u2019\u00e9cole, les premiers mois \u00e0 l\u2019universit\u00e9 s\u2019av\u00e8rent plus ardus. Sa rigueur ainsi que sa volont\u00e9 de r\u00e9ussir lui permettent finalement de d\u00e9couvrir en lui des capacit\u00e9s d\u2019apprentissage ainsi qu\u2019une force int\u00e9rieure qui lui inspirent confiance pour le futur.<\/p>\r\n\r\n\r\n\r\n<p>En 2003, il d\u00e9cide de continuer sur cette m\u00eame lanc\u00e9e et s\u2019inscrit au baccalaur\u00e9at en biologie. Il y fera la rencontre du professeur Pascal Sirois de l&rsquo;UQAC qui l\u2019initiera \u00e0 l\u2019\u00e9cologie aquatique. \u00ab Pendant trois \u00e9t\u00e9s, j\u2019ai travaill\u00e9 au laboratoire d\u2019\u00e9cologie aquatique et j\u2019ai eu la piq\u00fbre pour ce domaine alors qu\u2019au d\u00e9but, j\u2019aimais beaucoup la foresterie et les mammif\u00e8res \u00bb, ajoute David.<\/p>\r\n\r\n\r\n\r\n<p><strong>Un cheminement qui le ram\u00e8ne \u00e0 ses racines<\/strong><\/p>\r\n\r\n\r\n\r\n<p>Son dipl\u00f4me en poche, David se lance un d\u00e9fi qu\u2019il n\u2019avait jamais envisag\u00e9 relever: celui de poursuivre \u00e0 la ma\u00eetrise. \u00ab Pascal Sirois m\u2019a donn\u00e9 l\u2019opportunit\u00e9 de faire une ma\u00eetrise en travaillant sur l\u2019ensemencement \u00e0 l\u2019\u00e9perlan dans le lac Saint-Jean et le Saint-Laurent. J\u2019ai pu y [acqu\u00e9rir] des connaissances sur la p\u00eache qui sont essentielles aujourd\u2019hui dans mon travail pour les populations de poissons et le respect de la faune \u00bb. \u00a0<\/p>\r\n\r\n\r\n\r\n<p>Ses \u00e9tudes \u00e0 la ma\u00eetrise \u00e0 l&rsquo;UQAC lui ont par ailleurs permis de gagner en confiance et en connaissances, lui fournissant des outils de travail pour recueillir l\u2019information sur le terrain et obtenir des sources fiables sur papier.<\/p>\r\n\r\n\r\n\r\n<p>\u00ab Ce que j\u2019aime par-dessus tout, c\u2019est\u00a0 travailler pour ma communaut\u00e9 et\u00a0 toucher \u00e0 plusieurs volets de l\u2019environnement en lien avec les activit\u00e9s traditionnelles comme la chasse et la p\u00eache. Je suis parfois sollicit\u00e9 par d\u2019autres organismes comme Autochtone form\u00e9 dans le domaine de l\u2019environnement et j\u2019ai la chance de travailler avec d\u2019anciens camarades de classe ou des professeurs qui sont aujourd\u2019hui mes vis-\u00e0-vis sur des comit\u00e9s ou au minist\u00e8re \u00bb, termine-t-il.<\/p>\r\n\r\n\r\n\r\n<p>En prenant la d\u00e9cision de se replonger dans ses livres, David a pu enfin trouver sa voie. Malgr\u00e9 les d\u00e9tours et les remises en question, l\u2019universit\u00e9 lui a permis de trouver sa place, en relation avec sa communaut\u00e9 et en communion avec la nature, comme une boussole le ramenant \u00e0 des racines profond\u00e9ment ancr\u00e9es en lui. \u00a0\u00a0<\/p>\r\n","protected":false},"excerpt":{"rendered":"<p>Originaire de Mashteuiatsh, David Cleary est profond\u00e9ment ancr\u00e9 \u00e0 ses racines familiales qu\u2019il porte aujourd\u2019hui en lui comme un h\u00e9ritage \u00e0 pr\u00e9server. Entour\u00e9 par les for\u00eats et les cours d\u2019eau, sur ses terres ancestrales, c\u2019est en harmonie avec la nature qu\u2019il souhaite contribuer \u00e0 p\u00e9renniser les ressources naturelles du territoire des Premi\u00e8res Nations, une mission [&hellip;]<\/p>\n","protected":false},"author":5,"featured_media":46674,"comment_status":"open","ping_status":"open","sticky":false,"template":"","format":"standard","meta":{"footnotes":""},"categories":[2847,248],"tags":[465,3],"yoast_head":"<!-- This site is optimized with the Yoast SEO plugin v24.2 - https:\/\/yoast.com\/wordpress\/plugins\/seo\/ -->\r\n<title>David Cleary: Un h\u00e9ritage \u00e0 pr\u00e9server - UQACtualit\u00e9s<\/title>\r\n<meta name=\"description\" content=\"Originaire de Mashteuiatsh, David Cleary est profond\u00e9ment ancr\u00e9 \u00e0 ses racines familiales qu\u2019il porte en lui comme un h\u00e9ritage \u00e0 pr\u00e9server.\" \/>\r\n<meta name=\"robots\" content=\"index, follow, max-snippet:-1, max-image-preview:large, max-video-preview:-1\" \/>\r\n<link rel=\"canonical\" href=\"https:\/\/www.uqac.ca\/uqactualites\/2024\/04\/05\/david-cleary-un-heritage-a-preserver\/\" \/>\r\n<meta property=\"og:locale\" content=\"fr_CA\" \/>\r\n<meta property=\"og:type\" content=\"article\" \/>\r\n<meta property=\"og:title\" content=\"David Cleary: Un h\u00e9ritage \u00e0 pr\u00e9server - UQACtualit\u00e9s\" \/>\r\n<meta property=\"og:description\" content=\"Originaire de Mashteuiatsh, David Cleary est profond\u00e9ment ancr\u00e9 \u00e0 ses racines familiales qu\u2019il porte en lui comme un h\u00e9ritage \u00e0 pr\u00e9server.\" \/>\r\n<meta property=\"og:url\" content=\"https:\/\/www.uqac.ca\/uqactualites\/2024\/04\/05\/david-cleary-un-heritage-a-preserver\/\" \/>\r\n<meta property=\"og:site_name\" content=\"UQACtualit\u00e9s\" \/>\r\n<meta property=\"article:published_time\" content=\"2024-04-05T20:31:12+00:00\" \/>\r\n<meta property=\"article:modified_time\" content=\"2024-07-24T17:25:19+00:00\" \/>\r\n<meta property=\"og:image\" content=\"https:\/\/www.uqac.ca\/uqactualites\/wp-content\/uploads\/2024\/04\/NUM_AmbassadeursH24_Uqctualite1920X1080-32.jpg\" \/>\r\n\t<meta property=\"og:image:width\" content=\"1920\" \/>\r\n\t<meta property=\"og:image:height\" content=\"1080\" \/>\r\n\t<meta property=\"og:image:type\" content=\"image\/jpeg\" \/>\r\n<meta name=\"author\" content=\"Service des communications et des relations publiques\" \/>\r\n<meta name=\"twitter:card\" content=\"summary_large_image\" \/>\r\n<meta name=\"twitter:label1\" content=\"\u00c9crit par\" \/>\n\t<meta name=\"twitter:data1\" content=\"Service des communications et des relations publiques\" \/>\n\t<meta name=\"twitter:label2\" content=\"Estimation du temps de lecture\" \/>\n\t<meta name=\"twitter:data2\" content=\"4 minutes\" \/>\r\n<script type=\"application\/ld+json\" class=\"yoast-schema-graph\">{\"@context\":\"https:\/\/schema.org\",\"@graph\":[{\"@type\":\"WebPage\",\"@id\":\"https:\/\/www.uqac.ca\/uqactualites\/2024\/04\/05\/david-cleary-un-heritage-a-preserver\/\",\"url\":\"https:\/\/www.uqac.ca\/uqactualites\/2024\/04\/05\/david-cleary-un-heritage-a-preserver\/\",\"name\":\"David Cleary: Un h\u00e9ritage \u00e0 pr\u00e9server - UQACtualit\u00e9s\",\"isPartOf\":{\"@id\":\"https:\/\/www.uqac.ca\/uqactualites\/#website\"},\"primaryImageOfPage\":{\"@id\":\"https:\/\/www.uqac.ca\/uqactualites\/2024\/04\/05\/david-cleary-un-heritage-a-preserver\/#primaryimage\"},\"image\":{\"@id\":\"https:\/\/www.uqac.ca\/uqactualites\/2024\/04\/05\/david-cleary-un-heritage-a-preserver\/#primaryimage\"},\"thumbnailUrl\":\"https:\/\/www.uqac.ca\/uqactualites\/wp-content\/uploads\/2024\/04\/NUM_AmbassadeursH24_Uqctualite1920X1080-32.jpg\",\"datePublished\":\"2024-04-05T20:31:12+00:00\",\"dateModified\":\"2024-07-24T17:25:19+00:00\",\"author\":{\"@id\":\"https:\/\/www.uqac.ca\/uqactualites\/#\/schema\/person\/366c45a0c4f0e677b41b4af5886e2018\"},\"description\":\"Originaire de Mashteuiatsh, David Cleary est profond\u00e9ment ancr\u00e9 \u00e0 ses racines familiales qu\u2019il porte en lui comme un h\u00e9ritage \u00e0 pr\u00e9server.\",\"breadcrumb\":{\"@id\":\"https:\/\/www.uqac.ca\/uqactualites\/2024\/04\/05\/david-cleary-un-heritage-a-preserver\/#breadcrumb\"},\"inLanguage\":\"fr-CA\",\"potentialAction\":[{\"@type\":\"ReadAction\",\"target\":[\"https:\/\/www.uqac.ca\/uqactualites\/2024\/04\/05\/david-cleary-un-heritage-a-preserver\/\"]}]},{\"@type\":\"ImageObject\",\"inLanguage\":\"fr-CA\",\"@id\":\"https:\/\/www.uqac.ca\/uqactualites\/2024\/04\/05\/david-cleary-un-heritage-a-preserver\/#primaryimage\",\"url\":\"https:\/\/www.uqac.ca\/uqactualites\/wp-content\/uploads\/2024\/04\/NUM_AmbassadeursH24_Uqctualite1920X1080-32.jpg\",\"contentUrl\":\"https:\/\/www.uqac.ca\/uqactualites\/wp-content\/uploads\/2024\/04\/NUM_AmbassadeursH24_Uqctualite1920X1080-32.jpg\",\"width\":1920,\"height\":1080,\"caption\":\"David Cleary\"},{\"@type\":\"BreadcrumbList\",\"@id\":\"https:\/\/www.uqac.ca\/uqactualites\/2024\/04\/05\/david-cleary-un-heritage-a-preserver\/#breadcrumb\",\"itemListElement\":[{\"@type\":\"ListItem\",\"position\":1,\"name\":\"Home\",\"item\":\"https:\/\/www.uqac.ca\/uqactualites\/\"},{\"@type\":\"ListItem\",\"position\":2,\"name\":\"David Cleary: Un h\u00e9ritage \u00e0 pr\u00e9server\"}]},{\"@type\":\"WebSite\",\"@id\":\"https:\/\/www.uqac.ca\/uqactualites\/#website\",\"url\":\"https:\/\/www.uqac.ca\/uqactualites\/\",\"name\":\"UQACtualit\u00e9s\",\"description\":\"Le portail des nouvelles de l&#039;UQAC\",\"potentialAction\":[{\"@type\":\"SearchAction\",\"target\":{\"@type\":\"EntryPoint\",\"urlTemplate\":\"https:\/\/www.uqac.ca\/uqactualites\/?s={search_term_string}\"},\"query-input\":{\"@type\":\"PropertyValueSpecification\",\"valueRequired\":true,\"valueName\":\"search_term_string\"}}],\"inLanguage\":\"fr-CA\"},{\"@type\":\"Person\",\"@id\":\"https:\/\/www.uqac.ca\/uqactualites\/#\/schema\/person\/366c45a0c4f0e677b41b4af5886e2018\",\"name\":\"Service des communications et des relations publiques\",\"image\":{\"@type\":\"ImageObject\",\"inLanguage\":\"fr-CA\",\"@id\":\"https:\/\/www.uqac.ca\/uqactualites\/#\/schema\/person\/image\/\",\"url\":\"https:\/\/secure.gravatar.com\/avatar\/20fbbda8a292f59f2d3461a5b999c00b?s=96&d=mm&r=g\",\"contentUrl\":\"https:\/\/secure.gravatar.com\/avatar\/20fbbda8a292f59f2d3461a5b999c00b?s=96&d=mm&r=g\",\"caption\":\"Service des communications et des relations publiques\"},\"url\":\"https:\/\/www.uqac.ca\/uqactualites\/author\/bap\/\"}]}<\/script>\r\n<!-- \/ Yoast SEO plugin. -->","yoast_head_json":{"title":"David Cleary: Un h\u00e9ritage \u00e0 pr\u00e9server - UQACtualit\u00e9s","description":"Originaire de Mashteuiatsh, David Cleary est profond\u00e9ment ancr\u00e9 \u00e0 ses racines familiales qu\u2019il porte en lui comme un h\u00e9ritage \u00e0 pr\u00e9server.","robots":{"index":"index","follow":"follow","max-snippet":"max-snippet:-1","max-image-preview":"max-image-preview:large","max-video-preview":"max-video-preview:-1"},"canonical":"https:\/\/www.uqac.ca\/uqactualites\/2024\/04\/05\/david-cleary-un-heritage-a-preserver\/","og_locale":"fr_CA","og_type":"article","og_title":"David Cleary: Un h\u00e9ritage \u00e0 pr\u00e9server - UQACtualit\u00e9s","og_description":"Originaire de Mashteuiatsh, David Cleary est profond\u00e9ment ancr\u00e9 \u00e0 ses racines familiales qu\u2019il porte en lui comme un h\u00e9ritage \u00e0 pr\u00e9server.","og_url":"https:\/\/www.uqac.ca\/uqactualites\/2024\/04\/05\/david-cleary-un-heritage-a-preserver\/","og_site_name":"UQACtualit\u00e9s","article_published_time":"2024-04-05T20:31:12+00:00","article_modified_time":"2024-07-24T17:25:19+00:00","og_image":[{"width":1920,"height":1080,"url":"https:\/\/www.uqac.ca\/uqactualites\/wp-content\/uploads\/2024\/04\/NUM_AmbassadeursH24_Uqctualite1920X1080-32.jpg","type":"image\/jpeg"}],"author":"Service des communications et des relations publiques","twitter_card":"summary_large_image","twitter_misc":{"\u00c9crit par":"Service des communications et des relations publiques","Estimation du temps de lecture":"4 minutes"},"schema":{"@context":"https:\/\/schema.org","@graph":[{"@type":"WebPage","@id":"https:\/\/www.uqac.ca\/uqactualites\/2024\/04\/05\/david-cleary-un-heritage-a-preserver\/","url":"https:\/\/www.uqac.ca\/uqactualites\/2024\/04\/05\/david-cleary-un-heritage-a-preserver\/","name":"David Cleary: Un h\u00e9ritage \u00e0 pr\u00e9server - UQACtualit\u00e9s","isPartOf":{"@id":"https:\/\/www.uqac.ca\/uqactualites\/#website"},"primaryImageOfPage":{"@id":"https:\/\/www.uqac.ca\/uqactualites\/2024\/04\/05\/david-cleary-un-heritage-a-preserver\/#primaryimage"},"image":{"@id":"https:\/\/www.uqac.ca\/uqactualites\/2024\/04\/05\/david-cleary-un-heritage-a-preserver\/#primaryimage"},"thumbnailUrl":"https:\/\/www.uqac.ca\/uqactualites\/wp-content\/uploads\/2024\/04\/NUM_AmbassadeursH24_Uqctualite1920X1080-32.jpg","datePublished":"2024-04-05T20:31:12+00:00","dateModified":"2024-07-24T17:25:19+00:00","author":{"@id":"https:\/\/www.uqac.ca\/uqactualites\/#\/schema\/person\/366c45a0c4f0e677b41b4af5886e2018"},"description":"Originaire de Mashteuiatsh, David Cleary est profond\u00e9ment ancr\u00e9 \u00e0 ses racines familiales qu\u2019il porte en lui comme un h\u00e9ritage \u00e0 pr\u00e9server.","breadcrumb":{"@id":"https:\/\/www.uqac.ca\/uqactualites\/2024\/04\/05\/david-cleary-un-heritage-a-preserver\/#breadcrumb"},"inLanguage":"fr-CA","potentialAction":[{"@type":"ReadAction","target":["https:\/\/www.uqac.ca\/uqactualites\/2024\/04\/05\/david-cleary-un-heritage-a-preserver\/"]}]},{"@type":"ImageObject","inLanguage":"fr-CA","@id":"https:\/\/www.uqac.ca\/uqactualites\/2024\/04\/05\/david-cleary-un-heritage-a-preserver\/#primaryimage","url":"https:\/\/www.uqac.ca\/uqactualites\/wp-content\/uploads\/2024\/04\/NUM_AmbassadeursH24_Uqctualite1920X1080-32.jpg","contentUrl":"https:\/\/www.uqac.ca\/uqactualites\/wp-content\/uploads\/2024\/04\/NUM_AmbassadeursH24_Uqctualite1920X1080-32.jpg","width":1920,"height":1080,"caption":"David Cleary"},{"@type":"BreadcrumbList","@id":"https:\/\/www.uqac.ca\/uqactualites\/2024\/04\/05\/david-cleary-un-heritage-a-preserver\/#breadcrumb","itemListElement":[{"@type":"ListItem","position":1,"name":"Home","item":"https:\/\/www.uqac.ca\/uqactualites\/"},{"@type":"ListItem","position":2,"name":"David Cleary: Un h\u00e9ritage \u00e0 pr\u00e9server"}]},{"@type":"WebSite","@id":"https:\/\/www.uqac.ca\/uqactualites\/#website","url":"https:\/\/www.uqac.ca\/uqactualites\/","name":"UQACtualit\u00e9s","description":"Le portail des nouvelles de l&#039;UQAC","potentialAction":[{"@type":"SearchAction","target":{"@type":"EntryPoint","urlTemplate":"https:\/\/www.uqac.ca\/uqactualites\/?s={search_term_string}"},"query-input":{"@type":"PropertyValueSpecification","valueRequired":true,"valueName":"search_term_string"}}],"inLanguage":"fr-CA"},{"@type":"Person","@id":"https:\/\/www.uqac.ca\/uqactualites\/#\/schema\/person\/366c45a0c4f0e677b41b4af5886e2018","name":"Service des communications et des relations publiques","image":{"@type":"ImageObject","inLanguage":"fr-CA","@id":"https:\/\/www.uqac.ca\/uqactualites\/#\/schema\/person\/image\/","url":"https:\/\/secure.gravatar.com\/avatar\/20fbbda8a292f59f2d3461a5b999c00b?s=96&d=mm&r=g","contentUrl":"https:\/\/secure.gravatar.com\/avatar\/20fbbda8a292f59f2d3461a5b999c00b?s=96&d=mm&r=g","caption":"Service des communications et des relations publiques"},"url":"https:\/\/www.uqac.ca\/uqactualites\/author\/bap\/"}]}},"_links":{"self":[{"href":"https:\/\/www.uqac.ca\/uqactualites\/wp-json\/wp\/v2\/posts\/46673"}],"collection":[{"href":"https:\/\/www.uqac.ca\/uqactualites\/wp-json\/wp\/v2\/posts"}],"about":[{"href":"https:\/\/www.uqac.ca\/uqactualites\/wp-json\/wp\/v2\/types\/post"}],"author":[{"embeddable":true,"href":"https:\/\/www.uqac.ca\/uqactualites\/wp-json\/wp\/v2\/users\/5"}],"replies":[{"embeddable":true,"href":"https:\/\/www.uqac.ca\/uqactualites\/wp-json\/wp\/v2\/comments?post=46673"}],"version-history":[{"count":6,"href":"https:\/\/www.uqac.ca\/uqactualites\/wp-json\/wp\/v2\/posts\/46673\/revisions"}],"predecessor-version":[{"id":48063,"href":"https:\/\/www.uqac.ca\/uqactualites\/wp-json\/wp\/v2\/posts\/46673\/revisions\/48063"}],"wp:featuredmedia":[{"embeddable":true,"href":"https:\/\/www.uqac.ca\/uqactualites\/wp-json\/wp\/v2\/media\/46674"}],"wp:attachment":[{"href":"https:\/\/www.uqac.ca\/uqactualites\/wp-json\/wp\/v2\/media?parent=46673"}],"wp:term":[{"taxonomy":"category","embeddable":true,"href":"https:\/\/www.uqac.ca\/uqactualites\/wp-json\/wp\/v2\/categories?post=46673"},{"taxonomy":"post_tag","embeddable":true,"href":"https:\/\/www.uqac.ca\/uqactualites\/wp-json\/wp\/v2\/tags?post=46673"}],"curies":[{"name":"wp","href":"https:\/\/api.w.org\/{rel}","templated":true}]}}