{"id":46676,"date":"2024-04-05T16:34:16","date_gmt":"2024-04-05T20:34:16","guid":{"rendered":"https:\/\/www.uqac.ca\/uqactualites\/?p=46676"},"modified":"2024-07-24T13:20:41","modified_gmt":"2024-07-24T17:20:41","slug":"martin-st-pierre-40-ans-de-carriere-dans-le-milieu-communautaire","status":"publish","type":"post","link":"https:\/\/www.uqac.ca\/uqactualites\/2024\/04\/05\/martin-st-pierre-40-ans-de-carriere-dans-le-milieu-communautaire\/","title":{"rendered":"Martin St-Pierre: 40 ans de carri\u00e8re dans le milieu communautaire"},"content":{"rendered":"\r\n<p>Martin St-Pierre se pla\u00eet \u00e0 dire qu\u2019il est tomb\u00e9 tr\u00e8s jeune dans la potion magique qui lui a insuffl\u00e9 ce d\u00e9sir de redonner \u00e0 la communaut\u00e9 en s\u2019impliquant b\u00e9n\u00e9volement aupr\u00e8s de divers organismes. C\u2019est d\u2019ailleurs pour concr\u00e9tiser ses engagements qu\u2019il d\u00e9cide de s\u2019inscrire au baccalaur\u00e9at en sciences sociales de l\u2019UQAC (devenu aujourd\u2019hui le baccalaur\u00e9at en travail social).<\/p>\r\n\r\n\r\n\r\n<p>\u00ab Le b\u00e9n\u00e9volat a toujours fait partie de nos valeurs familiales. Tous les membres de ma famille se sont engag\u00e9s envers la communaut\u00e9 \u00e0 leur fa\u00e7on. \u00c9tant sensibilis\u00e9 tr\u00e8s jeune \u00e0 l\u2019importance du domaine communautaire, l\u2019\u00e9veil pour celui-ci s\u2019est fait de fa\u00e7on naturelle. C\u2019est \u00e0 la fois valorisant et enrichissant de s\u2019impliquer et j\u2019y ai pris go\u00fbt rapidement \u00bb, partage-t-il.<\/p>\r\n\r\n\r\n\r\n<p>D\u00e9j\u00e0, \u00e2g\u00e9 de 16 ans, il commence son implication b\u00e9n\u00e9vole et devient rapidement directeur de la Maison des jeunes \u00e0 La Baie, sa ville natale. \u00ab J\u2019ai eu la chance de pouvoir faire mes stages dans mon lieu de travail ce qui m\u2019a permis d\u2019orienter davantage ce que je voulais faire et de pr\u00e9ciser dans quel domaine je souhaitais me diriger. Le baccalaur\u00e9at nous offrait une multitude de possibilit\u00e9s, mais mon exp\u00e9rience comme b\u00e9n\u00e9vole sur le terrain me ramenait toujours au volet communautaire et j\u2019ai su que je voulais travailler en relation d\u2019aide en m\u2019impliquant dans les communaut\u00e9s. \u00c0 ce jour, je n\u2019ai jamais regrett\u00e9 mon choix \u00bb, t\u00e9moigne-t-il avec certitude.<\/p>\r\n\r\n\r\n\r\n<p>Il continue ensuite son parcours professionnel au sein d\u2019organismes, toujours \u00e0 titre de directeur g\u00e9n\u00e9ral. Sur une p\u00e9riode de sept ans, il travaillera d\u2019abord pour les Associations des Centres-villes \u00e0 La Baie, ensuite \u00e0 la Soci\u00e9t\u00e9 d\u2019aide au d\u00e9veloppement des collectivit\u00e9s (SADC), puis \u00e0 l\u2019Association de paralysie c\u00e9r\u00e9brale du Qu\u00e9bec.<\/p>\r\n\r\n\r\n\r\n<p>D\u00e9sirant poursuivre son implication sociale, il fera partie d\u2019une quinzaine d\u2019organisations et de comit\u00e9s, tant\u00f4t \u00e0 titre de pr\u00e9sident, tant\u00f4t comme administrateur, et ce, dans plusieurs secteurs d\u2019activit\u00e9s. \u00ab Je voulais toucher un peu \u00e0 tout et prendre de l\u2019exp\u00e9rience. J\u2019ai \u00e9galement pu amener ma vision des choses et partager mes comp\u00e9tences au sein de plusieurs organismes, notamment comme commissaire d\u2019\u00e9cole pendant 27 ans \u00bb, ajoute-t-il.<\/p>\r\n\r\n\r\n\r\n<p>En 1991, il rejoint Centraide Saguenay\u2500Lac-Saint-Jean comme directeur g\u00e9n\u00e9ral, emploi qu\u2019il occupe depuis maintenant 33 ans, faisant de lui un doyen au Canada dans le mouvement Centraide. Apr\u00e8s toutes ces ann\u00e9es \u00e0 \u0153uvrer dans le domaine communautaire, Martin St-Pierre a toujours cette flamme qui lui permet d\u2019affirmer qu\u2019il appr\u00e9cie encore autant son domaine. C\u2019est en travaillant dans le respect, en s\u2019int\u00e9ressant aux autres, et surtout, en s\u2019entourant de personnes de c\u0153ur, qu\u2019il continue \u00e0 tendre la main aux gens dans le besoin.<\/p>\r\n\r\n\r\n\r\n<p>\u00ab Je suis fier de mes r\u00e9alisations, mais surtout d\u2019\u00eatre aussi bien entour\u00e9 par une \u00e9quipe de b\u00e9n\u00e9voles d\u00e9vou\u00e9s qui donne sans compter. C\u2019est un travail collectif que je ne pourrais assumer seul. Si je <em>trip<\/em> encore autant aujourd\u2019hui, c\u2019est d\u2019ailleurs gr\u00e2ce \u00e0 ce r\u00e9seau d\u2019entraide d\u2019une richesse incroyable que l\u2019on ne peut capitaliser \u00bb, rench\u00e9rit-il avec honneur.<\/p>\r\n\r\n\r\n\r\n<p>Martin St-Pierre se souviendra toujours d\u2019un professeur \u00e0 l\u2019universit\u00e9 qui avait su voir en lui un futur directeur, d\u00e9termin\u00e9 \u00e0 b\u00e2tir des communaut\u00e9s d\u2019entraide. Son bagage professionnel viendra confirmer, apr\u00e8s plus de 40 ans \u00e0 travailler dans le milieu, la r\u00e9alisation de cette pr\u00e9misse qui a sans doute contribu\u00e9 \u00e0 faire de lui un directeur impliqu\u00e9 et d\u00e9vou\u00e9 au milieu communautaire. \u00a0\u00a0<\/p>\r\n","protected":false},"excerpt":{"rendered":"<p>Martin St-Pierre se pla\u00eet \u00e0 dire qu\u2019il est tomb\u00e9 tr\u00e8s jeune dans la potion magique qui lui a insuffl\u00e9 ce d\u00e9sir de redonner \u00e0 la communaut\u00e9 en s\u2019impliquant b\u00e9n\u00e9volement aupr\u00e8s de divers organismes. C\u2019est d\u2019ailleurs pour concr\u00e9tiser ses engagements qu\u2019il d\u00e9cide de s\u2019inscrire au baccalaur\u00e9at en sciences sociales de l\u2019UQAC (devenu aujourd\u2019hui le baccalaur\u00e9at en [&hellip;]<\/p>\n","protected":false},"author":5,"featured_media":46677,"comment_status":"open","ping_status":"open","sticky":false,"template":"","format":"standard","meta":{"footnotes":""},"categories":[2847,248],"tags":[22],"yoast_head":"<!-- This site is optimized with the Yoast SEO plugin v24.2 - https:\/\/yoast.com\/wordpress\/plugins\/seo\/ -->\r\n<title>Martin St-Pierre: 40 ans de carri\u00e8re dans le milieu communautaire - UQACtualit\u00e9s<\/title>\r\n<meta name=\"description\" content=\"Martin St-Pierre se pla\u00eet \u00e0 dire qu\u2019il est tomb\u00e9 tr\u00e8s jeune dans la potion magique qui lui a insuffl\u00e9 ce d\u00e9sir de redonner \u00e0 la communaut\u00e9 en s\u2019impliquant b\u00e9n\u00e9volement aupr\u00e8s de divers organismes. C\u2019est d\u2019ailleurs pour concr\u00e9tiser ses engagements qu\u2019il d\u00e9cide, en 1987, de s\u2019inscrire au baccalaur\u00e9at en sciences sociales (devenu aujourd\u2019hui le baccalaur\u00e9at en travail social) \u00e0 l\u2019Universit\u00e9 du Qu\u00e9bec \u00e0 Chicoutimi (UQAC).\" \/>\r\n<meta name=\"robots\" content=\"index, follow, max-snippet:-1, max-image-preview:large, max-video-preview:-1\" \/>\r\n<link rel=\"canonical\" href=\"https:\/\/www.uqac.ca\/uqactualites\/2024\/04\/05\/martin-st-pierre-40-ans-de-carriere-dans-le-milieu-communautaire\/\" \/>\r\n<meta property=\"og:locale\" content=\"fr_CA\" \/>\r\n<meta property=\"og:type\" content=\"article\" \/>\r\n<meta property=\"og:title\" content=\"Martin St-Pierre: 40 ans de carri\u00e8re dans le milieu communautaire - UQACtualit\u00e9s\" \/>\r\n<meta property=\"og:description\" content=\"Martin St-Pierre se pla\u00eet \u00e0 dire qu\u2019il est tomb\u00e9 tr\u00e8s jeune dans la potion magique qui lui a insuffl\u00e9 ce d\u00e9sir de redonner \u00e0 la communaut\u00e9 en s\u2019impliquant b\u00e9n\u00e9volement aupr\u00e8s de divers organismes. C\u2019est d\u2019ailleurs pour concr\u00e9tiser ses engagements qu\u2019il d\u00e9cide, en 1987, de s\u2019inscrire au baccalaur\u00e9at en sciences sociales (devenu aujourd\u2019hui le baccalaur\u00e9at en travail social) \u00e0 l\u2019Universit\u00e9 du Qu\u00e9bec \u00e0 Chicoutimi (UQAC).\" \/>\r\n<meta property=\"og:url\" content=\"https:\/\/www.uqac.ca\/uqactualites\/2024\/04\/05\/martin-st-pierre-40-ans-de-carriere-dans-le-milieu-communautaire\/\" \/>\r\n<meta property=\"og:site_name\" content=\"UQACtualit\u00e9s\" \/>\r\n<meta property=\"article:published_time\" content=\"2024-04-05T20:34:16+00:00\" \/>\r\n<meta property=\"article:modified_time\" content=\"2024-07-24T17:20:41+00:00\" \/>\r\n<meta property=\"og:image\" content=\"https:\/\/www.uqac.ca\/uqactualites\/wp-content\/uploads\/2024\/04\/NUM_AmbassadeursH24_Uqctualite1920X1080-37.jpg\" \/>\r\n\t<meta property=\"og:image:width\" content=\"1920\" \/>\r\n\t<meta property=\"og:image:height\" content=\"1080\" \/>\r\n\t<meta property=\"og:image:type\" content=\"image\/jpeg\" \/>\r\n<meta name=\"author\" content=\"Service des communications et des relations publiques\" \/>\r\n<meta name=\"twitter:card\" content=\"summary_large_image\" \/>\r\n<meta name=\"twitter:label1\" content=\"\u00c9crit par\" \/>\n\t<meta name=\"twitter:data1\" content=\"Service des communications et des relations publiques\" \/>\n\t<meta name=\"twitter:label2\" content=\"Estimation du temps de lecture\" \/>\n\t<meta name=\"twitter:data2\" content=\"3 minutes\" \/>\r\n<script type=\"application\/ld+json\" class=\"yoast-schema-graph\">{\"@context\":\"https:\/\/schema.org\",\"@graph\":[{\"@type\":\"WebPage\",\"@id\":\"https:\/\/www.uqac.ca\/uqactualites\/2024\/04\/05\/martin-st-pierre-40-ans-de-carriere-dans-le-milieu-communautaire\/\",\"url\":\"https:\/\/www.uqac.ca\/uqactualites\/2024\/04\/05\/martin-st-pierre-40-ans-de-carriere-dans-le-milieu-communautaire\/\",\"name\":\"Martin St-Pierre: 40 ans de carri\u00e8re dans le milieu communautaire - UQACtualit\u00e9s\",\"isPartOf\":{\"@id\":\"https:\/\/www.uqac.ca\/uqactualites\/#website\"},\"primaryImageOfPage\":{\"@id\":\"https:\/\/www.uqac.ca\/uqactualites\/2024\/04\/05\/martin-st-pierre-40-ans-de-carriere-dans-le-milieu-communautaire\/#primaryimage\"},\"image\":{\"@id\":\"https:\/\/www.uqac.ca\/uqactualites\/2024\/04\/05\/martin-st-pierre-40-ans-de-carriere-dans-le-milieu-communautaire\/#primaryimage\"},\"thumbnailUrl\":\"https:\/\/www.uqac.ca\/uqactualites\/wp-content\/uploads\/2024\/04\/NUM_AmbassadeursH24_Uqctualite1920X1080-37.jpg\",\"datePublished\":\"2024-04-05T20:34:16+00:00\",\"dateModified\":\"2024-07-24T17:20:41+00:00\",\"author\":{\"@id\":\"https:\/\/www.uqac.ca\/uqactualites\/#\/schema\/person\/366c45a0c4f0e677b41b4af5886e2018\"},\"description\":\"Martin St-Pierre se pla\u00eet \u00e0 dire qu\u2019il est tomb\u00e9 tr\u00e8s jeune dans la potion magique qui lui a insuffl\u00e9 ce d\u00e9sir de redonner \u00e0 la communaut\u00e9 en s\u2019impliquant b\u00e9n\u00e9volement aupr\u00e8s de divers organismes. C\u2019est d\u2019ailleurs pour concr\u00e9tiser ses engagements qu\u2019il d\u00e9cide, en 1987, de s\u2019inscrire au baccalaur\u00e9at en sciences sociales (devenu aujourd\u2019hui le baccalaur\u00e9at en travail social) \u00e0 l\u2019Universit\u00e9 du Qu\u00e9bec \u00e0 Chicoutimi (UQAC).\",\"breadcrumb\":{\"@id\":\"https:\/\/www.uqac.ca\/uqactualites\/2024\/04\/05\/martin-st-pierre-40-ans-de-carriere-dans-le-milieu-communautaire\/#breadcrumb\"},\"inLanguage\":\"fr-CA\",\"potentialAction\":[{\"@type\":\"ReadAction\",\"target\":[\"https:\/\/www.uqac.ca\/uqactualites\/2024\/04\/05\/martin-st-pierre-40-ans-de-carriere-dans-le-milieu-communautaire\/\"]}]},{\"@type\":\"ImageObject\",\"inLanguage\":\"fr-CA\",\"@id\":\"https:\/\/www.uqac.ca\/uqactualites\/2024\/04\/05\/martin-st-pierre-40-ans-de-carriere-dans-le-milieu-communautaire\/#primaryimage\",\"url\":\"https:\/\/www.uqac.ca\/uqactualites\/wp-content\/uploads\/2024\/04\/NUM_AmbassadeursH24_Uqctualite1920X1080-37.jpg\",\"contentUrl\":\"https:\/\/www.uqac.ca\/uqactualites\/wp-content\/uploads\/2024\/04\/NUM_AmbassadeursH24_Uqctualite1920X1080-37.jpg\",\"width\":1920,\"height\":1080},{\"@type\":\"BreadcrumbList\",\"@id\":\"https:\/\/www.uqac.ca\/uqactualites\/2024\/04\/05\/martin-st-pierre-40-ans-de-carriere-dans-le-milieu-communautaire\/#breadcrumb\",\"itemListElement\":[{\"@type\":\"ListItem\",\"position\":1,\"name\":\"Home\",\"item\":\"https:\/\/www.uqac.ca\/uqactualites\/\"},{\"@type\":\"ListItem\",\"position\":2,\"name\":\"Martin St-Pierre: 40 ans de carri\u00e8re dans le milieu communautaire\"}]},{\"@type\":\"WebSite\",\"@id\":\"https:\/\/www.uqac.ca\/uqactualites\/#website\",\"url\":\"https:\/\/www.uqac.ca\/uqactualites\/\",\"name\":\"UQACtualit\u00e9s\",\"description\":\"Le portail des nouvelles de l&#039;UQAC\",\"potentialAction\":[{\"@type\":\"SearchAction\",\"target\":{\"@type\":\"EntryPoint\",\"urlTemplate\":\"https:\/\/www.uqac.ca\/uqactualites\/?s={search_term_string}\"},\"query-input\":{\"@type\":\"PropertyValueSpecification\",\"valueRequired\":true,\"valueName\":\"search_term_string\"}}],\"inLanguage\":\"fr-CA\"},{\"@type\":\"Person\",\"@id\":\"https:\/\/www.uqac.ca\/uqactualites\/#\/schema\/person\/366c45a0c4f0e677b41b4af5886e2018\",\"name\":\"Service des communications et des relations publiques\",\"image\":{\"@type\":\"ImageObject\",\"inLanguage\":\"fr-CA\",\"@id\":\"https:\/\/www.uqac.ca\/uqactualites\/#\/schema\/person\/image\/\",\"url\":\"https:\/\/secure.gravatar.com\/avatar\/20fbbda8a292f59f2d3461a5b999c00b?s=96&d=mm&r=g\",\"contentUrl\":\"https:\/\/secure.gravatar.com\/avatar\/20fbbda8a292f59f2d3461a5b999c00b?s=96&d=mm&r=g\",\"caption\":\"Service des communications et des relations publiques\"},\"url\":\"https:\/\/www.uqac.ca\/uqactualites\/author\/bap\/\"}]}<\/script>\r\n<!-- \/ Yoast SEO plugin. -->","yoast_head_json":{"title":"Martin St-Pierre: 40 ans de carri\u00e8re dans le milieu communautaire - UQACtualit\u00e9s","description":"Martin St-Pierre se pla\u00eet \u00e0 dire qu\u2019il est tomb\u00e9 tr\u00e8s jeune dans la potion magique qui lui a insuffl\u00e9 ce d\u00e9sir de redonner \u00e0 la communaut\u00e9 en s\u2019impliquant b\u00e9n\u00e9volement aupr\u00e8s de divers organismes. C\u2019est d\u2019ailleurs pour concr\u00e9tiser ses engagements qu\u2019il d\u00e9cide, en 1987, de s\u2019inscrire au baccalaur\u00e9at en sciences sociales (devenu aujourd\u2019hui le baccalaur\u00e9at en travail social) \u00e0 l\u2019Universit\u00e9 du Qu\u00e9bec \u00e0 Chicoutimi (UQAC).","robots":{"index":"index","follow":"follow","max-snippet":"max-snippet:-1","max-image-preview":"max-image-preview:large","max-video-preview":"max-video-preview:-1"},"canonical":"https:\/\/www.uqac.ca\/uqactualites\/2024\/04\/05\/martin-st-pierre-40-ans-de-carriere-dans-le-milieu-communautaire\/","og_locale":"fr_CA","og_type":"article","og_title":"Martin St-Pierre: 40 ans de carri\u00e8re dans le milieu communautaire - UQACtualit\u00e9s","og_description":"Martin St-Pierre se pla\u00eet \u00e0 dire qu\u2019il est tomb\u00e9 tr\u00e8s jeune dans la potion magique qui lui a insuffl\u00e9 ce d\u00e9sir de redonner \u00e0 la communaut\u00e9 en s\u2019impliquant b\u00e9n\u00e9volement aupr\u00e8s de divers organismes. C\u2019est d\u2019ailleurs pour concr\u00e9tiser ses engagements qu\u2019il d\u00e9cide, en 1987, de s\u2019inscrire au baccalaur\u00e9at en sciences sociales (devenu aujourd\u2019hui le baccalaur\u00e9at en travail social) \u00e0 l\u2019Universit\u00e9 du Qu\u00e9bec \u00e0 Chicoutimi (UQAC).","og_url":"https:\/\/www.uqac.ca\/uqactualites\/2024\/04\/05\/martin-st-pierre-40-ans-de-carriere-dans-le-milieu-communautaire\/","og_site_name":"UQACtualit\u00e9s","article_published_time":"2024-04-05T20:34:16+00:00","article_modified_time":"2024-07-24T17:20:41+00:00","og_image":[{"width":1920,"height":1080,"url":"https:\/\/www.uqac.ca\/uqactualites\/wp-content\/uploads\/2024\/04\/NUM_AmbassadeursH24_Uqctualite1920X1080-37.jpg","type":"image\/jpeg"}],"author":"Service des communications et des relations publiques","twitter_card":"summary_large_image","twitter_misc":{"\u00c9crit par":"Service des communications et des relations publiques","Estimation du temps de lecture":"3 minutes"},"schema":{"@context":"https:\/\/schema.org","@graph":[{"@type":"WebPage","@id":"https:\/\/www.uqac.ca\/uqactualites\/2024\/04\/05\/martin-st-pierre-40-ans-de-carriere-dans-le-milieu-communautaire\/","url":"https:\/\/www.uqac.ca\/uqactualites\/2024\/04\/05\/martin-st-pierre-40-ans-de-carriere-dans-le-milieu-communautaire\/","name":"Martin St-Pierre: 40 ans de carri\u00e8re dans le milieu communautaire - UQACtualit\u00e9s","isPartOf":{"@id":"https:\/\/www.uqac.ca\/uqactualites\/#website"},"primaryImageOfPage":{"@id":"https:\/\/www.uqac.ca\/uqactualites\/2024\/04\/05\/martin-st-pierre-40-ans-de-carriere-dans-le-milieu-communautaire\/#primaryimage"},"image":{"@id":"https:\/\/www.uqac.ca\/uqactualites\/2024\/04\/05\/martin-st-pierre-40-ans-de-carriere-dans-le-milieu-communautaire\/#primaryimage"},"thumbnailUrl":"https:\/\/www.uqac.ca\/uqactualites\/wp-content\/uploads\/2024\/04\/NUM_AmbassadeursH24_Uqctualite1920X1080-37.jpg","datePublished":"2024-04-05T20:34:16+00:00","dateModified":"2024-07-24T17:20:41+00:00","author":{"@id":"https:\/\/www.uqac.ca\/uqactualites\/#\/schema\/person\/366c45a0c4f0e677b41b4af5886e2018"},"description":"Martin St-Pierre se pla\u00eet \u00e0 dire qu\u2019il est tomb\u00e9 tr\u00e8s jeune dans la potion magique qui lui a insuffl\u00e9 ce d\u00e9sir de redonner \u00e0 la communaut\u00e9 en s\u2019impliquant b\u00e9n\u00e9volement aupr\u00e8s de divers organismes. C\u2019est d\u2019ailleurs pour concr\u00e9tiser ses engagements qu\u2019il d\u00e9cide, en 1987, de s\u2019inscrire au baccalaur\u00e9at en sciences sociales (devenu aujourd\u2019hui le baccalaur\u00e9at en travail social) \u00e0 l\u2019Universit\u00e9 du Qu\u00e9bec \u00e0 Chicoutimi (UQAC).","breadcrumb":{"@id":"https:\/\/www.uqac.ca\/uqactualites\/2024\/04\/05\/martin-st-pierre-40-ans-de-carriere-dans-le-milieu-communautaire\/#breadcrumb"},"inLanguage":"fr-CA","potentialAction":[{"@type":"ReadAction","target":["https:\/\/www.uqac.ca\/uqactualites\/2024\/04\/05\/martin-st-pierre-40-ans-de-carriere-dans-le-milieu-communautaire\/"]}]},{"@type":"ImageObject","inLanguage":"fr-CA","@id":"https:\/\/www.uqac.ca\/uqactualites\/2024\/04\/05\/martin-st-pierre-40-ans-de-carriere-dans-le-milieu-communautaire\/#primaryimage","url":"https:\/\/www.uqac.ca\/uqactualites\/wp-content\/uploads\/2024\/04\/NUM_AmbassadeursH24_Uqctualite1920X1080-37.jpg","contentUrl":"https:\/\/www.uqac.ca\/uqactualites\/wp-content\/uploads\/2024\/04\/NUM_AmbassadeursH24_Uqctualite1920X1080-37.jpg","width":1920,"height":1080},{"@type":"BreadcrumbList","@id":"https:\/\/www.uqac.ca\/uqactualites\/2024\/04\/05\/martin-st-pierre-40-ans-de-carriere-dans-le-milieu-communautaire\/#breadcrumb","itemListElement":[{"@type":"ListItem","position":1,"name":"Home","item":"https:\/\/www.uqac.ca\/uqactualites\/"},{"@type":"ListItem","position":2,"name":"Martin St-Pierre: 40 ans de carri\u00e8re dans le milieu communautaire"}]},{"@type":"WebSite","@id":"https:\/\/www.uqac.ca\/uqactualites\/#website","url":"https:\/\/www.uqac.ca\/uqactualites\/","name":"UQACtualit\u00e9s","description":"Le portail des nouvelles de l&#039;UQAC","potentialAction":[{"@type":"SearchAction","target":{"@type":"EntryPoint","urlTemplate":"https:\/\/www.uqac.ca\/uqactualites\/?s={search_term_string}"},"query-input":{"@type":"PropertyValueSpecification","valueRequired":true,"valueName":"search_term_string"}}],"inLanguage":"fr-CA"},{"@type":"Person","@id":"https:\/\/www.uqac.ca\/uqactualites\/#\/schema\/person\/366c45a0c4f0e677b41b4af5886e2018","name":"Service des communications et des relations publiques","image":{"@type":"ImageObject","inLanguage":"fr-CA","@id":"https:\/\/www.uqac.ca\/uqactualites\/#\/schema\/person\/image\/","url":"https:\/\/secure.gravatar.com\/avatar\/20fbbda8a292f59f2d3461a5b999c00b?s=96&d=mm&r=g","contentUrl":"https:\/\/secure.gravatar.com\/avatar\/20fbbda8a292f59f2d3461a5b999c00b?s=96&d=mm&r=g","caption":"Service des communications et des relations publiques"},"url":"https:\/\/www.uqac.ca\/uqactualites\/author\/bap\/"}]}},"_links":{"self":[{"href":"https:\/\/www.uqac.ca\/uqactualites\/wp-json\/wp\/v2\/posts\/46676"}],"collection":[{"href":"https:\/\/www.uqac.ca\/uqactualites\/wp-json\/wp\/v2\/posts"}],"about":[{"href":"https:\/\/www.uqac.ca\/uqactualites\/wp-json\/wp\/v2\/types\/post"}],"author":[{"embeddable":true,"href":"https:\/\/www.uqac.ca\/uqactualites\/wp-json\/wp\/v2\/users\/5"}],"replies":[{"embeddable":true,"href":"https:\/\/www.uqac.ca\/uqactualites\/wp-json\/wp\/v2\/comments?post=46676"}],"version-history":[{"count":3,"href":"https:\/\/www.uqac.ca\/uqactualites\/wp-json\/wp\/v2\/posts\/46676\/revisions"}],"predecessor-version":[{"id":48062,"href":"https:\/\/www.uqac.ca\/uqactualites\/wp-json\/wp\/v2\/posts\/46676\/revisions\/48062"}],"wp:featuredmedia":[{"embeddable":true,"href":"https:\/\/www.uqac.ca\/uqactualites\/wp-json\/wp\/v2\/media\/46677"}],"wp:attachment":[{"href":"https:\/\/www.uqac.ca\/uqactualites\/wp-json\/wp\/v2\/media?parent=46676"}],"wp:term":[{"taxonomy":"category","embeddable":true,"href":"https:\/\/www.uqac.ca\/uqactualites\/wp-json\/wp\/v2\/categories?post=46676"},{"taxonomy":"post_tag","embeddable":true,"href":"https:\/\/www.uqac.ca\/uqactualites\/wp-json\/wp\/v2\/tags?post=46676"}],"curies":[{"name":"wp","href":"https:\/\/api.w.org\/{rel}","templated":true}]}}