{"id":46735,"date":"2024-04-09T09:11:41","date_gmt":"2024-04-09T13:11:41","guid":{"rendered":"https:\/\/www.uqac.ca\/uqactualites\/?p=46735"},"modified":"2024-07-24T13:16:42","modified_gmt":"2024-07-24T17:16:42","slug":"un-programme-detudes-en-developpement-durable-comme-miroir-de-vos-aspirations","status":"publish","type":"post","link":"https:\/\/www.uqac.ca\/uqactualites\/2024\/04\/09\/un-programme-detudes-en-developpement-durable-comme-miroir-de-vos-aspirations\/","title":{"rendered":"Un programme d\u2019\u00e9tudes en d\u00e9veloppement durable, comme miroir de vos aspirations"},"content":{"rendered":"\r\n<p>L\u2019Universit\u00e9 du Qu\u00e9bec \u00e0 Chicoutimi travaille \u00e0 la mise sur pied d\u2019un programme d&rsquo;\u00e9tudes en <a href=\"https:\/\/www.uqac.ca\/uqactualites\/?s=d%C3%A9veloppement+durable\">d\u00e9veloppement durable<\/a> au premier cycle. Afin que ce dernier refl\u00e8te vos int\u00e9r\u00eats le plus fid\u00e8lement possible, l\u2019UQAC souhaite vous sonder quant aux diff\u00e9rents aspects envisag\u00e9s par la formation.<\/p>\r\n\r\n\r\n\r\n<h2 class=\"wp-block-heading\">Une formule pens\u00e9e selon vos besoins<\/h2>\r\n\r\n\r\n\r\n<p>D\u2019abord, le programme serait offert \u00e0 temps partiel, \u00e0 raison d\u2019un cours par trimestre. En ce qui concerne la nature des cours offerts, vous trouverez une liste exhaustive de certains d\u2019entre eux qui pourraient faire partie de l\u2019offre et sur lesquels nous d\u00e9sirons conna\u00eetre vos pr\u00e9f\u00e9rences. En plus de souhaiter conna\u00eetre les cours que vous aimeriez voir faire partie du cursus, l\u2019UQAC aimerait aussi conna\u00eetre la formule qui vous serait la plus accommodante. Par exemple, le sondage recueillera vos pr\u00e9f\u00e9rences quant votre volont\u00e9 de suivre les cours en pr\u00e9sence, \u00e0 distance ou en formule hybride.<\/p>\r\n\r\n\r\n\r\n<p>Une fois les r\u00e9ponses collig\u00e9es, il sera possible de d\u00e9gager les plus populaires et de b\u00e2tir le programme en fonction de vos int\u00e9r\u00eats.<\/p>\r\n\r\n\r\n\r\n<p>En ce sens, vous \u00eates invit\u00e9s \u00e0 <a href=\"https:\/\/docs.google.com\/forms\/d\/e\/1FAIpQLSdvuRTqqOPH5LnGCjENu-PyhuG-IRzdIDHhxt4WHxvZxUjV1A\/viewform\">compl\u00e9ter le sondage en cliquant ici<\/a>.<\/p>\r\n","protected":false},"excerpt":{"rendered":"<p>L\u2019Universit\u00e9 du Qu\u00e9bec \u00e0 Chicoutimi travaille \u00e0 la mise sur pied d\u2019un programme d&rsquo;\u00e9tudes en d\u00e9veloppement durable au premier cycle. Afin que ce dernier refl\u00e8te vos int\u00e9r\u00eats le plus fid\u00e8lement possible, l\u2019UQAC souhaite vous sonder quant aux diff\u00e9rents aspects envisag\u00e9s par la formation. Une formule pens\u00e9e selon vos besoins D\u2019abord, le programme serait offert \u00e0 [&hellip;]<\/p>\n","protected":false},"author":5,"featured_media":41402,"comment_status":"closed","ping_status":"open","sticky":false,"template":"","format":"standard","meta":{"footnotes":""},"categories":[2,2854],"tags":[8,1213],"yoast_head":"<!-- This site is optimized with the Yoast SEO plugin v24.2 - https:\/\/yoast.com\/wordpress\/plugins\/seo\/ -->\r\n<title>Un programme d\u2019\u00e9tudes en d\u00e9veloppement durable, comme miroir de vos aspirations - UQACtualit\u00e9s<\/title>\r\n<meta name=\"description\" content=\"L\u2019Universit\u00e9 du Qu\u00e9bec \u00e0 Chicoutimi travaille \u00e0 la mise sur pied d\u2019un programme d&#039;\u00e9tudes en d\u00e9veloppement durable.\" \/>\r\n<meta name=\"robots\" content=\"index, follow, max-snippet:-1, max-image-preview:large, max-video-preview:-1\" \/>\r\n<link rel=\"canonical\" href=\"https:\/\/www.uqac.ca\/uqactualites\/2024\/04\/09\/un-programme-detudes-en-developpement-durable-comme-miroir-de-vos-aspirations\/\" \/>\r\n<meta property=\"og:locale\" content=\"fr_CA\" \/>\r\n<meta property=\"og:type\" content=\"article\" \/>\r\n<meta property=\"og:title\" content=\"Un programme d\u2019\u00e9tudes en d\u00e9veloppement durable, comme miroir de vos aspirations - UQACtualit\u00e9s\" \/>\r\n<meta property=\"og:description\" content=\"L\u2019Universit\u00e9 du Qu\u00e9bec \u00e0 Chicoutimi travaille \u00e0 la mise sur pied d\u2019un programme d&#039;\u00e9tudes en d\u00e9veloppement durable.\" \/>\r\n<meta property=\"og:url\" content=\"https:\/\/www.uqac.ca\/uqactualites\/2024\/04\/09\/un-programme-detudes-en-developpement-durable-comme-miroir-de-vos-aspirations\/\" \/>\r\n<meta property=\"og:site_name\" content=\"UQACtualit\u00e9s\" \/>\r\n<meta property=\"article:published_time\" content=\"2024-04-09T13:11:41+00:00\" \/>\r\n<meta property=\"article:modified_time\" content=\"2024-07-24T17:16:42+00:00\" \/>\r\n<meta property=\"og:image\" content=\"https:\/\/www.uqac.ca\/uqactualites\/wp-content\/uploads\/2022\/04\/NUM_UQAC_FondEcranH22_CampusSaguenayEcomobilite.jpg\" \/>\r\n\t<meta property=\"og:image:width\" content=\"1920\" \/>\r\n\t<meta property=\"og:image:height\" content=\"1080\" \/>\r\n\t<meta property=\"og:image:type\" content=\"image\/jpeg\" \/>\r\n<meta name=\"author\" content=\"Service des communications et des relations publiques\" \/>\r\n<meta name=\"twitter:card\" content=\"summary_large_image\" \/>\r\n<meta name=\"twitter:label1\" content=\"\u00c9crit par\" \/>\n\t<meta name=\"twitter:data1\" content=\"Service des communications et des relations publiques\" \/>\n\t<meta name=\"twitter:label2\" content=\"Estimation du temps de lecture\" \/>\n\t<meta name=\"twitter:data2\" content=\"2 minutes\" \/>\r\n<script type=\"application\/ld+json\" class=\"yoast-schema-graph\">{\"@context\":\"https:\/\/schema.org\",\"@graph\":[{\"@type\":\"WebPage\",\"@id\":\"https:\/\/www.uqac.ca\/uqactualites\/2024\/04\/09\/un-programme-detudes-en-developpement-durable-comme-miroir-de-vos-aspirations\/\",\"url\":\"https:\/\/www.uqac.ca\/uqactualites\/2024\/04\/09\/un-programme-detudes-en-developpement-durable-comme-miroir-de-vos-aspirations\/\",\"name\":\"Un programme d\u2019\u00e9tudes en d\u00e9veloppement durable, comme miroir de vos aspirations - UQACtualit\u00e9s\",\"isPartOf\":{\"@id\":\"https:\/\/www.uqac.ca\/uqactualites\/#website\"},\"primaryImageOfPage\":{\"@id\":\"https:\/\/www.uqac.ca\/uqactualites\/2024\/04\/09\/un-programme-detudes-en-developpement-durable-comme-miroir-de-vos-aspirations\/#primaryimage\"},\"image\":{\"@id\":\"https:\/\/www.uqac.ca\/uqactualites\/2024\/04\/09\/un-programme-detudes-en-developpement-durable-comme-miroir-de-vos-aspirations\/#primaryimage\"},\"thumbnailUrl\":\"https:\/\/www.uqac.ca\/uqactualites\/wp-content\/uploads\/2022\/04\/NUM_UQAC_FondEcranH22_CampusSaguenayEcomobilite.jpg\",\"datePublished\":\"2024-04-09T13:11:41+00:00\",\"dateModified\":\"2024-07-24T17:16:42+00:00\",\"author\":{\"@id\":\"https:\/\/www.uqac.ca\/uqactualites\/#\/schema\/person\/366c45a0c4f0e677b41b4af5886e2018\"},\"description\":\"L\u2019Universit\u00e9 du Qu\u00e9bec \u00e0 Chicoutimi travaille \u00e0 la mise sur pied d\u2019un programme d'\u00e9tudes en d\u00e9veloppement durable.\",\"breadcrumb\":{\"@id\":\"https:\/\/www.uqac.ca\/uqactualites\/2024\/04\/09\/un-programme-detudes-en-developpement-durable-comme-miroir-de-vos-aspirations\/#breadcrumb\"},\"inLanguage\":\"fr-CA\",\"potentialAction\":[{\"@type\":\"ReadAction\",\"target\":[\"https:\/\/www.uqac.ca\/uqactualites\/2024\/04\/09\/un-programme-detudes-en-developpement-durable-comme-miroir-de-vos-aspirations\/\"]}]},{\"@type\":\"ImageObject\",\"inLanguage\":\"fr-CA\",\"@id\":\"https:\/\/www.uqac.ca\/uqactualites\/2024\/04\/09\/un-programme-detudes-en-developpement-durable-comme-miroir-de-vos-aspirations\/#primaryimage\",\"url\":\"https:\/\/www.uqac.ca\/uqactualites\/wp-content\/uploads\/2022\/04\/NUM_UQAC_FondEcranH22_CampusSaguenayEcomobilite.jpg\",\"contentUrl\":\"https:\/\/www.uqac.ca\/uqactualites\/wp-content\/uploads\/2022\/04\/NUM_UQAC_FondEcranH22_CampusSaguenayEcomobilite.jpg\",\"width\":1920,\"height\":1080,\"caption\":\"\u00e9tudes en d\u00e9veloppement durable\"},{\"@type\":\"BreadcrumbList\",\"@id\":\"https:\/\/www.uqac.ca\/uqactualites\/2024\/04\/09\/un-programme-detudes-en-developpement-durable-comme-miroir-de-vos-aspirations\/#breadcrumb\",\"itemListElement\":[{\"@type\":\"ListItem\",\"position\":1,\"name\":\"Home\",\"item\":\"https:\/\/www.uqac.ca\/uqactualites\/\"},{\"@type\":\"ListItem\",\"position\":2,\"name\":\"Un programme d\u2019\u00e9tudes en d\u00e9veloppement durable, comme miroir de vos aspirations\"}]},{\"@type\":\"WebSite\",\"@id\":\"https:\/\/www.uqac.ca\/uqactualites\/#website\",\"url\":\"https:\/\/www.uqac.ca\/uqactualites\/\",\"name\":\"UQACtualit\u00e9s\",\"description\":\"Le portail des nouvelles de l&#039;UQAC\",\"potentialAction\":[{\"@type\":\"SearchAction\",\"target\":{\"@type\":\"EntryPoint\",\"urlTemplate\":\"https:\/\/www.uqac.ca\/uqactualites\/?s={search_term_string}\"},\"query-input\":{\"@type\":\"PropertyValueSpecification\",\"valueRequired\":true,\"valueName\":\"search_term_string\"}}],\"inLanguage\":\"fr-CA\"},{\"@type\":\"Person\",\"@id\":\"https:\/\/www.uqac.ca\/uqactualites\/#\/schema\/person\/366c45a0c4f0e677b41b4af5886e2018\",\"name\":\"Service des communications et des relations publiques\",\"image\":{\"@type\":\"ImageObject\",\"inLanguage\":\"fr-CA\",\"@id\":\"https:\/\/www.uqac.ca\/uqactualites\/#\/schema\/person\/image\/\",\"url\":\"https:\/\/secure.gravatar.com\/avatar\/20fbbda8a292f59f2d3461a5b999c00b?s=96&d=mm&r=g\",\"contentUrl\":\"https:\/\/secure.gravatar.com\/avatar\/20fbbda8a292f59f2d3461a5b999c00b?s=96&d=mm&r=g\",\"caption\":\"Service des communications et des relations publiques\"},\"url\":\"https:\/\/www.uqac.ca\/uqactualites\/author\/bap\/\"}]}<\/script>\r\n<!-- \/ Yoast SEO plugin. -->","yoast_head_json":{"title":"Un programme d\u2019\u00e9tudes en d\u00e9veloppement durable, comme miroir de vos aspirations - UQACtualit\u00e9s","description":"L\u2019Universit\u00e9 du Qu\u00e9bec \u00e0 Chicoutimi travaille \u00e0 la mise sur pied d\u2019un programme d'\u00e9tudes en d\u00e9veloppement durable.","robots":{"index":"index","follow":"follow","max-snippet":"max-snippet:-1","max-image-preview":"max-image-preview:large","max-video-preview":"max-video-preview:-1"},"canonical":"https:\/\/www.uqac.ca\/uqactualites\/2024\/04\/09\/un-programme-detudes-en-developpement-durable-comme-miroir-de-vos-aspirations\/","og_locale":"fr_CA","og_type":"article","og_title":"Un programme d\u2019\u00e9tudes en d\u00e9veloppement durable, comme miroir de vos aspirations - UQACtualit\u00e9s","og_description":"L\u2019Universit\u00e9 du Qu\u00e9bec \u00e0 Chicoutimi travaille \u00e0 la mise sur pied d\u2019un programme d'\u00e9tudes en d\u00e9veloppement durable.","og_url":"https:\/\/www.uqac.ca\/uqactualites\/2024\/04\/09\/un-programme-detudes-en-developpement-durable-comme-miroir-de-vos-aspirations\/","og_site_name":"UQACtualit\u00e9s","article_published_time":"2024-04-09T13:11:41+00:00","article_modified_time":"2024-07-24T17:16:42+00:00","og_image":[{"width":1920,"height":1080,"url":"https:\/\/www.uqac.ca\/uqactualites\/wp-content\/uploads\/2022\/04\/NUM_UQAC_FondEcranH22_CampusSaguenayEcomobilite.jpg","type":"image\/jpeg"}],"author":"Service des communications et des relations publiques","twitter_card":"summary_large_image","twitter_misc":{"\u00c9crit par":"Service des communications et des relations publiques","Estimation du temps de lecture":"2 minutes"},"schema":{"@context":"https:\/\/schema.org","@graph":[{"@type":"WebPage","@id":"https:\/\/www.uqac.ca\/uqactualites\/2024\/04\/09\/un-programme-detudes-en-developpement-durable-comme-miroir-de-vos-aspirations\/","url":"https:\/\/www.uqac.ca\/uqactualites\/2024\/04\/09\/un-programme-detudes-en-developpement-durable-comme-miroir-de-vos-aspirations\/","name":"Un programme d\u2019\u00e9tudes en d\u00e9veloppement durable, comme miroir de vos aspirations - UQACtualit\u00e9s","isPartOf":{"@id":"https:\/\/www.uqac.ca\/uqactualites\/#website"},"primaryImageOfPage":{"@id":"https:\/\/www.uqac.ca\/uqactualites\/2024\/04\/09\/un-programme-detudes-en-developpement-durable-comme-miroir-de-vos-aspirations\/#primaryimage"},"image":{"@id":"https:\/\/www.uqac.ca\/uqactualites\/2024\/04\/09\/un-programme-detudes-en-developpement-durable-comme-miroir-de-vos-aspirations\/#primaryimage"},"thumbnailUrl":"https:\/\/www.uqac.ca\/uqactualites\/wp-content\/uploads\/2022\/04\/NUM_UQAC_FondEcranH22_CampusSaguenayEcomobilite.jpg","datePublished":"2024-04-09T13:11:41+00:00","dateModified":"2024-07-24T17:16:42+00:00","author":{"@id":"https:\/\/www.uqac.ca\/uqactualites\/#\/schema\/person\/366c45a0c4f0e677b41b4af5886e2018"},"description":"L\u2019Universit\u00e9 du Qu\u00e9bec \u00e0 Chicoutimi travaille \u00e0 la mise sur pied d\u2019un programme d'\u00e9tudes en d\u00e9veloppement durable.","breadcrumb":{"@id":"https:\/\/www.uqac.ca\/uqactualites\/2024\/04\/09\/un-programme-detudes-en-developpement-durable-comme-miroir-de-vos-aspirations\/#breadcrumb"},"inLanguage":"fr-CA","potentialAction":[{"@type":"ReadAction","target":["https:\/\/www.uqac.ca\/uqactualites\/2024\/04\/09\/un-programme-detudes-en-developpement-durable-comme-miroir-de-vos-aspirations\/"]}]},{"@type":"ImageObject","inLanguage":"fr-CA","@id":"https:\/\/www.uqac.ca\/uqactualites\/2024\/04\/09\/un-programme-detudes-en-developpement-durable-comme-miroir-de-vos-aspirations\/#primaryimage","url":"https:\/\/www.uqac.ca\/uqactualites\/wp-content\/uploads\/2022\/04\/NUM_UQAC_FondEcranH22_CampusSaguenayEcomobilite.jpg","contentUrl":"https:\/\/www.uqac.ca\/uqactualites\/wp-content\/uploads\/2022\/04\/NUM_UQAC_FondEcranH22_CampusSaguenayEcomobilite.jpg","width":1920,"height":1080,"caption":"\u00e9tudes en d\u00e9veloppement durable"},{"@type":"BreadcrumbList","@id":"https:\/\/www.uqac.ca\/uqactualites\/2024\/04\/09\/un-programme-detudes-en-developpement-durable-comme-miroir-de-vos-aspirations\/#breadcrumb","itemListElement":[{"@type":"ListItem","position":1,"name":"Home","item":"https:\/\/www.uqac.ca\/uqactualites\/"},{"@type":"ListItem","position":2,"name":"Un programme d\u2019\u00e9tudes en d\u00e9veloppement durable, comme miroir de vos aspirations"}]},{"@type":"WebSite","@id":"https:\/\/www.uqac.ca\/uqactualites\/#website","url":"https:\/\/www.uqac.ca\/uqactualites\/","name":"UQACtualit\u00e9s","description":"Le portail des nouvelles de l&#039;UQAC","potentialAction":[{"@type":"SearchAction","target":{"@type":"EntryPoint","urlTemplate":"https:\/\/www.uqac.ca\/uqactualites\/?s={search_term_string}"},"query-input":{"@type":"PropertyValueSpecification","valueRequired":true,"valueName":"search_term_string"}}],"inLanguage":"fr-CA"},{"@type":"Person","@id":"https:\/\/www.uqac.ca\/uqactualites\/#\/schema\/person\/366c45a0c4f0e677b41b4af5886e2018","name":"Service des communications et des relations publiques","image":{"@type":"ImageObject","inLanguage":"fr-CA","@id":"https:\/\/www.uqac.ca\/uqactualites\/#\/schema\/person\/image\/","url":"https:\/\/secure.gravatar.com\/avatar\/20fbbda8a292f59f2d3461a5b999c00b?s=96&d=mm&r=g","contentUrl":"https:\/\/secure.gravatar.com\/avatar\/20fbbda8a292f59f2d3461a5b999c00b?s=96&d=mm&r=g","caption":"Service des communications et des relations publiques"},"url":"https:\/\/www.uqac.ca\/uqactualites\/author\/bap\/"}]}},"_links":{"self":[{"href":"https:\/\/www.uqac.ca\/uqactualites\/wp-json\/wp\/v2\/posts\/46735"}],"collection":[{"href":"https:\/\/www.uqac.ca\/uqactualites\/wp-json\/wp\/v2\/posts"}],"about":[{"href":"https:\/\/www.uqac.ca\/uqactualites\/wp-json\/wp\/v2\/types\/post"}],"author":[{"embeddable":true,"href":"https:\/\/www.uqac.ca\/uqactualites\/wp-json\/wp\/v2\/users\/5"}],"replies":[{"embeddable":true,"href":"https:\/\/www.uqac.ca\/uqactualites\/wp-json\/wp\/v2\/comments?post=46735"}],"version-history":[{"count":4,"href":"https:\/\/www.uqac.ca\/uqactualites\/wp-json\/wp\/v2\/posts\/46735\/revisions"}],"predecessor-version":[{"id":48059,"href":"https:\/\/www.uqac.ca\/uqactualites\/wp-json\/wp\/v2\/posts\/46735\/revisions\/48059"}],"wp:featuredmedia":[{"embeddable":true,"href":"https:\/\/www.uqac.ca\/uqactualites\/wp-json\/wp\/v2\/media\/41402"}],"wp:attachment":[{"href":"https:\/\/www.uqac.ca\/uqactualites\/wp-json\/wp\/v2\/media?parent=46735"}],"wp:term":[{"taxonomy":"category","embeddable":true,"href":"https:\/\/www.uqac.ca\/uqactualites\/wp-json\/wp\/v2\/categories?post=46735"},{"taxonomy":"post_tag","embeddable":true,"href":"https:\/\/www.uqac.ca\/uqactualites\/wp-json\/wp\/v2\/tags?post=46735"}],"curies":[{"name":"wp","href":"https:\/\/api.w.org\/{rel}","templated":true}]}}