{"id":46881,"date":"2024-04-18T09:28:09","date_gmt":"2024-04-18T13:28:09","guid":{"rendered":"https:\/\/www.uqac.ca\/uqactualites\/?p=46881"},"modified":"2024-07-24T10:07:15","modified_gmt":"2024-07-24T14:07:15","slug":"nouveau-programme-court-de-1er-cycle-en-entrepreneuriat","status":"publish","type":"post","link":"https:\/\/www.uqac.ca\/uqactualites\/2024\/04\/18\/nouveau-programme-court-de-1er-cycle-en-entrepreneuriat\/","title":{"rendered":"NOUVEAU | Programme court de 1er cycle en entrepreneuriat"},"content":{"rendered":"<p>Un tout nouveau programme court de premier cycle en entrepreneuriat voit le jour \u00e0 l\u2019UQAC.\u00a0 Cette formation de cinq cours mise sur le d\u00e9veloppement des comp\u00e9tences entrepreneuriales, que ce soit dans le but de concr\u00e9tiser un projet d\u2019affaires, de lancer sa pratique priv\u00e9e ou simplement d\u2019int\u00e9grer les notions d\u2019intrapreneuriat dans une organisation.<\/p>\n<p>L\u2019id\u00e9e de cette nouvelle offre a germ\u00e9 par le constat qu\u2019il existe un vide de formation en <a href=\"https:\/\/recherche.uqac.ca\/centre-dentrepreneuriat-et-dessaimage\" target=\"_blank\" rel=\"noopener\">entrepreneuriat \u00e0 l\u2019UQAC<\/a>, particuli\u00e8rement au 1<sup>er<\/sup> cycle. En effet, seulement un cours portant sur le sujet \u00e9tait offert jusqu\u2019\u00e0 maintenant et ce dernier n\u2019\u00e9tait pas ouvert \u00e0 tous les programmes. Or, la venue du programme court en entrepreneuriat permettra non seulement aux personnes int\u00e9ress\u00e9es de suivre la formation dans son enti\u00e8ret\u00e9, mais aussi aux \u00e9tudiantes et \u00e9tudiants de tous domaines d\u2019\u00e9tudes de choisir les cours pour compl\u00e9ter leur cheminement. Par exemple, des personnes qui \u00e9tudient en psychologie, kin\u00e9siologie ou physioth\u00e9rapie pourraient avoir envie de s\u2019y inscrire dans l\u2019optique de d\u00e9marrer \u00e9ventuellement leur clinique professionnelle.<\/p>\n<h1>Approche p\u00e9dagogique<\/h1>\n<p>Le programme privil\u00e9gie un enseignement par l\u2019exp\u00e9rimentation, c\u2019est-\u00e0-dire que les personnes inscrites auront l\u2019opportunit\u00e9 de rencontrer et de visiter des entrepreneures et entrepreneurs et m\u00eame de faire un stage final avec un(e) leader inspirant(e).<\/p>\n<p><strong>Aper\u00e7u des cours offerts<\/strong><\/p>\n<ul>\n<li>Capacit\u00e9 \u00e0 entreprendre<\/li>\n<li>Cr\u00e9ativit\u00e9 entrepreneuriale<\/li>\n<li>Id\u00e9e et mod\u00e8les d\u2019affaires<\/li>\n<li>D\u00e9marche entrepreneuriale\u00a0: structurer son projet d\u2019affaires<\/li>\n<\/ul>\n<p><a href=\"https:\/\/www.uqac.ca\/programme\/0170-programme-court-de-premier-cycle-en-entrepreneuriat\/\" target=\"_blank\" rel=\"noopener\">En savoir plus sur le nouveau programme<\/a><\/p>\n<p>&nbsp;<\/p>\n","protected":false},"excerpt":{"rendered":"<p>Un tout nouveau programme court de premier cycle en entrepreneuriat voit le jour \u00e0 l\u2019UQAC.\u00a0 Cette formation de cinq cours mise sur le d\u00e9veloppement des comp\u00e9tences entrepreneuriales, que ce soit dans le but de concr\u00e9tiser un projet d\u2019affaires, de lancer sa pratique priv\u00e9e ou simplement d\u2019int\u00e9grer les notions d\u2019intrapreneuriat dans une organisation. L\u2019id\u00e9e de cette [&hellip;]<\/p>\n","protected":false},"author":5,"featured_media":46882,"comment_status":"closed","ping_status":"open","sticky":false,"template":"","format":"standard","meta":{"footnotes":""},"categories":[2,2854],"tags":[8,1213],"yoast_head":"<!-- This site is optimized with the Yoast SEO plugin v24.2 - https:\/\/yoast.com\/wordpress\/plugins\/seo\/ -->\r\n<title>NOUVEAU | Programme court de 1er cycle en entrepreneuriat - UQACtualit\u00e9s<\/title>\r\n<meta name=\"description\" content=\"Un tout nouveau programme court de premier cycle en entrepreneuriat voit le jour \u00e0 l\u2019Universit\u00e9 du Qu\u00e9bec \u00e0 Chicoutimi.\" \/>\r\n<meta name=\"robots\" content=\"index, follow, max-snippet:-1, max-image-preview:large, max-video-preview:-1\" \/>\r\n<link rel=\"canonical\" href=\"https:\/\/www.uqac.ca\/uqactualites\/2024\/04\/18\/nouveau-programme-court-de-1er-cycle-en-entrepreneuriat\/\" \/>\r\n<meta property=\"og:locale\" content=\"fr_CA\" \/>\r\n<meta property=\"og:type\" content=\"article\" \/>\r\n<meta property=\"og:title\" content=\"NOUVEAU | Programme court de 1er cycle en entrepreneuriat - UQACtualit\u00e9s\" \/>\r\n<meta property=\"og:description\" content=\"Un tout nouveau programme court de premier cycle en entrepreneuriat voit le jour \u00e0 l\u2019Universit\u00e9 du Qu\u00e9bec \u00e0 Chicoutimi.\" \/>\r\n<meta property=\"og:url\" content=\"https:\/\/www.uqac.ca\/uqactualites\/2024\/04\/18\/nouveau-programme-court-de-1er-cycle-en-entrepreneuriat\/\" \/>\r\n<meta property=\"og:site_name\" content=\"UQACtualit\u00e9s\" \/>\r\n<meta property=\"article:published_time\" content=\"2024-04-18T13:28:09+00:00\" \/>\r\n<meta property=\"article:modified_time\" content=\"2024-07-24T14:07:15+00:00\" \/>\r\n<meta property=\"og:image\" content=\"https:\/\/www.uqac.ca\/uqactualites\/wp-content\/uploads\/2024\/04\/visite-du-pole-sept-iles-7.jpg\" \/>\r\n\t<meta property=\"og:image:width\" content=\"1920\" \/>\r\n\t<meta property=\"og:image:height\" content=\"1280\" \/>\r\n\t<meta property=\"og:image:type\" content=\"image\/jpeg\" \/>\r\n<meta name=\"author\" content=\"Service des communications et des relations publiques\" \/>\r\n<meta name=\"twitter:card\" content=\"summary_large_image\" \/>\r\n<meta name=\"twitter:label1\" content=\"\u00c9crit par\" \/>\n\t<meta name=\"twitter:data1\" content=\"Service des communications et des relations publiques\" \/>\n\t<meta name=\"twitter:label2\" content=\"Estimation du temps de lecture\" \/>\n\t<meta name=\"twitter:data2\" content=\"2 minutes\" \/>\r\n<script type=\"application\/ld+json\" class=\"yoast-schema-graph\">{\"@context\":\"https:\/\/schema.org\",\"@graph\":[{\"@type\":\"WebPage\",\"@id\":\"https:\/\/www.uqac.ca\/uqactualites\/2024\/04\/18\/nouveau-programme-court-de-1er-cycle-en-entrepreneuriat\/\",\"url\":\"https:\/\/www.uqac.ca\/uqactualites\/2024\/04\/18\/nouveau-programme-court-de-1er-cycle-en-entrepreneuriat\/\",\"name\":\"NOUVEAU | Programme court de 1er cycle en entrepreneuriat - UQACtualit\u00e9s\",\"isPartOf\":{\"@id\":\"https:\/\/www.uqac.ca\/uqactualites\/#website\"},\"primaryImageOfPage\":{\"@id\":\"https:\/\/www.uqac.ca\/uqactualites\/2024\/04\/18\/nouveau-programme-court-de-1er-cycle-en-entrepreneuriat\/#primaryimage\"},\"image\":{\"@id\":\"https:\/\/www.uqac.ca\/uqactualites\/2024\/04\/18\/nouveau-programme-court-de-1er-cycle-en-entrepreneuriat\/#primaryimage\"},\"thumbnailUrl\":\"https:\/\/www.uqac.ca\/uqactualites\/wp-content\/uploads\/2024\/04\/visite-du-pole-sept-iles-7.jpg\",\"datePublished\":\"2024-04-18T13:28:09+00:00\",\"dateModified\":\"2024-07-24T14:07:15+00:00\",\"author\":{\"@id\":\"https:\/\/www.uqac.ca\/uqactualites\/#\/schema\/person\/366c45a0c4f0e677b41b4af5886e2018\"},\"description\":\"Un tout nouveau programme court de premier cycle en entrepreneuriat voit le jour \u00e0 l\u2019Universit\u00e9 du Qu\u00e9bec \u00e0 Chicoutimi.\",\"breadcrumb\":{\"@id\":\"https:\/\/www.uqac.ca\/uqactualites\/2024\/04\/18\/nouveau-programme-court-de-1er-cycle-en-entrepreneuriat\/#breadcrumb\"},\"inLanguage\":\"fr-CA\",\"potentialAction\":[{\"@type\":\"ReadAction\",\"target\":[\"https:\/\/www.uqac.ca\/uqactualites\/2024\/04\/18\/nouveau-programme-court-de-1er-cycle-en-entrepreneuriat\/\"]}]},{\"@type\":\"ImageObject\",\"inLanguage\":\"fr-CA\",\"@id\":\"https:\/\/www.uqac.ca\/uqactualites\/2024\/04\/18\/nouveau-programme-court-de-1er-cycle-en-entrepreneuriat\/#primaryimage\",\"url\":\"https:\/\/www.uqac.ca\/uqactualites\/wp-content\/uploads\/2024\/04\/visite-du-pole-sept-iles-7.jpg\",\"contentUrl\":\"https:\/\/www.uqac.ca\/uqactualites\/wp-content\/uploads\/2024\/04\/visite-du-pole-sept-iles-7.jpg\",\"width\":1920,\"height\":1280,\"caption\":\"De gauche \u00e0 droite : Julie Dufresne, charg\u00e9e de cours, Marie-Jos\u00e9e Drapeau, professeure et Vincent Morin, directeur du d\u00e9partement des sciences \u00e9conomiques et administratives\"},{\"@type\":\"BreadcrumbList\",\"@id\":\"https:\/\/www.uqac.ca\/uqactualites\/2024\/04\/18\/nouveau-programme-court-de-1er-cycle-en-entrepreneuriat\/#breadcrumb\",\"itemListElement\":[{\"@type\":\"ListItem\",\"position\":1,\"name\":\"Home\",\"item\":\"https:\/\/www.uqac.ca\/uqactualites\/\"},{\"@type\":\"ListItem\",\"position\":2,\"name\":\"NOUVEAU | Programme court de 1er cycle en entrepreneuriat\"}]},{\"@type\":\"WebSite\",\"@id\":\"https:\/\/www.uqac.ca\/uqactualites\/#website\",\"url\":\"https:\/\/www.uqac.ca\/uqactualites\/\",\"name\":\"UQACtualit\u00e9s\",\"description\":\"Le portail des nouvelles de l&#039;UQAC\",\"potentialAction\":[{\"@type\":\"SearchAction\",\"target\":{\"@type\":\"EntryPoint\",\"urlTemplate\":\"https:\/\/www.uqac.ca\/uqactualites\/?s={search_term_string}\"},\"query-input\":{\"@type\":\"PropertyValueSpecification\",\"valueRequired\":true,\"valueName\":\"search_term_string\"}}],\"inLanguage\":\"fr-CA\"},{\"@type\":\"Person\",\"@id\":\"https:\/\/www.uqac.ca\/uqactualites\/#\/schema\/person\/366c45a0c4f0e677b41b4af5886e2018\",\"name\":\"Service des communications et des relations publiques\",\"image\":{\"@type\":\"ImageObject\",\"inLanguage\":\"fr-CA\",\"@id\":\"https:\/\/www.uqac.ca\/uqactualites\/#\/schema\/person\/image\/\",\"url\":\"https:\/\/secure.gravatar.com\/avatar\/20fbbda8a292f59f2d3461a5b999c00b?s=96&d=mm&r=g\",\"contentUrl\":\"https:\/\/secure.gravatar.com\/avatar\/20fbbda8a292f59f2d3461a5b999c00b?s=96&d=mm&r=g\",\"caption\":\"Service des communications et des relations publiques\"},\"url\":\"https:\/\/www.uqac.ca\/uqactualites\/author\/bap\/\"}]}<\/script>\r\n<!-- \/ Yoast SEO plugin. -->","yoast_head_json":{"title":"NOUVEAU | Programme court de 1er cycle en entrepreneuriat - UQACtualit\u00e9s","description":"Un tout nouveau programme court de premier cycle en entrepreneuriat voit le jour \u00e0 l\u2019Universit\u00e9 du Qu\u00e9bec \u00e0 Chicoutimi.","robots":{"index":"index","follow":"follow","max-snippet":"max-snippet:-1","max-image-preview":"max-image-preview:large","max-video-preview":"max-video-preview:-1"},"canonical":"https:\/\/www.uqac.ca\/uqactualites\/2024\/04\/18\/nouveau-programme-court-de-1er-cycle-en-entrepreneuriat\/","og_locale":"fr_CA","og_type":"article","og_title":"NOUVEAU | Programme court de 1er cycle en entrepreneuriat - UQACtualit\u00e9s","og_description":"Un tout nouveau programme court de premier cycle en entrepreneuriat voit le jour \u00e0 l\u2019Universit\u00e9 du Qu\u00e9bec \u00e0 Chicoutimi.","og_url":"https:\/\/www.uqac.ca\/uqactualites\/2024\/04\/18\/nouveau-programme-court-de-1er-cycle-en-entrepreneuriat\/","og_site_name":"UQACtualit\u00e9s","article_published_time":"2024-04-18T13:28:09+00:00","article_modified_time":"2024-07-24T14:07:15+00:00","og_image":[{"width":1920,"height":1280,"url":"https:\/\/www.uqac.ca\/uqactualites\/wp-content\/uploads\/2024\/04\/visite-du-pole-sept-iles-7.jpg","type":"image\/jpeg"}],"author":"Service des communications et des relations publiques","twitter_card":"summary_large_image","twitter_misc":{"\u00c9crit par":"Service des communications et des relations publiques","Estimation du temps de lecture":"2 minutes"},"schema":{"@context":"https:\/\/schema.org","@graph":[{"@type":"WebPage","@id":"https:\/\/www.uqac.ca\/uqactualites\/2024\/04\/18\/nouveau-programme-court-de-1er-cycle-en-entrepreneuriat\/","url":"https:\/\/www.uqac.ca\/uqactualites\/2024\/04\/18\/nouveau-programme-court-de-1er-cycle-en-entrepreneuriat\/","name":"NOUVEAU | Programme court de 1er cycle en entrepreneuriat - UQACtualit\u00e9s","isPartOf":{"@id":"https:\/\/www.uqac.ca\/uqactualites\/#website"},"primaryImageOfPage":{"@id":"https:\/\/www.uqac.ca\/uqactualites\/2024\/04\/18\/nouveau-programme-court-de-1er-cycle-en-entrepreneuriat\/#primaryimage"},"image":{"@id":"https:\/\/www.uqac.ca\/uqactualites\/2024\/04\/18\/nouveau-programme-court-de-1er-cycle-en-entrepreneuriat\/#primaryimage"},"thumbnailUrl":"https:\/\/www.uqac.ca\/uqactualites\/wp-content\/uploads\/2024\/04\/visite-du-pole-sept-iles-7.jpg","datePublished":"2024-04-18T13:28:09+00:00","dateModified":"2024-07-24T14:07:15+00:00","author":{"@id":"https:\/\/www.uqac.ca\/uqactualites\/#\/schema\/person\/366c45a0c4f0e677b41b4af5886e2018"},"description":"Un tout nouveau programme court de premier cycle en entrepreneuriat voit le jour \u00e0 l\u2019Universit\u00e9 du Qu\u00e9bec \u00e0 Chicoutimi.","breadcrumb":{"@id":"https:\/\/www.uqac.ca\/uqactualites\/2024\/04\/18\/nouveau-programme-court-de-1er-cycle-en-entrepreneuriat\/#breadcrumb"},"inLanguage":"fr-CA","potentialAction":[{"@type":"ReadAction","target":["https:\/\/www.uqac.ca\/uqactualites\/2024\/04\/18\/nouveau-programme-court-de-1er-cycle-en-entrepreneuriat\/"]}]},{"@type":"ImageObject","inLanguage":"fr-CA","@id":"https:\/\/www.uqac.ca\/uqactualites\/2024\/04\/18\/nouveau-programme-court-de-1er-cycle-en-entrepreneuriat\/#primaryimage","url":"https:\/\/www.uqac.ca\/uqactualites\/wp-content\/uploads\/2024\/04\/visite-du-pole-sept-iles-7.jpg","contentUrl":"https:\/\/www.uqac.ca\/uqactualites\/wp-content\/uploads\/2024\/04\/visite-du-pole-sept-iles-7.jpg","width":1920,"height":1280,"caption":"De gauche \u00e0 droite : Julie Dufresne, charg\u00e9e de cours, Marie-Jos\u00e9e Drapeau, professeure et Vincent Morin, directeur du d\u00e9partement des sciences \u00e9conomiques et administratives"},{"@type":"BreadcrumbList","@id":"https:\/\/www.uqac.ca\/uqactualites\/2024\/04\/18\/nouveau-programme-court-de-1er-cycle-en-entrepreneuriat\/#breadcrumb","itemListElement":[{"@type":"ListItem","position":1,"name":"Home","item":"https:\/\/www.uqac.ca\/uqactualites\/"},{"@type":"ListItem","position":2,"name":"NOUVEAU | Programme court de 1er cycle en entrepreneuriat"}]},{"@type":"WebSite","@id":"https:\/\/www.uqac.ca\/uqactualites\/#website","url":"https:\/\/www.uqac.ca\/uqactualites\/","name":"UQACtualit\u00e9s","description":"Le portail des nouvelles de l&#039;UQAC","potentialAction":[{"@type":"SearchAction","target":{"@type":"EntryPoint","urlTemplate":"https:\/\/www.uqac.ca\/uqactualites\/?s={search_term_string}"},"query-input":{"@type":"PropertyValueSpecification","valueRequired":true,"valueName":"search_term_string"}}],"inLanguage":"fr-CA"},{"@type":"Person","@id":"https:\/\/www.uqac.ca\/uqactualites\/#\/schema\/person\/366c45a0c4f0e677b41b4af5886e2018","name":"Service des communications et des relations publiques","image":{"@type":"ImageObject","inLanguage":"fr-CA","@id":"https:\/\/www.uqac.ca\/uqactualites\/#\/schema\/person\/image\/","url":"https:\/\/secure.gravatar.com\/avatar\/20fbbda8a292f59f2d3461a5b999c00b?s=96&d=mm&r=g","contentUrl":"https:\/\/secure.gravatar.com\/avatar\/20fbbda8a292f59f2d3461a5b999c00b?s=96&d=mm&r=g","caption":"Service des communications et des relations publiques"},"url":"https:\/\/www.uqac.ca\/uqactualites\/author\/bap\/"}]}},"_links":{"self":[{"href":"https:\/\/www.uqac.ca\/uqactualites\/wp-json\/wp\/v2\/posts\/46881"}],"collection":[{"href":"https:\/\/www.uqac.ca\/uqactualites\/wp-json\/wp\/v2\/posts"}],"about":[{"href":"https:\/\/www.uqac.ca\/uqactualites\/wp-json\/wp\/v2\/types\/post"}],"author":[{"embeddable":true,"href":"https:\/\/www.uqac.ca\/uqactualites\/wp-json\/wp\/v2\/users\/5"}],"replies":[{"embeddable":true,"href":"https:\/\/www.uqac.ca\/uqactualites\/wp-json\/wp\/v2\/comments?post=46881"}],"version-history":[{"count":5,"href":"https:\/\/www.uqac.ca\/uqactualites\/wp-json\/wp\/v2\/posts\/46881\/revisions"}],"predecessor-version":[{"id":48035,"href":"https:\/\/www.uqac.ca\/uqactualites\/wp-json\/wp\/v2\/posts\/46881\/revisions\/48035"}],"wp:featuredmedia":[{"embeddable":true,"href":"https:\/\/www.uqac.ca\/uqactualites\/wp-json\/wp\/v2\/media\/46882"}],"wp:attachment":[{"href":"https:\/\/www.uqac.ca\/uqactualites\/wp-json\/wp\/v2\/media?parent=46881"}],"wp:term":[{"taxonomy":"category","embeddable":true,"href":"https:\/\/www.uqac.ca\/uqactualites\/wp-json\/wp\/v2\/categories?post=46881"},{"taxonomy":"post_tag","embeddable":true,"href":"https:\/\/www.uqac.ca\/uqactualites\/wp-json\/wp\/v2\/tags?post=46881"}],"curies":[{"name":"wp","href":"https:\/\/api.w.org\/{rel}","templated":true}]}}