{"id":46885,"date":"2024-04-19T08:40:47","date_gmt":"2024-04-19T12:40:47","guid":{"rendered":"https:\/\/www.uqac.ca\/uqactualites\/?p=46885"},"modified":"2024-07-24T09:59:21","modified_gmt":"2024-07-24T13:59:21","slug":"gala-des-inuk-35-distinctions-remises-aux-etudiantes-et-etudiants-athletes","status":"publish","type":"post","link":"https:\/\/www.uqac.ca\/uqactualites\/2024\/04\/19\/gala-des-inuk-35-distinctions-remises-aux-etudiantes-et-etudiants-athletes\/","title":{"rendered":"Gala des Inuk: 35 distinctions remises aux \u00e9tudiantes et \u00e9tudiants athl\u00e8tes"},"content":{"rendered":"<p>Valeurs phares du programme de sport universitaire, l&rsquo;excellence, l&rsquo;\u00e9thique, l&rsquo;esprit d&rsquo;\u00e9quipe et l&rsquo;implication ont \u00e9t\u00e9 c\u00e9l\u00e9br\u00e9es le mardi 16 avril dernier \u00e0 l&rsquo;occasion du traditionnel Gala des Inuk. C&rsquo;est dans un centre social transform\u00e9 pour l&rsquo;occasion en une \u00e9l\u00e9gante salle de gala que se sont rassembl\u00e9s une centaine de convives venus applaudir le brillant parcours des \u00e9tudiantes et \u00e9tudiants athl\u00e8tes au cours de la derni\u00e8re ann\u00e9e.<\/p>\n<p>Entour\u00e9s de membres de la direction de l&rsquo;universit\u00e9 et de la <a href=\"https:\/\/fuqac.ca\/\" target=\"_blank\" rel=\"noopener\">Fondation de l&rsquo;UQAC<\/a>, ainsi que de g\u00e9n\u00e9reux donateurs et des \u00e9quipes d&rsquo;entra\u00eeneurs et du personnel de soutien, nos athl\u00e8tes ont pu marquer la fin d&rsquo;une saison exceptionnelle dans une ambiance chaleureuse et festive.<\/p>\n<p>Voici les distinctions d\u00e9cern\u00e9es lors de cette soir\u00e9e m\u00e9morable, propos\u00e9e dans le cadre des <a href=\"https:\/\/www.uqac.ca\/reconnaissance\/\">F\u00eates de la reconnaissance 2024<\/a>.<\/p>\n<p>&nbsp;<\/p>\n<hr \/>\n<h4><span style=\"color: #6b8a16;\">Hockey masculin<\/span><\/h4>\n<ul>\n<li>Joueur offensif de l\u2019ann\u00e9e<br \/>\n<strong>Tommy Deblois<\/strong>, \u00e9tudiant au <a href=\"https:\/\/www.uqac.ca\/programme\/7654-bacc-en-ens-secondaire-profil-mathematique\/\">baccalaur\u00e9at en enseignement secondaire &#8211; profil math\u00e9matique<\/a><\/li>\n<li>Joueur d\u00e9fensif de l\u2019ann\u00e9e<br \/>\n<strong>Charles Morin<\/strong>, \u00e9tudiant au <a href=\"https:\/\/www.uqac.ca\/programme\/7944-baccalaureat-en-genie-electrique\/\">baccalaur\u00e9at en g\u00e9nie \u00e9lectrique<\/a><\/li>\n<li>D\u00e9couverte de l\u2019ann\u00e9e \/ Recrue de l\u2019ann\u00e9e<br \/>\n<strong>Jacob Bernard<\/strong>, \u00e9tudiant au <a href=\"https:\/\/www.uqac.ca\/programme\/4737-certificat-en-kinesiologie\/\">certificat en kin\u00e9siologie<\/a><\/li>\n<li>Comp\u00e9titeur de l\u2019ann\u00e9e<br \/>\n<strong>Mathieu Lavoie<\/strong>, \u00e9tudiant au <a href=\"https:\/\/www.uqac.ca\/programme\/7764-baccalaureat-en-administration\/\">baccalaur\u00e9at en administration<\/a><\/li>\n<li>Retour de l\u2019ann\u00e9e<br \/>\n<strong>Vincent Gauthier Girard<\/strong>, <span style=\"color: #6b8a00;\"><span style=\"color: #222222;\">\u00e9tudiant au\u00a0<\/span><a href=\"https:\/\/www.uqac.ca\/programme\/7208-bac-ens-education-physique-et-a-la-sante\/\">baccalaur\u00e9at en enseignement de l&rsquo;\u00e9ducation physique et \u00e0 la sant\u00e9<\/a><\/span><\/li>\n<li>\u00c9tudiant-athl\u00e8te de l\u2019ann\u00e9e<br \/>\n<strong>Mathieu Thibault<\/strong>, \u00e9tudiant au <a href=\"https:\/\/www.uqac.ca\/programme\/7480-baccalaureat-en-genie-civil\/\">baccalaur\u00e9at en g\u00e9nie civil<\/a><\/li>\n<\/ul>\n<div class=\"row\">\n<div class=\"col col-6-of-12 col-xs-4-of-4\">\n<hr \/>\n<h4><span style=\"color: #6b8a16;\">Athl\u00e9tisme et cross-country f\u00e9minin<\/span><\/h4>\n<ul>\n<li>Athl\u00e8te de l\u2019ann\u00e9e\n<ul>\n<li><strong>Myriam St-Hilaire<\/strong>, \u00e9tudiante \u00e0 la <a href=\"https:\/\/www.uqac.ca\/programme\/1978-maitrise-es-sc-appliquees-en-physiotherapie\/\">ma\u00eetrise \u00e8s sciences appliqu\u00e9es en physioth\u00e9rapie<\/a><\/li>\n<li><strong>Marianne Bogus<\/strong>, \u00e9tudiante au\u00a0<a href=\"https:\/\/www.uqac.ca\/programme\/6598-baccalaureat-en-sciences-readaptation\/\">baccalaur\u00e9at en sciences (r\u00e9adaptation)<\/a><\/li>\n<\/ul>\n<\/li>\n<li>Recrue de l\u2019ann\u00e9e\n<ul>\n<li><strong>Gabrielle Caron<\/strong>, \u00e9tudiante au Programme de formation m\u00e9dicale \u00e0 Saguenay<\/li>\n<li><strong>Nina Olivier<\/strong>, \u00e9tudiante au programme court individualis\u00e9 de premier cycle pour \u00e9tudiants en s\u00e9jour d&rsquo;\u00e9tudes<\/li>\n<\/ul>\n<\/li>\n<li>Am\u00e9lioration\n<ul>\n<li><strong>No\u00e9e Jean<\/strong>, \u00e9tudiante au programme court individualis\u00e9 de premier cycle pour \u00e9tudiants en s\u00e9jour d&rsquo;\u00e9tudes<\/li>\n<li><strong>Fanny Roselle<\/strong>, \u00e9tudiante au programme court individualis\u00e9 de premier cycle pour \u00e9tudiants en s\u00e9jour d&rsquo;\u00e9tudes<\/li>\n<\/ul>\n<\/li>\n<li>Implication et \u00e9thique sportive\n<ul>\n<li><strong>No\u00e9e Jean<\/strong>, \u00e9tudiante au programme court individualis\u00e9 de premier cycle pour \u00e9tudiants en s\u00e9jour d&rsquo;\u00e9tudes<\/li>\n<li><strong>Marianne Bogus<\/strong>,\u00a0\u00e9tudiante au\u00a0<a href=\"https:\/\/www.uqac.ca\/programme\/6598-baccalaureat-en-sciences-readaptation\/\">baccalaur\u00e9at en sciences (r\u00e9adaptation)<\/a><\/li>\n<\/ul>\n<\/li>\n<\/ul>\n<\/div>\n<\/div>\n<hr \/>\n<h4><span style=\"color: #6b8a16;\">Cross-country masculin<\/span><\/h4>\n<ul>\n<li>Athl\u00e8te de l&rsquo;ann\u00e9e\n<ul>\n<li><strong>Alexis Dufour<\/strong>, \u00e9tudiant au Programme de formation m\u00e9dicale \u00e0 Saguenay<\/li>\n<li><strong>Simon Tremblay<\/strong>, \u00e9tudiant au Programme de formation m\u00e9dicale \u00e0 Saguenay<\/li>\n<\/ul>\n<\/li>\n<li>Recrue de l&rsquo;ann\u00e9e\n<ul>\n<li><strong>Axel Piasecki<\/strong>, \u00e9tudiant au <a href=\"https:\/\/www.uqac.ca\/programme\/6710-bacc-info-sciences-donnees-intelligence-daffaires\/\">baccalaur\u00e9at en informatique de la sciences des donn\u00e9es et de l&rsquo;intelligence d&rsquo;affaires<\/a><\/li>\n<li><strong>Rapha\u00ebl Gaumond<\/strong>, \u00e9tudiant au Programme de formation m\u00e9dicale \u00e0 Saguenay<\/li>\n<\/ul>\n<\/li>\n<li>Am\u00e9lioration\n<ul>\n<li><strong>Joseph Deslendes<\/strong>, \u00e9tudiant au <a href=\"https:\/\/www.uqac.ca\/programme\/7688-baccalaureat-en-geographie-et-en-amenagement-durable\/\">baccalaur\u00e9at en g\u00e9ographie et en am\u00e9nagement durable<\/a><\/li>\n<li><strong>L\u00e9opold Marty<\/strong>, \u00e9tudiant au <a href=\"https:\/\/www.uqac.ca\/programme\/7764-baccalaureat-en-administration\/\">baccalaur\u00e9at en administration<\/a><\/li>\n<\/ul>\n<\/li>\n<li>Implication et \u00e9thique sportive\n<ul>\n<li><strong>L\u00e9opold Chec<\/strong>, \u00e9tudiant au <a href=\"https:\/\/www.uqac.ca\/programme\/7764-baccalaureat-en-administration\/\">baccalaur\u00e9at en administration<\/a><\/li>\n<li><strong>William Bolduc<\/strong>, <span style=\"color: #6b8a00;\"><span style=\"color: #222222;\">\u00e9tudiant au\u00a0<\/span><a href=\"https:\/\/www.uqac.ca\/programme\/7208-bac-ens-education-physique-et-a-la-sante\/\">baccalaur\u00e9at en enseignement de l&rsquo;\u00e9ducation physique et \u00e0 la sant\u00e9<\/a><\/span><\/li>\n<\/ul>\n<\/li>\n<\/ul>\n<div class=\"row\">\n<hr \/>\n<h4><span style=\"color: #6b8a16;\">Athl\u00e9tisme masculin<\/span><\/h4>\n<ul>\n<li>Athl\u00e8te de l&rsquo;ann\u00e9e\n<ul>\n<li><strong>Olivier Briand<\/strong>, \u00e9tudiant \u00e0 la <a href=\"https:\/\/www.uqac.ca\/programme\/2139-maitrise-en-informatique-intelligence-artificielle\/\">ma\u00eetrise en informatique<\/a><\/li>\n<li><strong>Francis Gaudreault-Roy<\/strong>, \u00e9tudiant au <a href=\"https:\/\/www.uqac.ca\/programme\/7437-baccalaureat-en-kinesiologie\/\">baccalaur\u00e9at en kin\u00e9siologie<\/a><\/li>\n<\/ul>\n<\/li>\n<li>Recrue de l&rsquo;ann\u00e9e\n<ul>\n<li><strong>L\u00e9opold Chec<\/strong>, \u00e9tudiant au <a href=\"https:\/\/www.uqac.ca\/programme\/7764-baccalaureat-en-administration\/\">baccalaur\u00e9at en administration<\/a><\/li>\n<li><strong>Hugo Bertrand<\/strong>, \u00e9tudiant \u00e0 la <a href=\"https:\/\/www.uqac.ca\/programme\/2139-maitrise-en-informatique-intelligence-artificielle\/\">ma\u00eetrise en informatique<\/a><\/li>\n<\/ul>\n<\/li>\n<li>Am\u00e9lioration\n<ul>\n<li><strong>Samuel Picotin<\/strong>, \u00e9tudiant \u00e0 la <a href=\"https:\/\/www.uqac.ca\/programme\/1978-maitrise-es-sc-appliquees-en-physiotherapie\/\">ma\u00eetrise \u00e8s sciences appliqu\u00e9es en physioth\u00e9rapie<\/a><\/li>\n<li><strong>Fr\u00e9d\u00e9ric Evora Silva<\/strong>, \u00e9tudiant \u00e0 la <a href=\"https:\/\/www.uqac.ca\/programme\/2139-maitrise-en-informatique-intelligence-artificielle\/\">ma\u00eetrise en informatique<\/a><\/li>\n<\/ul>\n<\/li>\n<li>Implication et \u00e9thique sportive\n<ul>\n<li><strong>Titouan Martenot<\/strong>, \u00e9tudiant au<a href=\"https:\/\/www.uqac.ca\/programme\/7426-baccalaureat-en-chimie-des-produits-naturels\/\"> baccalaur\u00e9at en chimie des produits naturels<\/a><\/li>\n<li><strong>Francis Gaudreault-Roy<\/strong>, \u00e9tudiant au <a href=\"https:\/\/www.uqac.ca\/programme\/7437-baccalaureat-en-kinesiologie\/\">baccalaur\u00e9at en kin\u00e9siologie<\/a><\/li>\n<\/ul>\n<\/li>\n<\/ul>\n<hr \/>\n<h4><span style=\"color: #6b8a16;\">Volleyball f\u00e9minin<\/span><\/h4>\n<ul>\n<li>Performance offensive de l&rsquo;ann\u00e9e<br \/>\n<span style=\"color: #222222; font-family: Verdana, BlinkMacSystemFont, -apple-system, 'Segoe UI', Roboto, Oxygen, Ubuntu, Cantarell, 'Open Sans', 'Helvetica Neue', sans-serif; font-size: 15px;\"><strong>\u00c9lodie Roussell<\/strong>e, Baccalaur\u00e9at en enseignement secondaire &#8211; profil fran\u00e7ais.<\/span><\/li>\n<\/ul>\n<div class=\"col col-6-of-12 col-xs-4-of-4\">\n<ul>\n<li>Performance d\u00e9fensive de l&rsquo;ann\u00e9e<br \/>\n<strong>M\u00e9lina Gagnon<\/strong>, \u00e9tudiante au <a href=\"https:\/\/www.uqac.ca\/programme\/7764-baccalaureat-en-administration\/\">baccalaur\u00e9at en administration<\/a><\/li>\n<li>Plus grande am\u00e9lioration<br \/>\n<strong>Chrystell Bergeron<\/strong>, \u00e9tudiante au <a href=\"https:\/\/www.uqac.ca\/programme\/7991-bacc-en-education-prescolaire-et-en-enseignement-primaire\/\">baccalaur\u00e9at en \u00e9ducation pr\u00e9scolaire et en enseignement primaire<\/a><\/li>\n<li>Joueuse la plus utile<br \/>\n<strong>B\u00e9atrice L\u00e9tourneau<\/strong>, \u00e9tudiante au <a href=\"https:\/\/www.uqac.ca\/programme\/7991-bacc-en-education-prescolaire-et-en-enseignement-primaire\/\">baccalaur\u00e9at en \u00e9ducation pr\u00e9scolaire et en enseignement primaire<\/a><\/li>\n<li>\u00c9thique sportive<br \/>\n<strong>\u00c9milie Doucet<\/strong>, \u00e9tudiante au <a href=\"https:\/\/www.uqac.ca\/programme\/7764-baccalaureat-en-administration\/\">baccalaur\u00e9at en administration<\/a><\/li>\n<\/ul>\n<p>&nbsp;<\/p>\n<\/div>\n<div id='gallery-1' class='gallery galleryid-46885 gallery-columns-4 gallery-size-thumbnail'><figure class='gallery-item'>\n\t\t\t<div class='gallery-icon landscape'>\n\t\t\t\t<a href='https:\/\/www.uqac.ca\/uqactualites\/2024\/04\/19\/gala-des-inuk-35-distinctions-remises-aux-etudiantes-et-etudiants-athletes\/version-web-professionnelle-1379\/'><img loading=\"lazy\" decoding=\"async\" width=\"150\" height=\"150\" src=\"https:\/\/www.uqac.ca\/uqactualites\/wp-content\/uploads\/2024\/04\/version-web-professionnelle-1379-150x150.jpg\" class=\"attachment-thumbnail size-thumbnail\" alt=\"\" \/><\/a>\n\t\t\t<\/div><\/figure><figure class='gallery-item'>\n\t\t\t<div class='gallery-icon landscape'>\n\t\t\t\t<a href='https:\/\/www.uqac.ca\/uqactualites\/2024\/04\/19\/gala-des-inuk-35-distinctions-remises-aux-etudiantes-et-etudiants-athletes\/version-web-professionnelle-1442\/'><img loading=\"lazy\" decoding=\"async\" width=\"150\" height=\"150\" src=\"https:\/\/www.uqac.ca\/uqactualites\/wp-content\/uploads\/2024\/04\/version-web-professionnelle-1442-150x150.jpg\" class=\"attachment-thumbnail size-thumbnail\" alt=\"\" \/><\/a>\n\t\t\t<\/div><\/figure><figure class='gallery-item'>\n\t\t\t<div class='gallery-icon landscape'>\n\t\t\t\t<a href='https:\/\/www.uqac.ca\/uqactualites\/2024\/04\/19\/gala-des-inuk-35-distinctions-remises-aux-etudiantes-et-etudiants-athletes\/version-web-professionnelle-1504\/'><img loading=\"lazy\" decoding=\"async\" width=\"150\" height=\"150\" src=\"https:\/\/www.uqac.ca\/uqactualites\/wp-content\/uploads\/2024\/04\/version-web-professionnelle-1504-150x150.jpg\" class=\"attachment-thumbnail size-thumbnail\" alt=\"\" \/><\/a>\n\t\t\t<\/div><\/figure><figure class='gallery-item'>\n\t\t\t<div class='gallery-icon landscape'>\n\t\t\t\t<a href='https:\/\/www.uqac.ca\/uqactualites\/2024\/04\/19\/gala-des-inuk-35-distinctions-remises-aux-etudiantes-et-etudiants-athletes\/version-web-professionnelle-1560-2\/'><img loading=\"lazy\" decoding=\"async\" width=\"150\" height=\"150\" src=\"https:\/\/www.uqac.ca\/uqactualites\/wp-content\/uploads\/2024\/04\/version-web-professionnelle-1560-1-150x150.jpg\" class=\"attachment-thumbnail size-thumbnail\" alt=\"\" \/><\/a>\n\t\t\t<\/div><\/figure><figure class='gallery-item'>\n\t\t\t<div class='gallery-icon landscape'>\n\t\t\t\t<a href='https:\/\/www.uqac.ca\/uqactualites\/2024\/04\/19\/gala-des-inuk-35-distinctions-remises-aux-etudiantes-et-etudiants-athletes\/version-web-professionnelle-1634\/'><img loading=\"lazy\" decoding=\"async\" width=\"150\" height=\"150\" src=\"https:\/\/www.uqac.ca\/uqactualites\/wp-content\/uploads\/2024\/04\/version-web-professionnelle-1634-150x150.jpg\" class=\"attachment-thumbnail size-thumbnail\" alt=\"\" \/><\/a>\n\t\t\t<\/div><\/figure><figure class='gallery-item'>\n\t\t\t<div class='gallery-icon landscape'>\n\t\t\t\t<a href='https:\/\/www.uqac.ca\/uqactualites\/2024\/04\/19\/gala-des-inuk-35-distinctions-remises-aux-etudiantes-et-etudiants-athletes\/version-web-professionnelle-1708\/'><img loading=\"lazy\" decoding=\"async\" width=\"150\" height=\"150\" src=\"https:\/\/www.uqac.ca\/uqactualites\/wp-content\/uploads\/2024\/04\/version-web-professionnelle-1708-150x150.jpg\" class=\"attachment-thumbnail size-thumbnail\" alt=\"\" \/><\/a>\n\t\t\t<\/div><\/figure><figure class='gallery-item'>\n\t\t\t<div class='gallery-icon landscape'>\n\t\t\t\t<a href='https:\/\/www.uqac.ca\/uqactualites\/2024\/04\/19\/gala-des-inuk-35-distinctions-remises-aux-etudiantes-et-etudiants-athletes\/version-web-professionnelle-1736\/'><img loading=\"lazy\" decoding=\"async\" width=\"150\" height=\"150\" src=\"https:\/\/www.uqac.ca\/uqactualites\/wp-content\/uploads\/2024\/04\/version-web-professionnelle-1736-150x150.jpg\" class=\"attachment-thumbnail size-thumbnail\" alt=\"\" \/><\/a>\n\t\t\t<\/div><\/figure><figure class='gallery-item'>\n\t\t\t<div class='gallery-icon landscape'>\n\t\t\t\t<a href='https:\/\/www.uqac.ca\/uqactualites\/2024\/04\/19\/gala-des-inuk-35-distinctions-remises-aux-etudiantes-et-etudiants-athletes\/version-web-professionnelle-1751\/'><img loading=\"lazy\" decoding=\"async\" width=\"150\" height=\"150\" src=\"https:\/\/www.uqac.ca\/uqactualites\/wp-content\/uploads\/2024\/04\/version-web-professionnelle-1751-150x150.jpg\" class=\"attachment-thumbnail size-thumbnail\" alt=\"\" \/><\/a>\n\t\t\t<\/div><\/figure><figure class='gallery-item'>\n\t\t\t<div class='gallery-icon landscape'>\n\t\t\t\t<a href='https:\/\/www.uqac.ca\/uqactualites\/2024\/04\/19\/gala-des-inuk-35-distinctions-remises-aux-etudiantes-et-etudiants-athletes\/version-web-professionnelle-1818\/'><img loading=\"lazy\" decoding=\"async\" width=\"150\" height=\"150\" src=\"https:\/\/www.uqac.ca\/uqactualites\/wp-content\/uploads\/2024\/04\/version-web-professionnelle-1818-150x150.jpg\" class=\"attachment-thumbnail size-thumbnail\" alt=\"\" \/><\/a>\n\t\t\t<\/div><\/figure><figure class='gallery-item'>\n\t\t\t<div class='gallery-icon landscape'>\n\t\t\t\t<a href='https:\/\/www.uqac.ca\/uqactualites\/2024\/04\/19\/gala-des-inuk-35-distinctions-remises-aux-etudiantes-et-etudiants-athletes\/version-web-professionnelle-1820\/'><img loading=\"lazy\" decoding=\"async\" width=\"150\" height=\"150\" src=\"https:\/\/www.uqac.ca\/uqactualites\/wp-content\/uploads\/2024\/04\/version-web-professionnelle-1820-150x150.jpg\" class=\"attachment-thumbnail size-thumbnail\" alt=\"\" \/><\/a>\n\t\t\t<\/div><\/figure>\n\t\t<\/div>\n\n<\/div>\n","protected":false},"excerpt":{"rendered":"<p>Valeurs phares du programme de sport universitaire, l&rsquo;excellence, l&rsquo;\u00e9thique, l&rsquo;esprit d&rsquo;\u00e9quipe et l&rsquo;implication ont \u00e9t\u00e9 c\u00e9l\u00e9br\u00e9es le mardi 16 avril dernier \u00e0 l&rsquo;occasion du traditionnel Gala des Inuk. C&rsquo;est dans un centre social transform\u00e9 pour l&rsquo;occasion en une \u00e9l\u00e9gante salle de gala que se sont rassembl\u00e9s une centaine de convives venus applaudir le brillant parcours [&hellip;]<\/p>\n","protected":false},"author":5,"featured_media":46942,"comment_status":"closed","ping_status":"open","sticky":false,"template":"","format":"standard","meta":{"footnotes":""},"categories":[61,2773],"tags":[2090,474,26,1890],"yoast_head":"<!-- This site is optimized with the Yoast SEO plugin v24.2 - https:\/\/yoast.com\/wordpress\/plugins\/seo\/ -->\r\n<title>Gala des Inuk: 35 distinctions remises aux \u00e9tudiantes et \u00e9tudiants athl\u00e8tes - UQACtualit\u00e9s<\/title>\r\n<meta name=\"description\" content=\"Pour marquer la fin d&#039;une saison exceptionnelle, 35 distinctions ont \u00e9t\u00e9 remises \u00e0 des \u00e9tudiant(e)s athl\u00e8tes des Inuk de l&#039;UQAC\" \/>\r\n<meta name=\"robots\" content=\"index, follow, max-snippet:-1, max-image-preview:large, max-video-preview:-1\" \/>\r\n<link rel=\"canonical\" href=\"https:\/\/www.uqac.ca\/uqactualites\/2024\/04\/19\/gala-des-inuk-35-distinctions-remises-aux-etudiantes-et-etudiants-athletes\/\" \/>\r\n<meta property=\"og:locale\" content=\"fr_CA\" \/>\r\n<meta property=\"og:type\" content=\"article\" \/>\r\n<meta property=\"og:title\" content=\"Gala des Inuk: 35 distinctions remises aux \u00e9tudiantes et \u00e9tudiants athl\u00e8tes - UQACtualit\u00e9s\" \/>\r\n<meta property=\"og:description\" content=\"Pour marquer la fin d&#039;une saison exceptionnelle, 35 distinctions ont \u00e9t\u00e9 remises \u00e0 des \u00e9tudiant(e)s athl\u00e8tes des Inuk de l&#039;UQAC\" \/>\r\n<meta property=\"og:url\" content=\"https:\/\/www.uqac.ca\/uqactualites\/2024\/04\/19\/gala-des-inuk-35-distinctions-remises-aux-etudiantes-et-etudiants-athletes\/\" \/>\r\n<meta property=\"og:site_name\" content=\"UQACtualit\u00e9s\" \/>\r\n<meta property=\"article:published_time\" content=\"2024-04-19T12:40:47+00:00\" \/>\r\n<meta property=\"article:modified_time\" content=\"2024-07-24T13:59:21+00:00\" \/>\r\n<meta property=\"og:image\" content=\"https:\/\/www.uqac.ca\/uqactualites\/wp-content\/uploads\/2024\/04\/version-web-professionnelle-1560.jpg\" \/>\r\n\t<meta property=\"og:image:width\" content=\"2048\" \/>\r\n\t<meta property=\"og:image:height\" content=\"1367\" \/>\r\n\t<meta property=\"og:image:type\" content=\"image\/jpeg\" \/>\r\n<meta name=\"author\" content=\"Service des communications et des relations publiques\" \/>\r\n<meta name=\"twitter:card\" content=\"summary_large_image\" \/>\r\n<meta name=\"twitter:label1\" content=\"\u00c9crit par\" \/>\n\t<meta name=\"twitter:data1\" content=\"Service des communications et des relations publiques\" \/>\n\t<meta name=\"twitter:label2\" content=\"Estimation du temps de lecture\" \/>\n\t<meta name=\"twitter:data2\" content=\"4 minutes\" \/>\r\n<script type=\"application\/ld+json\" class=\"yoast-schema-graph\">{\"@context\":\"https:\/\/schema.org\",\"@graph\":[{\"@type\":\"WebPage\",\"@id\":\"https:\/\/www.uqac.ca\/uqactualites\/2024\/04\/19\/gala-des-inuk-35-distinctions-remises-aux-etudiantes-et-etudiants-athletes\/\",\"url\":\"https:\/\/www.uqac.ca\/uqactualites\/2024\/04\/19\/gala-des-inuk-35-distinctions-remises-aux-etudiantes-et-etudiants-athletes\/\",\"name\":\"Gala des Inuk: 35 distinctions remises aux \u00e9tudiantes et \u00e9tudiants athl\u00e8tes - UQACtualit\u00e9s\",\"isPartOf\":{\"@id\":\"https:\/\/www.uqac.ca\/uqactualites\/#website\"},\"primaryImageOfPage\":{\"@id\":\"https:\/\/www.uqac.ca\/uqactualites\/2024\/04\/19\/gala-des-inuk-35-distinctions-remises-aux-etudiantes-et-etudiants-athletes\/#primaryimage\"},\"image\":{\"@id\":\"https:\/\/www.uqac.ca\/uqactualites\/2024\/04\/19\/gala-des-inuk-35-distinctions-remises-aux-etudiantes-et-etudiants-athletes\/#primaryimage\"},\"thumbnailUrl\":\"https:\/\/www.uqac.ca\/uqactualites\/wp-content\/uploads\/2024\/04\/version-web-professionnelle-1560.jpg\",\"datePublished\":\"2024-04-19T12:40:47+00:00\",\"dateModified\":\"2024-07-24T13:59:21+00:00\",\"author\":{\"@id\":\"https:\/\/www.uqac.ca\/uqactualites\/#\/schema\/person\/366c45a0c4f0e677b41b4af5886e2018\"},\"description\":\"Pour marquer la fin d'une saison exceptionnelle, 35 distinctions ont \u00e9t\u00e9 remises \u00e0 des \u00e9tudiant(e)s athl\u00e8tes des Inuk de l'UQAC\",\"breadcrumb\":{\"@id\":\"https:\/\/www.uqac.ca\/uqactualites\/2024\/04\/19\/gala-des-inuk-35-distinctions-remises-aux-etudiantes-et-etudiants-athletes\/#breadcrumb\"},\"inLanguage\":\"fr-CA\",\"potentialAction\":[{\"@type\":\"ReadAction\",\"target\":[\"https:\/\/www.uqac.ca\/uqactualites\/2024\/04\/19\/gala-des-inuk-35-distinctions-remises-aux-etudiantes-et-etudiants-athletes\/\"]}]},{\"@type\":\"ImageObject\",\"inLanguage\":\"fr-CA\",\"@id\":\"https:\/\/www.uqac.ca\/uqactualites\/2024\/04\/19\/gala-des-inuk-35-distinctions-remises-aux-etudiantes-et-etudiants-athletes\/#primaryimage\",\"url\":\"https:\/\/www.uqac.ca\/uqactualites\/wp-content\/uploads\/2024\/04\/version-web-professionnelle-1560.jpg\",\"contentUrl\":\"https:\/\/www.uqac.ca\/uqactualites\/wp-content\/uploads\/2024\/04\/version-web-professionnelle-1560.jpg\",\"width\":2048,\"height\":1367,\"caption\":\"Inuk\"},{\"@type\":\"BreadcrumbList\",\"@id\":\"https:\/\/www.uqac.ca\/uqactualites\/2024\/04\/19\/gala-des-inuk-35-distinctions-remises-aux-etudiantes-et-etudiants-athletes\/#breadcrumb\",\"itemListElement\":[{\"@type\":\"ListItem\",\"position\":1,\"name\":\"Home\",\"item\":\"https:\/\/www.uqac.ca\/uqactualites\/\"},{\"@type\":\"ListItem\",\"position\":2,\"name\":\"Gala des Inuk: 35 distinctions remises aux \u00e9tudiantes et \u00e9tudiants athl\u00e8tes\"}]},{\"@type\":\"WebSite\",\"@id\":\"https:\/\/www.uqac.ca\/uqactualites\/#website\",\"url\":\"https:\/\/www.uqac.ca\/uqactualites\/\",\"name\":\"UQACtualit\u00e9s\",\"description\":\"Le portail des nouvelles de l&#039;UQAC\",\"potentialAction\":[{\"@type\":\"SearchAction\",\"target\":{\"@type\":\"EntryPoint\",\"urlTemplate\":\"https:\/\/www.uqac.ca\/uqactualites\/?s={search_term_string}\"},\"query-input\":{\"@type\":\"PropertyValueSpecification\",\"valueRequired\":true,\"valueName\":\"search_term_string\"}}],\"inLanguage\":\"fr-CA\"},{\"@type\":\"Person\",\"@id\":\"https:\/\/www.uqac.ca\/uqactualites\/#\/schema\/person\/366c45a0c4f0e677b41b4af5886e2018\",\"name\":\"Service des communications et des relations publiques\",\"image\":{\"@type\":\"ImageObject\",\"inLanguage\":\"fr-CA\",\"@id\":\"https:\/\/www.uqac.ca\/uqactualites\/#\/schema\/person\/image\/\",\"url\":\"https:\/\/secure.gravatar.com\/avatar\/20fbbda8a292f59f2d3461a5b999c00b?s=96&d=mm&r=g\",\"contentUrl\":\"https:\/\/secure.gravatar.com\/avatar\/20fbbda8a292f59f2d3461a5b999c00b?s=96&d=mm&r=g\",\"caption\":\"Service des communications et des relations publiques\"},\"url\":\"https:\/\/www.uqac.ca\/uqactualites\/author\/bap\/\"}]}<\/script>\r\n<!-- \/ Yoast SEO plugin. -->","yoast_head_json":{"title":"Gala des Inuk: 35 distinctions remises aux \u00e9tudiantes et \u00e9tudiants athl\u00e8tes - UQACtualit\u00e9s","description":"Pour marquer la fin d'une saison exceptionnelle, 35 distinctions ont \u00e9t\u00e9 remises \u00e0 des \u00e9tudiant(e)s athl\u00e8tes des Inuk de l'UQAC","robots":{"index":"index","follow":"follow","max-snippet":"max-snippet:-1","max-image-preview":"max-image-preview:large","max-video-preview":"max-video-preview:-1"},"canonical":"https:\/\/www.uqac.ca\/uqactualites\/2024\/04\/19\/gala-des-inuk-35-distinctions-remises-aux-etudiantes-et-etudiants-athletes\/","og_locale":"fr_CA","og_type":"article","og_title":"Gala des Inuk: 35 distinctions remises aux \u00e9tudiantes et \u00e9tudiants athl\u00e8tes - UQACtualit\u00e9s","og_description":"Pour marquer la fin d'une saison exceptionnelle, 35 distinctions ont \u00e9t\u00e9 remises \u00e0 des \u00e9tudiant(e)s athl\u00e8tes des Inuk de l'UQAC","og_url":"https:\/\/www.uqac.ca\/uqactualites\/2024\/04\/19\/gala-des-inuk-35-distinctions-remises-aux-etudiantes-et-etudiants-athletes\/","og_site_name":"UQACtualit\u00e9s","article_published_time":"2024-04-19T12:40:47+00:00","article_modified_time":"2024-07-24T13:59:21+00:00","og_image":[{"width":2048,"height":1367,"url":"https:\/\/www.uqac.ca\/uqactualites\/wp-content\/uploads\/2024\/04\/version-web-professionnelle-1560.jpg","type":"image\/jpeg"}],"author":"Service des communications et des relations publiques","twitter_card":"summary_large_image","twitter_misc":{"\u00c9crit par":"Service des communications et des relations publiques","Estimation du temps de lecture":"4 minutes"},"schema":{"@context":"https:\/\/schema.org","@graph":[{"@type":"WebPage","@id":"https:\/\/www.uqac.ca\/uqactualites\/2024\/04\/19\/gala-des-inuk-35-distinctions-remises-aux-etudiantes-et-etudiants-athletes\/","url":"https:\/\/www.uqac.ca\/uqactualites\/2024\/04\/19\/gala-des-inuk-35-distinctions-remises-aux-etudiantes-et-etudiants-athletes\/","name":"Gala des Inuk: 35 distinctions remises aux \u00e9tudiantes et \u00e9tudiants athl\u00e8tes - UQACtualit\u00e9s","isPartOf":{"@id":"https:\/\/www.uqac.ca\/uqactualites\/#website"},"primaryImageOfPage":{"@id":"https:\/\/www.uqac.ca\/uqactualites\/2024\/04\/19\/gala-des-inuk-35-distinctions-remises-aux-etudiantes-et-etudiants-athletes\/#primaryimage"},"image":{"@id":"https:\/\/www.uqac.ca\/uqactualites\/2024\/04\/19\/gala-des-inuk-35-distinctions-remises-aux-etudiantes-et-etudiants-athletes\/#primaryimage"},"thumbnailUrl":"https:\/\/www.uqac.ca\/uqactualites\/wp-content\/uploads\/2024\/04\/version-web-professionnelle-1560.jpg","datePublished":"2024-04-19T12:40:47+00:00","dateModified":"2024-07-24T13:59:21+00:00","author":{"@id":"https:\/\/www.uqac.ca\/uqactualites\/#\/schema\/person\/366c45a0c4f0e677b41b4af5886e2018"},"description":"Pour marquer la fin d'une saison exceptionnelle, 35 distinctions ont \u00e9t\u00e9 remises \u00e0 des \u00e9tudiant(e)s athl\u00e8tes des Inuk de l'UQAC","breadcrumb":{"@id":"https:\/\/www.uqac.ca\/uqactualites\/2024\/04\/19\/gala-des-inuk-35-distinctions-remises-aux-etudiantes-et-etudiants-athletes\/#breadcrumb"},"inLanguage":"fr-CA","potentialAction":[{"@type":"ReadAction","target":["https:\/\/www.uqac.ca\/uqactualites\/2024\/04\/19\/gala-des-inuk-35-distinctions-remises-aux-etudiantes-et-etudiants-athletes\/"]}]},{"@type":"ImageObject","inLanguage":"fr-CA","@id":"https:\/\/www.uqac.ca\/uqactualites\/2024\/04\/19\/gala-des-inuk-35-distinctions-remises-aux-etudiantes-et-etudiants-athletes\/#primaryimage","url":"https:\/\/www.uqac.ca\/uqactualites\/wp-content\/uploads\/2024\/04\/version-web-professionnelle-1560.jpg","contentUrl":"https:\/\/www.uqac.ca\/uqactualites\/wp-content\/uploads\/2024\/04\/version-web-professionnelle-1560.jpg","width":2048,"height":1367,"caption":"Inuk"},{"@type":"BreadcrumbList","@id":"https:\/\/www.uqac.ca\/uqactualites\/2024\/04\/19\/gala-des-inuk-35-distinctions-remises-aux-etudiantes-et-etudiants-athletes\/#breadcrumb","itemListElement":[{"@type":"ListItem","position":1,"name":"Home","item":"https:\/\/www.uqac.ca\/uqactualites\/"},{"@type":"ListItem","position":2,"name":"Gala des Inuk: 35 distinctions remises aux \u00e9tudiantes et \u00e9tudiants athl\u00e8tes"}]},{"@type":"WebSite","@id":"https:\/\/www.uqac.ca\/uqactualites\/#website","url":"https:\/\/www.uqac.ca\/uqactualites\/","name":"UQACtualit\u00e9s","description":"Le portail des nouvelles de l&#039;UQAC","potentialAction":[{"@type":"SearchAction","target":{"@type":"EntryPoint","urlTemplate":"https:\/\/www.uqac.ca\/uqactualites\/?s={search_term_string}"},"query-input":{"@type":"PropertyValueSpecification","valueRequired":true,"valueName":"search_term_string"}}],"inLanguage":"fr-CA"},{"@type":"Person","@id":"https:\/\/www.uqac.ca\/uqactualites\/#\/schema\/person\/366c45a0c4f0e677b41b4af5886e2018","name":"Service des communications et des relations publiques","image":{"@type":"ImageObject","inLanguage":"fr-CA","@id":"https:\/\/www.uqac.ca\/uqactualites\/#\/schema\/person\/image\/","url":"https:\/\/secure.gravatar.com\/avatar\/20fbbda8a292f59f2d3461a5b999c00b?s=96&d=mm&r=g","contentUrl":"https:\/\/secure.gravatar.com\/avatar\/20fbbda8a292f59f2d3461a5b999c00b?s=96&d=mm&r=g","caption":"Service des communications et des relations publiques"},"url":"https:\/\/www.uqac.ca\/uqactualites\/author\/bap\/"}]}},"_links":{"self":[{"href":"https:\/\/www.uqac.ca\/uqactualites\/wp-json\/wp\/v2\/posts\/46885"}],"collection":[{"href":"https:\/\/www.uqac.ca\/uqactualites\/wp-json\/wp\/v2\/posts"}],"about":[{"href":"https:\/\/www.uqac.ca\/uqactualites\/wp-json\/wp\/v2\/types\/post"}],"author":[{"embeddable":true,"href":"https:\/\/www.uqac.ca\/uqactualites\/wp-json\/wp\/v2\/users\/5"}],"replies":[{"embeddable":true,"href":"https:\/\/www.uqac.ca\/uqactualites\/wp-json\/wp\/v2\/comments?post=46885"}],"version-history":[{"count":10,"href":"https:\/\/www.uqac.ca\/uqactualites\/wp-json\/wp\/v2\/posts\/46885\/revisions"}],"predecessor-version":[{"id":48032,"href":"https:\/\/www.uqac.ca\/uqactualites\/wp-json\/wp\/v2\/posts\/46885\/revisions\/48032"}],"wp:featuredmedia":[{"embeddable":true,"href":"https:\/\/www.uqac.ca\/uqactualites\/wp-json\/wp\/v2\/media\/46942"}],"wp:attachment":[{"href":"https:\/\/www.uqac.ca\/uqactualites\/wp-json\/wp\/v2\/media?parent=46885"}],"wp:term":[{"taxonomy":"category","embeddable":true,"href":"https:\/\/www.uqac.ca\/uqactualites\/wp-json\/wp\/v2\/categories?post=46885"},{"taxonomy":"post_tag","embeddable":true,"href":"https:\/\/www.uqac.ca\/uqactualites\/wp-json\/wp\/v2\/tags?post=46885"}],"curies":[{"name":"wp","href":"https:\/\/api.w.org\/{rel}","templated":true}]}}