{"id":46890,"date":"2024-04-18T09:04:37","date_gmt":"2024-04-18T13:04:37","guid":{"rendered":"https:\/\/www.uqac.ca\/uqactualites\/?p=46890"},"modified":"2024-07-24T10:44:22","modified_gmt":"2024-07-24T14:44:22","slug":"celebration-de-lengagement-etudiant-un-diner-de-reconnaissance","status":"publish","type":"post","link":"https:\/\/www.uqac.ca\/uqactualites\/2024\/04\/18\/celebration-de-lengagement-etudiant-un-diner-de-reconnaissance\/","title":{"rendered":"C\u00e9l\u00e9bration de l&rsquo;engagement \u00e9tudiant: un d\u00eener de reconnaissance"},"content":{"rendered":"<p>Le 17 avril dernier, l&rsquo;UQAC a c\u00e9l\u00e9br\u00e9 l&rsquo;engagement exceptionnel de ses \u00e9tudiantes et \u00e9tudiants lors du D\u00eener de la reconnaissance de l&rsquo;engagement \u00e9tudiant. Organis\u00e9 par les Services aux \u00e9tudiants et anim\u00e9 par Simon Roy-Martel, chroniqueur et interviewer \u00e0 Radio-Canada, cet \u00e9v\u00e9nement avait pour but de mettre en lumi\u00e8re les contributions remarquables des membres de la communaut\u00e9 \u00e9tudiante qui ont enrichi la vie universitaire au cours de l&rsquo;ann\u00e9e 2023-2024.<\/p>\n<p>C&rsquo;est \u00c9tienne H\u00e9bert, vice-recteur aux \u00e9tudes, \u00e0 la formation et \u00e0 la r\u00e9ussite, qui a lanc\u00e9 l&rsquo;\u00e9v\u00e9nement en abordant l&rsquo;importance de l&rsquo;engagement \u00e9tudiant dans la vie universitaire. Puis, tout au long du d\u00eener, l&rsquo;animateur a invit\u00e9 des repr\u00e9sentantes et repr\u00e9sentants de groupes d&rsquo;int\u00e9r\u00eat soigneusement s\u00e9lectionn\u00e9s \u00e0 monter sur sc\u00e8ne pour partager leurs exp\u00e9riences et succ\u00e8s en mati\u00e8re d&rsquo;engagement. Du projet Mentorat \u00e0 la troupe de th\u00e9\u00e2tre TETU, en passant par le <a href=\"https:\/\/www.facebook.com\/UQACSnowJam\/\" target=\"_blank\" rel=\"noopener\">SnowJam<\/a>, les <a href=\"https:\/\/sae.uqac.ca\/centre-de-reference-le-cube\/\" target=\"_blank\" rel=\"noopener\">Pairs aidants<\/a> et le <a href=\"https:\/\/www.facebook.com\/le.bazart.uqac\/?paipv=0&amp;eav=AfYH3B2KDMev4Gk6PTSNOrcq_7wYDNUpD7kK_uh75jPMsrCbQfmDsoUI8o934z8Pnk8&amp;_rdr\" target=\"_blank\" rel=\"noopener\">Bazart<\/a>, les convives ont pu appr\u00e9cier la passion et l&rsquo;implication dont font preuve ces \u00e9tudiantes et \u00e9tudiants au quotidien. De nombreux et g\u00e9n\u00e9reux prix de pr\u00e9sence ont \u00e9galement \u00e9t\u00e9 attribu\u00e9s, r\u00e9compensant 10 \u00e9tudiantes et \u00e9tudiants engag\u00e9s.<\/p>\n<p>V\u00e9ritable succ\u00e8s, cette c\u00e9l\u00e9bration de l&rsquo;engagement \u00e9tudiant, qui se tenait dans le cadre des <a href=\"https:\/\/www.uqac.ca\/reconnaissance\/\">F\u00eates de la reconnaissance 2024<\/a>, a soulign\u00e9 l&rsquo;importance de la contribution individuelle au bien-\u00eatre collectif et \u00e0 l&rsquo;enrichissement de la vie universitaire. F\u00e9licitations \u00e0 toutes et \u00e0 tous!<\/p>\n<p>&nbsp;<\/p>\n<div id='gallery-1' class='gallery galleryid-46890 gallery-columns-4 gallery-size-thumbnail'><figure class='gallery-item'>\n\t\t\t<div class='gallery-icon landscape'>\n\t\t\t\t<a href='https:\/\/www.uqac.ca\/uqactualites\/2024\/04\/18\/celebration-de-lengagement-etudiant-un-diner-de-reconnaissance\/merite-etudiant-mduhaime-h24-06\/'><img loading=\"lazy\" decoding=\"async\" width=\"150\" height=\"150\" src=\"https:\/\/www.uqac.ca\/uqactualites\/wp-content\/uploads\/2024\/04\/merite-etudiant-mduhaime-h24-06-150x150.jpg\" class=\"attachment-thumbnail size-thumbnail\" alt=\"\" \/><\/a>\n\t\t\t<\/div><\/figure><figure class='gallery-item'>\n\t\t\t<div class='gallery-icon landscape'>\n\t\t\t\t<a href='https:\/\/www.uqac.ca\/uqactualites\/2024\/04\/18\/celebration-de-lengagement-etudiant-un-diner-de-reconnaissance\/merite-etudiant-mduhaime-h24-05\/'><img loading=\"lazy\" decoding=\"async\" width=\"150\" height=\"150\" src=\"https:\/\/www.uqac.ca\/uqactualites\/wp-content\/uploads\/2024\/04\/merite-etudiant-mduhaime-h24-05-150x150.jpg\" class=\"attachment-thumbnail size-thumbnail\" alt=\"\" \/><\/a>\n\t\t\t<\/div><\/figure><figure class='gallery-item'>\n\t\t\t<div class='gallery-icon landscape'>\n\t\t\t\t<a href='https:\/\/www.uqac.ca\/uqactualites\/2024\/04\/18\/celebration-de-lengagement-etudiant-un-diner-de-reconnaissance\/merite-etudiant-mduhaime-h24-04\/'><img loading=\"lazy\" decoding=\"async\" width=\"150\" height=\"150\" src=\"https:\/\/www.uqac.ca\/uqactualites\/wp-content\/uploads\/2024\/04\/merite-etudiant-mduhaime-h24-04-150x150.jpg\" class=\"attachment-thumbnail size-thumbnail\" alt=\"\" \/><\/a>\n\t\t\t<\/div><\/figure><figure class='gallery-item'>\n\t\t\t<div class='gallery-icon landscape'>\n\t\t\t\t<a href='https:\/\/www.uqac.ca\/uqactualites\/2024\/04\/18\/celebration-de-lengagement-etudiant-un-diner-de-reconnaissance\/merite-etudiant-mduhaime-h24-03\/'><img loading=\"lazy\" decoding=\"async\" width=\"150\" height=\"150\" src=\"https:\/\/www.uqac.ca\/uqactualites\/wp-content\/uploads\/2024\/04\/merite-etudiant-mduhaime-h24-03-150x150.jpg\" class=\"attachment-thumbnail size-thumbnail\" alt=\"\" \/><\/a>\n\t\t\t<\/div><\/figure><figure class='gallery-item'>\n\t\t\t<div class='gallery-icon landscape'>\n\t\t\t\t<a href='https:\/\/www.uqac.ca\/uqactualites\/2024\/04\/18\/celebration-de-lengagement-etudiant-un-diner-de-reconnaissance\/merite-etudiant-mduhaime-h24-12-2\/'><img loading=\"lazy\" decoding=\"async\" width=\"150\" height=\"150\" src=\"https:\/\/www.uqac.ca\/uqactualites\/wp-content\/uploads\/2024\/04\/merite-etudiant-mduhaime-h24-12-1-150x150.jpg\" class=\"attachment-thumbnail size-thumbnail\" alt=\"Reconnaissance\" \/><\/a>\n\t\t\t<\/div><\/figure><figure class='gallery-item'>\n\t\t\t<div class='gallery-icon landscape'>\n\t\t\t\t<a href='https:\/\/www.uqac.ca\/uqactualites\/2024\/04\/18\/celebration-de-lengagement-etudiant-un-diner-de-reconnaissance\/merite-etudiant-mduhaime-h24-11\/'><img loading=\"lazy\" decoding=\"async\" width=\"150\" height=\"150\" src=\"https:\/\/www.uqac.ca\/uqactualites\/wp-content\/uploads\/2024\/04\/merite-etudiant-mduhaime-h24-11-150x150.jpg\" class=\"attachment-thumbnail size-thumbnail\" alt=\"\" \/><\/a>\n\t\t\t<\/div><\/figure><figure class='gallery-item'>\n\t\t\t<div class='gallery-icon landscape'>\n\t\t\t\t<a href='https:\/\/www.uqac.ca\/uqactualites\/2024\/04\/18\/celebration-de-lengagement-etudiant-un-diner-de-reconnaissance\/merite-etudiant-mduhaime-h24-02\/'><img loading=\"lazy\" decoding=\"async\" width=\"150\" height=\"150\" src=\"https:\/\/www.uqac.ca\/uqactualites\/wp-content\/uploads\/2024\/04\/merite-etudiant-mduhaime-h24-02-150x150.jpg\" class=\"attachment-thumbnail size-thumbnail\" alt=\"\" \/><\/a>\n\t\t\t<\/div><\/figure><figure class='gallery-item'>\n\t\t\t<div class='gallery-icon landscape'>\n\t\t\t\t<a href='https:\/\/www.uqac.ca\/uqactualites\/2024\/04\/18\/celebration-de-lengagement-etudiant-un-diner-de-reconnaissance\/merite-etudiant-mduhaime-h24-01\/'><img loading=\"lazy\" decoding=\"async\" width=\"150\" height=\"150\" src=\"https:\/\/www.uqac.ca\/uqactualites\/wp-content\/uploads\/2024\/04\/merite-etudiant-mduhaime-h24-01-150x150.jpg\" class=\"attachment-thumbnail size-thumbnail\" alt=\"\" \/><\/a>\n\t\t\t<\/div><\/figure><figure class='gallery-item'>\n\t\t\t<div class='gallery-icon landscape'>\n\t\t\t\t<a href='https:\/\/www.uqac.ca\/uqactualites\/2024\/04\/18\/celebration-de-lengagement-etudiant-un-diner-de-reconnaissance\/merite-etudiant-mduhaime-h24-20\/'><img loading=\"lazy\" decoding=\"async\" width=\"150\" height=\"150\" src=\"https:\/\/www.uqac.ca\/uqactualites\/wp-content\/uploads\/2024\/04\/merite-etudiant-mduhaime-h24-20-150x150.jpg\" class=\"attachment-thumbnail size-thumbnail\" alt=\"\" \/><\/a>\n\t\t\t<\/div><\/figure><figure class='gallery-item'>\n\t\t\t<div class='gallery-icon landscape'>\n\t\t\t\t<a href='https:\/\/www.uqac.ca\/uqactualites\/2024\/04\/18\/celebration-de-lengagement-etudiant-un-diner-de-reconnaissance\/merite-etudiant-mduhaime-h24-19\/'><img loading=\"lazy\" decoding=\"async\" width=\"150\" height=\"150\" src=\"https:\/\/www.uqac.ca\/uqactualites\/wp-content\/uploads\/2024\/04\/merite-etudiant-mduhaime-h24-19-150x150.jpg\" class=\"attachment-thumbnail size-thumbnail\" alt=\"\" \/><\/a>\n\t\t\t<\/div><\/figure><figure class='gallery-item'>\n\t\t\t<div class='gallery-icon landscape'>\n\t\t\t\t<a href='https:\/\/www.uqac.ca\/uqactualites\/2024\/04\/18\/celebration-de-lengagement-etudiant-un-diner-de-reconnaissance\/merite-etudiant-mduhaime-h24-18\/'><img loading=\"lazy\" decoding=\"async\" width=\"150\" height=\"150\" src=\"https:\/\/www.uqac.ca\/uqactualites\/wp-content\/uploads\/2024\/04\/merite-etudiant-mduhaime-h24-18-150x150.jpg\" class=\"attachment-thumbnail size-thumbnail\" alt=\"\" \/><\/a>\n\t\t\t<\/div><\/figure><figure class='gallery-item'>\n\t\t\t<div class='gallery-icon landscape'>\n\t\t\t\t<a href='https:\/\/www.uqac.ca\/uqactualites\/2024\/04\/18\/celebration-de-lengagement-etudiant-un-diner-de-reconnaissance\/merite-etudiant-mduhaime-h24-13\/'><img loading=\"lazy\" decoding=\"async\" width=\"150\" height=\"150\" src=\"https:\/\/www.uqac.ca\/uqactualites\/wp-content\/uploads\/2024\/04\/merite-etudiant-mduhaime-h24-13-150x150.jpg\" class=\"attachment-thumbnail size-thumbnail\" alt=\"\" \/><\/a>\n\t\t\t<\/div><\/figure><figure class='gallery-item'>\n\t\t\t<div class='gallery-icon landscape'>\n\t\t\t\t<a href='https:\/\/www.uqac.ca\/uqactualites\/2024\/04\/18\/celebration-de-lengagement-etudiant-un-diner-de-reconnaissance\/merite-etudiant-mduhaime-h24-14\/'><img loading=\"lazy\" decoding=\"async\" width=\"150\" height=\"150\" src=\"https:\/\/www.uqac.ca\/uqactualites\/wp-content\/uploads\/2024\/04\/merite-etudiant-mduhaime-h24-14-150x150.jpg\" class=\"attachment-thumbnail size-thumbnail\" alt=\"\" \/><\/a>\n\t\t\t<\/div><\/figure><figure class='gallery-item'>\n\t\t\t<div class='gallery-icon landscape'>\n\t\t\t\t<a href='https:\/\/www.uqac.ca\/uqactualites\/2024\/04\/18\/celebration-de-lengagement-etudiant-un-diner-de-reconnaissance\/merite-etudiant-mduhaime-h24-15\/'><img loading=\"lazy\" decoding=\"async\" width=\"150\" height=\"150\" src=\"https:\/\/www.uqac.ca\/uqactualites\/wp-content\/uploads\/2024\/04\/merite-etudiant-mduhaime-h24-15-150x150.jpg\" class=\"attachment-thumbnail size-thumbnail\" alt=\"\" \/><\/a>\n\t\t\t<\/div><\/figure><figure class='gallery-item'>\n\t\t\t<div class='gallery-icon landscape'>\n\t\t\t\t<a href='https:\/\/www.uqac.ca\/uqactualites\/2024\/04\/18\/celebration-de-lengagement-etudiant-un-diner-de-reconnaissance\/merite-etudiant-mduhaime-h24-16\/'><img loading=\"lazy\" decoding=\"async\" width=\"150\" height=\"150\" src=\"https:\/\/www.uqac.ca\/uqactualites\/wp-content\/uploads\/2024\/04\/merite-etudiant-mduhaime-h24-16-150x150.jpg\" class=\"attachment-thumbnail size-thumbnail\" alt=\"\" \/><\/a>\n\t\t\t<\/div><\/figure><figure class='gallery-item'>\n\t\t\t<div class='gallery-icon landscape'>\n\t\t\t\t<a href='https:\/\/www.uqac.ca\/uqactualites\/2024\/04\/18\/celebration-de-lengagement-etudiant-un-diner-de-reconnaissance\/merite-etudiant-mduhaime-h24-17\/'><img loading=\"lazy\" decoding=\"async\" width=\"150\" height=\"150\" src=\"https:\/\/www.uqac.ca\/uqactualites\/wp-content\/uploads\/2024\/04\/merite-etudiant-mduhaime-h24-17-150x150.jpg\" class=\"attachment-thumbnail size-thumbnail\" alt=\"\" \/><\/a>\n\t\t\t<\/div><\/figure><figure class='gallery-item'>\n\t\t\t<div class='gallery-icon landscape'>\n\t\t\t\t<a href='https:\/\/www.uqac.ca\/uqactualites\/2024\/04\/18\/celebration-de-lengagement-etudiant-un-diner-de-reconnaissance\/merite-etudiant-mduhaime-h24-10\/'><img loading=\"lazy\" decoding=\"async\" width=\"150\" height=\"150\" src=\"https:\/\/www.uqac.ca\/uqactualites\/wp-content\/uploads\/2024\/04\/merite-etudiant-mduhaime-h24-10-150x150.jpg\" class=\"attachment-thumbnail size-thumbnail\" alt=\"\" \/><\/a>\n\t\t\t<\/div><\/figure><figure class='gallery-item'>\n\t\t\t<div class='gallery-icon landscape'>\n\t\t\t\t<a href='https:\/\/www.uqac.ca\/uqactualites\/2024\/04\/18\/celebration-de-lengagement-etudiant-un-diner-de-reconnaissance\/merite-etudiant-mduhaime-h24-09\/'><img loading=\"lazy\" decoding=\"async\" width=\"150\" height=\"150\" src=\"https:\/\/www.uqac.ca\/uqactualites\/wp-content\/uploads\/2024\/04\/merite-etudiant-mduhaime-h24-09-150x150.jpg\" class=\"attachment-thumbnail size-thumbnail\" alt=\"\" \/><\/a>\n\t\t\t<\/div><\/figure><figure class='gallery-item'>\n\t\t\t<div class='gallery-icon landscape'>\n\t\t\t\t<a href='https:\/\/www.uqac.ca\/uqactualites\/2024\/04\/18\/celebration-de-lengagement-etudiant-un-diner-de-reconnaissance\/merite-etudiant-mduhaime-h24-08\/'><img loading=\"lazy\" decoding=\"async\" width=\"150\" height=\"150\" src=\"https:\/\/www.uqac.ca\/uqactualites\/wp-content\/uploads\/2024\/04\/merite-etudiant-mduhaime-h24-08-150x150.jpg\" class=\"attachment-thumbnail size-thumbnail\" alt=\"\" \/><\/a>\n\t\t\t<\/div><\/figure><figure class='gallery-item'>\n\t\t\t<div class='gallery-icon landscape'>\n\t\t\t\t<a href='https:\/\/www.uqac.ca\/uqactualites\/2024\/04\/18\/celebration-de-lengagement-etudiant-un-diner-de-reconnaissance\/merite-etudiant-mduhaime-h24-07\/'><img loading=\"lazy\" decoding=\"async\" width=\"150\" height=\"150\" src=\"https:\/\/www.uqac.ca\/uqactualites\/wp-content\/uploads\/2024\/04\/merite-etudiant-mduhaime-h24-07-150x150.jpg\" class=\"attachment-thumbnail size-thumbnail\" alt=\"\" \/><\/a>\n\t\t\t<\/div><\/figure>\n\t\t<\/div>\n\n<p><em>Des activit\u00e9s de reconnaissance de l&rsquo;engagement \u00e9tudiant similaires sont \u00e9galement pr\u00e9vues sur les campus de Montr\u00e9al (\u00c9cole NAD) et de Sept-\u00celes.<\/em><\/p>\n","protected":false},"excerpt":{"rendered":"<p>Le 17 avril dernier, l&rsquo;UQAC a c\u00e9l\u00e9br\u00e9 l&rsquo;engagement exceptionnel de ses \u00e9tudiantes et \u00e9tudiants lors du D\u00eener de la reconnaissance de l&rsquo;engagement \u00e9tudiant. Organis\u00e9 par les Services aux \u00e9tudiants et anim\u00e9 par Simon Roy-Martel, chroniqueur et interviewer \u00e0 Radio-Canada, cet \u00e9v\u00e9nement avait pour but de mettre en lumi\u00e8re les contributions remarquables des membres de la [&hellip;]<\/p>\n","protected":false},"author":5,"featured_media":46916,"comment_status":"closed","ping_status":"open","sticky":false,"template":"","format":"standard","meta":{"footnotes":""},"categories":[2795,61],"tags":[],"yoast_head":"<!-- This site is optimized with the Yoast SEO plugin v24.2 - https:\/\/yoast.com\/wordpress\/plugins\/seo\/ -->\r\n<title>C\u00e9l\u00e9bration de l&#039;engagement \u00e9tudiant: un d\u00eener de reconnaissance - UQACtualit\u00e9s<\/title>\r\n<meta name=\"description\" content=\"l&#039;UQAC a c\u00e9l\u00e9br\u00e9 l&#039;engagement exceptionnel de ses \u00e9tudiantes et \u00e9tudiants lors du D\u00eener de la reconnaissance de l&#039;engagement \u00e9tudiant.\" \/>\r\n<meta name=\"robots\" content=\"index, follow, max-snippet:-1, max-image-preview:large, max-video-preview:-1\" \/>\r\n<link rel=\"canonical\" href=\"https:\/\/www.uqac.ca\/uqactualites\/2024\/04\/18\/celebration-de-lengagement-etudiant-un-diner-de-reconnaissance\/\" \/>\r\n<meta property=\"og:locale\" content=\"fr_CA\" \/>\r\n<meta property=\"og:type\" content=\"article\" \/>\r\n<meta property=\"og:title\" content=\"C\u00e9l\u00e9bration de l&#039;engagement \u00e9tudiant: un d\u00eener de reconnaissance - UQACtualit\u00e9s\" \/>\r\n<meta property=\"og:description\" content=\"l&#039;UQAC a c\u00e9l\u00e9br\u00e9 l&#039;engagement exceptionnel de ses \u00e9tudiantes et \u00e9tudiants lors du D\u00eener de la reconnaissance de l&#039;engagement \u00e9tudiant.\" \/>\r\n<meta property=\"og:url\" content=\"https:\/\/www.uqac.ca\/uqactualites\/2024\/04\/18\/celebration-de-lengagement-etudiant-un-diner-de-reconnaissance\/\" \/>\r\n<meta property=\"og:site_name\" content=\"UQACtualit\u00e9s\" \/>\r\n<meta property=\"article:published_time\" content=\"2024-04-18T13:04:37+00:00\" \/>\r\n<meta property=\"article:modified_time\" content=\"2024-07-24T14:44:22+00:00\" \/>\r\n<meta property=\"og:image\" content=\"https:\/\/www.uqac.ca\/uqactualites\/wp-content\/uploads\/2024\/04\/merite-etudiant-mduhaime-h24-12-1.jpg\" \/>\r\n\t<meta property=\"og:image:width\" content=\"1920\" \/>\r\n\t<meta property=\"og:image:height\" content=\"1280\" \/>\r\n\t<meta property=\"og:image:type\" content=\"image\/jpeg\" \/>\r\n<meta name=\"author\" content=\"Service des communications et des relations publiques\" \/>\r\n<meta name=\"twitter:card\" content=\"summary_large_image\" \/>\r\n<meta name=\"twitter:label1\" content=\"\u00c9crit par\" \/>\n\t<meta name=\"twitter:data1\" content=\"Service des communications et des relations publiques\" \/>\n\t<meta name=\"twitter:label2\" content=\"Estimation du temps de lecture\" \/>\n\t<meta name=\"twitter:data2\" content=\"2 minutes\" \/>\r\n<script type=\"application\/ld+json\" class=\"yoast-schema-graph\">{\"@context\":\"https:\/\/schema.org\",\"@graph\":[{\"@type\":\"WebPage\",\"@id\":\"https:\/\/www.uqac.ca\/uqactualites\/2024\/04\/18\/celebration-de-lengagement-etudiant-un-diner-de-reconnaissance\/\",\"url\":\"https:\/\/www.uqac.ca\/uqactualites\/2024\/04\/18\/celebration-de-lengagement-etudiant-un-diner-de-reconnaissance\/\",\"name\":\"C\u00e9l\u00e9bration de l'engagement \u00e9tudiant: un d\u00eener de reconnaissance - UQACtualit\u00e9s\",\"isPartOf\":{\"@id\":\"https:\/\/www.uqac.ca\/uqactualites\/#website\"},\"primaryImageOfPage\":{\"@id\":\"https:\/\/www.uqac.ca\/uqactualites\/2024\/04\/18\/celebration-de-lengagement-etudiant-un-diner-de-reconnaissance\/#primaryimage\"},\"image\":{\"@id\":\"https:\/\/www.uqac.ca\/uqactualites\/2024\/04\/18\/celebration-de-lengagement-etudiant-un-diner-de-reconnaissance\/#primaryimage\"},\"thumbnailUrl\":\"https:\/\/www.uqac.ca\/uqactualites\/wp-content\/uploads\/2024\/04\/merite-etudiant-mduhaime-h24-12-1.jpg\",\"datePublished\":\"2024-04-18T13:04:37+00:00\",\"dateModified\":\"2024-07-24T14:44:22+00:00\",\"author\":{\"@id\":\"https:\/\/www.uqac.ca\/uqactualites\/#\/schema\/person\/366c45a0c4f0e677b41b4af5886e2018\"},\"description\":\"l'UQAC a c\u00e9l\u00e9br\u00e9 l'engagement exceptionnel de ses \u00e9tudiantes et \u00e9tudiants lors du D\u00eener de la reconnaissance de l'engagement \u00e9tudiant.\",\"breadcrumb\":{\"@id\":\"https:\/\/www.uqac.ca\/uqactualites\/2024\/04\/18\/celebration-de-lengagement-etudiant-un-diner-de-reconnaissance\/#breadcrumb\"},\"inLanguage\":\"fr-CA\",\"potentialAction\":[{\"@type\":\"ReadAction\",\"target\":[\"https:\/\/www.uqac.ca\/uqactualites\/2024\/04\/18\/celebration-de-lengagement-etudiant-un-diner-de-reconnaissance\/\"]}]},{\"@type\":\"ImageObject\",\"inLanguage\":\"fr-CA\",\"@id\":\"https:\/\/www.uqac.ca\/uqactualites\/2024\/04\/18\/celebration-de-lengagement-etudiant-un-diner-de-reconnaissance\/#primaryimage\",\"url\":\"https:\/\/www.uqac.ca\/uqactualites\/wp-content\/uploads\/2024\/04\/merite-etudiant-mduhaime-h24-12-1.jpg\",\"contentUrl\":\"https:\/\/www.uqac.ca\/uqactualites\/wp-content\/uploads\/2024\/04\/merite-etudiant-mduhaime-h24-12-1.jpg\",\"width\":1920,\"height\":1280,\"caption\":\"Reconnaissance\"},{\"@type\":\"BreadcrumbList\",\"@id\":\"https:\/\/www.uqac.ca\/uqactualites\/2024\/04\/18\/celebration-de-lengagement-etudiant-un-diner-de-reconnaissance\/#breadcrumb\",\"itemListElement\":[{\"@type\":\"ListItem\",\"position\":1,\"name\":\"Home\",\"item\":\"https:\/\/www.uqac.ca\/uqactualites\/\"},{\"@type\":\"ListItem\",\"position\":2,\"name\":\"C\u00e9l\u00e9bration de l&rsquo;engagement \u00e9tudiant: un d\u00eener de reconnaissance\"}]},{\"@type\":\"WebSite\",\"@id\":\"https:\/\/www.uqac.ca\/uqactualites\/#website\",\"url\":\"https:\/\/www.uqac.ca\/uqactualites\/\",\"name\":\"UQACtualit\u00e9s\",\"description\":\"Le portail des nouvelles de l&#039;UQAC\",\"potentialAction\":[{\"@type\":\"SearchAction\",\"target\":{\"@type\":\"EntryPoint\",\"urlTemplate\":\"https:\/\/www.uqac.ca\/uqactualites\/?s={search_term_string}\"},\"query-input\":{\"@type\":\"PropertyValueSpecification\",\"valueRequired\":true,\"valueName\":\"search_term_string\"}}],\"inLanguage\":\"fr-CA\"},{\"@type\":\"Person\",\"@id\":\"https:\/\/www.uqac.ca\/uqactualites\/#\/schema\/person\/366c45a0c4f0e677b41b4af5886e2018\",\"name\":\"Service des communications et des relations publiques\",\"image\":{\"@type\":\"ImageObject\",\"inLanguage\":\"fr-CA\",\"@id\":\"https:\/\/www.uqac.ca\/uqactualites\/#\/schema\/person\/image\/\",\"url\":\"https:\/\/secure.gravatar.com\/avatar\/20fbbda8a292f59f2d3461a5b999c00b?s=96&d=mm&r=g\",\"contentUrl\":\"https:\/\/secure.gravatar.com\/avatar\/20fbbda8a292f59f2d3461a5b999c00b?s=96&d=mm&r=g\",\"caption\":\"Service des communications et des relations publiques\"},\"url\":\"https:\/\/www.uqac.ca\/uqactualites\/author\/bap\/\"}]}<\/script>\r\n<!-- \/ Yoast SEO plugin. -->","yoast_head_json":{"title":"C\u00e9l\u00e9bration de l'engagement \u00e9tudiant: un d\u00eener de reconnaissance - UQACtualit\u00e9s","description":"l'UQAC a c\u00e9l\u00e9br\u00e9 l'engagement exceptionnel de ses \u00e9tudiantes et \u00e9tudiants lors du D\u00eener de la reconnaissance de l'engagement \u00e9tudiant.","robots":{"index":"index","follow":"follow","max-snippet":"max-snippet:-1","max-image-preview":"max-image-preview:large","max-video-preview":"max-video-preview:-1"},"canonical":"https:\/\/www.uqac.ca\/uqactualites\/2024\/04\/18\/celebration-de-lengagement-etudiant-un-diner-de-reconnaissance\/","og_locale":"fr_CA","og_type":"article","og_title":"C\u00e9l\u00e9bration de l'engagement \u00e9tudiant: un d\u00eener de reconnaissance - UQACtualit\u00e9s","og_description":"l'UQAC a c\u00e9l\u00e9br\u00e9 l'engagement exceptionnel de ses \u00e9tudiantes et \u00e9tudiants lors du D\u00eener de la reconnaissance de l'engagement \u00e9tudiant.","og_url":"https:\/\/www.uqac.ca\/uqactualites\/2024\/04\/18\/celebration-de-lengagement-etudiant-un-diner-de-reconnaissance\/","og_site_name":"UQACtualit\u00e9s","article_published_time":"2024-04-18T13:04:37+00:00","article_modified_time":"2024-07-24T14:44:22+00:00","og_image":[{"width":1920,"height":1280,"url":"https:\/\/www.uqac.ca\/uqactualites\/wp-content\/uploads\/2024\/04\/merite-etudiant-mduhaime-h24-12-1.jpg","type":"image\/jpeg"}],"author":"Service des communications et des relations publiques","twitter_card":"summary_large_image","twitter_misc":{"\u00c9crit par":"Service des communications et des relations publiques","Estimation du temps de lecture":"2 minutes"},"schema":{"@context":"https:\/\/schema.org","@graph":[{"@type":"WebPage","@id":"https:\/\/www.uqac.ca\/uqactualites\/2024\/04\/18\/celebration-de-lengagement-etudiant-un-diner-de-reconnaissance\/","url":"https:\/\/www.uqac.ca\/uqactualites\/2024\/04\/18\/celebration-de-lengagement-etudiant-un-diner-de-reconnaissance\/","name":"C\u00e9l\u00e9bration de l'engagement \u00e9tudiant: un d\u00eener de reconnaissance - UQACtualit\u00e9s","isPartOf":{"@id":"https:\/\/www.uqac.ca\/uqactualites\/#website"},"primaryImageOfPage":{"@id":"https:\/\/www.uqac.ca\/uqactualites\/2024\/04\/18\/celebration-de-lengagement-etudiant-un-diner-de-reconnaissance\/#primaryimage"},"image":{"@id":"https:\/\/www.uqac.ca\/uqactualites\/2024\/04\/18\/celebration-de-lengagement-etudiant-un-diner-de-reconnaissance\/#primaryimage"},"thumbnailUrl":"https:\/\/www.uqac.ca\/uqactualites\/wp-content\/uploads\/2024\/04\/merite-etudiant-mduhaime-h24-12-1.jpg","datePublished":"2024-04-18T13:04:37+00:00","dateModified":"2024-07-24T14:44:22+00:00","author":{"@id":"https:\/\/www.uqac.ca\/uqactualites\/#\/schema\/person\/366c45a0c4f0e677b41b4af5886e2018"},"description":"l'UQAC a c\u00e9l\u00e9br\u00e9 l'engagement exceptionnel de ses \u00e9tudiantes et \u00e9tudiants lors du D\u00eener de la reconnaissance de l'engagement \u00e9tudiant.","breadcrumb":{"@id":"https:\/\/www.uqac.ca\/uqactualites\/2024\/04\/18\/celebration-de-lengagement-etudiant-un-diner-de-reconnaissance\/#breadcrumb"},"inLanguage":"fr-CA","potentialAction":[{"@type":"ReadAction","target":["https:\/\/www.uqac.ca\/uqactualites\/2024\/04\/18\/celebration-de-lengagement-etudiant-un-diner-de-reconnaissance\/"]}]},{"@type":"ImageObject","inLanguage":"fr-CA","@id":"https:\/\/www.uqac.ca\/uqactualites\/2024\/04\/18\/celebration-de-lengagement-etudiant-un-diner-de-reconnaissance\/#primaryimage","url":"https:\/\/www.uqac.ca\/uqactualites\/wp-content\/uploads\/2024\/04\/merite-etudiant-mduhaime-h24-12-1.jpg","contentUrl":"https:\/\/www.uqac.ca\/uqactualites\/wp-content\/uploads\/2024\/04\/merite-etudiant-mduhaime-h24-12-1.jpg","width":1920,"height":1280,"caption":"Reconnaissance"},{"@type":"BreadcrumbList","@id":"https:\/\/www.uqac.ca\/uqactualites\/2024\/04\/18\/celebration-de-lengagement-etudiant-un-diner-de-reconnaissance\/#breadcrumb","itemListElement":[{"@type":"ListItem","position":1,"name":"Home","item":"https:\/\/www.uqac.ca\/uqactualites\/"},{"@type":"ListItem","position":2,"name":"C\u00e9l\u00e9bration de l&rsquo;engagement \u00e9tudiant: un d\u00eener de reconnaissance"}]},{"@type":"WebSite","@id":"https:\/\/www.uqac.ca\/uqactualites\/#website","url":"https:\/\/www.uqac.ca\/uqactualites\/","name":"UQACtualit\u00e9s","description":"Le portail des nouvelles de l&#039;UQAC","potentialAction":[{"@type":"SearchAction","target":{"@type":"EntryPoint","urlTemplate":"https:\/\/www.uqac.ca\/uqactualites\/?s={search_term_string}"},"query-input":{"@type":"PropertyValueSpecification","valueRequired":true,"valueName":"search_term_string"}}],"inLanguage":"fr-CA"},{"@type":"Person","@id":"https:\/\/www.uqac.ca\/uqactualites\/#\/schema\/person\/366c45a0c4f0e677b41b4af5886e2018","name":"Service des communications et des relations publiques","image":{"@type":"ImageObject","inLanguage":"fr-CA","@id":"https:\/\/www.uqac.ca\/uqactualites\/#\/schema\/person\/image\/","url":"https:\/\/secure.gravatar.com\/avatar\/20fbbda8a292f59f2d3461a5b999c00b?s=96&d=mm&r=g","contentUrl":"https:\/\/secure.gravatar.com\/avatar\/20fbbda8a292f59f2d3461a5b999c00b?s=96&d=mm&r=g","caption":"Service des communications et des relations publiques"},"url":"https:\/\/www.uqac.ca\/uqactualites\/author\/bap\/"}]}},"_links":{"self":[{"href":"https:\/\/www.uqac.ca\/uqactualites\/wp-json\/wp\/v2\/posts\/46890"}],"collection":[{"href":"https:\/\/www.uqac.ca\/uqactualites\/wp-json\/wp\/v2\/posts"}],"about":[{"href":"https:\/\/www.uqac.ca\/uqactualites\/wp-json\/wp\/v2\/types\/post"}],"author":[{"embeddable":true,"href":"https:\/\/www.uqac.ca\/uqactualites\/wp-json\/wp\/v2\/users\/5"}],"replies":[{"embeddable":true,"href":"https:\/\/www.uqac.ca\/uqactualites\/wp-json\/wp\/v2\/comments?post=46890"}],"version-history":[{"count":7,"href":"https:\/\/www.uqac.ca\/uqactualites\/wp-json\/wp\/v2\/posts\/46890\/revisions"}],"predecessor-version":[{"id":48037,"href":"https:\/\/www.uqac.ca\/uqactualites\/wp-json\/wp\/v2\/posts\/46890\/revisions\/48037"}],"wp:featuredmedia":[{"embeddable":true,"href":"https:\/\/www.uqac.ca\/uqactualites\/wp-json\/wp\/v2\/media\/46916"}],"wp:attachment":[{"href":"https:\/\/www.uqac.ca\/uqactualites\/wp-json\/wp\/v2\/media?parent=46890"}],"wp:term":[{"taxonomy":"category","embeddable":true,"href":"https:\/\/www.uqac.ca\/uqactualites\/wp-json\/wp\/v2\/categories?post=46890"},{"taxonomy":"post_tag","embeddable":true,"href":"https:\/\/www.uqac.ca\/uqactualites\/wp-json\/wp\/v2\/tags?post=46890"}],"curies":[{"name":"wp","href":"https:\/\/api.w.org\/{rel}","templated":true}]}}