{"id":46905,"date":"2024-04-18T08:24:32","date_gmt":"2024-04-18T12:24:32","guid":{"rendered":"https:\/\/www.uqac.ca\/uqactualites\/?p=46905"},"modified":"2024-07-24T10:53:16","modified_gmt":"2024-07-24T14:53:16","slug":"luqac-etablit-un-partenariat-avec-geologie-quebec","status":"publish","type":"post","link":"https:\/\/www.uqac.ca\/uqactualites\/2024\/04\/18\/luqac-etablit-un-partenariat-avec-geologie-quebec\/","title":{"rendered":"L\u2019UQAC \u00e9tablit un partenariat avec G\u00e9ologie Qu\u00e9bec"},"content":{"rendered":"<p>Lors du Forum minier r\u00e9gional 2024 qui avait lieu jeudi dernier \u00e0 l\u2019UQAC, G\u00e9ologie Qu\u00e9bec du minist\u00e8re des Ressources naturelles et des For\u00eats (MRNF) et l\u2019UQAC ont fait l\u2019annonce d\u2019une nouvelle entente ayant pour objectif de d\u00e9velopper l\u2019expertise en m\u00e9tallog\u00e9nie r\u00e9gionale et de favoriser les \u00e9changes entre les chercheuses et chercheurs du <a href=\"https:\/\/cerm.uqac.ca\/\">Centre d\u2019\u00e9tudes sur les ressources min\u00e9rales (CERM)<\/a> de l\u2019UQAC et les sp\u00e9cialistes du MRNF. Ce partenariat vise \u00e9galement la formation d\u2019\u00e9tudiantes et d\u2019\u00e9tudiants dans le domaine des <a href=\"https:\/\/www.uqac.ca\/uqactualites\/?s=g%C3%A9ologie\" target=\"_blank\" rel=\"noopener\">sciences de la Terre<\/a> et par le fait m\u00eame, le recrutement d\u2019une main-d\u2019\u0153uvre qualifi\u00e9e pour le MRNF.<\/p>\n<p>Le projet se concr\u00e9tisera par l\u2019int\u00e9gration d\u2019une \u00e9quipe de 3 \u00e0 5 g\u00e9ologues du MRNF dans les locaux du CERM. Cette pr\u00e9sence du MNRF au sein de notre institution d\u2019enseignement permettra la cr\u00e9ation d\u2019un lien de proximit\u00e9 entre les \u00e9tudiantes et \u00e9tudiants en g\u00e9ologie et en g\u00e9nie g\u00e9ologique et les g\u00e9oscientifiques de G\u00e9ologie Qu\u00e9bec. En effet, ces derniers pourront \u00eatre appel\u00e9s \u00e0 donner des conf\u00e9rences, participer \u00e0 des portions de cours ou m\u00eame \u00eatre responsables de charges de cours.<\/p>\n<p>De plus, leur pr\u00e9sence favorisera l\u2019\u00e9tablissement d\u2019\u00e9quipes multidisciplinaires dans le cadre des activit\u00e9s de recherche du CERM, permettant ainsi l\u2019avancement des connaissances g\u00e9oscientifiques des diff\u00e9rentes r\u00e9gions du Qu\u00e9bec, en particulier leur potentiel pour les min\u00e9raux critiques et strat\u00e9giques.<\/p>\n<p>Par le pass\u00e9, le CERM a jou\u00e9 un r\u00f4le important dans l\u2019accompagnement des projets d\u2019acquisition de connaissances du MRNF, et ceci dans diff\u00e9rents territoires du Qu\u00e9bec que ce soit par le biais des projets de maitrise ou de doctorat. \u00a0Ce nouveau partenariat MRNF-UQAC orient\u00e9 vers la m\u00e9tallog\u00e9nie r\u00e9gionale et l\u2019expertise de terrain pourra g\u00e9n\u00e9rer d\u2019importantes retomb\u00e9es pour les deux organisations et pour le d\u00e9veloppement du secteur min\u00e9ral au Qu\u00e9bec.<\/p>\n","protected":false},"excerpt":{"rendered":"<p>Lors du Forum minier r\u00e9gional 2024 qui avait lieu jeudi dernier \u00e0 l\u2019UQAC, G\u00e9ologie Qu\u00e9bec du minist\u00e8re des Ressources naturelles et des For\u00eats (MRNF) et l\u2019UQAC ont fait l\u2019annonce d\u2019une nouvelle entente ayant pour objectif de d\u00e9velopper l\u2019expertise en m\u00e9tallog\u00e9nie r\u00e9gionale et de favoriser les \u00e9changes entre les chercheuses et chercheurs du Centre d\u2019\u00e9tudes sur [&hellip;]<\/p>\n","protected":false},"author":5,"featured_media":46906,"comment_status":"closed","ping_status":"open","sticky":false,"template":"","format":"standard","meta":{"footnotes":""},"categories":[2795,2854,4],"tags":[46,21,417,2857],"yoast_head":"<!-- This site is optimized with the Yoast SEO plugin v24.2 - https:\/\/yoast.com\/wordpress\/plugins\/seo\/ -->\r\n<title>L\u2019UQAC \u00e9tablit un partenariat avec G\u00e9ologie Qu\u00e9bec - UQACtualit\u00e9s<\/title>\r\n<meta name=\"description\" content=\"Lors du Forum minier r\u00e9gional 2024 , G\u00e9ologie Qu\u00e9bec et l\u2019UQAC ont annonc\u00e9 une nouvelle entente partenariale.\" \/>\r\n<meta name=\"robots\" content=\"index, follow, max-snippet:-1, max-image-preview:large, max-video-preview:-1\" \/>\r\n<link rel=\"canonical\" href=\"https:\/\/www.uqac.ca\/uqactualites\/2024\/04\/18\/luqac-etablit-un-partenariat-avec-geologie-quebec\/\" \/>\r\n<meta property=\"og:locale\" content=\"fr_CA\" \/>\r\n<meta property=\"og:type\" content=\"article\" \/>\r\n<meta property=\"og:title\" content=\"L\u2019UQAC \u00e9tablit un partenariat avec G\u00e9ologie Qu\u00e9bec - UQACtualit\u00e9s\" \/>\r\n<meta property=\"og:description\" content=\"Lors du Forum minier r\u00e9gional 2024 , G\u00e9ologie Qu\u00e9bec et l\u2019UQAC ont annonc\u00e9 une nouvelle entente partenariale.\" \/>\r\n<meta property=\"og:url\" content=\"https:\/\/www.uqac.ca\/uqactualites\/2024\/04\/18\/luqac-etablit-un-partenariat-avec-geologie-quebec\/\" \/>\r\n<meta property=\"og:site_name\" content=\"UQACtualit\u00e9s\" \/>\r\n<meta property=\"article:published_time\" content=\"2024-04-18T12:24:32+00:00\" \/>\r\n<meta property=\"article:modified_time\" content=\"2024-07-24T14:53:16+00:00\" \/>\r\n<meta property=\"og:image\" content=\"https:\/\/www.uqac.ca\/uqactualites\/wp-content\/uploads\/2024\/04\/forum-minier-mduhaime-h24-1.jpg\" \/>\r\n\t<meta property=\"og:image:width\" content=\"1920\" \/>\r\n\t<meta property=\"og:image:height\" content=\"1280\" \/>\r\n\t<meta property=\"og:image:type\" content=\"image\/jpeg\" \/>\r\n<meta name=\"author\" content=\"Service des communications et des relations publiques\" \/>\r\n<meta name=\"twitter:card\" content=\"summary_large_image\" \/>\r\n<meta name=\"twitter:label1\" content=\"\u00c9crit par\" \/>\n\t<meta name=\"twitter:data1\" content=\"Service des communications et des relations publiques\" \/>\n\t<meta name=\"twitter:label2\" content=\"Estimation du temps de lecture\" \/>\n\t<meta name=\"twitter:data2\" content=\"2 minutes\" \/>\r\n<script type=\"application\/ld+json\" class=\"yoast-schema-graph\">{\"@context\":\"https:\/\/schema.org\",\"@graph\":[{\"@type\":\"WebPage\",\"@id\":\"https:\/\/www.uqac.ca\/uqactualites\/2024\/04\/18\/luqac-etablit-un-partenariat-avec-geologie-quebec\/\",\"url\":\"https:\/\/www.uqac.ca\/uqactualites\/2024\/04\/18\/luqac-etablit-un-partenariat-avec-geologie-quebec\/\",\"name\":\"L\u2019UQAC \u00e9tablit un partenariat avec G\u00e9ologie Qu\u00e9bec - UQACtualit\u00e9s\",\"isPartOf\":{\"@id\":\"https:\/\/www.uqac.ca\/uqactualites\/#website\"},\"primaryImageOfPage\":{\"@id\":\"https:\/\/www.uqac.ca\/uqactualites\/2024\/04\/18\/luqac-etablit-un-partenariat-avec-geologie-quebec\/#primaryimage\"},\"image\":{\"@id\":\"https:\/\/www.uqac.ca\/uqactualites\/2024\/04\/18\/luqac-etablit-un-partenariat-avec-geologie-quebec\/#primaryimage\"},\"thumbnailUrl\":\"https:\/\/www.uqac.ca\/uqactualites\/wp-content\/uploads\/2024\/04\/forum-minier-mduhaime-h24-1.jpg\",\"datePublished\":\"2024-04-18T12:24:32+00:00\",\"dateModified\":\"2024-07-24T14:53:16+00:00\",\"author\":{\"@id\":\"https:\/\/www.uqac.ca\/uqactualites\/#\/schema\/person\/366c45a0c4f0e677b41b4af5886e2018\"},\"description\":\"Lors du Forum minier r\u00e9gional 2024 , G\u00e9ologie Qu\u00e9bec et l\u2019UQAC ont annonc\u00e9 une nouvelle entente partenariale.\",\"breadcrumb\":{\"@id\":\"https:\/\/www.uqac.ca\/uqactualites\/2024\/04\/18\/luqac-etablit-un-partenariat-avec-geologie-quebec\/#breadcrumb\"},\"inLanguage\":\"fr-CA\",\"potentialAction\":[{\"@type\":\"ReadAction\",\"target\":[\"https:\/\/www.uqac.ca\/uqactualites\/2024\/04\/18\/luqac-etablit-un-partenariat-avec-geologie-quebec\/\"]}]},{\"@type\":\"ImageObject\",\"inLanguage\":\"fr-CA\",\"@id\":\"https:\/\/www.uqac.ca\/uqactualites\/2024\/04\/18\/luqac-etablit-un-partenariat-avec-geologie-quebec\/#primaryimage\",\"url\":\"https:\/\/www.uqac.ca\/uqactualites\/wp-content\/uploads\/2024\/04\/forum-minier-mduhaime-h24-1.jpg\",\"contentUrl\":\"https:\/\/www.uqac.ca\/uqactualites\/wp-content\/uploads\/2024\/04\/forum-minier-mduhaime-h24-1.jpg\",\"width\":1920,\"height\":1280,\"caption\":\"Sur la photo (De gauche \u00e0 droite): Anne-Marie Beauchamp, ing., M Sc. (G\u00e9ologie Qu\u00e9bec); Mohamed Bouazara, ing. Ph. D., vice-recteur \u00e0 la recherche, \u00e0 la cr\u00e9ation, \u00e0 l\u2019innovation et aux partenariats (UQAC); Antoine Brochu, g\u00e9o. M. Sc. (G\u00e9ologie Qu\u00e9bec); Andrea Amortegui, Ph. D., Directrice (G\u00e9ologie Qu\u00e9bec); Marc Leblanc, M. Sc., Directeur g\u00e9n\u00e9ral (G\u00e9ologie Qu\u00e9bec); H\u00e9l\u00e8ne Legros, Ph. D., m\u00e9tallog\u00e9niste, postdoctorante (UQAC); L.Paul B\u00e9dard, ing. Ph. D., Directeur du CERM (UQAC); Hugo Dub\u00e9-Loubert, g\u00e9o., Ph. D. (G\u00e9ologie Qu\u00e9bec).\"},{\"@type\":\"BreadcrumbList\",\"@id\":\"https:\/\/www.uqac.ca\/uqactualites\/2024\/04\/18\/luqac-etablit-un-partenariat-avec-geologie-quebec\/#breadcrumb\",\"itemListElement\":[{\"@type\":\"ListItem\",\"position\":1,\"name\":\"Home\",\"item\":\"https:\/\/www.uqac.ca\/uqactualites\/\"},{\"@type\":\"ListItem\",\"position\":2,\"name\":\"L\u2019UQAC \u00e9tablit un partenariat avec G\u00e9ologie Qu\u00e9bec\"}]},{\"@type\":\"WebSite\",\"@id\":\"https:\/\/www.uqac.ca\/uqactualites\/#website\",\"url\":\"https:\/\/www.uqac.ca\/uqactualites\/\",\"name\":\"UQACtualit\u00e9s\",\"description\":\"Le portail des nouvelles de l&#039;UQAC\",\"potentialAction\":[{\"@type\":\"SearchAction\",\"target\":{\"@type\":\"EntryPoint\",\"urlTemplate\":\"https:\/\/www.uqac.ca\/uqactualites\/?s={search_term_string}\"},\"query-input\":{\"@type\":\"PropertyValueSpecification\",\"valueRequired\":true,\"valueName\":\"search_term_string\"}}],\"inLanguage\":\"fr-CA\"},{\"@type\":\"Person\",\"@id\":\"https:\/\/www.uqac.ca\/uqactualites\/#\/schema\/person\/366c45a0c4f0e677b41b4af5886e2018\",\"name\":\"Service des communications et des relations publiques\",\"image\":{\"@type\":\"ImageObject\",\"inLanguage\":\"fr-CA\",\"@id\":\"https:\/\/www.uqac.ca\/uqactualites\/#\/schema\/person\/image\/\",\"url\":\"https:\/\/secure.gravatar.com\/avatar\/20fbbda8a292f59f2d3461a5b999c00b?s=96&d=mm&r=g\",\"contentUrl\":\"https:\/\/secure.gravatar.com\/avatar\/20fbbda8a292f59f2d3461a5b999c00b?s=96&d=mm&r=g\",\"caption\":\"Service des communications et des relations publiques\"},\"url\":\"https:\/\/www.uqac.ca\/uqactualites\/author\/bap\/\"}]}<\/script>\r\n<!-- \/ Yoast SEO plugin. -->","yoast_head_json":{"title":"L\u2019UQAC \u00e9tablit un partenariat avec G\u00e9ologie Qu\u00e9bec - UQACtualit\u00e9s","description":"Lors du Forum minier r\u00e9gional 2024 , G\u00e9ologie Qu\u00e9bec et l\u2019UQAC ont annonc\u00e9 une nouvelle entente partenariale.","robots":{"index":"index","follow":"follow","max-snippet":"max-snippet:-1","max-image-preview":"max-image-preview:large","max-video-preview":"max-video-preview:-1"},"canonical":"https:\/\/www.uqac.ca\/uqactualites\/2024\/04\/18\/luqac-etablit-un-partenariat-avec-geologie-quebec\/","og_locale":"fr_CA","og_type":"article","og_title":"L\u2019UQAC \u00e9tablit un partenariat avec G\u00e9ologie Qu\u00e9bec - UQACtualit\u00e9s","og_description":"Lors du Forum minier r\u00e9gional 2024 , G\u00e9ologie Qu\u00e9bec et l\u2019UQAC ont annonc\u00e9 une nouvelle entente partenariale.","og_url":"https:\/\/www.uqac.ca\/uqactualites\/2024\/04\/18\/luqac-etablit-un-partenariat-avec-geologie-quebec\/","og_site_name":"UQACtualit\u00e9s","article_published_time":"2024-04-18T12:24:32+00:00","article_modified_time":"2024-07-24T14:53:16+00:00","og_image":[{"width":1920,"height":1280,"url":"https:\/\/www.uqac.ca\/uqactualites\/wp-content\/uploads\/2024\/04\/forum-minier-mduhaime-h24-1.jpg","type":"image\/jpeg"}],"author":"Service des communications et des relations publiques","twitter_card":"summary_large_image","twitter_misc":{"\u00c9crit par":"Service des communications et des relations publiques","Estimation du temps de lecture":"2 minutes"},"schema":{"@context":"https:\/\/schema.org","@graph":[{"@type":"WebPage","@id":"https:\/\/www.uqac.ca\/uqactualites\/2024\/04\/18\/luqac-etablit-un-partenariat-avec-geologie-quebec\/","url":"https:\/\/www.uqac.ca\/uqactualites\/2024\/04\/18\/luqac-etablit-un-partenariat-avec-geologie-quebec\/","name":"L\u2019UQAC \u00e9tablit un partenariat avec G\u00e9ologie Qu\u00e9bec - UQACtualit\u00e9s","isPartOf":{"@id":"https:\/\/www.uqac.ca\/uqactualites\/#website"},"primaryImageOfPage":{"@id":"https:\/\/www.uqac.ca\/uqactualites\/2024\/04\/18\/luqac-etablit-un-partenariat-avec-geologie-quebec\/#primaryimage"},"image":{"@id":"https:\/\/www.uqac.ca\/uqactualites\/2024\/04\/18\/luqac-etablit-un-partenariat-avec-geologie-quebec\/#primaryimage"},"thumbnailUrl":"https:\/\/www.uqac.ca\/uqactualites\/wp-content\/uploads\/2024\/04\/forum-minier-mduhaime-h24-1.jpg","datePublished":"2024-04-18T12:24:32+00:00","dateModified":"2024-07-24T14:53:16+00:00","author":{"@id":"https:\/\/www.uqac.ca\/uqactualites\/#\/schema\/person\/366c45a0c4f0e677b41b4af5886e2018"},"description":"Lors du Forum minier r\u00e9gional 2024 , G\u00e9ologie Qu\u00e9bec et l\u2019UQAC ont annonc\u00e9 une nouvelle entente partenariale.","breadcrumb":{"@id":"https:\/\/www.uqac.ca\/uqactualites\/2024\/04\/18\/luqac-etablit-un-partenariat-avec-geologie-quebec\/#breadcrumb"},"inLanguage":"fr-CA","potentialAction":[{"@type":"ReadAction","target":["https:\/\/www.uqac.ca\/uqactualites\/2024\/04\/18\/luqac-etablit-un-partenariat-avec-geologie-quebec\/"]}]},{"@type":"ImageObject","inLanguage":"fr-CA","@id":"https:\/\/www.uqac.ca\/uqactualites\/2024\/04\/18\/luqac-etablit-un-partenariat-avec-geologie-quebec\/#primaryimage","url":"https:\/\/www.uqac.ca\/uqactualites\/wp-content\/uploads\/2024\/04\/forum-minier-mduhaime-h24-1.jpg","contentUrl":"https:\/\/www.uqac.ca\/uqactualites\/wp-content\/uploads\/2024\/04\/forum-minier-mduhaime-h24-1.jpg","width":1920,"height":1280,"caption":"Sur la photo (De gauche \u00e0 droite): Anne-Marie Beauchamp, ing., M Sc. (G\u00e9ologie Qu\u00e9bec); Mohamed Bouazara, ing. Ph. D., vice-recteur \u00e0 la recherche, \u00e0 la cr\u00e9ation, \u00e0 l\u2019innovation et aux partenariats (UQAC); Antoine Brochu, g\u00e9o. M. Sc. (G\u00e9ologie Qu\u00e9bec); Andrea Amortegui, Ph. D., Directrice (G\u00e9ologie Qu\u00e9bec); Marc Leblanc, M. Sc., Directeur g\u00e9n\u00e9ral (G\u00e9ologie Qu\u00e9bec); H\u00e9l\u00e8ne Legros, Ph. D., m\u00e9tallog\u00e9niste, postdoctorante (UQAC); L.Paul B\u00e9dard, ing. Ph. D., Directeur du CERM (UQAC); Hugo Dub\u00e9-Loubert, g\u00e9o., Ph. D. (G\u00e9ologie Qu\u00e9bec)."},{"@type":"BreadcrumbList","@id":"https:\/\/www.uqac.ca\/uqactualites\/2024\/04\/18\/luqac-etablit-un-partenariat-avec-geologie-quebec\/#breadcrumb","itemListElement":[{"@type":"ListItem","position":1,"name":"Home","item":"https:\/\/www.uqac.ca\/uqactualites\/"},{"@type":"ListItem","position":2,"name":"L\u2019UQAC \u00e9tablit un partenariat avec G\u00e9ologie Qu\u00e9bec"}]},{"@type":"WebSite","@id":"https:\/\/www.uqac.ca\/uqactualites\/#website","url":"https:\/\/www.uqac.ca\/uqactualites\/","name":"UQACtualit\u00e9s","description":"Le portail des nouvelles de l&#039;UQAC","potentialAction":[{"@type":"SearchAction","target":{"@type":"EntryPoint","urlTemplate":"https:\/\/www.uqac.ca\/uqactualites\/?s={search_term_string}"},"query-input":{"@type":"PropertyValueSpecification","valueRequired":true,"valueName":"search_term_string"}}],"inLanguage":"fr-CA"},{"@type":"Person","@id":"https:\/\/www.uqac.ca\/uqactualites\/#\/schema\/person\/366c45a0c4f0e677b41b4af5886e2018","name":"Service des communications et des relations publiques","image":{"@type":"ImageObject","inLanguage":"fr-CA","@id":"https:\/\/www.uqac.ca\/uqactualites\/#\/schema\/person\/image\/","url":"https:\/\/secure.gravatar.com\/avatar\/20fbbda8a292f59f2d3461a5b999c00b?s=96&d=mm&r=g","contentUrl":"https:\/\/secure.gravatar.com\/avatar\/20fbbda8a292f59f2d3461a5b999c00b?s=96&d=mm&r=g","caption":"Service des communications et des relations publiques"},"url":"https:\/\/www.uqac.ca\/uqactualites\/author\/bap\/"}]}},"_links":{"self":[{"href":"https:\/\/www.uqac.ca\/uqactualites\/wp-json\/wp\/v2\/posts\/46905"}],"collection":[{"href":"https:\/\/www.uqac.ca\/uqactualites\/wp-json\/wp\/v2\/posts"}],"about":[{"href":"https:\/\/www.uqac.ca\/uqactualites\/wp-json\/wp\/v2\/types\/post"}],"author":[{"embeddable":true,"href":"https:\/\/www.uqac.ca\/uqactualites\/wp-json\/wp\/v2\/users\/5"}],"replies":[{"embeddable":true,"href":"https:\/\/www.uqac.ca\/uqactualites\/wp-json\/wp\/v2\/comments?post=46905"}],"version-history":[{"count":3,"href":"https:\/\/www.uqac.ca\/uqactualites\/wp-json\/wp\/v2\/posts\/46905\/revisions"}],"predecessor-version":[{"id":48039,"href":"https:\/\/www.uqac.ca\/uqactualites\/wp-json\/wp\/v2\/posts\/46905\/revisions\/48039"}],"wp:featuredmedia":[{"embeddable":true,"href":"https:\/\/www.uqac.ca\/uqactualites\/wp-json\/wp\/v2\/media\/46906"}],"wp:attachment":[{"href":"https:\/\/www.uqac.ca\/uqactualites\/wp-json\/wp\/v2\/media?parent=46905"}],"wp:term":[{"taxonomy":"category","embeddable":true,"href":"https:\/\/www.uqac.ca\/uqactualites\/wp-json\/wp\/v2\/categories?post=46905"},{"taxonomy":"post_tag","embeddable":true,"href":"https:\/\/www.uqac.ca\/uqactualites\/wp-json\/wp\/v2\/tags?post=46905"}],"curies":[{"name":"wp","href":"https:\/\/api.w.org\/{rel}","templated":true}]}}