{"id":47163,"date":"2024-05-09T15:20:03","date_gmt":"2024-05-09T19:20:03","guid":{"rendered":"https:\/\/www.uqac.ca\/uqactualites\/?p=47163"},"modified":"2025-08-05T15:36:22","modified_gmt":"2025-08-05T19:36:22","slug":"21-etudiantes-et-etudiants-senvolent-vers-le-senegal-pour-un-stage-de-cooperation-internationale","status":"publish","type":"post","link":"https:\/\/www.uqac.ca\/uqactualites\/2024\/05\/09\/21-etudiantes-et-etudiants-senvolent-vers-le-senegal-pour-un-stage-de-cooperation-internationale\/","title":{"rendered":"21 \u00e9tudiantes et \u00e9tudiants s\u2019envolent vers le S\u00e9n\u00e9gal pour un stage de coop\u00e9ration internationale"},"content":{"rendered":"<p>Le 20 mai prochain, 21 \u00e9tudiantes et \u00e9tudiants stagiaires issus de divers programmes de l\u2019UQAC quitteront le Saguenay en direction de Dakar au S\u00e9n\u00e9gal. Ce projet de stage \u00e0 l\u2019\u00e9tranger s\u2019inscrit dans le cadre du cours de 3 cr\u00e9dits <a href=\"https:\/\/programmes.uqac.ca\/4cop333\" target=\"_blank\" rel=\"noopener\">4COP333 Stage en coop\u00e9ration internationale<\/a> offert par l\u2019<a href=\"https:\/\/programmes.uqac.ca\/cycles-superieurs\/regroupements\/4-77\" target=\"_blank\" rel=\"noopener\">Unit\u00e9 d\u2019enseignement en sciences des soci\u00e9t\u00e9s et des territoires (UESST)<\/a>.<\/p>\n<p>Apr\u00e8s trois journ\u00e9es d\u2019acclimatation et de rencontres \u00e0 la D\u00e9l\u00e9gation g\u00e9n\u00e9rale du Qu\u00e9bec \u00e0 Dakar, \u00e0 l\u2019Ambassade du Canada au S\u00e9n\u00e9gal et \u00e0 l\u2019Universit\u00e9 de Dakar, les stagiaires se dirigeront vers le village de Dionewar, dans les \u00eeles du Saloum, en compagnie de la professeure et responsable de stage <a href=\"https:\/\/www.uqac.ca\/portfolio\/mariefall\/\" target=\"_blank\" rel=\"noopener\">Marie Fall<\/a> ainsi que de l\u2019\u00e9tudiant responsable de la logistique Jo\u00ebl Bergeron. Les membres de la d\u00e9l\u00e9gation \u00e9tudiante pourront d\u00e8s lors amorcer le mandat de stage qui leur a \u00e9t\u00e9 sp\u00e9cifiquement assign\u00e9 selon leur domaine d\u2019\u00e9tudes (travail social, g\u00e9ographie, sciences de la r\u00e9adaptation\/physioth\u00e9rapie, \u00e9ducation et psychologie) et les aspects de leur discipline qui les int\u00e9resse plus particuli\u00e8rement.<\/p>\n<p>Apr\u00e8s cinq semaines de recherches et d\u2019intervention, les stagiaires participeront \u00e0 un s\u00e9minaire \u00e0 la deuxi\u00e8me universit\u00e9 du S\u00e9n\u00e9gal \u00e0 Saint-Louis (Universit\u00e9 Gaston Berger de Saint-Louis). Cette visite leur permettra de partager une s\u00e9ance de cours avec des \u00e9tudiantes et \u00e9tudiants s\u00e9n\u00e9galais. Au cours des semaines qui pr\u00e9c\u00e9deront leur retour le 28 juin prochain, les stagiaires auront aussi l\u2019occasion de visiter des monuments et sites historiques inscrits au patrimoine mondial de l\u2019Humanit\u00e9.<\/p>\n<p>En soutien \u00e0 la concr\u00e9tisation de ce projet de stage, les \u00e9tudiantes et \u00e9tudiants ont b\u00e9n\u00e9fici\u00e9 de bourses du <a href=\"https:\/\/international.uqac.ca\/\" target=\"_blank\" rel=\"noopener\">Bureau de l\u2019international de l\u2019UQAC<\/a> \u00e0 hauteur de 31 500 $ et des <a href=\"https:\/\/www.lojiq.org\/\" target=\"_blank\" rel=\"noopener\">Offices jeunesse Qu\u00e9bec<\/a> \u00e0 hauteur de 26 250 $. Le <a href=\"https:\/\/www.centresolidarite.ca\/\" target=\"_blank\" rel=\"noopener\">Centre de solidarit\u00e9 internationale du Saguenay-Lac-Saint-Jean<\/a> est \u00e9galement impliqu\u00e9 \u00e0 titre de partenaire des stages.<\/p>\n<p>Du plus, <strong>une <a href=\"https:\/\/fuqac.ca\/stage-en-cooperation-internationale\/\" target=\"_blank\" rel=\"noopener\">campagne de financement participatif de la FUQAC<\/a> d\u00e9di\u00e9e au projet est un cours jusqu\u2019au 20 mai prochain<\/strong>. Tous les dons amass\u00e9s seront remis directement aux \u00e9tudiantes et \u00e9tudiants afin de les aider dans la r\u00e9alisation de leur mandat.<\/p>\n<p>&nbsp;<\/p>\n","protected":false},"excerpt":{"rendered":"<p>Le 20 mai prochain, 21 \u00e9tudiantes et \u00e9tudiants stagiaires issus de divers programmes de l\u2019UQAC quitteront le Saguenay en direction de Dakar au S\u00e9n\u00e9gal. Ce projet de stage \u00e0 l\u2019\u00e9tranger s\u2019inscrit dans le cadre du cours de 3 cr\u00e9dits 4COP333 Stage en coop\u00e9ration internationale offert par l\u2019Unit\u00e9 d\u2019enseignement en sciences des soci\u00e9t\u00e9s et des territoires [&hellip;]<\/p>\n","protected":false},"author":5,"featured_media":47165,"comment_status":"closed","ping_status":"open","sticky":false,"template":"","format":"standard","meta":{"footnotes":""},"categories":[2795,2854],"tags":[51,52,2814,5,22,23,2895,50],"yoast_head":"<!-- This site is optimized with the Yoast SEO plugin v24.2 - https:\/\/yoast.com\/wordpress\/plugins\/seo\/ -->\r\n<title>21 \u00e9tudiantes et \u00e9tudiants s\u2019envolent vers le S\u00e9n\u00e9gal pour un stage de coop\u00e9ration internationale - UQACtualit\u00e9s<\/title>\r\n<meta name=\"description\" content=\"21 \u00e9tudiant(e)s stagiaires de divers programmes quitteront le Saguenay pour un stage de coop\u00e9ration internationale au S\u00e9n\u00e9gal .\" \/>\r\n<meta name=\"robots\" content=\"index, follow, max-snippet:-1, max-image-preview:large, max-video-preview:-1\" \/>\r\n<link rel=\"canonical\" href=\"https:\/\/www.uqac.ca\/uqactualites\/2024\/05\/09\/21-etudiantes-et-etudiants-senvolent-vers-le-senegal-pour-un-stage-de-cooperation-internationale\/\" \/>\r\n<meta property=\"og:locale\" content=\"fr_CA\" \/>\r\n<meta property=\"og:type\" content=\"article\" \/>\r\n<meta property=\"og:title\" content=\"21 \u00e9tudiantes et \u00e9tudiants s\u2019envolent vers le S\u00e9n\u00e9gal pour un stage de coop\u00e9ration internationale - UQACtualit\u00e9s\" \/>\r\n<meta property=\"og:description\" content=\"21 \u00e9tudiant(e)s stagiaires de divers programmes quitteront le Saguenay pour un stage de coop\u00e9ration internationale au S\u00e9n\u00e9gal .\" \/>\r\n<meta property=\"og:url\" content=\"https:\/\/www.uqac.ca\/uqactualites\/2024\/05\/09\/21-etudiantes-et-etudiants-senvolent-vers-le-senegal-pour-un-stage-de-cooperation-internationale\/\" \/>\r\n<meta property=\"og:site_name\" content=\"UQACtualit\u00e9s\" \/>\r\n<meta property=\"article:published_time\" content=\"2024-05-09T19:20:03+00:00\" \/>\r\n<meta property=\"article:modified_time\" content=\"2025-08-05T19:36:22+00:00\" \/>\r\n<meta property=\"og:image\" content=\"https:\/\/www.uqac.ca\/uqactualites\/wp-content\/uploads\/2024\/05\/Stagiaires-Senegal-2024-002.jpg\" \/>\r\n\t<meta property=\"og:image:width\" content=\"2048\" \/>\r\n\t<meta property=\"og:image:height\" content=\"1152\" \/>\r\n\t<meta property=\"og:image:type\" content=\"image\/jpeg\" \/>\r\n<meta name=\"author\" content=\"Service des communications et des relations publiques\" \/>\r\n<meta name=\"twitter:card\" content=\"summary_large_image\" \/>\r\n<meta name=\"twitter:label1\" content=\"\u00c9crit par\" \/>\n\t<meta name=\"twitter:data1\" content=\"Service des communications et des relations publiques\" \/>\n\t<meta name=\"twitter:label2\" content=\"Estimation du temps de lecture\" \/>\n\t<meta name=\"twitter:data2\" content=\"2 minutes\" \/>\r\n<script type=\"application\/ld+json\" class=\"yoast-schema-graph\">{\"@context\":\"https:\/\/schema.org\",\"@graph\":[{\"@type\":\"WebPage\",\"@id\":\"https:\/\/www.uqac.ca\/uqactualites\/2024\/05\/09\/21-etudiantes-et-etudiants-senvolent-vers-le-senegal-pour-un-stage-de-cooperation-internationale\/\",\"url\":\"https:\/\/www.uqac.ca\/uqactualites\/2024\/05\/09\/21-etudiantes-et-etudiants-senvolent-vers-le-senegal-pour-un-stage-de-cooperation-internationale\/\",\"name\":\"21 \u00e9tudiantes et \u00e9tudiants s\u2019envolent vers le S\u00e9n\u00e9gal pour un stage de coop\u00e9ration internationale - UQACtualit\u00e9s\",\"isPartOf\":{\"@id\":\"https:\/\/www.uqac.ca\/uqactualites\/#website\"},\"primaryImageOfPage\":{\"@id\":\"https:\/\/www.uqac.ca\/uqactualites\/2024\/05\/09\/21-etudiantes-et-etudiants-senvolent-vers-le-senegal-pour-un-stage-de-cooperation-internationale\/#primaryimage\"},\"image\":{\"@id\":\"https:\/\/www.uqac.ca\/uqactualites\/2024\/05\/09\/21-etudiantes-et-etudiants-senvolent-vers-le-senegal-pour-un-stage-de-cooperation-internationale\/#primaryimage\"},\"thumbnailUrl\":\"https:\/\/www.uqac.ca\/uqactualites\/wp-content\/uploads\/2024\/05\/Stagiaires-Senegal-2024-002.jpg\",\"datePublished\":\"2024-05-09T19:20:03+00:00\",\"dateModified\":\"2025-08-05T19:36:22+00:00\",\"author\":{\"@id\":\"https:\/\/www.uqac.ca\/uqactualites\/#\/schema\/person\/366c45a0c4f0e677b41b4af5886e2018\"},\"description\":\"21 \u00e9tudiant(e)s stagiaires de divers programmes quitteront le Saguenay pour un stage de coop\u00e9ration internationale au S\u00e9n\u00e9gal .\",\"breadcrumb\":{\"@id\":\"https:\/\/www.uqac.ca\/uqactualites\/2024\/05\/09\/21-etudiantes-et-etudiants-senvolent-vers-le-senegal-pour-un-stage-de-cooperation-internationale\/#breadcrumb\"},\"inLanguage\":\"fr-CA\",\"potentialAction\":[{\"@type\":\"ReadAction\",\"target\":[\"https:\/\/www.uqac.ca\/uqactualites\/2024\/05\/09\/21-etudiantes-et-etudiants-senvolent-vers-le-senegal-pour-un-stage-de-cooperation-internationale\/\"]}]},{\"@type\":\"ImageObject\",\"inLanguage\":\"fr-CA\",\"@id\":\"https:\/\/www.uqac.ca\/uqactualites\/2024\/05\/09\/21-etudiantes-et-etudiants-senvolent-vers-le-senegal-pour-un-stage-de-cooperation-internationale\/#primaryimage\",\"url\":\"https:\/\/www.uqac.ca\/uqactualites\/wp-content\/uploads\/2024\/05\/Stagiaires-Senegal-2024-002.jpg\",\"contentUrl\":\"https:\/\/www.uqac.ca\/uqactualites\/wp-content\/uploads\/2024\/05\/Stagiaires-Senegal-2024-002.jpg\",\"width\":2048,\"height\":1152,\"caption\":\"Stage de coop\u00e9ration internationale au S\u00e9n\u00e9gal\"},{\"@type\":\"BreadcrumbList\",\"@id\":\"https:\/\/www.uqac.ca\/uqactualites\/2024\/05\/09\/21-etudiantes-et-etudiants-senvolent-vers-le-senegal-pour-un-stage-de-cooperation-internationale\/#breadcrumb\",\"itemListElement\":[{\"@type\":\"ListItem\",\"position\":1,\"name\":\"Home\",\"item\":\"https:\/\/www.uqac.ca\/uqactualites\/\"},{\"@type\":\"ListItem\",\"position\":2,\"name\":\"21 \u00e9tudiantes et \u00e9tudiants s\u2019envolent vers le S\u00e9n\u00e9gal pour un stage de coop\u00e9ration internationale\"}]},{\"@type\":\"WebSite\",\"@id\":\"https:\/\/www.uqac.ca\/uqactualites\/#website\",\"url\":\"https:\/\/www.uqac.ca\/uqactualites\/\",\"name\":\"UQACtualit\u00e9s\",\"description\":\"Le portail des nouvelles de l&#039;UQAC\",\"potentialAction\":[{\"@type\":\"SearchAction\",\"target\":{\"@type\":\"EntryPoint\",\"urlTemplate\":\"https:\/\/www.uqac.ca\/uqactualites\/?s={search_term_string}\"},\"query-input\":{\"@type\":\"PropertyValueSpecification\",\"valueRequired\":true,\"valueName\":\"search_term_string\"}}],\"inLanguage\":\"fr-CA\"},{\"@type\":\"Person\",\"@id\":\"https:\/\/www.uqac.ca\/uqactualites\/#\/schema\/person\/366c45a0c4f0e677b41b4af5886e2018\",\"name\":\"Service des communications et des relations publiques\",\"image\":{\"@type\":\"ImageObject\",\"inLanguage\":\"fr-CA\",\"@id\":\"https:\/\/www.uqac.ca\/uqactualites\/#\/schema\/person\/image\/\",\"url\":\"https:\/\/secure.gravatar.com\/avatar\/20fbbda8a292f59f2d3461a5b999c00b?s=96&d=mm&r=g\",\"contentUrl\":\"https:\/\/secure.gravatar.com\/avatar\/20fbbda8a292f59f2d3461a5b999c00b?s=96&d=mm&r=g\",\"caption\":\"Service des communications et des relations publiques\"},\"url\":\"https:\/\/www.uqac.ca\/uqactualites\/author\/bap\/\"}]}<\/script>\r\n<!-- \/ Yoast SEO plugin. -->","yoast_head_json":{"title":"21 \u00e9tudiantes et \u00e9tudiants s\u2019envolent vers le S\u00e9n\u00e9gal pour un stage de coop\u00e9ration internationale - UQACtualit\u00e9s","description":"21 \u00e9tudiant(e)s stagiaires de divers programmes quitteront le Saguenay pour un stage de coop\u00e9ration internationale au S\u00e9n\u00e9gal .","robots":{"index":"index","follow":"follow","max-snippet":"max-snippet:-1","max-image-preview":"max-image-preview:large","max-video-preview":"max-video-preview:-1"},"canonical":"https:\/\/www.uqac.ca\/uqactualites\/2024\/05\/09\/21-etudiantes-et-etudiants-senvolent-vers-le-senegal-pour-un-stage-de-cooperation-internationale\/","og_locale":"fr_CA","og_type":"article","og_title":"21 \u00e9tudiantes et \u00e9tudiants s\u2019envolent vers le S\u00e9n\u00e9gal pour un stage de coop\u00e9ration internationale - UQACtualit\u00e9s","og_description":"21 \u00e9tudiant(e)s stagiaires de divers programmes quitteront le Saguenay pour un stage de coop\u00e9ration internationale au S\u00e9n\u00e9gal .","og_url":"https:\/\/www.uqac.ca\/uqactualites\/2024\/05\/09\/21-etudiantes-et-etudiants-senvolent-vers-le-senegal-pour-un-stage-de-cooperation-internationale\/","og_site_name":"UQACtualit\u00e9s","article_published_time":"2024-05-09T19:20:03+00:00","article_modified_time":"2025-08-05T19:36:22+00:00","og_image":[{"width":2048,"height":1152,"url":"https:\/\/www.uqac.ca\/uqactualites\/wp-content\/uploads\/2024\/05\/Stagiaires-Senegal-2024-002.jpg","type":"image\/jpeg"}],"author":"Service des communications et des relations publiques","twitter_card":"summary_large_image","twitter_misc":{"\u00c9crit par":"Service des communications et des relations publiques","Estimation du temps de lecture":"2 minutes"},"schema":{"@context":"https:\/\/schema.org","@graph":[{"@type":"WebPage","@id":"https:\/\/www.uqac.ca\/uqactualites\/2024\/05\/09\/21-etudiantes-et-etudiants-senvolent-vers-le-senegal-pour-un-stage-de-cooperation-internationale\/","url":"https:\/\/www.uqac.ca\/uqactualites\/2024\/05\/09\/21-etudiantes-et-etudiants-senvolent-vers-le-senegal-pour-un-stage-de-cooperation-internationale\/","name":"21 \u00e9tudiantes et \u00e9tudiants s\u2019envolent vers le S\u00e9n\u00e9gal pour un stage de coop\u00e9ration internationale - UQACtualit\u00e9s","isPartOf":{"@id":"https:\/\/www.uqac.ca\/uqactualites\/#website"},"primaryImageOfPage":{"@id":"https:\/\/www.uqac.ca\/uqactualites\/2024\/05\/09\/21-etudiantes-et-etudiants-senvolent-vers-le-senegal-pour-un-stage-de-cooperation-internationale\/#primaryimage"},"image":{"@id":"https:\/\/www.uqac.ca\/uqactualites\/2024\/05\/09\/21-etudiantes-et-etudiants-senvolent-vers-le-senegal-pour-un-stage-de-cooperation-internationale\/#primaryimage"},"thumbnailUrl":"https:\/\/www.uqac.ca\/uqactualites\/wp-content\/uploads\/2024\/05\/Stagiaires-Senegal-2024-002.jpg","datePublished":"2024-05-09T19:20:03+00:00","dateModified":"2025-08-05T19:36:22+00:00","author":{"@id":"https:\/\/www.uqac.ca\/uqactualites\/#\/schema\/person\/366c45a0c4f0e677b41b4af5886e2018"},"description":"21 \u00e9tudiant(e)s stagiaires de divers programmes quitteront le Saguenay pour un stage de coop\u00e9ration internationale au S\u00e9n\u00e9gal .","breadcrumb":{"@id":"https:\/\/www.uqac.ca\/uqactualites\/2024\/05\/09\/21-etudiantes-et-etudiants-senvolent-vers-le-senegal-pour-un-stage-de-cooperation-internationale\/#breadcrumb"},"inLanguage":"fr-CA","potentialAction":[{"@type":"ReadAction","target":["https:\/\/www.uqac.ca\/uqactualites\/2024\/05\/09\/21-etudiantes-et-etudiants-senvolent-vers-le-senegal-pour-un-stage-de-cooperation-internationale\/"]}]},{"@type":"ImageObject","inLanguage":"fr-CA","@id":"https:\/\/www.uqac.ca\/uqactualites\/2024\/05\/09\/21-etudiantes-et-etudiants-senvolent-vers-le-senegal-pour-un-stage-de-cooperation-internationale\/#primaryimage","url":"https:\/\/www.uqac.ca\/uqactualites\/wp-content\/uploads\/2024\/05\/Stagiaires-Senegal-2024-002.jpg","contentUrl":"https:\/\/www.uqac.ca\/uqactualites\/wp-content\/uploads\/2024\/05\/Stagiaires-Senegal-2024-002.jpg","width":2048,"height":1152,"caption":"Stage de coop\u00e9ration internationale au S\u00e9n\u00e9gal"},{"@type":"BreadcrumbList","@id":"https:\/\/www.uqac.ca\/uqactualites\/2024\/05\/09\/21-etudiantes-et-etudiants-senvolent-vers-le-senegal-pour-un-stage-de-cooperation-internationale\/#breadcrumb","itemListElement":[{"@type":"ListItem","position":1,"name":"Home","item":"https:\/\/www.uqac.ca\/uqactualites\/"},{"@type":"ListItem","position":2,"name":"21 \u00e9tudiantes et \u00e9tudiants s\u2019envolent vers le S\u00e9n\u00e9gal pour un stage de coop\u00e9ration internationale"}]},{"@type":"WebSite","@id":"https:\/\/www.uqac.ca\/uqactualites\/#website","url":"https:\/\/www.uqac.ca\/uqactualites\/","name":"UQACtualit\u00e9s","description":"Le portail des nouvelles de l&#039;UQAC","potentialAction":[{"@type":"SearchAction","target":{"@type":"EntryPoint","urlTemplate":"https:\/\/www.uqac.ca\/uqactualites\/?s={search_term_string}"},"query-input":{"@type":"PropertyValueSpecification","valueRequired":true,"valueName":"search_term_string"}}],"inLanguage":"fr-CA"},{"@type":"Person","@id":"https:\/\/www.uqac.ca\/uqactualites\/#\/schema\/person\/366c45a0c4f0e677b41b4af5886e2018","name":"Service des communications et des relations publiques","image":{"@type":"ImageObject","inLanguage":"fr-CA","@id":"https:\/\/www.uqac.ca\/uqactualites\/#\/schema\/person\/image\/","url":"https:\/\/secure.gravatar.com\/avatar\/20fbbda8a292f59f2d3461a5b999c00b?s=96&d=mm&r=g","contentUrl":"https:\/\/secure.gravatar.com\/avatar\/20fbbda8a292f59f2d3461a5b999c00b?s=96&d=mm&r=g","caption":"Service des communications et des relations publiques"},"url":"https:\/\/www.uqac.ca\/uqactualites\/author\/bap\/"}]}},"_links":{"self":[{"href":"https:\/\/www.uqac.ca\/uqactualites\/wp-json\/wp\/v2\/posts\/47163"}],"collection":[{"href":"https:\/\/www.uqac.ca\/uqactualites\/wp-json\/wp\/v2\/posts"}],"about":[{"href":"https:\/\/www.uqac.ca\/uqactualites\/wp-json\/wp\/v2\/types\/post"}],"author":[{"embeddable":true,"href":"https:\/\/www.uqac.ca\/uqactualites\/wp-json\/wp\/v2\/users\/5"}],"replies":[{"embeddable":true,"href":"https:\/\/www.uqac.ca\/uqactualites\/wp-json\/wp\/v2\/comments?post=47163"}],"version-history":[{"count":4,"href":"https:\/\/www.uqac.ca\/uqactualites\/wp-json\/wp\/v2\/posts\/47163\/revisions"}],"predecessor-version":[{"id":47168,"href":"https:\/\/www.uqac.ca\/uqactualites\/wp-json\/wp\/v2\/posts\/47163\/revisions\/47168"}],"wp:featuredmedia":[{"embeddable":true,"href":"https:\/\/www.uqac.ca\/uqactualites\/wp-json\/wp\/v2\/media\/47165"}],"wp:attachment":[{"href":"https:\/\/www.uqac.ca\/uqactualites\/wp-json\/wp\/v2\/media?parent=47163"}],"wp:term":[{"taxonomy":"category","embeddable":true,"href":"https:\/\/www.uqac.ca\/uqactualites\/wp-json\/wp\/v2\/categories?post=47163"},{"taxonomy":"post_tag","embeddable":true,"href":"https:\/\/www.uqac.ca\/uqactualites\/wp-json\/wp\/v2\/tags?post=47163"}],"curies":[{"name":"wp","href":"https:\/\/api.w.org\/{rel}","templated":true}]}}