{"id":47271,"date":"2024-05-16T08:08:37","date_gmt":"2024-05-16T12:08:37","guid":{"rendered":"https:\/\/www.uqac.ca\/uqactualites\/?p=47271"},"modified":"2024-07-23T13:06:52","modified_gmt":"2024-07-23T17:06:52","slug":"inauguration-du-centre-de-transformation-et-de-valorisation-de-bioproduits-ctvb","status":"publish","type":"post","link":"https:\/\/www.uqac.ca\/uqactualites\/2024\/05\/16\/inauguration-du-centre-de-transformation-et-de-valorisation-de-bioproduits-ctvb\/","title":{"rendered":"Inauguration du Centre de transformation et de valorisation de bioproduits (CTVB)"},"content":{"rendered":"<p>C\u2019est en pr\u00e9sence de la ministre du Revenu national, l\u2019honorable Marie-Claude Bibeau, que le Centre d\u2019entrepreneuriat et d\u2019essaimage de l\u2019Universit\u00e9 du Qu\u00e9bec \u00e0 Chicoutimi (CEE-UQAC) a inaugur\u00e9 officiellement le Centre de transformation et de valorisation de bioproduits (CTVB).<\/p>\n<p>Situ\u00e9 sur le campus de l&rsquo;Universit\u00e9 du Qu\u00e9bec \u00e0 Chicoutimi, le CTVB est un centre de transfert technologique de pointe d\u00e9di\u00e9 au d\u00e9veloppement et \u00e0 la caract\u00e9risation des produits \u00e0 base de v\u00e9g\u00e9taux. Le Centre offre aux entreprises un acc\u00e8s privil\u00e9gi\u00e9 \u00e0 un parc technologique de haute qualit\u00e9 comprenant des plateaux techniques sp\u00e9cialis\u00e9s en microbiologie et en chimie. L\u2019acquisition de la technologie europ\u00e9enne Biolie permet l&rsquo;extraction de bioproduits \u00e0 partir de biomasse tout en pr\u00e9servant leur valeur, garantissant ainsi la production de produits \u00ab\u00a0verts\u00a0\u00bb respectueux de l&rsquo;environnement.<\/p>\n<p><em>\u00ab\u00a0Le Centre de transformation et de valorisation de bioproduits illustre la fa\u00e7on dont le milieu acad\u00e9mique et celui des affaires peuvent tirer parti de leur expertise respective pour acc\u00e9l\u00e9rer la transition vers une \u00e9conomie de plus en plus propre. Par son investissement, notre gouvernement reconna\u00eet son r\u00f4le essentiel pour que la recherche dans les domaines strat\u00e9giques se transforme en innovations commercialisables.\u00a0\u00bb<\/em><\/p>\n<ul>\n<li><em>L\u2019honorable Marie-Claude Bibeau, ministre du Revenu national<\/em><\/li>\n<\/ul>\n<p><em>\u00ab\u00a0Je tiens \u00e0 souligner le travail du CEE-UQAC qui a su f\u00e9d\u00e9rer d\u2019importants partenaires financiers autour de la r\u00e9alisation d\u2019un projet d\u2019une telle envergure. Le CTVB s\u2019av\u00e8re \u00eatre une infrastructure de recherche unique qui permet, par l\u2019entremise de l\u2019expertise de nos professeurs-chercheurs et professeures-chercheuses, de maximiser la recherche et le d\u00e9veloppement de produits et proc\u00e9d\u00e9s innovants, tout en contribuant au dynamisme de la grappe d\u2019entreprises de produits naturels dans laquelle \u0153uvrent d\u2019ailleurs plusieurs de nos dipl\u00f4m\u00e9s et dipl\u00f4m\u00e9es.\u00a0\u00bb<\/em><\/p>\n<ul>\n<li><em>Ghislain Samson, recteur de l\u2019UQAC<\/em><\/li>\n<\/ul>\n<p><em>\u00ab\u00a0Le CTVB est et sera un outil de d\u00e9veloppement \u00e9conomique inestimable dans le march\u00e9 de la valorisation des bioproduits et la mise en commun d\u2019expertises d\u2019entreprises et de scientifiques r\u00e9put\u00e9s. Je tiens \u00e0 remercier tous les partenaires qui ont permis de r\u00e9aliser ce projet et tout sp\u00e9cialement D\u00e9veloppement \u00e9conomique Canada. Le CEE-UQAC appr\u00e9cie sa fid\u00e8le collaboration depuis plus de 25 ans et peut assurer \u00e0 la ministre que toute l\u2019\u00e9quipe est pr\u00eate \u00e0 piloter d\u2019autres projets porteurs au cours des prochaines ann\u00e9es.\u00a0\u00bb<\/em><\/p>\n<ul>\n<li><em>Gilles D\u00e9ry, pr\u00e9sident du conseil d\u2019administration du CEE-UQAC<\/em><\/li>\n<\/ul>\n<p>L&rsquo;inauguration du CTVB repr\u00e9sente un moment marquant pour l&rsquo;avancement de la recherche et de l&rsquo;industrie au Qu\u00e9bec. \u00ab\u00a0C\u2019est une fiert\u00e9 d&rsquo;offrir aux entreprises de la r\u00e9gion, ainsi qu&rsquo;\u00e0 l&rsquo;ensemble du Qu\u00e9bec, un environnement propice \u00e0 l&rsquo;innovation et \u00e0 la croissance dans le domaine des bioproduits\u00a0\u00bb, affirme Claude Gilbert, pr\u00e9sident du <a href=\"https:\/\/can01.safelinks.protection.outlook.com\/?url=https%3A%2F%2Fwww.uqac.ca%2Fctvb%2F&amp;data=05%7C02%7Ck7gagnon%40uqac.ca%7Ccfe7e5ca907c4315907c08dc7422dd89%7Cc97978b1bd4c44b59bbb20215efdf611%7C0%7C0%7C638512940344787033%7CUnknown%7CTWFpbGZsb3d8eyJWIjoiMC4wLjAwMDAiLCJQIjoiV2luMzIiLCJBTiI6Ik1haWwiLCJXVCI6Mn0%3D%7C0%7C%7C%7C&amp;sdata=cU5J6YfxP1X56BBlOrXcWZVB%2F8gufkGBDNy1ZodG8UA%3D&amp;reserved=0\">Consortium de recherche sur la transformation et la valorisation des bioproduits (CRTVB).<\/a><\/p>\n<p><a href=\"https:\/\/can01.safelinks.protection.outlook.com\/?url=https%3A%2F%2Fceeuqac.ca%2F4-000-000-pour-le-cee-uqac-le-gouvernement-du-canada-soutient-la-creation-du-centre-de-transformation-et-de-valorisation-de-bioproduits%2F&amp;data=05%7C02%7Ck7gagnon%40uqac.ca%7Ccfe7e5ca907c4315907c08dc7422dd89%7Cc97978b1bd4c44b59bbb20215efdf611%7C0%7C0%7C638512940344799511%7CUnknown%7CTWFpbGZsb3d8eyJWIjoiMC4wLjAwMDAiLCJQIjoiV2luMzIiLCJBTiI6Ik1haWwiLCJXVCI6Mn0%3D%7C0%7C%7C%7C&amp;sdata=0yHcBGp3qYueCt80eD1Il0%2FwXIvtCgjOPeDvldMEUfc%3D&amp;reserved=0\">Rappelons qu\u2019en mars 2019, D\u00e9veloppement \u00e9conomique Canada (DEC) pour les r\u00e9gions du Qu\u00e9bec annon\u00e7ait une contribution financi\u00e8re significative pour r\u00e9aliser le projet CTVB.<\/a> D\u2019autres partenaires tels que Rio Tinto, Promotion Saguenay, le Fonds de diversification de l\u2019industrie foresti\u00e8re de PF R\u00e9solu Canada inc., l\u2019Universit\u00e9 du Qu\u00e9bec \u00e0 Chicoutimi et la Fondation de l\u2019UQAC ont \u00e9galement contribu\u00e9 \u00e0 sa concr\u00e9tisation.<\/p>\n","protected":false},"excerpt":{"rendered":"<p>C\u2019est en pr\u00e9sence de la ministre du Revenu national, l\u2019honorable Marie-Claude Bibeau, que le Centre d\u2019entrepreneuriat et d\u2019essaimage de l\u2019Universit\u00e9 du Qu\u00e9bec \u00e0 Chicoutimi (CEE-UQAC) a inaugur\u00e9 officiellement le Centre de transformation et de valorisation de bioproduits (CTVB). Situ\u00e9 sur le campus de l&rsquo;Universit\u00e9 du Qu\u00e9bec \u00e0 Chicoutimi, le CTVB est un centre de transfert [&hellip;]<\/p>\n","protected":false},"author":5,"featured_media":47272,"comment_status":"closed","ping_status":"open","sticky":false,"template":"","format":"standard","meta":{"footnotes":""},"categories":[2795,2,4],"tags":[3],"yoast_head":"<!-- This site is optimized with the Yoast SEO plugin v24.2 - https:\/\/yoast.com\/wordpress\/plugins\/seo\/ -->\r\n<title>Inauguration du Centre de transformation et de valorisation de bioproduits (CTVB) - UQACtualit\u00e9s<\/title>\r\n<meta name=\"description\" content=\"C\u2019est en pr\u00e9sence de la ministre du Revenu national que le Centre d&#039;essaimage de l&#039;UQAC a inaugur\u00e9 officiellement le CTVB.\" \/>\r\n<meta name=\"robots\" content=\"index, follow, max-snippet:-1, max-image-preview:large, max-video-preview:-1\" \/>\r\n<link rel=\"canonical\" href=\"https:\/\/www.uqac.ca\/uqactualites\/2024\/05\/16\/inauguration-du-centre-de-transformation-et-de-valorisation-de-bioproduits-ctvb\/\" \/>\r\n<meta property=\"og:locale\" content=\"fr_CA\" \/>\r\n<meta property=\"og:type\" content=\"article\" \/>\r\n<meta property=\"og:title\" content=\"Inauguration du Centre de transformation et de valorisation de bioproduits (CTVB) - UQACtualit\u00e9s\" \/>\r\n<meta property=\"og:description\" content=\"C\u2019est en pr\u00e9sence de la ministre du Revenu national que le Centre d&#039;essaimage de l&#039;UQAC a inaugur\u00e9 officiellement le CTVB.\" \/>\r\n<meta property=\"og:url\" content=\"https:\/\/www.uqac.ca\/uqactualites\/2024\/05\/16\/inauguration-du-centre-de-transformation-et-de-valorisation-de-bioproduits-ctvb\/\" \/>\r\n<meta property=\"og:site_name\" content=\"UQACtualit\u00e9s\" \/>\r\n<meta property=\"article:published_time\" content=\"2024-05-16T12:08:37+00:00\" \/>\r\n<meta property=\"article:modified_time\" content=\"2024-07-23T17:06:52+00:00\" \/>\r\n<meta property=\"og:image\" content=\"https:\/\/www.uqac.ca\/uqactualites\/wp-content\/uploads\/2024\/05\/CTVB-lancement-mduhaime-h24-11.jpg\" \/>\r\n\t<meta property=\"og:image:width\" content=\"1920\" \/>\r\n\t<meta property=\"og:image:height\" content=\"1077\" \/>\r\n\t<meta property=\"og:image:type\" content=\"image\/jpeg\" \/>\r\n<meta name=\"author\" content=\"Service des communications et des relations publiques\" \/>\r\n<meta name=\"twitter:card\" content=\"summary_large_image\" \/>\r\n<meta name=\"twitter:label1\" content=\"\u00c9crit par\" \/>\n\t<meta name=\"twitter:data1\" content=\"Service des communications et des relations publiques\" \/>\n\t<meta name=\"twitter:label2\" content=\"Estimation du temps de lecture\" \/>\n\t<meta name=\"twitter:data2\" content=\"3 minutes\" \/>\r\n<script type=\"application\/ld+json\" class=\"yoast-schema-graph\">{\"@context\":\"https:\/\/schema.org\",\"@graph\":[{\"@type\":\"WebPage\",\"@id\":\"https:\/\/www.uqac.ca\/uqactualites\/2024\/05\/16\/inauguration-du-centre-de-transformation-et-de-valorisation-de-bioproduits-ctvb\/\",\"url\":\"https:\/\/www.uqac.ca\/uqactualites\/2024\/05\/16\/inauguration-du-centre-de-transformation-et-de-valorisation-de-bioproduits-ctvb\/\",\"name\":\"Inauguration du Centre de transformation et de valorisation de bioproduits (CTVB) - UQACtualit\u00e9s\",\"isPartOf\":{\"@id\":\"https:\/\/www.uqac.ca\/uqactualites\/#website\"},\"primaryImageOfPage\":{\"@id\":\"https:\/\/www.uqac.ca\/uqactualites\/2024\/05\/16\/inauguration-du-centre-de-transformation-et-de-valorisation-de-bioproduits-ctvb\/#primaryimage\"},\"image\":{\"@id\":\"https:\/\/www.uqac.ca\/uqactualites\/2024\/05\/16\/inauguration-du-centre-de-transformation-et-de-valorisation-de-bioproduits-ctvb\/#primaryimage\"},\"thumbnailUrl\":\"https:\/\/www.uqac.ca\/uqactualites\/wp-content\/uploads\/2024\/05\/CTVB-lancement-mduhaime-h24-11.jpg\",\"datePublished\":\"2024-05-16T12:08:37+00:00\",\"dateModified\":\"2024-07-23T17:06:52+00:00\",\"author\":{\"@id\":\"https:\/\/www.uqac.ca\/uqactualites\/#\/schema\/person\/366c45a0c4f0e677b41b4af5886e2018\"},\"description\":\"C\u2019est en pr\u00e9sence de la ministre du Revenu national que le Centre d'essaimage de l'UQAC a inaugur\u00e9 officiellement le CTVB.\",\"breadcrumb\":{\"@id\":\"https:\/\/www.uqac.ca\/uqactualites\/2024\/05\/16\/inauguration-du-centre-de-transformation-et-de-valorisation-de-bioproduits-ctvb\/#breadcrumb\"},\"inLanguage\":\"fr-CA\",\"potentialAction\":[{\"@type\":\"ReadAction\",\"target\":[\"https:\/\/www.uqac.ca\/uqactualites\/2024\/05\/16\/inauguration-du-centre-de-transformation-et-de-valorisation-de-bioproduits-ctvb\/\"]}]},{\"@type\":\"ImageObject\",\"inLanguage\":\"fr-CA\",\"@id\":\"https:\/\/www.uqac.ca\/uqactualites\/2024\/05\/16\/inauguration-du-centre-de-transformation-et-de-valorisation-de-bioproduits-ctvb\/#primaryimage\",\"url\":\"https:\/\/www.uqac.ca\/uqactualites\/wp-content\/uploads\/2024\/05\/CTVB-lancement-mduhaime-h24-11.jpg\",\"contentUrl\":\"https:\/\/www.uqac.ca\/uqactualites\/wp-content\/uploads\/2024\/05\/CTVB-lancement-mduhaime-h24-11.jpg\",\"width\":1920,\"height\":1077,\"caption\":\"Serge Lavoie, Charles Gauthier, Gilles D\u00e9ry (CEE-UQAC) St\u00e9phane Bergeron (DEC), Martin Gilbert, Ghislain Samson (UQAC), Jean Legault (UQAC), Ministre Marie-Claude Bibeau, Marie-Louise Bouchard (Rio Tinto), Dominique Biron (UQAC), Andr\u00e9 Pichette (UQAC), Louis Dussault (CEE-UQAC), et Fran\u00e7ois Simard (Elkem).\"},{\"@type\":\"BreadcrumbList\",\"@id\":\"https:\/\/www.uqac.ca\/uqactualites\/2024\/05\/16\/inauguration-du-centre-de-transformation-et-de-valorisation-de-bioproduits-ctvb\/#breadcrumb\",\"itemListElement\":[{\"@type\":\"ListItem\",\"position\":1,\"name\":\"Home\",\"item\":\"https:\/\/www.uqac.ca\/uqactualites\/\"},{\"@type\":\"ListItem\",\"position\":2,\"name\":\"Inauguration du Centre de transformation et de valorisation de bioproduits (CTVB)\"}]},{\"@type\":\"WebSite\",\"@id\":\"https:\/\/www.uqac.ca\/uqactualites\/#website\",\"url\":\"https:\/\/www.uqac.ca\/uqactualites\/\",\"name\":\"UQACtualit\u00e9s\",\"description\":\"Le portail des nouvelles de l&#039;UQAC\",\"potentialAction\":[{\"@type\":\"SearchAction\",\"target\":{\"@type\":\"EntryPoint\",\"urlTemplate\":\"https:\/\/www.uqac.ca\/uqactualites\/?s={search_term_string}\"},\"query-input\":{\"@type\":\"PropertyValueSpecification\",\"valueRequired\":true,\"valueName\":\"search_term_string\"}}],\"inLanguage\":\"fr-CA\"},{\"@type\":\"Person\",\"@id\":\"https:\/\/www.uqac.ca\/uqactualites\/#\/schema\/person\/366c45a0c4f0e677b41b4af5886e2018\",\"name\":\"Service des communications et des relations publiques\",\"image\":{\"@type\":\"ImageObject\",\"inLanguage\":\"fr-CA\",\"@id\":\"https:\/\/www.uqac.ca\/uqactualites\/#\/schema\/person\/image\/\",\"url\":\"https:\/\/secure.gravatar.com\/avatar\/20fbbda8a292f59f2d3461a5b999c00b?s=96&d=mm&r=g\",\"contentUrl\":\"https:\/\/secure.gravatar.com\/avatar\/20fbbda8a292f59f2d3461a5b999c00b?s=96&d=mm&r=g\",\"caption\":\"Service des communications et des relations publiques\"},\"url\":\"https:\/\/www.uqac.ca\/uqactualites\/author\/bap\/\"}]}<\/script>\r\n<!-- \/ Yoast SEO plugin. -->","yoast_head_json":{"title":"Inauguration du Centre de transformation et de valorisation de bioproduits (CTVB) - UQACtualit\u00e9s","description":"C\u2019est en pr\u00e9sence de la ministre du Revenu national que le Centre d'essaimage de l'UQAC a inaugur\u00e9 officiellement le CTVB.","robots":{"index":"index","follow":"follow","max-snippet":"max-snippet:-1","max-image-preview":"max-image-preview:large","max-video-preview":"max-video-preview:-1"},"canonical":"https:\/\/www.uqac.ca\/uqactualites\/2024\/05\/16\/inauguration-du-centre-de-transformation-et-de-valorisation-de-bioproduits-ctvb\/","og_locale":"fr_CA","og_type":"article","og_title":"Inauguration du Centre de transformation et de valorisation de bioproduits (CTVB) - UQACtualit\u00e9s","og_description":"C\u2019est en pr\u00e9sence de la ministre du Revenu national que le Centre d'essaimage de l'UQAC a inaugur\u00e9 officiellement le CTVB.","og_url":"https:\/\/www.uqac.ca\/uqactualites\/2024\/05\/16\/inauguration-du-centre-de-transformation-et-de-valorisation-de-bioproduits-ctvb\/","og_site_name":"UQACtualit\u00e9s","article_published_time":"2024-05-16T12:08:37+00:00","article_modified_time":"2024-07-23T17:06:52+00:00","og_image":[{"width":1920,"height":1077,"url":"https:\/\/www.uqac.ca\/uqactualites\/wp-content\/uploads\/2024\/05\/CTVB-lancement-mduhaime-h24-11.jpg","type":"image\/jpeg"}],"author":"Service des communications et des relations publiques","twitter_card":"summary_large_image","twitter_misc":{"\u00c9crit par":"Service des communications et des relations publiques","Estimation du temps de lecture":"3 minutes"},"schema":{"@context":"https:\/\/schema.org","@graph":[{"@type":"WebPage","@id":"https:\/\/www.uqac.ca\/uqactualites\/2024\/05\/16\/inauguration-du-centre-de-transformation-et-de-valorisation-de-bioproduits-ctvb\/","url":"https:\/\/www.uqac.ca\/uqactualites\/2024\/05\/16\/inauguration-du-centre-de-transformation-et-de-valorisation-de-bioproduits-ctvb\/","name":"Inauguration du Centre de transformation et de valorisation de bioproduits (CTVB) - UQACtualit\u00e9s","isPartOf":{"@id":"https:\/\/www.uqac.ca\/uqactualites\/#website"},"primaryImageOfPage":{"@id":"https:\/\/www.uqac.ca\/uqactualites\/2024\/05\/16\/inauguration-du-centre-de-transformation-et-de-valorisation-de-bioproduits-ctvb\/#primaryimage"},"image":{"@id":"https:\/\/www.uqac.ca\/uqactualites\/2024\/05\/16\/inauguration-du-centre-de-transformation-et-de-valorisation-de-bioproduits-ctvb\/#primaryimage"},"thumbnailUrl":"https:\/\/www.uqac.ca\/uqactualites\/wp-content\/uploads\/2024\/05\/CTVB-lancement-mduhaime-h24-11.jpg","datePublished":"2024-05-16T12:08:37+00:00","dateModified":"2024-07-23T17:06:52+00:00","author":{"@id":"https:\/\/www.uqac.ca\/uqactualites\/#\/schema\/person\/366c45a0c4f0e677b41b4af5886e2018"},"description":"C\u2019est en pr\u00e9sence de la ministre du Revenu national que le Centre d'essaimage de l'UQAC a inaugur\u00e9 officiellement le CTVB.","breadcrumb":{"@id":"https:\/\/www.uqac.ca\/uqactualites\/2024\/05\/16\/inauguration-du-centre-de-transformation-et-de-valorisation-de-bioproduits-ctvb\/#breadcrumb"},"inLanguage":"fr-CA","potentialAction":[{"@type":"ReadAction","target":["https:\/\/www.uqac.ca\/uqactualites\/2024\/05\/16\/inauguration-du-centre-de-transformation-et-de-valorisation-de-bioproduits-ctvb\/"]}]},{"@type":"ImageObject","inLanguage":"fr-CA","@id":"https:\/\/www.uqac.ca\/uqactualites\/2024\/05\/16\/inauguration-du-centre-de-transformation-et-de-valorisation-de-bioproduits-ctvb\/#primaryimage","url":"https:\/\/www.uqac.ca\/uqactualites\/wp-content\/uploads\/2024\/05\/CTVB-lancement-mduhaime-h24-11.jpg","contentUrl":"https:\/\/www.uqac.ca\/uqactualites\/wp-content\/uploads\/2024\/05\/CTVB-lancement-mduhaime-h24-11.jpg","width":1920,"height":1077,"caption":"Serge Lavoie, Charles Gauthier, Gilles D\u00e9ry (CEE-UQAC) St\u00e9phane Bergeron (DEC), Martin Gilbert, Ghislain Samson (UQAC), Jean Legault (UQAC), Ministre Marie-Claude Bibeau, Marie-Louise Bouchard (Rio Tinto), Dominique Biron (UQAC), Andr\u00e9 Pichette (UQAC), Louis Dussault (CEE-UQAC), et Fran\u00e7ois Simard (Elkem)."},{"@type":"BreadcrumbList","@id":"https:\/\/www.uqac.ca\/uqactualites\/2024\/05\/16\/inauguration-du-centre-de-transformation-et-de-valorisation-de-bioproduits-ctvb\/#breadcrumb","itemListElement":[{"@type":"ListItem","position":1,"name":"Home","item":"https:\/\/www.uqac.ca\/uqactualites\/"},{"@type":"ListItem","position":2,"name":"Inauguration du Centre de transformation et de valorisation de bioproduits (CTVB)"}]},{"@type":"WebSite","@id":"https:\/\/www.uqac.ca\/uqactualites\/#website","url":"https:\/\/www.uqac.ca\/uqactualites\/","name":"UQACtualit\u00e9s","description":"Le portail des nouvelles de l&#039;UQAC","potentialAction":[{"@type":"SearchAction","target":{"@type":"EntryPoint","urlTemplate":"https:\/\/www.uqac.ca\/uqactualites\/?s={search_term_string}"},"query-input":{"@type":"PropertyValueSpecification","valueRequired":true,"valueName":"search_term_string"}}],"inLanguage":"fr-CA"},{"@type":"Person","@id":"https:\/\/www.uqac.ca\/uqactualites\/#\/schema\/person\/366c45a0c4f0e677b41b4af5886e2018","name":"Service des communications et des relations publiques","image":{"@type":"ImageObject","inLanguage":"fr-CA","@id":"https:\/\/www.uqac.ca\/uqactualites\/#\/schema\/person\/image\/","url":"https:\/\/secure.gravatar.com\/avatar\/20fbbda8a292f59f2d3461a5b999c00b?s=96&d=mm&r=g","contentUrl":"https:\/\/secure.gravatar.com\/avatar\/20fbbda8a292f59f2d3461a5b999c00b?s=96&d=mm&r=g","caption":"Service des communications et des relations publiques"},"url":"https:\/\/www.uqac.ca\/uqactualites\/author\/bap\/"}]}},"_links":{"self":[{"href":"https:\/\/www.uqac.ca\/uqactualites\/wp-json\/wp\/v2\/posts\/47271"}],"collection":[{"href":"https:\/\/www.uqac.ca\/uqactualites\/wp-json\/wp\/v2\/posts"}],"about":[{"href":"https:\/\/www.uqac.ca\/uqactualites\/wp-json\/wp\/v2\/types\/post"}],"author":[{"embeddable":true,"href":"https:\/\/www.uqac.ca\/uqactualites\/wp-json\/wp\/v2\/users\/5"}],"replies":[{"embeddable":true,"href":"https:\/\/www.uqac.ca\/uqactualites\/wp-json\/wp\/v2\/comments?post=47271"}],"version-history":[{"count":3,"href":"https:\/\/www.uqac.ca\/uqactualites\/wp-json\/wp\/v2\/posts\/47271\/revisions"}],"predecessor-version":[{"id":47275,"href":"https:\/\/www.uqac.ca\/uqactualites\/wp-json\/wp\/v2\/posts\/47271\/revisions\/47275"}],"wp:featuredmedia":[{"embeddable":true,"href":"https:\/\/www.uqac.ca\/uqactualites\/wp-json\/wp\/v2\/media\/47272"}],"wp:attachment":[{"href":"https:\/\/www.uqac.ca\/uqactualites\/wp-json\/wp\/v2\/media?parent=47271"}],"wp:term":[{"taxonomy":"category","embeddable":true,"href":"https:\/\/www.uqac.ca\/uqactualites\/wp-json\/wp\/v2\/categories?post=47271"},{"taxonomy":"post_tag","embeddable":true,"href":"https:\/\/www.uqac.ca\/uqactualites\/wp-json\/wp\/v2\/tags?post=47271"}],"curies":[{"name":"wp","href":"https:\/\/api.w.org\/{rel}","templated":true}]}}