{"id":47340,"date":"2024-05-22T08:45:07","date_gmt":"2024-05-22T12:45:07","guid":{"rendered":"https:\/\/www.uqac.ca\/uqactualites\/?p=47340"},"modified":"2024-07-23T10:19:00","modified_gmt":"2024-07-23T14:19:00","slug":"retour-sur-une-semaine-mouvementee","status":"publish","type":"post","link":"https:\/\/www.uqac.ca\/uqactualites\/2024\/05\/22\/retour-sur-une-semaine-mouvementee\/","title":{"rendered":"Retour sur une semaine mouvement\u00e9e"},"content":{"rendered":"<p>J\u2019ai eu la chance de prendre part la semaine derni\u00e8re \u00e0 plusieurs activit\u00e9s mettant en lumi\u00e8re le dynamisme de notre universit\u00e9. Je prends donc ces quelques lignes de blogue pour vous partager les derni\u00e8res nouvelles.<\/p>\n<p>D\u00e8s mardi, nous avons accueilli la ministre du Revenu national, l\u2019honorable Marie-Claude Bibeau, qui \u00e9tait de passage \u00e0 l\u2019UQAC pour l<a href=\"https:\/\/www.uqac.ca\/uqactualites\/2024\/05\/16\/inauguration-du-centre-de-transformation-et-de-valorisation-de-bioproduits-ctvb\/\">\u2019inauguration officielle du Centre de transformation et de valorisation de bioproduits<\/a> (CTVB). Ensemble, nous sommes all\u00e9s \u00e0 la rencontre d\u2019\u00e9tudiantes et \u00e9tudiants coll\u00e9giaux et universitaires qui nous ont partag\u00e9 leurs parcours entrepreneuriaux tous plus inspirants les uns que les autres. Accompagn\u00e9s de leurs professeurs, ils et elles n\u2019ont pas manqu\u00e9 de nous impressionner par leurs projets novateurs. Je profite de l\u2019occasion pour souligner le travail du CEE-UQAC qui a su f\u00e9d\u00e9rer d\u2019importants partenaires financiers autour de la r\u00e9alisation du projet du CTVB qui s\u2019av\u00e8re \u00eatre une infrastructure de recherche unique permettant, par l\u2019entremise de l\u2019expertise de nos professeurs-chercheurs et professeures-chercheuses, de maximiser la recherche et le d\u00e9veloppement de produits et proc\u00e9d\u00e9s innovants.<\/p>\n<p>Alors que se tenait jeudi dernier la Journ\u00e9e mondiale du personnel de soutien en \u00e9ducation, j\u2019ai pu faire un \u00ab\u00a0petit coucou\u00a0\u00bb \u00e0 distance \u00e0 partir de Montr\u00e9al aux nouveaux membres du personnel de l\u2019UQAC. Quelle joie d\u2019aller \u00e0 la rencontre de ceux et celles qui contribuent par leur travail, \u00e0 rendre notre mission d\u2019enseignement et de recherche possible. Ce fut un r\u00e9el plaisir de participer \u00e0 cet \u00e9v\u00e9nement. Bravo \u00e0 l\u2019\u00e9quipe du Service de ressources humaines et \u00e0 tous les secteurs qui se sont impliqu\u00e9s dans cette activit\u00e9 de pr\u00e9sentation de notre universit\u00e9!<\/p>\n<p>Toujours du c\u00f4t\u00e9 de Montr\u00e9al, les activit\u00e9s se sont poursuivies alors que cette fois c\u2019est la\u00a0ministre de l\u2019Enseignement sup\u00e9rieur, Pascale D\u00e9ry, qui \u00e9tait sur place pour annoncer l\u2019attribution d\u2019une aide financi\u00e8re de <a href=\"https:\/\/www.uqac.ca\/uqactualites\/2024\/05\/16\/quebec-accorde-426-m-au-domaine-des-arts-et-de-la-creativite-numerique-a-lilot-balmoral\/\">42,6 millions de dollars \u00e0 l\u2019Universit\u00e9 du Qu\u00e9bec<\/a> pour la location d\u2019espaces et la r\u00e9alisation de travaux d\u2019am\u00e9nagement locatif \u00e0 l\u2019\u00celot Balmoral. Les nouvelles sommes allou\u00e9es permettront la location de trois \u00e9tages et demi suppl\u00e9mentaires qui s\u2019ajouteront \u00e0 ceux d\u00e9j\u00e0 occup\u00e9s par l\u2019UQAC avec l\u2019\u00c9cole NAD, depuis 2019. Ainsi, l\u2019UQAT et le regroupement de cinq c\u00e9geps offrant de la formation dans le domaine des arts num\u00e9riques se joindront \u00e0 nous dans de nouveaux espaces de cet immeuble phare du Quartier des spectacles. Je me r\u00e9jouis de constater que nous ferons \u00e9quipe et que nous unirons nos forces et nos expertises afin de former une rel\u00e8ve hautement qualifi\u00e9e tout en contribuant, par la recherche et la cr\u00e9ation, au d\u00e9veloppement et \u00e0 l\u2019application de pratiques innovantes. J\u2019ai profit\u00e9 de l\u2019occasion pour faire un petit clin d\u2019\u0153il \u00e0 mon coll\u00e8gue recteur de l\u2019UQAT en lui offrant le crayon officiel de notre universit\u00e9 en guise d\u2019ouverture pour la signature de nos partenariats futurs. Voil\u00e0 un monde de possibilit\u00e9s qui s\u2019ouvrent \u00e0 nous!<\/p>\n<p>Jeudi en soir\u00e9e, c\u2019est \u00e0 titre de pr\u00e9sident d\u2019honneur que j\u2019ai pu assister \u00e0 la soir\u00e9e reconnaissance de la Soci\u00e9t\u00e9 nationale des Qu\u00e9b\u00e9cois et Qu\u00e9b\u00e9coises du Saguenay-Lac-Saint-Jean. \u00c0 cette occasion, Camille Cr\u00e9pieux, finissant \u00e0 la <a href=\"https:\/\/www.uqac.ca\/programme\/3018-maitrise-en-ressources-renouvelables\/\">ma\u00eetrise en ressources renouvelables<\/a> de l\u2019UQAC, a re\u00e7u le titre de patriote de la rel\u00e8ve pour son implication remarquable dans le milieu universitaire. J\u2019\u00e9tais honor\u00e9 de souligner l\u2019engagement de cet \u00e9tudiant qui s\u2019est notamment distingu\u00e9 par son implication au sein du MAGE-UQAC. Ce fut une soir\u00e9e r\u00e9ussie qui a permis de mettre en lumi\u00e8re des personnes de notre r\u00e9gion qui sont pr\u00eates \u00e0 s\u2019investir aupr\u00e8s de leur communaut\u00e9 pour l\u2019aider \u00e0 grandir. J\u2019en profite pour f\u00e9liciter \u00e9galement la patriote de l\u2019ann\u00e9e, Diane Ouellet Gilbert, ainsi que les deux autres patriotes de la rel\u00e8ve du c\u00f4t\u00e9 coll\u00e9gial, Tao Hulot et Rosalie Tremblay!<\/p>\n<p>Enfin, l\u2019UQAC a fi\u00e8rement hiss\u00e9 son drapeau pour terminer la semaine en beaut\u00e9 pour la Journ\u00e9e internationale contre l&rsquo;homophobie et la transphobie. C\u2019est \u00e9galement vendredi dernier que nous avons accueilli sur le campus les \u00e9tudiantes et \u00e9tudiants nouvellement admis au trimestre d\u2019automne 2024. Ils ont \u00e9t\u00e9 pr\u00e8s d\u2019une centaine de personnes \u00e0 venir \u00e0 la d\u00e9couverte de leur nouveau milieu d\u2019\u00e9tudes. Encore une fois une belle mobilisation de toutes et de tous, bravo!<\/p>\n<p>Je ne peux terminer ce blogue hebdomadaire sans revenir sur la triste nouvelle du <a href=\"https:\/\/www.uqac.ca\/uqactualites\/2024\/05\/21\/deces-du-professeur-claude-villeneuve-luqac-perd-un-pionnier-en-developpement-durable\/\">d\u00e9c\u00e8s du professeur Claude Villeneuve<\/a>. Je profite de l\u2019occasion pour offrir mes plus sinc\u00e8res condol\u00e9ances \u00e0 sa famille, ses proches ainsi qu\u2019\u00e0 tous ses coll\u00e8gues et ceux et celles qui ont eu la chance de le c\u00f4toyer au cours de sa brillante carri\u00e8re. Il laisse derri\u00e8re lui un h\u00e9ritage consid\u00e9rable et une vision audacieuse du d\u00e9veloppement durable. Nous gardons de lui le souvenir d\u2019un p\u00e9dagogue remarquable qui aura marqu\u00e9 non seulement notre universit\u00e9, mais tout le Qu\u00e9bec et la Francophonie gr\u00e2ce \u00e0 sa contribution scientifique inestimable.<\/p>\n<p>&nbsp;<\/p>\n","protected":false},"excerpt":{"rendered":"<p>J\u2019ai eu la chance de prendre part la semaine derni\u00e8re \u00e0 plusieurs activit\u00e9s mettant en lumi\u00e8re le dynamisme de notre universit\u00e9. Je prends donc ces quelques lignes de blogue pour vous partager les derni\u00e8res nouvelles. D\u00e8s mardi, nous avons accueilli la ministre du Revenu national, l\u2019honorable Marie-Claude Bibeau, qui \u00e9tait de passage \u00e0 l\u2019UQAC pour [&hellip;]<\/p>\n","protected":false},"author":10,"featured_media":47341,"comment_status":"closed","ping_status":"open","sticky":false,"template":"","format":"standard","meta":{"footnotes":""},"categories":[2792],"tags":[],"yoast_head":"<!-- This site is optimized with the Yoast SEO plugin v24.2 - https:\/\/yoast.com\/wordpress\/plugins\/seo\/ -->\r\n<title>Retour sur une semaine mouvement\u00e9e - UQACtualit\u00e9s<\/title>\r\n<meta name=\"robots\" content=\"index, follow, max-snippet:-1, max-image-preview:large, max-video-preview:-1\" \/>\r\n<link rel=\"canonical\" href=\"https:\/\/www.uqac.ca\/uqactualites\/2024\/05\/22\/retour-sur-une-semaine-mouvementee\/\" \/>\r\n<meta property=\"og:locale\" content=\"fr_CA\" \/>\r\n<meta property=\"og:type\" content=\"article\" \/>\r\n<meta property=\"og:title\" content=\"Retour sur une semaine mouvement\u00e9e - UQACtualit\u00e9s\" \/>\r\n<meta property=\"og:description\" content=\"J\u2019ai eu la chance de prendre part la semaine derni\u00e8re \u00e0 plusieurs activit\u00e9s mettant en lumi\u00e8re le dynamisme de notre universit\u00e9. Je prends donc ces quelques lignes de blogue pour vous partager les derni\u00e8res nouvelles. D\u00e8s mardi, nous avons accueilli la ministre du Revenu national, l\u2019honorable Marie-Claude Bibeau, qui \u00e9tait de passage \u00e0 l\u2019UQAC pour [&hellip;]\" \/>\r\n<meta property=\"og:url\" content=\"https:\/\/www.uqac.ca\/uqactualites\/2024\/05\/22\/retour-sur-une-semaine-mouvementee\/\" \/>\r\n<meta property=\"og:site_name\" content=\"UQACtualit\u00e9s\" \/>\r\n<meta property=\"article:published_time\" content=\"2024-05-22T12:45:07+00:00\" \/>\r\n<meta property=\"article:modified_time\" content=\"2024-07-23T14:19:00+00:00\" \/>\r\n<meta property=\"og:image\" content=\"https:\/\/www.uqac.ca\/uqactualites\/wp-content\/uploads\/2024\/05\/CTVB-lancement-mduhaime-h24-02.jpg\" \/>\r\n\t<meta property=\"og:image:width\" content=\"1920\" \/>\r\n\t<meta property=\"og:image:height\" content=\"1077\" \/>\r\n\t<meta property=\"og:image:type\" content=\"image\/jpeg\" \/>\r\n<meta name=\"author\" content=\"Ghislain Samson\" \/>\r\n<meta name=\"twitter:card\" content=\"summary_large_image\" \/>\r\n<meta name=\"twitter:label1\" content=\"\u00c9crit par\" \/>\n\t<meta name=\"twitter:data1\" content=\"Ghislain Samson\" \/>\n\t<meta name=\"twitter:label2\" content=\"Estimation du temps de lecture\" \/>\n\t<meta name=\"twitter:data2\" content=\"5 minutes\" \/>\r\n<script type=\"application\/ld+json\" class=\"yoast-schema-graph\">{\"@context\":\"https:\/\/schema.org\",\"@graph\":[{\"@type\":\"WebPage\",\"@id\":\"https:\/\/www.uqac.ca\/uqactualites\/2024\/05\/22\/retour-sur-une-semaine-mouvementee\/\",\"url\":\"https:\/\/www.uqac.ca\/uqactualites\/2024\/05\/22\/retour-sur-une-semaine-mouvementee\/\",\"name\":\"Retour sur une semaine mouvement\u00e9e - UQACtualit\u00e9s\",\"isPartOf\":{\"@id\":\"https:\/\/www.uqac.ca\/uqactualites\/#website\"},\"primaryImageOfPage\":{\"@id\":\"https:\/\/www.uqac.ca\/uqactualites\/2024\/05\/22\/retour-sur-une-semaine-mouvementee\/#primaryimage\"},\"image\":{\"@id\":\"https:\/\/www.uqac.ca\/uqactualites\/2024\/05\/22\/retour-sur-une-semaine-mouvementee\/#primaryimage\"},\"thumbnailUrl\":\"https:\/\/www.uqac.ca\/uqactualites\/wp-content\/uploads\/2024\/05\/CTVB-lancement-mduhaime-h24-02.jpg\",\"datePublished\":\"2024-05-22T12:45:07+00:00\",\"dateModified\":\"2024-07-23T14:19:00+00:00\",\"author\":{\"@id\":\"https:\/\/www.uqac.ca\/uqactualites\/#\/schema\/person\/ae2225f9f23eebff67a6e899225952fb\"},\"breadcrumb\":{\"@id\":\"https:\/\/www.uqac.ca\/uqactualites\/2024\/05\/22\/retour-sur-une-semaine-mouvementee\/#breadcrumb\"},\"inLanguage\":\"fr-CA\",\"potentialAction\":[{\"@type\":\"ReadAction\",\"target\":[\"https:\/\/www.uqac.ca\/uqactualites\/2024\/05\/22\/retour-sur-une-semaine-mouvementee\/\"]}]},{\"@type\":\"ImageObject\",\"inLanguage\":\"fr-CA\",\"@id\":\"https:\/\/www.uqac.ca\/uqactualites\/2024\/05\/22\/retour-sur-une-semaine-mouvementee\/#primaryimage\",\"url\":\"https:\/\/www.uqac.ca\/uqactualites\/wp-content\/uploads\/2024\/05\/CTVB-lancement-mduhaime-h24-02.jpg\",\"contentUrl\":\"https:\/\/www.uqac.ca\/uqactualites\/wp-content\/uploads\/2024\/05\/CTVB-lancement-mduhaime-h24-02.jpg\",\"width\":1920,\"height\":1077},{\"@type\":\"BreadcrumbList\",\"@id\":\"https:\/\/www.uqac.ca\/uqactualites\/2024\/05\/22\/retour-sur-une-semaine-mouvementee\/#breadcrumb\",\"itemListElement\":[{\"@type\":\"ListItem\",\"position\":1,\"name\":\"Home\",\"item\":\"https:\/\/www.uqac.ca\/uqactualites\/\"},{\"@type\":\"ListItem\",\"position\":2,\"name\":\"Retour sur une semaine mouvement\u00e9e\"}]},{\"@type\":\"WebSite\",\"@id\":\"https:\/\/www.uqac.ca\/uqactualites\/#website\",\"url\":\"https:\/\/www.uqac.ca\/uqactualites\/\",\"name\":\"UQACtualit\u00e9s\",\"description\":\"Le portail des nouvelles de l&#039;UQAC\",\"potentialAction\":[{\"@type\":\"SearchAction\",\"target\":{\"@type\":\"EntryPoint\",\"urlTemplate\":\"https:\/\/www.uqac.ca\/uqactualites\/?s={search_term_string}\"},\"query-input\":{\"@type\":\"PropertyValueSpecification\",\"valueRequired\":true,\"valueName\":\"search_term_string\"}}],\"inLanguage\":\"fr-CA\"},{\"@type\":\"Person\",\"@id\":\"https:\/\/www.uqac.ca\/uqactualites\/#\/schema\/person\/ae2225f9f23eebff67a6e899225952fb\",\"name\":\"Ghislain Samson\",\"image\":{\"@type\":\"ImageObject\",\"inLanguage\":\"fr-CA\",\"@id\":\"https:\/\/www.uqac.ca\/uqactualites\/#\/schema\/person\/image\/\",\"url\":\"https:\/\/secure.gravatar.com\/avatar\/61ad9756d7707fefb25ed321388b2105?s=96&d=mm&r=g\",\"contentUrl\":\"https:\/\/secure.gravatar.com\/avatar\/61ad9756d7707fefb25ed321388b2105?s=96&d=mm&r=g\",\"caption\":\"Ghislain Samson\"},\"url\":\"https:\/\/www.uqac.ca\/uqactualites\/author\/gsamson\/\"}]}<\/script>\r\n<!-- \/ Yoast SEO plugin. -->","yoast_head_json":{"title":"Retour sur une semaine mouvement\u00e9e - UQACtualit\u00e9s","robots":{"index":"index","follow":"follow","max-snippet":"max-snippet:-1","max-image-preview":"max-image-preview:large","max-video-preview":"max-video-preview:-1"},"canonical":"https:\/\/www.uqac.ca\/uqactualites\/2024\/05\/22\/retour-sur-une-semaine-mouvementee\/","og_locale":"fr_CA","og_type":"article","og_title":"Retour sur une semaine mouvement\u00e9e - UQACtualit\u00e9s","og_description":"J\u2019ai eu la chance de prendre part la semaine derni\u00e8re \u00e0 plusieurs activit\u00e9s mettant en lumi\u00e8re le dynamisme de notre universit\u00e9. Je prends donc ces quelques lignes de blogue pour vous partager les derni\u00e8res nouvelles. D\u00e8s mardi, nous avons accueilli la ministre du Revenu national, l\u2019honorable Marie-Claude Bibeau, qui \u00e9tait de passage \u00e0 l\u2019UQAC pour [&hellip;]","og_url":"https:\/\/www.uqac.ca\/uqactualites\/2024\/05\/22\/retour-sur-une-semaine-mouvementee\/","og_site_name":"UQACtualit\u00e9s","article_published_time":"2024-05-22T12:45:07+00:00","article_modified_time":"2024-07-23T14:19:00+00:00","og_image":[{"width":1920,"height":1077,"url":"https:\/\/www.uqac.ca\/uqactualites\/wp-content\/uploads\/2024\/05\/CTVB-lancement-mduhaime-h24-02.jpg","type":"image\/jpeg"}],"author":"Ghislain Samson","twitter_card":"summary_large_image","twitter_misc":{"\u00c9crit par":"Ghislain Samson","Estimation du temps de lecture":"5 minutes"},"schema":{"@context":"https:\/\/schema.org","@graph":[{"@type":"WebPage","@id":"https:\/\/www.uqac.ca\/uqactualites\/2024\/05\/22\/retour-sur-une-semaine-mouvementee\/","url":"https:\/\/www.uqac.ca\/uqactualites\/2024\/05\/22\/retour-sur-une-semaine-mouvementee\/","name":"Retour sur une semaine mouvement\u00e9e - UQACtualit\u00e9s","isPartOf":{"@id":"https:\/\/www.uqac.ca\/uqactualites\/#website"},"primaryImageOfPage":{"@id":"https:\/\/www.uqac.ca\/uqactualites\/2024\/05\/22\/retour-sur-une-semaine-mouvementee\/#primaryimage"},"image":{"@id":"https:\/\/www.uqac.ca\/uqactualites\/2024\/05\/22\/retour-sur-une-semaine-mouvementee\/#primaryimage"},"thumbnailUrl":"https:\/\/www.uqac.ca\/uqactualites\/wp-content\/uploads\/2024\/05\/CTVB-lancement-mduhaime-h24-02.jpg","datePublished":"2024-05-22T12:45:07+00:00","dateModified":"2024-07-23T14:19:00+00:00","author":{"@id":"https:\/\/www.uqac.ca\/uqactualites\/#\/schema\/person\/ae2225f9f23eebff67a6e899225952fb"},"breadcrumb":{"@id":"https:\/\/www.uqac.ca\/uqactualites\/2024\/05\/22\/retour-sur-une-semaine-mouvementee\/#breadcrumb"},"inLanguage":"fr-CA","potentialAction":[{"@type":"ReadAction","target":["https:\/\/www.uqac.ca\/uqactualites\/2024\/05\/22\/retour-sur-une-semaine-mouvementee\/"]}]},{"@type":"ImageObject","inLanguage":"fr-CA","@id":"https:\/\/www.uqac.ca\/uqactualites\/2024\/05\/22\/retour-sur-une-semaine-mouvementee\/#primaryimage","url":"https:\/\/www.uqac.ca\/uqactualites\/wp-content\/uploads\/2024\/05\/CTVB-lancement-mduhaime-h24-02.jpg","contentUrl":"https:\/\/www.uqac.ca\/uqactualites\/wp-content\/uploads\/2024\/05\/CTVB-lancement-mduhaime-h24-02.jpg","width":1920,"height":1077},{"@type":"BreadcrumbList","@id":"https:\/\/www.uqac.ca\/uqactualites\/2024\/05\/22\/retour-sur-une-semaine-mouvementee\/#breadcrumb","itemListElement":[{"@type":"ListItem","position":1,"name":"Home","item":"https:\/\/www.uqac.ca\/uqactualites\/"},{"@type":"ListItem","position":2,"name":"Retour sur une semaine mouvement\u00e9e"}]},{"@type":"WebSite","@id":"https:\/\/www.uqac.ca\/uqactualites\/#website","url":"https:\/\/www.uqac.ca\/uqactualites\/","name":"UQACtualit\u00e9s","description":"Le portail des nouvelles de l&#039;UQAC","potentialAction":[{"@type":"SearchAction","target":{"@type":"EntryPoint","urlTemplate":"https:\/\/www.uqac.ca\/uqactualites\/?s={search_term_string}"},"query-input":{"@type":"PropertyValueSpecification","valueRequired":true,"valueName":"search_term_string"}}],"inLanguage":"fr-CA"},{"@type":"Person","@id":"https:\/\/www.uqac.ca\/uqactualites\/#\/schema\/person\/ae2225f9f23eebff67a6e899225952fb","name":"Ghislain Samson","image":{"@type":"ImageObject","inLanguage":"fr-CA","@id":"https:\/\/www.uqac.ca\/uqactualites\/#\/schema\/person\/image\/","url":"https:\/\/secure.gravatar.com\/avatar\/61ad9756d7707fefb25ed321388b2105?s=96&d=mm&r=g","contentUrl":"https:\/\/secure.gravatar.com\/avatar\/61ad9756d7707fefb25ed321388b2105?s=96&d=mm&r=g","caption":"Ghislain Samson"},"url":"https:\/\/www.uqac.ca\/uqactualites\/author\/gsamson\/"}]}},"_links":{"self":[{"href":"https:\/\/www.uqac.ca\/uqactualites\/wp-json\/wp\/v2\/posts\/47340"}],"collection":[{"href":"https:\/\/www.uqac.ca\/uqactualites\/wp-json\/wp\/v2\/posts"}],"about":[{"href":"https:\/\/www.uqac.ca\/uqactualites\/wp-json\/wp\/v2\/types\/post"}],"author":[{"embeddable":true,"href":"https:\/\/www.uqac.ca\/uqactualites\/wp-json\/wp\/v2\/users\/10"}],"replies":[{"embeddable":true,"href":"https:\/\/www.uqac.ca\/uqactualites\/wp-json\/wp\/v2\/comments?post=47340"}],"version-history":[{"count":1,"href":"https:\/\/www.uqac.ca\/uqactualites\/wp-json\/wp\/v2\/posts\/47340\/revisions"}],"predecessor-version":[{"id":47342,"href":"https:\/\/www.uqac.ca\/uqactualites\/wp-json\/wp\/v2\/posts\/47340\/revisions\/47342"}],"wp:featuredmedia":[{"embeddable":true,"href":"https:\/\/www.uqac.ca\/uqactualites\/wp-json\/wp\/v2\/media\/47341"}],"wp:attachment":[{"href":"https:\/\/www.uqac.ca\/uqactualites\/wp-json\/wp\/v2\/media?parent=47340"}],"wp:term":[{"taxonomy":"category","embeddable":true,"href":"https:\/\/www.uqac.ca\/uqactualites\/wp-json\/wp\/v2\/categories?post=47340"},{"taxonomy":"post_tag","embeddable":true,"href":"https:\/\/www.uqac.ca\/uqactualites\/wp-json\/wp\/v2\/tags?post=47340"}],"curies":[{"name":"wp","href":"https:\/\/api.w.org\/{rel}","templated":true}]}}