{"id":47446,"date":"2024-05-29T13:35:19","date_gmt":"2024-05-29T17:35:19","guid":{"rendered":"https:\/\/www.uqac.ca\/uqactualites\/?p=47446"},"modified":"2024-07-23T09:15:18","modified_gmt":"2024-07-23T13:15:18","slug":"le-syndicat-des-chargees-et-charges-de-cours-et-la-direction-de-luqac-procedent-a-la-signature-dune-convention-collective","status":"publish","type":"post","link":"https:\/\/www.uqac.ca\/uqactualites\/2024\/05\/29\/le-syndicat-des-chargees-et-charges-de-cours-et-la-direction-de-luqac-procedent-a-la-signature-dune-convention-collective\/","title":{"rendered":"Le Syndicat des charg\u00e9es et charg\u00e9s de cours et la direction de l\u2019UQAC proc\u00e8dent \u00e0 la signature de la convention collective"},"content":{"rendered":"<p>Jeudi dernier marquait la signature de la Convention collective du <a href=\"https:\/\/can01.safelinks.protection.outlook.com\/?url=http%3A%2F%2Fscccuqac.ca%2F&amp;data=05%7C02%7Cme1harve%40uqac.ca%7Cd59688439cd243b2120b08dc7ff91b46%7Cc97978b1bd4c44b59bbb20215efdf611%7C0%7C0%7C638525955136921773%7CUnknown%7CTWFpbGZsb3d8eyJWIjoiMC4wLjAwMDAiLCJQIjoiV2luMzIiLCJBTiI6Ik1haWwiLCJXVCI6Mn0%3D%7C0%7C%7C%7C&amp;sdata=WW7mrL0lv1dL1%2BhOv6fCUH111PtKVMtI8uSon6Sb%2F2c%3D&amp;reserved=0\">Syndicat des charg\u00e9es et charg\u00e9s de cours de l\u2019UQAC (SCCCUQAC)<\/a>. Plus d\u2019une trentaine de personnes \u00e9taient au rendez-vous pour l\u2019occasion, notamment des membres de la direction, des repr\u00e9sentantes et repr\u00e9sentants du comit\u00e9 de n\u00e9gociation ainsi que des membres du SCCCUQAC. Cette activit\u00e9 s\u2019est articul\u00e9e dans une formule \u00ab 4 \u00e0 6 \u00bb et dans une ambiance des plus conviviales. Le recteur, M. <a href=\"https:\/\/www.uqac.ca\/blogue-recteur\/index.php\/a-propos-de-ghislain-samson\/\" target=\"_blank\" rel=\"noopener\">Ghislain Samson<\/a> ainsi que le pr\u00e9sident du SCCCUQAC, M. Christian Roy en ont profit\u00e9 pour prendre parole au cours de l\u2019\u00e9v\u00e9nement.<\/p>\n<p>Les n\u00e9gociations se sont d\u00e9roul\u00e9es selon une approche raisonn\u00e9e, bas\u00e9e sur la recherche de solutions \u00e0 des enjeux communs aux deux parties. Ainsi, l&rsquo;esprit d\u2019ouverture et la transparence des parties prenantes ont permis le bon d\u00e9roulement de chacune des \u00e9tapes du processus. La signature vient donc officialiser l&rsquo;adoption de la convention collective pour les prochaines ann\u00e9es, \u00e0 la satisfaction mutuelle des plus de 720\u00a0charg\u00e9es et charg\u00e9s de cours de l\u2019UQAC, des plus de 350 superviseures et superviseurs et des membres de la direction.<\/p>\n<h5><strong>Sur la photo \u00e0 la une<\/strong><\/h5>\n<p>(de gauche \u00e0 droite)<\/p>\n<p><u>\u00c0 l\u2019avant:<\/u> \u00c9tienne H\u00e9bert, vice-recteur aux \u00e9tudes, \u00e0 la formation et \u00e0 la r\u00e9ussite; Ghislain Samson, recteur de l\u2019UQAC; Christian Roy, pr\u00e9sident du SCCCUQAC et Franck Basset, 1er vice-pr\u00e9sident du SCCCUQAC.<\/p>\n<p><u>\u00c0 l&rsquo;arri\u00e8re:<\/u> Val\u00e9rie Legendre-Guillemin, doyenne des affaires d\u00e9partementales; Andr\u00e9e-Ann Rivard, conseill\u00e8re aux \u00e9tudes au VR\u00c9FR; Dominique Biron, vice-rectrice aux affaires administratives et aux ressources; Pierre Ouellet, directeur du Service des ressources humaines; Marie-\u00c8ve Harvey, conseill\u00e8re en ressources humaines; Michel Simard, tr\u00e9sorier du SCCCUQAC; Jessica B\u00e9rub\u00e9, 2<sup>e<\/sup> vice-pr\u00e9sidente du SCCCUQAC et Vicky Gauthier, secr\u00e9taire de l\u2019ex\u00e9cutif du SCCCUQAC.<\/p>\n","protected":false},"excerpt":{"rendered":"<p>Jeudi dernier marquait la signature de la Convention collective du Syndicat des charg\u00e9es et charg\u00e9s de cours de l\u2019UQAC (SCCCUQAC). Plus d\u2019une trentaine de personnes \u00e9taient au rendez-vous pour l\u2019occasion, notamment des membres de la direction, des repr\u00e9sentantes et repr\u00e9sentants du comit\u00e9 de n\u00e9gociation ainsi que des membres du SCCCUQAC. Cette activit\u00e9 s\u2019est articul\u00e9e dans [&hellip;]<\/p>\n","protected":false},"author":5,"featured_media":47448,"comment_status":"closed","ping_status":"open","sticky":false,"template":"","format":"standard","meta":{"footnotes":""},"categories":[2795,61],"tags":[2882,55,404,1512,2873],"yoast_head":"<!-- This site is optimized with the Yoast SEO plugin v24.2 - https:\/\/yoast.com\/wordpress\/plugins\/seo\/ -->\r\n<title>Le Syndicat des charg\u00e9es et charg\u00e9s de cours et la direction de l\u2019UQAC proc\u00e8dent \u00e0 la signature de la convention collective - UQACtualit\u00e9s<\/title>\r\n<meta name=\"description\" content=\"Jeudi dernier marquait la signature de la Convention collective du Syndicat des charg\u00e9es et charg\u00e9s de cours de l\u2019UQAC.\" \/>\r\n<meta name=\"robots\" content=\"index, follow, max-snippet:-1, max-image-preview:large, max-video-preview:-1\" \/>\r\n<link rel=\"canonical\" href=\"https:\/\/www.uqac.ca\/uqactualites\/2024\/05\/29\/le-syndicat-des-chargees-et-charges-de-cours-et-la-direction-de-luqac-procedent-a-la-signature-dune-convention-collective\/\" \/>\r\n<meta property=\"og:locale\" content=\"fr_CA\" \/>\r\n<meta property=\"og:type\" content=\"article\" \/>\r\n<meta property=\"og:title\" content=\"Le Syndicat des charg\u00e9es et charg\u00e9s de cours et la direction de l\u2019UQAC proc\u00e8dent \u00e0 la signature de la convention collective - UQACtualit\u00e9s\" \/>\r\n<meta property=\"og:description\" content=\"Jeudi dernier marquait la signature de la Convention collective du Syndicat des charg\u00e9es et charg\u00e9s de cours de l\u2019UQAC.\" \/>\r\n<meta property=\"og:url\" content=\"https:\/\/www.uqac.ca\/uqactualites\/2024\/05\/29\/le-syndicat-des-chargees-et-charges-de-cours-et-la-direction-de-luqac-procedent-a-la-signature-dune-convention-collective\/\" \/>\r\n<meta property=\"og:site_name\" content=\"UQACtualit\u00e9s\" \/>\r\n<meta property=\"article:published_time\" content=\"2024-05-29T17:35:19+00:00\" \/>\r\n<meta property=\"article:modified_time\" content=\"2024-07-23T13:15:18+00:00\" \/>\r\n<meta property=\"og:image\" content=\"https:\/\/www.uqac.ca\/uqactualites\/wp-content\/uploads\/2024\/05\/Charges-de-cours-2024-mduhaime-h24.jpg\" \/>\r\n\t<meta property=\"og:image:width\" content=\"1920\" \/>\r\n\t<meta property=\"og:image:height\" content=\"1077\" \/>\r\n\t<meta property=\"og:image:type\" content=\"image\/jpeg\" \/>\r\n<meta name=\"author\" content=\"Service des communications et des relations publiques\" \/>\r\n<meta name=\"twitter:card\" content=\"summary_large_image\" \/>\r\n<meta name=\"twitter:label1\" content=\"\u00c9crit par\" \/>\n\t<meta name=\"twitter:data1\" content=\"Service des communications et des relations publiques\" \/>\n\t<meta name=\"twitter:label2\" content=\"Estimation du temps de lecture\" \/>\n\t<meta name=\"twitter:data2\" content=\"2 minutes\" \/>\r\n<script type=\"application\/ld+json\" class=\"yoast-schema-graph\">{\"@context\":\"https:\/\/schema.org\",\"@graph\":[{\"@type\":\"WebPage\",\"@id\":\"https:\/\/www.uqac.ca\/uqactualites\/2024\/05\/29\/le-syndicat-des-chargees-et-charges-de-cours-et-la-direction-de-luqac-procedent-a-la-signature-dune-convention-collective\/\",\"url\":\"https:\/\/www.uqac.ca\/uqactualites\/2024\/05\/29\/le-syndicat-des-chargees-et-charges-de-cours-et-la-direction-de-luqac-procedent-a-la-signature-dune-convention-collective\/\",\"name\":\"Le Syndicat des charg\u00e9es et charg\u00e9s de cours et la direction de l\u2019UQAC proc\u00e8dent \u00e0 la signature de la convention collective - UQACtualit\u00e9s\",\"isPartOf\":{\"@id\":\"https:\/\/www.uqac.ca\/uqactualites\/#website\"},\"primaryImageOfPage\":{\"@id\":\"https:\/\/www.uqac.ca\/uqactualites\/2024\/05\/29\/le-syndicat-des-chargees-et-charges-de-cours-et-la-direction-de-luqac-procedent-a-la-signature-dune-convention-collective\/#primaryimage\"},\"image\":{\"@id\":\"https:\/\/www.uqac.ca\/uqactualites\/2024\/05\/29\/le-syndicat-des-chargees-et-charges-de-cours-et-la-direction-de-luqac-procedent-a-la-signature-dune-convention-collective\/#primaryimage\"},\"thumbnailUrl\":\"https:\/\/www.uqac.ca\/uqactualites\/wp-content\/uploads\/2024\/05\/Charges-de-cours-2024-mduhaime-h24.jpg\",\"datePublished\":\"2024-05-29T17:35:19+00:00\",\"dateModified\":\"2024-07-23T13:15:18+00:00\",\"author\":{\"@id\":\"https:\/\/www.uqac.ca\/uqactualites\/#\/schema\/person\/366c45a0c4f0e677b41b4af5886e2018\"},\"description\":\"Jeudi dernier marquait la signature de la Convention collective du Syndicat des charg\u00e9es et charg\u00e9s de cours de l\u2019UQAC.\",\"breadcrumb\":{\"@id\":\"https:\/\/www.uqac.ca\/uqactualites\/2024\/05\/29\/le-syndicat-des-chargees-et-charges-de-cours-et-la-direction-de-luqac-procedent-a-la-signature-dune-convention-collective\/#breadcrumb\"},\"inLanguage\":\"fr-CA\",\"potentialAction\":[{\"@type\":\"ReadAction\",\"target\":[\"https:\/\/www.uqac.ca\/uqactualites\/2024\/05\/29\/le-syndicat-des-chargees-et-charges-de-cours-et-la-direction-de-luqac-procedent-a-la-signature-dune-convention-collective\/\"]}]},{\"@type\":\"ImageObject\",\"inLanguage\":\"fr-CA\",\"@id\":\"https:\/\/www.uqac.ca\/uqactualites\/2024\/05\/29\/le-syndicat-des-chargees-et-charges-de-cours-et-la-direction-de-luqac-procedent-a-la-signature-dune-convention-collective\/#primaryimage\",\"url\":\"https:\/\/www.uqac.ca\/uqactualites\/wp-content\/uploads\/2024\/05\/Charges-de-cours-2024-mduhaime-h24.jpg\",\"contentUrl\":\"https:\/\/www.uqac.ca\/uqactualites\/wp-content\/uploads\/2024\/05\/Charges-de-cours-2024-mduhaime-h24.jpg\",\"width\":1920,\"height\":1077,\"caption\":\"Syndicat UQAC\"},{\"@type\":\"BreadcrumbList\",\"@id\":\"https:\/\/www.uqac.ca\/uqactualites\/2024\/05\/29\/le-syndicat-des-chargees-et-charges-de-cours-et-la-direction-de-luqac-procedent-a-la-signature-dune-convention-collective\/#breadcrumb\",\"itemListElement\":[{\"@type\":\"ListItem\",\"position\":1,\"name\":\"Home\",\"item\":\"https:\/\/www.uqac.ca\/uqactualites\/\"},{\"@type\":\"ListItem\",\"position\":2,\"name\":\"Le Syndicat des charg\u00e9es et charg\u00e9s de cours et la direction de l\u2019UQAC proc\u00e8dent \u00e0 la signature de la convention collective\"}]},{\"@type\":\"WebSite\",\"@id\":\"https:\/\/www.uqac.ca\/uqactualites\/#website\",\"url\":\"https:\/\/www.uqac.ca\/uqactualites\/\",\"name\":\"UQACtualit\u00e9s\",\"description\":\"Le portail des nouvelles de l&#039;UQAC\",\"potentialAction\":[{\"@type\":\"SearchAction\",\"target\":{\"@type\":\"EntryPoint\",\"urlTemplate\":\"https:\/\/www.uqac.ca\/uqactualites\/?s={search_term_string}\"},\"query-input\":{\"@type\":\"PropertyValueSpecification\",\"valueRequired\":true,\"valueName\":\"search_term_string\"}}],\"inLanguage\":\"fr-CA\"},{\"@type\":\"Person\",\"@id\":\"https:\/\/www.uqac.ca\/uqactualites\/#\/schema\/person\/366c45a0c4f0e677b41b4af5886e2018\",\"name\":\"Service des communications et des relations publiques\",\"image\":{\"@type\":\"ImageObject\",\"inLanguage\":\"fr-CA\",\"@id\":\"https:\/\/www.uqac.ca\/uqactualites\/#\/schema\/person\/image\/\",\"url\":\"https:\/\/secure.gravatar.com\/avatar\/20fbbda8a292f59f2d3461a5b999c00b?s=96&d=mm&r=g\",\"contentUrl\":\"https:\/\/secure.gravatar.com\/avatar\/20fbbda8a292f59f2d3461a5b999c00b?s=96&d=mm&r=g\",\"caption\":\"Service des communications et des relations publiques\"},\"url\":\"https:\/\/www.uqac.ca\/uqactualites\/author\/bap\/\"}]}<\/script>\r\n<!-- \/ Yoast SEO plugin. -->","yoast_head_json":{"title":"Le Syndicat des charg\u00e9es et charg\u00e9s de cours et la direction de l\u2019UQAC proc\u00e8dent \u00e0 la signature de la convention collective - UQACtualit\u00e9s","description":"Jeudi dernier marquait la signature de la Convention collective du Syndicat des charg\u00e9es et charg\u00e9s de cours de l\u2019UQAC.","robots":{"index":"index","follow":"follow","max-snippet":"max-snippet:-1","max-image-preview":"max-image-preview:large","max-video-preview":"max-video-preview:-1"},"canonical":"https:\/\/www.uqac.ca\/uqactualites\/2024\/05\/29\/le-syndicat-des-chargees-et-charges-de-cours-et-la-direction-de-luqac-procedent-a-la-signature-dune-convention-collective\/","og_locale":"fr_CA","og_type":"article","og_title":"Le Syndicat des charg\u00e9es et charg\u00e9s de cours et la direction de l\u2019UQAC proc\u00e8dent \u00e0 la signature de la convention collective - UQACtualit\u00e9s","og_description":"Jeudi dernier marquait la signature de la Convention collective du Syndicat des charg\u00e9es et charg\u00e9s de cours de l\u2019UQAC.","og_url":"https:\/\/www.uqac.ca\/uqactualites\/2024\/05\/29\/le-syndicat-des-chargees-et-charges-de-cours-et-la-direction-de-luqac-procedent-a-la-signature-dune-convention-collective\/","og_site_name":"UQACtualit\u00e9s","article_published_time":"2024-05-29T17:35:19+00:00","article_modified_time":"2024-07-23T13:15:18+00:00","og_image":[{"width":1920,"height":1077,"url":"https:\/\/www.uqac.ca\/uqactualites\/wp-content\/uploads\/2024\/05\/Charges-de-cours-2024-mduhaime-h24.jpg","type":"image\/jpeg"}],"author":"Service des communications et des relations publiques","twitter_card":"summary_large_image","twitter_misc":{"\u00c9crit par":"Service des communications et des relations publiques","Estimation du temps de lecture":"2 minutes"},"schema":{"@context":"https:\/\/schema.org","@graph":[{"@type":"WebPage","@id":"https:\/\/www.uqac.ca\/uqactualites\/2024\/05\/29\/le-syndicat-des-chargees-et-charges-de-cours-et-la-direction-de-luqac-procedent-a-la-signature-dune-convention-collective\/","url":"https:\/\/www.uqac.ca\/uqactualites\/2024\/05\/29\/le-syndicat-des-chargees-et-charges-de-cours-et-la-direction-de-luqac-procedent-a-la-signature-dune-convention-collective\/","name":"Le Syndicat des charg\u00e9es et charg\u00e9s de cours et la direction de l\u2019UQAC proc\u00e8dent \u00e0 la signature de la convention collective - UQACtualit\u00e9s","isPartOf":{"@id":"https:\/\/www.uqac.ca\/uqactualites\/#website"},"primaryImageOfPage":{"@id":"https:\/\/www.uqac.ca\/uqactualites\/2024\/05\/29\/le-syndicat-des-chargees-et-charges-de-cours-et-la-direction-de-luqac-procedent-a-la-signature-dune-convention-collective\/#primaryimage"},"image":{"@id":"https:\/\/www.uqac.ca\/uqactualites\/2024\/05\/29\/le-syndicat-des-chargees-et-charges-de-cours-et-la-direction-de-luqac-procedent-a-la-signature-dune-convention-collective\/#primaryimage"},"thumbnailUrl":"https:\/\/www.uqac.ca\/uqactualites\/wp-content\/uploads\/2024\/05\/Charges-de-cours-2024-mduhaime-h24.jpg","datePublished":"2024-05-29T17:35:19+00:00","dateModified":"2024-07-23T13:15:18+00:00","author":{"@id":"https:\/\/www.uqac.ca\/uqactualites\/#\/schema\/person\/366c45a0c4f0e677b41b4af5886e2018"},"description":"Jeudi dernier marquait la signature de la Convention collective du Syndicat des charg\u00e9es et charg\u00e9s de cours de l\u2019UQAC.","breadcrumb":{"@id":"https:\/\/www.uqac.ca\/uqactualites\/2024\/05\/29\/le-syndicat-des-chargees-et-charges-de-cours-et-la-direction-de-luqac-procedent-a-la-signature-dune-convention-collective\/#breadcrumb"},"inLanguage":"fr-CA","potentialAction":[{"@type":"ReadAction","target":["https:\/\/www.uqac.ca\/uqactualites\/2024\/05\/29\/le-syndicat-des-chargees-et-charges-de-cours-et-la-direction-de-luqac-procedent-a-la-signature-dune-convention-collective\/"]}]},{"@type":"ImageObject","inLanguage":"fr-CA","@id":"https:\/\/www.uqac.ca\/uqactualites\/2024\/05\/29\/le-syndicat-des-chargees-et-charges-de-cours-et-la-direction-de-luqac-procedent-a-la-signature-dune-convention-collective\/#primaryimage","url":"https:\/\/www.uqac.ca\/uqactualites\/wp-content\/uploads\/2024\/05\/Charges-de-cours-2024-mduhaime-h24.jpg","contentUrl":"https:\/\/www.uqac.ca\/uqactualites\/wp-content\/uploads\/2024\/05\/Charges-de-cours-2024-mduhaime-h24.jpg","width":1920,"height":1077,"caption":"Syndicat UQAC"},{"@type":"BreadcrumbList","@id":"https:\/\/www.uqac.ca\/uqactualites\/2024\/05\/29\/le-syndicat-des-chargees-et-charges-de-cours-et-la-direction-de-luqac-procedent-a-la-signature-dune-convention-collective\/#breadcrumb","itemListElement":[{"@type":"ListItem","position":1,"name":"Home","item":"https:\/\/www.uqac.ca\/uqactualites\/"},{"@type":"ListItem","position":2,"name":"Le Syndicat des charg\u00e9es et charg\u00e9s de cours et la direction de l\u2019UQAC proc\u00e8dent \u00e0 la signature de la convention collective"}]},{"@type":"WebSite","@id":"https:\/\/www.uqac.ca\/uqactualites\/#website","url":"https:\/\/www.uqac.ca\/uqactualites\/","name":"UQACtualit\u00e9s","description":"Le portail des nouvelles de l&#039;UQAC","potentialAction":[{"@type":"SearchAction","target":{"@type":"EntryPoint","urlTemplate":"https:\/\/www.uqac.ca\/uqactualites\/?s={search_term_string}"},"query-input":{"@type":"PropertyValueSpecification","valueRequired":true,"valueName":"search_term_string"}}],"inLanguage":"fr-CA"},{"@type":"Person","@id":"https:\/\/www.uqac.ca\/uqactualites\/#\/schema\/person\/366c45a0c4f0e677b41b4af5886e2018","name":"Service des communications et des relations publiques","image":{"@type":"ImageObject","inLanguage":"fr-CA","@id":"https:\/\/www.uqac.ca\/uqactualites\/#\/schema\/person\/image\/","url":"https:\/\/secure.gravatar.com\/avatar\/20fbbda8a292f59f2d3461a5b999c00b?s=96&d=mm&r=g","contentUrl":"https:\/\/secure.gravatar.com\/avatar\/20fbbda8a292f59f2d3461a5b999c00b?s=96&d=mm&r=g","caption":"Service des communications et des relations publiques"},"url":"https:\/\/www.uqac.ca\/uqactualites\/author\/bap\/"}]}},"_links":{"self":[{"href":"https:\/\/www.uqac.ca\/uqactualites\/wp-json\/wp\/v2\/posts\/47446"}],"collection":[{"href":"https:\/\/www.uqac.ca\/uqactualites\/wp-json\/wp\/v2\/posts"}],"about":[{"href":"https:\/\/www.uqac.ca\/uqactualites\/wp-json\/wp\/v2\/types\/post"}],"author":[{"embeddable":true,"href":"https:\/\/www.uqac.ca\/uqactualites\/wp-json\/wp\/v2\/users\/5"}],"replies":[{"embeddable":true,"href":"https:\/\/www.uqac.ca\/uqactualites\/wp-json\/wp\/v2\/comments?post=47446"}],"version-history":[{"count":11,"href":"https:\/\/www.uqac.ca\/uqactualites\/wp-json\/wp\/v2\/posts\/47446\/revisions"}],"predecessor-version":[{"id":47989,"href":"https:\/\/www.uqac.ca\/uqactualites\/wp-json\/wp\/v2\/posts\/47446\/revisions\/47989"}],"wp:featuredmedia":[{"embeddable":true,"href":"https:\/\/www.uqac.ca\/uqactualites\/wp-json\/wp\/v2\/media\/47448"}],"wp:attachment":[{"href":"https:\/\/www.uqac.ca\/uqactualites\/wp-json\/wp\/v2\/media?parent=47446"}],"wp:term":[{"taxonomy":"category","embeddable":true,"href":"https:\/\/www.uqac.ca\/uqactualites\/wp-json\/wp\/v2\/categories?post=47446"},{"taxonomy":"post_tag","embeddable":true,"href":"https:\/\/www.uqac.ca\/uqactualites\/wp-json\/wp\/v2\/tags?post=47446"}],"curies":[{"name":"wp","href":"https:\/\/api.w.org\/{rel}","templated":true}]}}