{"id":47494,"date":"2024-06-03T14:46:32","date_gmt":"2024-06-03T18:46:32","guid":{"rendered":"https:\/\/www.uqac.ca\/uqactualites\/?p=47494"},"modified":"2024-07-22T15:31:14","modified_gmt":"2024-07-22T19:31:14","slug":"le-groupe-de-recherche-et-dintervention-regionale-publie-une-nouvelle-etude-sur-lessor-geographique-de-la-vigne-au-quebec","status":"publish","type":"post","link":"https:\/\/www.uqac.ca\/uqactualites\/2024\/06\/03\/le-groupe-de-recherche-et-dintervention-regionale-publie-une-nouvelle-etude-sur-lessor-geographique-de-la-vigne-au-quebec\/","title":{"rendered":"Le Groupe de recherche et d\u2019intervention r\u00e9gionales publie une nouvelle \u00e9tude sur l\u2019essor g\u00e9ographique de la vigne au Qu\u00e9bec"},"content":{"rendered":"<p>Depuis maintenant plus de 40 ans, le <a href=\"https:\/\/grir.uqac.ca\/\" target=\"_blank\" rel=\"noopener\">Groupe de recherche et d\u2019intervention r\u00e9gionales (GRIR)<\/a> de l\u2019UQAC \u0153uvre \u00e0 la r\u00e9alisation de recherches et d\u2019activit\u00e9s de soutien \u00e0 la recherche (s\u00e9minaires, colloques, conf\u00e9rences) \u00e0 travers une approche interdisciplinaire et dans la perspective d\u2019une prise en main des collectivit\u00e9s locales et r\u00e9gionales.<\/p>\n<p>D\u00e9couvrez leur plus r\u00e9cent rapport de recherche intitul\u00e9 <a href=\"https:\/\/www.uqac.ca\/boutique-grir\/product\/la-vigne-au-quebec-pdf-a-telecharger\/\" target=\"_blank\" rel=\"noopener\">La vigne au Qu\u00e9bec<\/a>.<\/p>\n<p>Dans cette publication, les g\u00e9ographes <a href=\"http:\/\/classiques.uqac.ca\/collection_histoire_SLSJ\/Gauthier_Majella\/gauthier_majella_photo\/auteur_photo.html\" target=\"_blank\" rel=\"noopener\">Majella-J. Gauthier<\/a> et R\u00e9al Beauregard tracent un portrait jamais r\u00e9alis\u00e9 du d\u00e9ploiement de la culture du raisin dans le territoire qu\u00e9b\u00e9cois au cours des soixante derni\u00e8res ann\u00e9es. Les nombreuses cartes produites montrent, par saccades de dix ans, la r\u00e9partition des exploitations et des hectares cultiv\u00e9s, et ce par divisions et subdivisions de recensement. De plus, les cartes sont coupl\u00e9es \u00e0 une analyse g\u00e9om\u00e9trique du ph\u00e9nom\u00e8ne montrant \u00e0 la fois une expansion territoriale et un d\u00e9placement vers le Nord.<\/p>\n<hr \/>\n<h4>R\u00e9sum\u00e9\u00a0de la publication<\/h4>\n<p><img loading=\"lazy\" decoding=\"async\" class=\"wp-image-47497 size-medium alignnone\" src=\"https:\/\/www.uqac.ca\/uqactualites\/wp-content\/uploads\/2024\/06\/GRIR-e1717439923296-231x300.png\" alt=\"\" width=\"231\" height=\"300\" srcset=\"https:\/\/www.uqac.ca\/uqactualites\/wp-content\/uploads\/2024\/06\/GRIR-e1717439923296-231x300.png 231w, https:\/\/www.uqac.ca\/uqactualites\/wp-content\/uploads\/2024\/06\/GRIR-e1717439923296-150x195.png 150w, https:\/\/www.uqac.ca\/uqactualites\/wp-content\/uploads\/2024\/06\/GRIR-e1717439923296-300x390.png 300w, https:\/\/www.uqac.ca\/uqactualites\/wp-content\/uploads\/2024\/06\/GRIR-e1717439923296.png 606w\" sizes=\"(max-width: 231px) 100vw, 231px\" \/><\/p>\n<p>La place que prend la viticulture dans le paysage et l\u2019\u00e9conomie du Qu\u00e9bec est r\u00e9cente. Avant les ann\u00e9es 1960, il n\u2019y avait que des bribes \u00e9parses. Mais depuis 2000, la vigne s\u2019est install\u00e9e avec plus de vigueur. Le raisin qu\u00e9b\u00e9cois a commenc\u00e9 \u00e0 garnir les tables et le vin \u00e0 remplir les verres. Dans la pr\u00e9sente \u00e9tude, les g\u00e9ographes analysent la r\u00e9partition spatiale des exploitations agricoles et leurs superficies sur les 60 derni\u00e8res ann\u00e9es. Ils mettent en parall\u00e8le deux notions cruciales\u00a0: changement et spatialit\u00e9. Ils effectuent notamment une analyse centrographique \u00e9clairante montrant la progression et l\u2019empreinte spatiale de la vigne jusqu\u2019en 2021 o\u00f9 l\u2019on ne comptait pas moins de 300 exploitations et pr\u00e8s de 1\u00a0000\u00a0hectares en culture. Les auteurs s\u2019appuient sur les donn\u00e9es du Recensement de l\u2019agriculture du Canada pour effectuer une analyse \u00e0 deux \u00e9chelles\u00a0: les divisions de recensement (en gros les MRC) et les subdivisions de recensement (en gros les municipalit\u00e9s et les villes). Il s\u2019ensuit particuli\u00e8rement cinq \u00e9vidences\u00a0: une augmentation du nombre d\u2019exploitations et des superficies, une concentration et une consolidation dans les espaces en production, une diffusion spatiale \u00e9largie, un impact social diversifi\u00e9 et surtout, de bons contrastes spatiaux. L\u2019\u00e9tude s\u2019adresse aux personnes qui s\u2019int\u00e9ressent \u00e0 la vigne, au raisin, \u00e0 sa production, \u00e0 sa consommation ainsi qu\u2019\u00e0 sa transformation en vin, en alcool, en jus, en gel\u00e9e, etc. Ces personnes peuvent \u00eatre de simples individus, des dilettantes, des producteurs agricoles et de futurs viticulteurs, des industriels, des agents de d\u00e9veloppement<\/p>\n<p>Gauthier, M-J., Beauregard, R. (2024). <strong><em>La vigne au Qu\u00e9bec<\/em><\/strong>. GRIR<\/p>\n<hr \/>\n<p>Il est possible de se procurer cette publication \u00e0 partir de la <a href=\"https:\/\/www.uqac.ca\/boutique-grir\/\" target=\"_blank\" rel=\"noopener\">boutique en ligne du GRIR<\/a>, en <a href=\"https:\/\/www.uqac.ca\/boutique-grir\/product\/la-vigne-au-quebec-pdf-a-telecharger\/\" target=\"_blank\" rel=\"noopener\">version num\u00e9rique<\/a> ou <a href=\"https:\/\/www.uqac.ca\/boutique-grir\/product\/la-vigne-au-quebec-pdf-a-telecharger\/\" target=\"_blank\" rel=\"noopener\">papier<\/a>.<\/p>\n","protected":false},"excerpt":{"rendered":"<p>Depuis maintenant plus de 40 ans, le Groupe de recherche et d\u2019intervention r\u00e9gionales (GRIR) de l\u2019UQAC \u0153uvre \u00e0 la r\u00e9alisation de recherches et d\u2019activit\u00e9s de soutien \u00e0 la recherche (s\u00e9minaires, colloques, conf\u00e9rences) \u00e0 travers une approche interdisciplinaire et dans la perspective d\u2019une prise en main des collectivit\u00e9s locales et r\u00e9gionales. D\u00e9couvrez leur plus r\u00e9cent rapport [&hellip;]<\/p>\n","protected":false},"author":5,"featured_media":47495,"comment_status":"closed","ping_status":"open","sticky":false,"template":"","format":"standard","meta":{"footnotes":""},"categories":[2,25],"tags":[1115,276,41,16],"yoast_head":"<!-- This site is optimized with the Yoast SEO plugin v24.2 - https:\/\/yoast.com\/wordpress\/plugins\/seo\/ -->\r\n<title>Le Groupe de recherche et d\u2019intervention r\u00e9gionales publie une nouvelle \u00e9tude sur l\u2019essor g\u00e9ographique de la vigne au Qu\u00e9bec - UQACtualit\u00e9s<\/title>\r\n<meta name=\"description\" content=\"Le GRIR (Groupe de recherche et d\u2019intervention r\u00e9gionale) publie une nouvelle \u00e9tude sur l\u2019essor g\u00e9ographique de la vigne au Qu\u00e9bec\" \/>\r\n<meta name=\"robots\" content=\"index, follow, max-snippet:-1, max-image-preview:large, max-video-preview:-1\" \/>\r\n<link rel=\"canonical\" href=\"https:\/\/www.uqac.ca\/uqactualites\/2024\/06\/03\/le-groupe-de-recherche-et-dintervention-regionale-publie-une-nouvelle-etude-sur-lessor-geographique-de-la-vigne-au-quebec\/\" \/>\r\n<meta property=\"og:locale\" content=\"fr_CA\" \/>\r\n<meta property=\"og:type\" content=\"article\" \/>\r\n<meta property=\"og:title\" content=\"Le Groupe de recherche et d\u2019intervention r\u00e9gionales publie une nouvelle \u00e9tude sur l\u2019essor g\u00e9ographique de la vigne au Qu\u00e9bec - UQACtualit\u00e9s\" \/>\r\n<meta property=\"og:description\" content=\"Le GRIR (Groupe de recherche et d\u2019intervention r\u00e9gionale) publie une nouvelle \u00e9tude sur l\u2019essor g\u00e9ographique de la vigne au Qu\u00e9bec\" \/>\r\n<meta property=\"og:url\" content=\"https:\/\/www.uqac.ca\/uqactualites\/2024\/06\/03\/le-groupe-de-recherche-et-dintervention-regionale-publie-une-nouvelle-etude-sur-lessor-geographique-de-la-vigne-au-quebec\/\" \/>\r\n<meta property=\"og:site_name\" content=\"UQACtualit\u00e9s\" \/>\r\n<meta property=\"article:published_time\" content=\"2024-06-03T18:46:32+00:00\" \/>\r\n<meta property=\"article:modified_time\" content=\"2024-07-22T19:31:14+00:00\" \/>\r\n<meta property=\"og:image\" content=\"https:\/\/www.uqac.ca\/uqactualites\/wp-content\/uploads\/2024\/06\/GRIR-Vigne-1024x576.png\" \/>\r\n\t<meta property=\"og:image:width\" content=\"1024\" \/>\r\n\t<meta property=\"og:image:height\" content=\"576\" \/>\r\n\t<meta property=\"og:image:type\" content=\"image\/png\" \/>\r\n<meta name=\"author\" content=\"Service des communications et des relations publiques\" \/>\r\n<meta name=\"twitter:card\" content=\"summary_large_image\" \/>\r\n<meta name=\"twitter:label1\" content=\"\u00c9crit par\" \/>\n\t<meta name=\"twitter:data1\" content=\"Service des communications et des relations publiques\" \/>\n\t<meta name=\"twitter:label2\" content=\"Estimation du temps de lecture\" \/>\n\t<meta name=\"twitter:data2\" content=\"3 minutes\" \/>\r\n<script type=\"application\/ld+json\" class=\"yoast-schema-graph\">{\"@context\":\"https:\/\/schema.org\",\"@graph\":[{\"@type\":\"WebPage\",\"@id\":\"https:\/\/www.uqac.ca\/uqactualites\/2024\/06\/03\/le-groupe-de-recherche-et-dintervention-regionale-publie-une-nouvelle-etude-sur-lessor-geographique-de-la-vigne-au-quebec\/\",\"url\":\"https:\/\/www.uqac.ca\/uqactualites\/2024\/06\/03\/le-groupe-de-recherche-et-dintervention-regionale-publie-une-nouvelle-etude-sur-lessor-geographique-de-la-vigne-au-quebec\/\",\"name\":\"Le Groupe de recherche et d\u2019intervention r\u00e9gionales publie une nouvelle \u00e9tude sur l\u2019essor g\u00e9ographique de la vigne au Qu\u00e9bec - UQACtualit\u00e9s\",\"isPartOf\":{\"@id\":\"https:\/\/www.uqac.ca\/uqactualites\/#website\"},\"primaryImageOfPage\":{\"@id\":\"https:\/\/www.uqac.ca\/uqactualites\/2024\/06\/03\/le-groupe-de-recherche-et-dintervention-regionale-publie-une-nouvelle-etude-sur-lessor-geographique-de-la-vigne-au-quebec\/#primaryimage\"},\"image\":{\"@id\":\"https:\/\/www.uqac.ca\/uqactualites\/2024\/06\/03\/le-groupe-de-recherche-et-dintervention-regionale-publie-une-nouvelle-etude-sur-lessor-geographique-de-la-vigne-au-quebec\/#primaryimage\"},\"thumbnailUrl\":\"https:\/\/www.uqac.ca\/uqactualites\/wp-content\/uploads\/2024\/06\/GRIR-Vigne.png\",\"datePublished\":\"2024-06-03T18:46:32+00:00\",\"dateModified\":\"2024-07-22T19:31:14+00:00\",\"author\":{\"@id\":\"https:\/\/www.uqac.ca\/uqactualites\/#\/schema\/person\/366c45a0c4f0e677b41b4af5886e2018\"},\"description\":\"Le GRIR (Groupe de recherche et d\u2019intervention r\u00e9gionale) publie une nouvelle \u00e9tude sur l\u2019essor g\u00e9ographique de la vigne au Qu\u00e9bec\",\"breadcrumb\":{\"@id\":\"https:\/\/www.uqac.ca\/uqactualites\/2024\/06\/03\/le-groupe-de-recherche-et-dintervention-regionale-publie-une-nouvelle-etude-sur-lessor-geographique-de-la-vigne-au-quebec\/#breadcrumb\"},\"inLanguage\":\"fr-CA\",\"potentialAction\":[{\"@type\":\"ReadAction\",\"target\":[\"https:\/\/www.uqac.ca\/uqactualites\/2024\/06\/03\/le-groupe-de-recherche-et-dintervention-regionale-publie-une-nouvelle-etude-sur-lessor-geographique-de-la-vigne-au-quebec\/\"]}]},{\"@type\":\"ImageObject\",\"inLanguage\":\"fr-CA\",\"@id\":\"https:\/\/www.uqac.ca\/uqactualites\/2024\/06\/03\/le-groupe-de-recherche-et-dintervention-regionale-publie-une-nouvelle-etude-sur-lessor-geographique-de-la-vigne-au-quebec\/#primaryimage\",\"url\":\"https:\/\/www.uqac.ca\/uqactualites\/wp-content\/uploads\/2024\/06\/GRIR-Vigne.png\",\"contentUrl\":\"https:\/\/www.uqac.ca\/uqactualites\/wp-content\/uploads\/2024\/06\/GRIR-Vigne.png\",\"width\":1920,\"height\":1080,\"caption\":\"GRIR\"},{\"@type\":\"BreadcrumbList\",\"@id\":\"https:\/\/www.uqac.ca\/uqactualites\/2024\/06\/03\/le-groupe-de-recherche-et-dintervention-regionale-publie-une-nouvelle-etude-sur-lessor-geographique-de-la-vigne-au-quebec\/#breadcrumb\",\"itemListElement\":[{\"@type\":\"ListItem\",\"position\":1,\"name\":\"Home\",\"item\":\"https:\/\/www.uqac.ca\/uqactualites\/\"},{\"@type\":\"ListItem\",\"position\":2,\"name\":\"Le Groupe de recherche et d\u2019intervention r\u00e9gionales publie une nouvelle \u00e9tude sur l\u2019essor g\u00e9ographique de la vigne au Qu\u00e9bec\"}]},{\"@type\":\"WebSite\",\"@id\":\"https:\/\/www.uqac.ca\/uqactualites\/#website\",\"url\":\"https:\/\/www.uqac.ca\/uqactualites\/\",\"name\":\"UQACtualit\u00e9s\",\"description\":\"Le portail des nouvelles de l&#039;UQAC\",\"potentialAction\":[{\"@type\":\"SearchAction\",\"target\":{\"@type\":\"EntryPoint\",\"urlTemplate\":\"https:\/\/www.uqac.ca\/uqactualites\/?s={search_term_string}\"},\"query-input\":{\"@type\":\"PropertyValueSpecification\",\"valueRequired\":true,\"valueName\":\"search_term_string\"}}],\"inLanguage\":\"fr-CA\"},{\"@type\":\"Person\",\"@id\":\"https:\/\/www.uqac.ca\/uqactualites\/#\/schema\/person\/366c45a0c4f0e677b41b4af5886e2018\",\"name\":\"Service des communications et des relations publiques\",\"image\":{\"@type\":\"ImageObject\",\"inLanguage\":\"fr-CA\",\"@id\":\"https:\/\/www.uqac.ca\/uqactualites\/#\/schema\/person\/image\/\",\"url\":\"https:\/\/secure.gravatar.com\/avatar\/20fbbda8a292f59f2d3461a5b999c00b?s=96&d=mm&r=g\",\"contentUrl\":\"https:\/\/secure.gravatar.com\/avatar\/20fbbda8a292f59f2d3461a5b999c00b?s=96&d=mm&r=g\",\"caption\":\"Service des communications et des relations publiques\"},\"url\":\"https:\/\/www.uqac.ca\/uqactualites\/author\/bap\/\"}]}<\/script>\r\n<!-- \/ Yoast SEO plugin. -->","yoast_head_json":{"title":"Le Groupe de recherche et d\u2019intervention r\u00e9gionales publie une nouvelle \u00e9tude sur l\u2019essor g\u00e9ographique de la vigne au Qu\u00e9bec - UQACtualit\u00e9s","description":"Le GRIR (Groupe de recherche et d\u2019intervention r\u00e9gionale) publie une nouvelle \u00e9tude sur l\u2019essor g\u00e9ographique de la vigne au Qu\u00e9bec","robots":{"index":"index","follow":"follow","max-snippet":"max-snippet:-1","max-image-preview":"max-image-preview:large","max-video-preview":"max-video-preview:-1"},"canonical":"https:\/\/www.uqac.ca\/uqactualites\/2024\/06\/03\/le-groupe-de-recherche-et-dintervention-regionale-publie-une-nouvelle-etude-sur-lessor-geographique-de-la-vigne-au-quebec\/","og_locale":"fr_CA","og_type":"article","og_title":"Le Groupe de recherche et d\u2019intervention r\u00e9gionales publie une nouvelle \u00e9tude sur l\u2019essor g\u00e9ographique de la vigne au Qu\u00e9bec - UQACtualit\u00e9s","og_description":"Le GRIR (Groupe de recherche et d\u2019intervention r\u00e9gionale) publie une nouvelle \u00e9tude sur l\u2019essor g\u00e9ographique de la vigne au Qu\u00e9bec","og_url":"https:\/\/www.uqac.ca\/uqactualites\/2024\/06\/03\/le-groupe-de-recherche-et-dintervention-regionale-publie-une-nouvelle-etude-sur-lessor-geographique-de-la-vigne-au-quebec\/","og_site_name":"UQACtualit\u00e9s","article_published_time":"2024-06-03T18:46:32+00:00","article_modified_time":"2024-07-22T19:31:14+00:00","og_image":[{"width":1024,"height":576,"url":"https:\/\/www.uqac.ca\/uqactualites\/wp-content\/uploads\/2024\/06\/GRIR-Vigne-1024x576.png","type":"image\/png"}],"author":"Service des communications et des relations publiques","twitter_card":"summary_large_image","twitter_misc":{"\u00c9crit par":"Service des communications et des relations publiques","Estimation du temps de lecture":"3 minutes"},"schema":{"@context":"https:\/\/schema.org","@graph":[{"@type":"WebPage","@id":"https:\/\/www.uqac.ca\/uqactualites\/2024\/06\/03\/le-groupe-de-recherche-et-dintervention-regionale-publie-une-nouvelle-etude-sur-lessor-geographique-de-la-vigne-au-quebec\/","url":"https:\/\/www.uqac.ca\/uqactualites\/2024\/06\/03\/le-groupe-de-recherche-et-dintervention-regionale-publie-une-nouvelle-etude-sur-lessor-geographique-de-la-vigne-au-quebec\/","name":"Le Groupe de recherche et d\u2019intervention r\u00e9gionales publie une nouvelle \u00e9tude sur l\u2019essor g\u00e9ographique de la vigne au Qu\u00e9bec - UQACtualit\u00e9s","isPartOf":{"@id":"https:\/\/www.uqac.ca\/uqactualites\/#website"},"primaryImageOfPage":{"@id":"https:\/\/www.uqac.ca\/uqactualites\/2024\/06\/03\/le-groupe-de-recherche-et-dintervention-regionale-publie-une-nouvelle-etude-sur-lessor-geographique-de-la-vigne-au-quebec\/#primaryimage"},"image":{"@id":"https:\/\/www.uqac.ca\/uqactualites\/2024\/06\/03\/le-groupe-de-recherche-et-dintervention-regionale-publie-une-nouvelle-etude-sur-lessor-geographique-de-la-vigne-au-quebec\/#primaryimage"},"thumbnailUrl":"https:\/\/www.uqac.ca\/uqactualites\/wp-content\/uploads\/2024\/06\/GRIR-Vigne.png","datePublished":"2024-06-03T18:46:32+00:00","dateModified":"2024-07-22T19:31:14+00:00","author":{"@id":"https:\/\/www.uqac.ca\/uqactualites\/#\/schema\/person\/366c45a0c4f0e677b41b4af5886e2018"},"description":"Le GRIR (Groupe de recherche et d\u2019intervention r\u00e9gionale) publie une nouvelle \u00e9tude sur l\u2019essor g\u00e9ographique de la vigne au Qu\u00e9bec","breadcrumb":{"@id":"https:\/\/www.uqac.ca\/uqactualites\/2024\/06\/03\/le-groupe-de-recherche-et-dintervention-regionale-publie-une-nouvelle-etude-sur-lessor-geographique-de-la-vigne-au-quebec\/#breadcrumb"},"inLanguage":"fr-CA","potentialAction":[{"@type":"ReadAction","target":["https:\/\/www.uqac.ca\/uqactualites\/2024\/06\/03\/le-groupe-de-recherche-et-dintervention-regionale-publie-une-nouvelle-etude-sur-lessor-geographique-de-la-vigne-au-quebec\/"]}]},{"@type":"ImageObject","inLanguage":"fr-CA","@id":"https:\/\/www.uqac.ca\/uqactualites\/2024\/06\/03\/le-groupe-de-recherche-et-dintervention-regionale-publie-une-nouvelle-etude-sur-lessor-geographique-de-la-vigne-au-quebec\/#primaryimage","url":"https:\/\/www.uqac.ca\/uqactualites\/wp-content\/uploads\/2024\/06\/GRIR-Vigne.png","contentUrl":"https:\/\/www.uqac.ca\/uqactualites\/wp-content\/uploads\/2024\/06\/GRIR-Vigne.png","width":1920,"height":1080,"caption":"GRIR"},{"@type":"BreadcrumbList","@id":"https:\/\/www.uqac.ca\/uqactualites\/2024\/06\/03\/le-groupe-de-recherche-et-dintervention-regionale-publie-une-nouvelle-etude-sur-lessor-geographique-de-la-vigne-au-quebec\/#breadcrumb","itemListElement":[{"@type":"ListItem","position":1,"name":"Home","item":"https:\/\/www.uqac.ca\/uqactualites\/"},{"@type":"ListItem","position":2,"name":"Le Groupe de recherche et d\u2019intervention r\u00e9gionales publie une nouvelle \u00e9tude sur l\u2019essor g\u00e9ographique de la vigne au Qu\u00e9bec"}]},{"@type":"WebSite","@id":"https:\/\/www.uqac.ca\/uqactualites\/#website","url":"https:\/\/www.uqac.ca\/uqactualites\/","name":"UQACtualit\u00e9s","description":"Le portail des nouvelles de l&#039;UQAC","potentialAction":[{"@type":"SearchAction","target":{"@type":"EntryPoint","urlTemplate":"https:\/\/www.uqac.ca\/uqactualites\/?s={search_term_string}"},"query-input":{"@type":"PropertyValueSpecification","valueRequired":true,"valueName":"search_term_string"}}],"inLanguage":"fr-CA"},{"@type":"Person","@id":"https:\/\/www.uqac.ca\/uqactualites\/#\/schema\/person\/366c45a0c4f0e677b41b4af5886e2018","name":"Service des communications et des relations publiques","image":{"@type":"ImageObject","inLanguage":"fr-CA","@id":"https:\/\/www.uqac.ca\/uqactualites\/#\/schema\/person\/image\/","url":"https:\/\/secure.gravatar.com\/avatar\/20fbbda8a292f59f2d3461a5b999c00b?s=96&d=mm&r=g","contentUrl":"https:\/\/secure.gravatar.com\/avatar\/20fbbda8a292f59f2d3461a5b999c00b?s=96&d=mm&r=g","caption":"Service des communications et des relations publiques"},"url":"https:\/\/www.uqac.ca\/uqactualites\/author\/bap\/"}]}},"_links":{"self":[{"href":"https:\/\/www.uqac.ca\/uqactualites\/wp-json\/wp\/v2\/posts\/47494"}],"collection":[{"href":"https:\/\/www.uqac.ca\/uqactualites\/wp-json\/wp\/v2\/posts"}],"about":[{"href":"https:\/\/www.uqac.ca\/uqactualites\/wp-json\/wp\/v2\/types\/post"}],"author":[{"embeddable":true,"href":"https:\/\/www.uqac.ca\/uqactualites\/wp-json\/wp\/v2\/users\/5"}],"replies":[{"embeddable":true,"href":"https:\/\/www.uqac.ca\/uqactualites\/wp-json\/wp\/v2\/comments?post=47494"}],"version-history":[{"count":7,"href":"https:\/\/www.uqac.ca\/uqactualites\/wp-json\/wp\/v2\/posts\/47494\/revisions"}],"predecessor-version":[{"id":47507,"href":"https:\/\/www.uqac.ca\/uqactualites\/wp-json\/wp\/v2\/posts\/47494\/revisions\/47507"}],"wp:featuredmedia":[{"embeddable":true,"href":"https:\/\/www.uqac.ca\/uqactualites\/wp-json\/wp\/v2\/media\/47495"}],"wp:attachment":[{"href":"https:\/\/www.uqac.ca\/uqactualites\/wp-json\/wp\/v2\/media?parent=47494"}],"wp:term":[{"taxonomy":"category","embeddable":true,"href":"https:\/\/www.uqac.ca\/uqactualites\/wp-json\/wp\/v2\/categories?post=47494"},{"taxonomy":"post_tag","embeddable":true,"href":"https:\/\/www.uqac.ca\/uqactualites\/wp-json\/wp\/v2\/tags?post=47494"}],"curies":[{"name":"wp","href":"https:\/\/api.w.org\/{rel}","templated":true}]}}