{"id":47512,"date":"2024-06-04T09:51:38","date_gmt":"2024-06-04T13:51:38","guid":{"rendered":"https:\/\/www.uqac.ca\/uqactualites\/?p=47512"},"modified":"2024-07-23T09:38:10","modified_gmt":"2024-07-23T13:38:10","slug":"juin-sous-les-themes-de-leau-et-de-lhistoire-autochtone","status":"publish","type":"post","link":"https:\/\/www.uqac.ca\/uqactualites\/2024\/06\/04\/juin-sous-les-themes-de-leau-et-de-lhistoire-autochtone\/","title":{"rendered":"Juin sous les th\u00e8mes de l\u2019eau et de l\u2019histoire autochtone"},"content":{"rendered":"<p>Avec les temp\u00e9ratures ensoleill\u00e9es de ce d\u00e9but de juin, il est crucial de se rappeler l&rsquo;importance du mois de l&rsquo;eau et de la gestion durable de cette ressource pr\u00e9cieuse. \u00c0 l\u2019aube de la p\u00e9riode estivale qui s\u2019installe, il est plus pertinent que jamais de promouvoir des pratiques responsables, de soutenir des initiatives pour l&rsquo;am\u00e9lioration des infrastructures et de rappeler l&rsquo;importance de pr\u00e9server cette ressource vitale pour les g\u00e9n\u00e9rations futures.<\/p>\n<p>Plusieurs chercheurs et chercheuses de notre Universit\u00e9 s\u2019attardent \u00e0 documenter les questions entourant l\u2019eau notamment la gestion des eaux souterraines comme ressources avec le <a href=\"https:\/\/cerm.uqac.ca\/\">Centre d\u2019\u00e9tudes sur les ressources min\u00e9rales<\/a> (CERM), ou encore la gestion des ressources halieutiques et des habitats aquatiques avec la <a href=\"https:\/\/creb-uqac.ca\/recherches\/chaire-de-recherche-sur-les-especes-aquatiques-exploitees-creae\/\">Chaire de recherche sur les esp\u00e8ces aquatiques<\/a> (CREAE). D\u2019ailleurs, notre vice-recteur \u00e0 la recherche, \u00e0 la cr\u00e9ation, \u00e0 l&rsquo;innovation et aux partenariats, Mohamed Bouazara, ainsi que des membres de la CREAE participaient la semaine derni\u00e8re au Symposium Enviro-Actions 2024 \u00e0 Sept-\u00celes. Cet \u00e9v\u00e9nement portait sur les innovations et les outils disponibles pour une gestion environnementale pr\u00e9ventive en zone portuaire et \u00e9tait organis\u00e9 par l\u2019INREST, l\u2019institut nordique de recherche en environnement et en sant\u00e9 au travail. \u00c0 cette occasion et pour c\u00e9l\u00e9brer son 10<sup>e<\/sup> anniversaire d\u2019innovation cette ann\u00e9e, mentionnons que l\u2019INREST a remis une distinction en guise de reconnaissance \u00e0 notre Universit\u00e9 pour sa contribution au d\u00e9veloppement d\u2019outils et d\u2019actions environnementales pr\u00e9ventives favorisant la pr\u00e9servation des \u00e9cosyst\u00e8mes et un d\u00e9veloppement durable.<\/p>\n<p>La recherche demeure primordiale pour pr\u00e9server cette ressource si importante. Profitons donc de ce mois pour c\u00e9l\u00e9brer les avanc\u00e9es et renforcer les efforts pour assurer un acc\u00e8s \u00e9quitable \u00e0 l&rsquo;eau pour toutes et tous.<\/p>\n<p>Juin est \u00e9galement le mois national de l&rsquo;histoire autochtone que nous avons c\u00e9l\u00e9br\u00e9 cette semaine \u00e0 l\u2019UQAC avec le Forum <a href=\"https:\/\/nikanite.uqac.ca\/\">Nikanite<\/a>. Voil\u00e0 une occasion tout indiqu\u00e9e pour dialoguer, apprendre ensemble et s&rsquo;inspirer les uns des autres. F\u00e9licitations au comit\u00e9 organisateur pour ce premier colloque qui pr\u00e9sentait une riche programmation.<\/p>\n<p>En tant qu&rsquo;\u00e9tablissement d&rsquo;enseignement sup\u00e9rieur, nous avons la responsabilit\u00e9 de reconna\u00eetre et de soutenir les cultures autochtones dans nos programmes, nos recherches et nos initiatives communautaires. Ainsi, nous devons continuer \u00e0 promouvoir une \u00e9ducation qui valorise les perspectives autochtones et favorise le respect mutuel. Nous nous engageons \u00e0 fournir des ressources, des programmes et des services qui r\u00e9pondent aux besoins sp\u00e9cifiques des \u00e9tudiants autochtones et \u00e0 l\u2019UQAC nous sommes fiers de collaborer avec les communaut\u00e9s autochtones pour d\u00e9velopper des programmes d&rsquo;\u00e9tudes pertinents, des bourses d&rsquo;\u00e9tudes et des initiatives qui favorisent la r\u00e9ussite scolaire et la pers\u00e9v\u00e9rance.<\/p>\n<p>Nous sommes \u00e9galement fiers des collaborations actuelles et les possibilit\u00e9s de collaborations futures de la Chaire multidisciplinaire de formation et de recherche en contexte d\u2019int\u00e9gration des perspectives autochtones dans l\u2019enseignement sup\u00e9rieur, sous la co-direction du professeur \u00c9rik Langevin et de la cheffe des relations avec les Premi\u00e8res Nations Danielle Rousselot.<\/p>\n<p>Bon mois de juin \u00e0 toutes et \u00e0 tous!<\/p>\n","protected":false},"excerpt":{"rendered":"<p>Avec les temp\u00e9ratures ensoleill\u00e9es de ce d\u00e9but de juin, il est crucial de se rappeler l&rsquo;importance du mois de l&rsquo;eau et de la gestion durable de cette ressource pr\u00e9cieuse. \u00c0 l\u2019aube de la p\u00e9riode estivale qui s\u2019installe, il est plus pertinent que jamais de promouvoir des pratiques responsables, de soutenir des initiatives pour l&rsquo;am\u00e9lioration des [&hellip;]<\/p>\n","protected":false},"author":10,"featured_media":47514,"comment_status":"closed","ping_status":"open","sticky":false,"template":"","format":"standard","meta":{"footnotes":""},"categories":[2792],"tags":[],"yoast_head":"<!-- This site is optimized with the Yoast SEO plugin v24.2 - https:\/\/yoast.com\/wordpress\/plugins\/seo\/ -->\r\n<title>Juin sous les th\u00e8mes de l\u2019eau et de l\u2019histoire autochtone - UQACtualit\u00e9s<\/title>\r\n<meta name=\"robots\" content=\"index, follow, max-snippet:-1, max-image-preview:large, max-video-preview:-1\" \/>\r\n<link rel=\"canonical\" href=\"https:\/\/www.uqac.ca\/uqactualites\/2024\/06\/04\/juin-sous-les-themes-de-leau-et-de-lhistoire-autochtone\/\" \/>\r\n<meta property=\"og:locale\" content=\"fr_CA\" \/>\r\n<meta property=\"og:type\" content=\"article\" \/>\r\n<meta property=\"og:title\" content=\"Juin sous les th\u00e8mes de l\u2019eau et de l\u2019histoire autochtone - UQACtualit\u00e9s\" \/>\r\n<meta property=\"og:description\" content=\"Avec les temp\u00e9ratures ensoleill\u00e9es de ce d\u00e9but de juin, il est crucial de se rappeler l&rsquo;importance du mois de l&rsquo;eau et de la gestion durable de cette ressource pr\u00e9cieuse. \u00c0 l\u2019aube de la p\u00e9riode estivale qui s\u2019installe, il est plus pertinent que jamais de promouvoir des pratiques responsables, de soutenir des initiatives pour l&rsquo;am\u00e9lioration des [&hellip;]\" \/>\r\n<meta property=\"og:url\" content=\"https:\/\/www.uqac.ca\/uqactualites\/2024\/06\/04\/juin-sous-les-themes-de-leau-et-de-lhistoire-autochtone\/\" \/>\r\n<meta property=\"og:site_name\" content=\"UQACtualit\u00e9s\" \/>\r\n<meta property=\"article:published_time\" content=\"2024-06-04T13:51:38+00:00\" \/>\r\n<meta property=\"article:modified_time\" content=\"2024-07-23T13:38:10+00:00\" \/>\r\n<meta property=\"og:image\" content=\"https:\/\/www.uqac.ca\/uqactualites\/wp-content\/uploads\/2024\/06\/NatureSaguenay_staillo_E21_-11-2-scaled.jpg\" \/>\r\n\t<meta property=\"og:image:width\" content=\"2560\" \/>\r\n\t<meta property=\"og:image:height\" content=\"1707\" \/>\r\n\t<meta property=\"og:image:type\" content=\"image\/jpeg\" \/>\r\n<meta name=\"author\" content=\"Ghislain Samson\" \/>\r\n<meta name=\"twitter:card\" content=\"summary_large_image\" \/>\r\n<meta name=\"twitter:label1\" content=\"\u00c9crit par\" \/>\n\t<meta name=\"twitter:data1\" content=\"Ghislain Samson\" \/>\n\t<meta name=\"twitter:label2\" content=\"Estimation du temps de lecture\" \/>\n\t<meta name=\"twitter:data2\" content=\"3 minutes\" \/>\r\n<script type=\"application\/ld+json\" class=\"yoast-schema-graph\">{\"@context\":\"https:\/\/schema.org\",\"@graph\":[{\"@type\":\"WebPage\",\"@id\":\"https:\/\/www.uqac.ca\/uqactualites\/2024\/06\/04\/juin-sous-les-themes-de-leau-et-de-lhistoire-autochtone\/\",\"url\":\"https:\/\/www.uqac.ca\/uqactualites\/2024\/06\/04\/juin-sous-les-themes-de-leau-et-de-lhistoire-autochtone\/\",\"name\":\"Juin sous les th\u00e8mes de l\u2019eau et de l\u2019histoire autochtone - UQACtualit\u00e9s\",\"isPartOf\":{\"@id\":\"https:\/\/www.uqac.ca\/uqactualites\/#website\"},\"primaryImageOfPage\":{\"@id\":\"https:\/\/www.uqac.ca\/uqactualites\/2024\/06\/04\/juin-sous-les-themes-de-leau-et-de-lhistoire-autochtone\/#primaryimage\"},\"image\":{\"@id\":\"https:\/\/www.uqac.ca\/uqactualites\/2024\/06\/04\/juin-sous-les-themes-de-leau-et-de-lhistoire-autochtone\/#primaryimage\"},\"thumbnailUrl\":\"https:\/\/www.uqac.ca\/uqactualites\/wp-content\/uploads\/2024\/06\/NatureSaguenay_staillo_E21_-11-2-scaled.jpg\",\"datePublished\":\"2024-06-04T13:51:38+00:00\",\"dateModified\":\"2024-07-23T13:38:10+00:00\",\"author\":{\"@id\":\"https:\/\/www.uqac.ca\/uqactualites\/#\/schema\/person\/ae2225f9f23eebff67a6e899225952fb\"},\"breadcrumb\":{\"@id\":\"https:\/\/www.uqac.ca\/uqactualites\/2024\/06\/04\/juin-sous-les-themes-de-leau-et-de-lhistoire-autochtone\/#breadcrumb\"},\"inLanguage\":\"fr-CA\",\"potentialAction\":[{\"@type\":\"ReadAction\",\"target\":[\"https:\/\/www.uqac.ca\/uqactualites\/2024\/06\/04\/juin-sous-les-themes-de-leau-et-de-lhistoire-autochtone\/\"]}]},{\"@type\":\"ImageObject\",\"inLanguage\":\"fr-CA\",\"@id\":\"https:\/\/www.uqac.ca\/uqactualites\/2024\/06\/04\/juin-sous-les-themes-de-leau-et-de-lhistoire-autochtone\/#primaryimage\",\"url\":\"https:\/\/www.uqac.ca\/uqactualites\/wp-content\/uploads\/2024\/06\/NatureSaguenay_staillo_E21_-11-2-scaled.jpg\",\"contentUrl\":\"https:\/\/www.uqac.ca\/uqactualites\/wp-content\/uploads\/2024\/06\/NatureSaguenay_staillo_E21_-11-2-scaled.jpg\",\"width\":2560,\"height\":1707},{\"@type\":\"BreadcrumbList\",\"@id\":\"https:\/\/www.uqac.ca\/uqactualites\/2024\/06\/04\/juin-sous-les-themes-de-leau-et-de-lhistoire-autochtone\/#breadcrumb\",\"itemListElement\":[{\"@type\":\"ListItem\",\"position\":1,\"name\":\"Home\",\"item\":\"https:\/\/www.uqac.ca\/uqactualites\/\"},{\"@type\":\"ListItem\",\"position\":2,\"name\":\"Juin sous les th\u00e8mes de l\u2019eau et de l\u2019histoire autochtone\"}]},{\"@type\":\"WebSite\",\"@id\":\"https:\/\/www.uqac.ca\/uqactualites\/#website\",\"url\":\"https:\/\/www.uqac.ca\/uqactualites\/\",\"name\":\"UQACtualit\u00e9s\",\"description\":\"Le portail des nouvelles de l&#039;UQAC\",\"potentialAction\":[{\"@type\":\"SearchAction\",\"target\":{\"@type\":\"EntryPoint\",\"urlTemplate\":\"https:\/\/www.uqac.ca\/uqactualites\/?s={search_term_string}\"},\"query-input\":{\"@type\":\"PropertyValueSpecification\",\"valueRequired\":true,\"valueName\":\"search_term_string\"}}],\"inLanguage\":\"fr-CA\"},{\"@type\":\"Person\",\"@id\":\"https:\/\/www.uqac.ca\/uqactualites\/#\/schema\/person\/ae2225f9f23eebff67a6e899225952fb\",\"name\":\"Ghislain Samson\",\"image\":{\"@type\":\"ImageObject\",\"inLanguage\":\"fr-CA\",\"@id\":\"https:\/\/www.uqac.ca\/uqactualites\/#\/schema\/person\/image\/\",\"url\":\"https:\/\/secure.gravatar.com\/avatar\/61ad9756d7707fefb25ed321388b2105?s=96&d=mm&r=g\",\"contentUrl\":\"https:\/\/secure.gravatar.com\/avatar\/61ad9756d7707fefb25ed321388b2105?s=96&d=mm&r=g\",\"caption\":\"Ghislain Samson\"},\"url\":\"https:\/\/www.uqac.ca\/uqactualites\/author\/gsamson\/\"}]}<\/script>\r\n<!-- \/ Yoast SEO plugin. -->","yoast_head_json":{"title":"Juin sous les th\u00e8mes de l\u2019eau et de l\u2019histoire autochtone - UQACtualit\u00e9s","robots":{"index":"index","follow":"follow","max-snippet":"max-snippet:-1","max-image-preview":"max-image-preview:large","max-video-preview":"max-video-preview:-1"},"canonical":"https:\/\/www.uqac.ca\/uqactualites\/2024\/06\/04\/juin-sous-les-themes-de-leau-et-de-lhistoire-autochtone\/","og_locale":"fr_CA","og_type":"article","og_title":"Juin sous les th\u00e8mes de l\u2019eau et de l\u2019histoire autochtone - UQACtualit\u00e9s","og_description":"Avec les temp\u00e9ratures ensoleill\u00e9es de ce d\u00e9but de juin, il est crucial de se rappeler l&rsquo;importance du mois de l&rsquo;eau et de la gestion durable de cette ressource pr\u00e9cieuse. \u00c0 l\u2019aube de la p\u00e9riode estivale qui s\u2019installe, il est plus pertinent que jamais de promouvoir des pratiques responsables, de soutenir des initiatives pour l&rsquo;am\u00e9lioration des [&hellip;]","og_url":"https:\/\/www.uqac.ca\/uqactualites\/2024\/06\/04\/juin-sous-les-themes-de-leau-et-de-lhistoire-autochtone\/","og_site_name":"UQACtualit\u00e9s","article_published_time":"2024-06-04T13:51:38+00:00","article_modified_time":"2024-07-23T13:38:10+00:00","og_image":[{"width":2560,"height":1707,"url":"https:\/\/www.uqac.ca\/uqactualites\/wp-content\/uploads\/2024\/06\/NatureSaguenay_staillo_E21_-11-2-scaled.jpg","type":"image\/jpeg"}],"author":"Ghislain Samson","twitter_card":"summary_large_image","twitter_misc":{"\u00c9crit par":"Ghislain Samson","Estimation du temps de lecture":"3 minutes"},"schema":{"@context":"https:\/\/schema.org","@graph":[{"@type":"WebPage","@id":"https:\/\/www.uqac.ca\/uqactualites\/2024\/06\/04\/juin-sous-les-themes-de-leau-et-de-lhistoire-autochtone\/","url":"https:\/\/www.uqac.ca\/uqactualites\/2024\/06\/04\/juin-sous-les-themes-de-leau-et-de-lhistoire-autochtone\/","name":"Juin sous les th\u00e8mes de l\u2019eau et de l\u2019histoire autochtone - UQACtualit\u00e9s","isPartOf":{"@id":"https:\/\/www.uqac.ca\/uqactualites\/#website"},"primaryImageOfPage":{"@id":"https:\/\/www.uqac.ca\/uqactualites\/2024\/06\/04\/juin-sous-les-themes-de-leau-et-de-lhistoire-autochtone\/#primaryimage"},"image":{"@id":"https:\/\/www.uqac.ca\/uqactualites\/2024\/06\/04\/juin-sous-les-themes-de-leau-et-de-lhistoire-autochtone\/#primaryimage"},"thumbnailUrl":"https:\/\/www.uqac.ca\/uqactualites\/wp-content\/uploads\/2024\/06\/NatureSaguenay_staillo_E21_-11-2-scaled.jpg","datePublished":"2024-06-04T13:51:38+00:00","dateModified":"2024-07-23T13:38:10+00:00","author":{"@id":"https:\/\/www.uqac.ca\/uqactualites\/#\/schema\/person\/ae2225f9f23eebff67a6e899225952fb"},"breadcrumb":{"@id":"https:\/\/www.uqac.ca\/uqactualites\/2024\/06\/04\/juin-sous-les-themes-de-leau-et-de-lhistoire-autochtone\/#breadcrumb"},"inLanguage":"fr-CA","potentialAction":[{"@type":"ReadAction","target":["https:\/\/www.uqac.ca\/uqactualites\/2024\/06\/04\/juin-sous-les-themes-de-leau-et-de-lhistoire-autochtone\/"]}]},{"@type":"ImageObject","inLanguage":"fr-CA","@id":"https:\/\/www.uqac.ca\/uqactualites\/2024\/06\/04\/juin-sous-les-themes-de-leau-et-de-lhistoire-autochtone\/#primaryimage","url":"https:\/\/www.uqac.ca\/uqactualites\/wp-content\/uploads\/2024\/06\/NatureSaguenay_staillo_E21_-11-2-scaled.jpg","contentUrl":"https:\/\/www.uqac.ca\/uqactualites\/wp-content\/uploads\/2024\/06\/NatureSaguenay_staillo_E21_-11-2-scaled.jpg","width":2560,"height":1707},{"@type":"BreadcrumbList","@id":"https:\/\/www.uqac.ca\/uqactualites\/2024\/06\/04\/juin-sous-les-themes-de-leau-et-de-lhistoire-autochtone\/#breadcrumb","itemListElement":[{"@type":"ListItem","position":1,"name":"Home","item":"https:\/\/www.uqac.ca\/uqactualites\/"},{"@type":"ListItem","position":2,"name":"Juin sous les th\u00e8mes de l\u2019eau et de l\u2019histoire autochtone"}]},{"@type":"WebSite","@id":"https:\/\/www.uqac.ca\/uqactualites\/#website","url":"https:\/\/www.uqac.ca\/uqactualites\/","name":"UQACtualit\u00e9s","description":"Le portail des nouvelles de l&#039;UQAC","potentialAction":[{"@type":"SearchAction","target":{"@type":"EntryPoint","urlTemplate":"https:\/\/www.uqac.ca\/uqactualites\/?s={search_term_string}"},"query-input":{"@type":"PropertyValueSpecification","valueRequired":true,"valueName":"search_term_string"}}],"inLanguage":"fr-CA"},{"@type":"Person","@id":"https:\/\/www.uqac.ca\/uqactualites\/#\/schema\/person\/ae2225f9f23eebff67a6e899225952fb","name":"Ghislain Samson","image":{"@type":"ImageObject","inLanguage":"fr-CA","@id":"https:\/\/www.uqac.ca\/uqactualites\/#\/schema\/person\/image\/","url":"https:\/\/secure.gravatar.com\/avatar\/61ad9756d7707fefb25ed321388b2105?s=96&d=mm&r=g","contentUrl":"https:\/\/secure.gravatar.com\/avatar\/61ad9756d7707fefb25ed321388b2105?s=96&d=mm&r=g","caption":"Ghislain Samson"},"url":"https:\/\/www.uqac.ca\/uqactualites\/author\/gsamson\/"}]}},"_links":{"self":[{"href":"https:\/\/www.uqac.ca\/uqactualites\/wp-json\/wp\/v2\/posts\/47512"}],"collection":[{"href":"https:\/\/www.uqac.ca\/uqactualites\/wp-json\/wp\/v2\/posts"}],"about":[{"href":"https:\/\/www.uqac.ca\/uqactualites\/wp-json\/wp\/v2\/types\/post"}],"author":[{"embeddable":true,"href":"https:\/\/www.uqac.ca\/uqactualites\/wp-json\/wp\/v2\/users\/10"}],"replies":[{"embeddable":true,"href":"https:\/\/www.uqac.ca\/uqactualites\/wp-json\/wp\/v2\/comments?post=47512"}],"version-history":[{"count":5,"href":"https:\/\/www.uqac.ca\/uqactualites\/wp-json\/wp\/v2\/posts\/47512\/revisions"}],"predecessor-version":[{"id":47523,"href":"https:\/\/www.uqac.ca\/uqactualites\/wp-json\/wp\/v2\/posts\/47512\/revisions\/47523"}],"wp:featuredmedia":[{"embeddable":true,"href":"https:\/\/www.uqac.ca\/uqactualites\/wp-json\/wp\/v2\/media\/47514"}],"wp:attachment":[{"href":"https:\/\/www.uqac.ca\/uqactualites\/wp-json\/wp\/v2\/media?parent=47512"}],"wp:term":[{"taxonomy":"category","embeddable":true,"href":"https:\/\/www.uqac.ca\/uqactualites\/wp-json\/wp\/v2\/categories?post=47512"},{"taxonomy":"post_tag","embeddable":true,"href":"https:\/\/www.uqac.ca\/uqactualites\/wp-json\/wp\/v2\/tags?post=47512"}],"curies":[{"name":"wp","href":"https:\/\/api.w.org\/{rel}","templated":true}]}}