{"id":47518,"date":"2024-06-04T16:28:04","date_gmt":"2024-06-04T20:28:04","guid":{"rendered":"https:\/\/www.uqac.ca\/uqactualites\/?p=47518"},"modified":"2024-07-22T15:29:25","modified_gmt":"2024-07-22T19:29:25","slug":"des-etudiantes-et-etudiants-de-mgp-lancent-une-initiative-pour-promouvoir-lactivite-physique","status":"publish","type":"post","link":"https:\/\/www.uqac.ca\/uqactualites\/2024\/06\/04\/des-etudiantes-et-etudiants-de-mgp-lancent-une-initiative-pour-promouvoir-lactivite-physique\/","title":{"rendered":"Des \u00e9tudiantes et \u00e9tudiants de MGP lancent une initiative pour promouvoir l&rsquo;activit\u00e9 physique"},"content":{"rendered":"<p>Dans le cadre du s\u00e9minaire d\u2019application de la <a href=\"https:\/\/www.uqac.ca\/programme\/3249-maitrise-en-gestion-de-projet\/\" target=\"_blank\" rel=\"noopener\">ma\u00eetrise en gestion de projet (MGP)<\/a>, un groupe de 5 \u00e9tudiantes et \u00e9tudiants (Loula Girma, Claudie Michaud, Alice Dulac, C\u00e9lia Frassier et Lucas Lefauconnier) ont organis\u00e9, le 18 mai dernier, un \u00e9v\u00e9nement sportif intitul\u00e9 <a href=\"https:\/\/www.facebook.com\/p\/La-Course-%C3%89toil%C3%A9e-Pour-Tous-61557918055407\/\" target=\"_blank\" rel=\"noopener\">La course \u00e9toil\u00e9e pour tous.<\/a> Cette course non-comp\u00e9titive, qui s\u2019est tenue dans le parc de la Rivi\u00e8re-du-Moulin, avait pour but de promouvoir l\u2019activit\u00e9 physique et ses bienfaits d\u2019une fa\u00e7on ludique et originale. L\u2019\u00e9v\u00e9nement a \u00e9t\u00e9 r\u00e9alis\u00e9 au nom de la <a href=\"https:\/\/fuqac.ca\/\" target=\"_blank\" rel=\"noopener\">Fondation de l\u2019UQAC (FUQAC)<\/a>, afin de r\u00e9colter des dons pour le financement de leur programme de bourses d\u2019\u00e9tudes.<\/p>\n<p>Pour l\u2019occasion, les \u00e9tudiantes et \u00e9tudiants de MGP ont choisi d&rsquo;organiser un trajet balis\u00e9 de 5 km. Ce parcours \u00e9tait ouvert aux coureuses et coureurs de tous les \u00e2ges et de tous les niveaux ainsi qu\u2019aux marcheuses et marcheurs. La course avait pour particularit\u00e9 de se d\u00e9rouler \u00e0 la tomb\u00e9e de la nuit, c\u2019est pourquoi les participantes et participants \u00e9taient invit\u00e9s \u00e0 porter des v\u00eatements color\u00e9s et \u00e0 apporter des accessoires lumineux.<\/p>\n<p>Malgr\u00e9 le temps pluvieux, l\u2019\u00e9v\u00e9nement est parvenu \u00e0 r\u00e9unir 75 participantes et participants provenant de tous les horizons, autant des familles avec de jeunes enfants, que des coureuses et coureurs exp\u00e9riment\u00e9s, et m\u00eame des cyclistes. C\u2019est dans une ambiance festive et conviviale que la course s\u2019est conclue par un tirage de prix offerts par les commanditaires de la course: Massoth\u00e9rapie KinOrth et Vert Tige.<\/p>\n<p>Merci \u00e0 toutes les personnes participantes pour avoir fait de cet \u00e9v\u00e9nement un succ\u00e8s!<\/p>\n<p>&nbsp;<\/p>\n","protected":false},"excerpt":{"rendered":"<p>Dans le cadre du s\u00e9minaire d\u2019application de la ma\u00eetrise en gestion de projet (MGP), un groupe de 5 \u00e9tudiantes et \u00e9tudiants (Loula Girma, Claudie Michaud, Alice Dulac, C\u00e9lia Frassier et Lucas Lefauconnier) ont organis\u00e9, le 18 mai dernier, un \u00e9v\u00e9nement sportif intitul\u00e9 La course \u00e9toil\u00e9e pour tous. Cette course non-comp\u00e9titive, qui s\u2019est tenue dans le [&hellip;]<\/p>\n","protected":false},"author":5,"featured_media":47520,"comment_status":"closed","ping_status":"open","sticky":false,"template":"","format":"standard","meta":{"footnotes":""},"categories":[2795,61],"tags":[8,49,963,1690],"yoast_head":"<!-- This site is optimized with the Yoast SEO plugin v24.2 - https:\/\/yoast.com\/wordpress\/plugins\/seo\/ -->\r\n<title>Des \u00e9tudiantes et \u00e9tudiants de MGP lancent une initiative pour promouvoir l&#039;activit\u00e9 physique - UQACtualit\u00e9s<\/title>\r\n<meta name=\"description\" content=\"Un groupe de 5 \u00e9tudiantes et \u00e9tudiants de MGP ont organis\u00e9, le 18 mai dernier, un \u00e9v\u00e9nement sportif intitul\u00e9 La course \u00e9toil\u00e9e pour tous.\" \/>\r\n<meta name=\"robots\" content=\"index, follow, max-snippet:-1, max-image-preview:large, max-video-preview:-1\" \/>\r\n<link rel=\"canonical\" href=\"https:\/\/www.uqac.ca\/uqactualites\/2024\/06\/04\/des-etudiantes-et-etudiants-de-mgp-lancent-une-initiative-pour-promouvoir-lactivite-physique\/\" \/>\r\n<meta property=\"og:locale\" content=\"fr_CA\" \/>\r\n<meta property=\"og:type\" content=\"article\" \/>\r\n<meta property=\"og:title\" content=\"Des \u00e9tudiantes et \u00e9tudiants de MGP lancent une initiative pour promouvoir l&#039;activit\u00e9 physique - UQACtualit\u00e9s\" \/>\r\n<meta property=\"og:description\" content=\"Un groupe de 5 \u00e9tudiantes et \u00e9tudiants de MGP ont organis\u00e9, le 18 mai dernier, un \u00e9v\u00e9nement sportif intitul\u00e9 La course \u00e9toil\u00e9e pour tous.\" \/>\r\n<meta property=\"og:url\" content=\"https:\/\/www.uqac.ca\/uqactualites\/2024\/06\/04\/des-etudiantes-et-etudiants-de-mgp-lancent-une-initiative-pour-promouvoir-lactivite-physique\/\" \/>\r\n<meta property=\"og:site_name\" content=\"UQACtualit\u00e9s\" \/>\r\n<meta property=\"article:published_time\" content=\"2024-06-04T20:28:04+00:00\" \/>\r\n<meta property=\"article:modified_time\" content=\"2024-07-22T19:29:25+00:00\" \/>\r\n<meta property=\"og:image\" content=\"https:\/\/www.uqac.ca\/uqactualites\/wp-content\/uploads\/2024\/06\/Course-etoilee-1024x576.png\" \/>\r\n\t<meta property=\"og:image:width\" content=\"1024\" \/>\r\n\t<meta property=\"og:image:height\" content=\"576\" \/>\r\n\t<meta property=\"og:image:type\" content=\"image\/png\" \/>\r\n<meta name=\"author\" content=\"Service des communications et des relations publiques\" \/>\r\n<meta name=\"twitter:card\" content=\"summary_large_image\" \/>\r\n<meta name=\"twitter:label1\" content=\"\u00c9crit par\" \/>\n\t<meta name=\"twitter:data1\" content=\"Service des communications et des relations publiques\" \/>\n\t<meta name=\"twitter:label2\" content=\"Estimation du temps de lecture\" \/>\n\t<meta name=\"twitter:data2\" content=\"2 minutes\" \/>\r\n<script type=\"application\/ld+json\" class=\"yoast-schema-graph\">{\"@context\":\"https:\/\/schema.org\",\"@graph\":[{\"@type\":\"WebPage\",\"@id\":\"https:\/\/www.uqac.ca\/uqactualites\/2024\/06\/04\/des-etudiantes-et-etudiants-de-mgp-lancent-une-initiative-pour-promouvoir-lactivite-physique\/\",\"url\":\"https:\/\/www.uqac.ca\/uqactualites\/2024\/06\/04\/des-etudiantes-et-etudiants-de-mgp-lancent-une-initiative-pour-promouvoir-lactivite-physique\/\",\"name\":\"Des \u00e9tudiantes et \u00e9tudiants de MGP lancent une initiative pour promouvoir l'activit\u00e9 physique - UQACtualit\u00e9s\",\"isPartOf\":{\"@id\":\"https:\/\/www.uqac.ca\/uqactualites\/#website\"},\"primaryImageOfPage\":{\"@id\":\"https:\/\/www.uqac.ca\/uqactualites\/2024\/06\/04\/des-etudiantes-et-etudiants-de-mgp-lancent-une-initiative-pour-promouvoir-lactivite-physique\/#primaryimage\"},\"image\":{\"@id\":\"https:\/\/www.uqac.ca\/uqactualites\/2024\/06\/04\/des-etudiantes-et-etudiants-de-mgp-lancent-une-initiative-pour-promouvoir-lactivite-physique\/#primaryimage\"},\"thumbnailUrl\":\"https:\/\/www.uqac.ca\/uqactualites\/wp-content\/uploads\/2024\/06\/Course-etoilee.png\",\"datePublished\":\"2024-06-04T20:28:04+00:00\",\"dateModified\":\"2024-07-22T19:29:25+00:00\",\"author\":{\"@id\":\"https:\/\/www.uqac.ca\/uqactualites\/#\/schema\/person\/366c45a0c4f0e677b41b4af5886e2018\"},\"description\":\"Un groupe de 5 \u00e9tudiantes et \u00e9tudiants de MGP ont organis\u00e9, le 18 mai dernier, un \u00e9v\u00e9nement sportif intitul\u00e9 La course \u00e9toil\u00e9e pour tous.\",\"breadcrumb\":{\"@id\":\"https:\/\/www.uqac.ca\/uqactualites\/2024\/06\/04\/des-etudiantes-et-etudiants-de-mgp-lancent-une-initiative-pour-promouvoir-lactivite-physique\/#breadcrumb\"},\"inLanguage\":\"fr-CA\",\"potentialAction\":[{\"@type\":\"ReadAction\",\"target\":[\"https:\/\/www.uqac.ca\/uqactualites\/2024\/06\/04\/des-etudiantes-et-etudiants-de-mgp-lancent-une-initiative-pour-promouvoir-lactivite-physique\/\"]}]},{\"@type\":\"ImageObject\",\"inLanguage\":\"fr-CA\",\"@id\":\"https:\/\/www.uqac.ca\/uqactualites\/2024\/06\/04\/des-etudiantes-et-etudiants-de-mgp-lancent-une-initiative-pour-promouvoir-lactivite-physique\/#primaryimage\",\"url\":\"https:\/\/www.uqac.ca\/uqactualites\/wp-content\/uploads\/2024\/06\/Course-etoilee.png\",\"contentUrl\":\"https:\/\/www.uqac.ca\/uqactualites\/wp-content\/uploads\/2024\/06\/Course-etoilee.png\",\"width\":1920,\"height\":1080,\"caption\":\"ma\u00eetrise gestion de projet UQAC course \u00e9toil\u00e9e\"},{\"@type\":\"BreadcrumbList\",\"@id\":\"https:\/\/www.uqac.ca\/uqactualites\/2024\/06\/04\/des-etudiantes-et-etudiants-de-mgp-lancent-une-initiative-pour-promouvoir-lactivite-physique\/#breadcrumb\",\"itemListElement\":[{\"@type\":\"ListItem\",\"position\":1,\"name\":\"Home\",\"item\":\"https:\/\/www.uqac.ca\/uqactualites\/\"},{\"@type\":\"ListItem\",\"position\":2,\"name\":\"Des \u00e9tudiantes et \u00e9tudiants de MGP lancent une initiative pour promouvoir l&rsquo;activit\u00e9 physique\"}]},{\"@type\":\"WebSite\",\"@id\":\"https:\/\/www.uqac.ca\/uqactualites\/#website\",\"url\":\"https:\/\/www.uqac.ca\/uqactualites\/\",\"name\":\"UQACtualit\u00e9s\",\"description\":\"Le portail des nouvelles de l&#039;UQAC\",\"potentialAction\":[{\"@type\":\"SearchAction\",\"target\":{\"@type\":\"EntryPoint\",\"urlTemplate\":\"https:\/\/www.uqac.ca\/uqactualites\/?s={search_term_string}\"},\"query-input\":{\"@type\":\"PropertyValueSpecification\",\"valueRequired\":true,\"valueName\":\"search_term_string\"}}],\"inLanguage\":\"fr-CA\"},{\"@type\":\"Person\",\"@id\":\"https:\/\/www.uqac.ca\/uqactualites\/#\/schema\/person\/366c45a0c4f0e677b41b4af5886e2018\",\"name\":\"Service des communications et des relations publiques\",\"image\":{\"@type\":\"ImageObject\",\"inLanguage\":\"fr-CA\",\"@id\":\"https:\/\/www.uqac.ca\/uqactualites\/#\/schema\/person\/image\/\",\"url\":\"https:\/\/secure.gravatar.com\/avatar\/20fbbda8a292f59f2d3461a5b999c00b?s=96&d=mm&r=g\",\"contentUrl\":\"https:\/\/secure.gravatar.com\/avatar\/20fbbda8a292f59f2d3461a5b999c00b?s=96&d=mm&r=g\",\"caption\":\"Service des communications et des relations publiques\"},\"url\":\"https:\/\/www.uqac.ca\/uqactualites\/author\/bap\/\"}]}<\/script>\r\n<!-- \/ Yoast SEO plugin. -->","yoast_head_json":{"title":"Des \u00e9tudiantes et \u00e9tudiants de MGP lancent une initiative pour promouvoir l'activit\u00e9 physique - UQACtualit\u00e9s","description":"Un groupe de 5 \u00e9tudiantes et \u00e9tudiants de MGP ont organis\u00e9, le 18 mai dernier, un \u00e9v\u00e9nement sportif intitul\u00e9 La course \u00e9toil\u00e9e pour tous.","robots":{"index":"index","follow":"follow","max-snippet":"max-snippet:-1","max-image-preview":"max-image-preview:large","max-video-preview":"max-video-preview:-1"},"canonical":"https:\/\/www.uqac.ca\/uqactualites\/2024\/06\/04\/des-etudiantes-et-etudiants-de-mgp-lancent-une-initiative-pour-promouvoir-lactivite-physique\/","og_locale":"fr_CA","og_type":"article","og_title":"Des \u00e9tudiantes et \u00e9tudiants de MGP lancent une initiative pour promouvoir l'activit\u00e9 physique - UQACtualit\u00e9s","og_description":"Un groupe de 5 \u00e9tudiantes et \u00e9tudiants de MGP ont organis\u00e9, le 18 mai dernier, un \u00e9v\u00e9nement sportif intitul\u00e9 La course \u00e9toil\u00e9e pour tous.","og_url":"https:\/\/www.uqac.ca\/uqactualites\/2024\/06\/04\/des-etudiantes-et-etudiants-de-mgp-lancent-une-initiative-pour-promouvoir-lactivite-physique\/","og_site_name":"UQACtualit\u00e9s","article_published_time":"2024-06-04T20:28:04+00:00","article_modified_time":"2024-07-22T19:29:25+00:00","og_image":[{"width":1024,"height":576,"url":"https:\/\/www.uqac.ca\/uqactualites\/wp-content\/uploads\/2024\/06\/Course-etoilee-1024x576.png","type":"image\/png"}],"author":"Service des communications et des relations publiques","twitter_card":"summary_large_image","twitter_misc":{"\u00c9crit par":"Service des communications et des relations publiques","Estimation du temps de lecture":"2 minutes"},"schema":{"@context":"https:\/\/schema.org","@graph":[{"@type":"WebPage","@id":"https:\/\/www.uqac.ca\/uqactualites\/2024\/06\/04\/des-etudiantes-et-etudiants-de-mgp-lancent-une-initiative-pour-promouvoir-lactivite-physique\/","url":"https:\/\/www.uqac.ca\/uqactualites\/2024\/06\/04\/des-etudiantes-et-etudiants-de-mgp-lancent-une-initiative-pour-promouvoir-lactivite-physique\/","name":"Des \u00e9tudiantes et \u00e9tudiants de MGP lancent une initiative pour promouvoir l'activit\u00e9 physique - UQACtualit\u00e9s","isPartOf":{"@id":"https:\/\/www.uqac.ca\/uqactualites\/#website"},"primaryImageOfPage":{"@id":"https:\/\/www.uqac.ca\/uqactualites\/2024\/06\/04\/des-etudiantes-et-etudiants-de-mgp-lancent-une-initiative-pour-promouvoir-lactivite-physique\/#primaryimage"},"image":{"@id":"https:\/\/www.uqac.ca\/uqactualites\/2024\/06\/04\/des-etudiantes-et-etudiants-de-mgp-lancent-une-initiative-pour-promouvoir-lactivite-physique\/#primaryimage"},"thumbnailUrl":"https:\/\/www.uqac.ca\/uqactualites\/wp-content\/uploads\/2024\/06\/Course-etoilee.png","datePublished":"2024-06-04T20:28:04+00:00","dateModified":"2024-07-22T19:29:25+00:00","author":{"@id":"https:\/\/www.uqac.ca\/uqactualites\/#\/schema\/person\/366c45a0c4f0e677b41b4af5886e2018"},"description":"Un groupe de 5 \u00e9tudiantes et \u00e9tudiants de MGP ont organis\u00e9, le 18 mai dernier, un \u00e9v\u00e9nement sportif intitul\u00e9 La course \u00e9toil\u00e9e pour tous.","breadcrumb":{"@id":"https:\/\/www.uqac.ca\/uqactualites\/2024\/06\/04\/des-etudiantes-et-etudiants-de-mgp-lancent-une-initiative-pour-promouvoir-lactivite-physique\/#breadcrumb"},"inLanguage":"fr-CA","potentialAction":[{"@type":"ReadAction","target":["https:\/\/www.uqac.ca\/uqactualites\/2024\/06\/04\/des-etudiantes-et-etudiants-de-mgp-lancent-une-initiative-pour-promouvoir-lactivite-physique\/"]}]},{"@type":"ImageObject","inLanguage":"fr-CA","@id":"https:\/\/www.uqac.ca\/uqactualites\/2024\/06\/04\/des-etudiantes-et-etudiants-de-mgp-lancent-une-initiative-pour-promouvoir-lactivite-physique\/#primaryimage","url":"https:\/\/www.uqac.ca\/uqactualites\/wp-content\/uploads\/2024\/06\/Course-etoilee.png","contentUrl":"https:\/\/www.uqac.ca\/uqactualites\/wp-content\/uploads\/2024\/06\/Course-etoilee.png","width":1920,"height":1080,"caption":"ma\u00eetrise gestion de projet UQAC course \u00e9toil\u00e9e"},{"@type":"BreadcrumbList","@id":"https:\/\/www.uqac.ca\/uqactualites\/2024\/06\/04\/des-etudiantes-et-etudiants-de-mgp-lancent-une-initiative-pour-promouvoir-lactivite-physique\/#breadcrumb","itemListElement":[{"@type":"ListItem","position":1,"name":"Home","item":"https:\/\/www.uqac.ca\/uqactualites\/"},{"@type":"ListItem","position":2,"name":"Des \u00e9tudiantes et \u00e9tudiants de MGP lancent une initiative pour promouvoir l&rsquo;activit\u00e9 physique"}]},{"@type":"WebSite","@id":"https:\/\/www.uqac.ca\/uqactualites\/#website","url":"https:\/\/www.uqac.ca\/uqactualites\/","name":"UQACtualit\u00e9s","description":"Le portail des nouvelles de l&#039;UQAC","potentialAction":[{"@type":"SearchAction","target":{"@type":"EntryPoint","urlTemplate":"https:\/\/www.uqac.ca\/uqactualites\/?s={search_term_string}"},"query-input":{"@type":"PropertyValueSpecification","valueRequired":true,"valueName":"search_term_string"}}],"inLanguage":"fr-CA"},{"@type":"Person","@id":"https:\/\/www.uqac.ca\/uqactualites\/#\/schema\/person\/366c45a0c4f0e677b41b4af5886e2018","name":"Service des communications et des relations publiques","image":{"@type":"ImageObject","inLanguage":"fr-CA","@id":"https:\/\/www.uqac.ca\/uqactualites\/#\/schema\/person\/image\/","url":"https:\/\/secure.gravatar.com\/avatar\/20fbbda8a292f59f2d3461a5b999c00b?s=96&d=mm&r=g","contentUrl":"https:\/\/secure.gravatar.com\/avatar\/20fbbda8a292f59f2d3461a5b999c00b?s=96&d=mm&r=g","caption":"Service des communications et des relations publiques"},"url":"https:\/\/www.uqac.ca\/uqactualites\/author\/bap\/"}]}},"_links":{"self":[{"href":"https:\/\/www.uqac.ca\/uqactualites\/wp-json\/wp\/v2\/posts\/47518"}],"collection":[{"href":"https:\/\/www.uqac.ca\/uqactualites\/wp-json\/wp\/v2\/posts"}],"about":[{"href":"https:\/\/www.uqac.ca\/uqactualites\/wp-json\/wp\/v2\/types\/post"}],"author":[{"embeddable":true,"href":"https:\/\/www.uqac.ca\/uqactualites\/wp-json\/wp\/v2\/users\/5"}],"replies":[{"embeddable":true,"href":"https:\/\/www.uqac.ca\/uqactualites\/wp-json\/wp\/v2\/comments?post=47518"}],"version-history":[{"count":4,"href":"https:\/\/www.uqac.ca\/uqactualites\/wp-json\/wp\/v2\/posts\/47518\/revisions"}],"predecessor-version":[{"id":47524,"href":"https:\/\/www.uqac.ca\/uqactualites\/wp-json\/wp\/v2\/posts\/47518\/revisions\/47524"}],"wp:featuredmedia":[{"embeddable":true,"href":"https:\/\/www.uqac.ca\/uqactualites\/wp-json\/wp\/v2\/media\/47520"}],"wp:attachment":[{"href":"https:\/\/www.uqac.ca\/uqactualites\/wp-json\/wp\/v2\/media?parent=47518"}],"wp:term":[{"taxonomy":"category","embeddable":true,"href":"https:\/\/www.uqac.ca\/uqactualites\/wp-json\/wp\/v2\/categories?post=47518"},{"taxonomy":"post_tag","embeddable":true,"href":"https:\/\/www.uqac.ca\/uqactualites\/wp-json\/wp\/v2\/tags?post=47518"}],"curies":[{"name":"wp","href":"https:\/\/api.w.org\/{rel}","templated":true}]}}