{"id":47649,"date":"2024-06-10T16:44:19","date_gmt":"2024-06-10T20:44:19","guid":{"rendered":"https:\/\/www.uqac.ca\/uqactualites\/?p=47649"},"modified":"2024-07-23T09:37:06","modified_gmt":"2024-07-23T13:37:06","slug":"retour-sur-la-reussite-de-nos-etudiantes-et-etudiants-en-gestion-publique-en-contexte-autochtone-avant-la-pause-estivale","status":"publish","type":"post","link":"https:\/\/www.uqac.ca\/uqactualites\/2024\/06\/10\/retour-sur-la-reussite-de-nos-etudiantes-et-etudiants-en-gestion-publique-en-contexte-autochtone-avant-la-pause-estivale\/","title":{"rendered":"Retour sur la r\u00e9ussite de nos \u00e9tudiantes et \u00e9tudiants en gestion publique en contexte autochtone avant la pause estivale"},"content":{"rendered":"<p>J\u2019ai prononc\u00e9 quelques mots ce vendredi lors d\u2019une c\u00e9r\u00e9monie visant \u00e0 souligner la r\u00e9ussite des \u00e9tudiantes et \u00e9tudiants des programmes de gestion publique en contexte autochtone que notre universit\u00e9 offre conjointement avec l\u2019\u00c9NAP et l\u2019UQAT.<\/p>\n<p>Depuis 2018, l\u2019UQAC est fi\u00e8re de prendre part \u00e0 cette initiative id\u00e9alis\u00e9e et cod\u00e9velopp\u00e9e avec le Conseil en \u00c9ducation des Premi\u00e8res Nations (CEPN) afin d\u2019offrir une formation en gestion publique qui tient compte des r\u00e9alit\u00e9s des populations autochtones.<\/p>\n<p>Cette activit\u00e9 de reconnaissance repr\u00e9sentait un moment unique \u00e0 bien des \u00e9gards puisqu\u2019il symbolisait, pour nos nouvelles dipl\u00f4m\u00e9es et nouveaux dipl\u00f4m\u00e9s, la cons\u00e9cration d\u2019une combinaison d\u2019efforts de tout acabit et de nombreux sacrifices. Ils et elles ont maintenant en main une cl\u00e9 importante qui ouvre la porte \u00e0 un nombre exponentiel de possibilit\u00e9s pour eux-m\u00eames, mais \u00e9galement pour la soci\u00e9t\u00e9 en g\u00e9n\u00e9ral et, particuli\u00e8rement, pour les communaut\u00e9s qui auront besoin de leurs comp\u00e9tences et de leurs connaissances afin de relever les d\u00e9fis d\u2019aujourd\u2019hui et trouver les solutions de ceux de demain.<\/p>\n<p>Mentionnons qu\u2019\u00e0 ce jour, pr\u00e8s de 58 attestations de microprogrammes et de programmes courts ont \u00e9t\u00e9 attribu\u00e9es. Les programmes conjoints ont \u00e9galement permis \u00e0 une douzaine de ces \u00e9tudiants et \u00e9tudiantes d\u2019obtenir un dipl\u00f4me d\u2019\u00e9tudes sup\u00e9rieures sp\u00e9cialis\u00e9es (DESS) et de poursuivre vers l\u2019obtention d\u2019une ma\u00eetrise en administration publique, profil gestionnaire de l\u2019ENAP. F\u00e9licitations aux finissantes et finissants 2024!<\/p>\n<p>Ce billet marque le dernier blogue avant les vacances estivales. Je reprendrai mes bonnes habitudes d\u00e8s la rentr\u00e9e d\u2019automne. D\u2019ici l\u00e0, je prends ces quelques derni\u00e8res lignes pour vous souhaiter des vacances reposantes et enrichissantes. Membres du corps enseignant et du personnel de l\u2019UQAC, votre engagement et votre esprit de collaboration nous permettent quotidiennement d\u2019offrir le meilleur \u00e0 nos \u00e9tudiants et \u00e9tudiantes. Profitez de cette pause bien m\u00e9rit\u00e9e pour faire le plein d\u2019\u00e9nergie et passer du bon temps avec vos proches.<\/p>\n<p>Et vous ch\u00e8res \u00e9tudiantes et chers \u00e9tudiants, que vous consacriez la p\u00e9riode estivale \u00e0 vos \u00e9tudes ou encore \u00e0 un emploi d\u2019\u00e9t\u00e9, je vous souhaite tout le succ\u00e8s escompt\u00e9! Profitez quand m\u00eame vous aussi du soleil et revenez-nous en pleine forme pour le trimestre d\u2019automne.<\/p>\n<p>Bonnes vacances \u00e0 toutes et \u00e0 tous!<\/p>\n","protected":false},"excerpt":{"rendered":"<p>J\u2019ai prononc\u00e9 quelques mots ce vendredi lors d\u2019une c\u00e9r\u00e9monie visant \u00e0 souligner la r\u00e9ussite des \u00e9tudiantes et \u00e9tudiants des programmes de gestion publique en contexte autochtone que notre universit\u00e9 offre conjointement avec l\u2019\u00c9NAP et l\u2019UQAT. Depuis 2018, l\u2019UQAC est fi\u00e8re de prendre part \u00e0 cette initiative id\u00e9alis\u00e9e et cod\u00e9velopp\u00e9e avec le Conseil en \u00c9ducation des [&hellip;]<\/p>\n","protected":false},"author":10,"featured_media":47652,"comment_status":"closed","ping_status":"open","sticky":false,"template":"","format":"standard","meta":{"footnotes":""},"categories":[2792],"tags":[],"yoast_head":"<!-- This site is optimized with the Yoast SEO plugin v24.2 - https:\/\/yoast.com\/wordpress\/plugins\/seo\/ -->\r\n<title>Retour sur la r\u00e9ussite de nos \u00e9tudiantes et \u00e9tudiants en gestion publique en contexte autochtone avant la pause estivale - UQACtualit\u00e9s<\/title>\r\n<meta name=\"robots\" content=\"index, follow, max-snippet:-1, max-image-preview:large, max-video-preview:-1\" \/>\r\n<link rel=\"canonical\" href=\"https:\/\/www.uqac.ca\/uqactualites\/2024\/06\/10\/retour-sur-la-reussite-de-nos-etudiantes-et-etudiants-en-gestion-publique-en-contexte-autochtone-avant-la-pause-estivale\/\" \/>\r\n<meta property=\"og:locale\" content=\"fr_CA\" \/>\r\n<meta property=\"og:type\" content=\"article\" \/>\r\n<meta property=\"og:title\" content=\"Retour sur la r\u00e9ussite de nos \u00e9tudiantes et \u00e9tudiants en gestion publique en contexte autochtone avant la pause estivale - UQACtualit\u00e9s\" \/>\r\n<meta property=\"og:description\" content=\"J\u2019ai prononc\u00e9 quelques mots ce vendredi lors d\u2019une c\u00e9r\u00e9monie visant \u00e0 souligner la r\u00e9ussite des \u00e9tudiantes et \u00e9tudiants des programmes de gestion publique en contexte autochtone que notre universit\u00e9 offre conjointement avec l\u2019\u00c9NAP et l\u2019UQAT. Depuis 2018, l\u2019UQAC est fi\u00e8re de prendre part \u00e0 cette initiative id\u00e9alis\u00e9e et cod\u00e9velopp\u00e9e avec le Conseil en \u00c9ducation des [&hellip;]\" \/>\r\n<meta property=\"og:url\" content=\"https:\/\/www.uqac.ca\/uqactualites\/2024\/06\/10\/retour-sur-la-reussite-de-nos-etudiantes-et-etudiants-en-gestion-publique-en-contexte-autochtone-avant-la-pause-estivale\/\" \/>\r\n<meta property=\"og:site_name\" content=\"UQACtualit\u00e9s\" \/>\r\n<meta property=\"article:published_time\" content=\"2024-06-10T20:44:19+00:00\" \/>\r\n<meta property=\"article:modified_time\" content=\"2024-07-23T13:37:06+00:00\" \/>\r\n<meta property=\"og:image\" content=\"https:\/\/www.uqac.ca\/uqactualites\/wp-content\/uploads\/2024\/06\/photo_blogue-scaled.jpg\" \/>\r\n\t<meta property=\"og:image:width\" content=\"2560\" \/>\r\n\t<meta property=\"og:image:height\" content=\"1662\" \/>\r\n\t<meta property=\"og:image:type\" content=\"image\/jpeg\" \/>\r\n<meta name=\"author\" content=\"Ghislain Samson\" \/>\r\n<meta name=\"twitter:card\" content=\"summary_large_image\" \/>\r\n<meta name=\"twitter:label1\" content=\"\u00c9crit par\" \/>\n\t<meta name=\"twitter:data1\" content=\"Ghislain Samson\" \/>\n\t<meta name=\"twitter:label2\" content=\"Estimation du temps de lecture\" \/>\n\t<meta name=\"twitter:data2\" content=\"3 minutes\" \/>\r\n<script type=\"application\/ld+json\" class=\"yoast-schema-graph\">{\"@context\":\"https:\/\/schema.org\",\"@graph\":[{\"@type\":\"WebPage\",\"@id\":\"https:\/\/www.uqac.ca\/uqactualites\/2024\/06\/10\/retour-sur-la-reussite-de-nos-etudiantes-et-etudiants-en-gestion-publique-en-contexte-autochtone-avant-la-pause-estivale\/\",\"url\":\"https:\/\/www.uqac.ca\/uqactualites\/2024\/06\/10\/retour-sur-la-reussite-de-nos-etudiantes-et-etudiants-en-gestion-publique-en-contexte-autochtone-avant-la-pause-estivale\/\",\"name\":\"Retour sur la r\u00e9ussite de nos \u00e9tudiantes et \u00e9tudiants en gestion publique en contexte autochtone avant la pause estivale - UQACtualit\u00e9s\",\"isPartOf\":{\"@id\":\"https:\/\/www.uqac.ca\/uqactualites\/#website\"},\"primaryImageOfPage\":{\"@id\":\"https:\/\/www.uqac.ca\/uqactualites\/2024\/06\/10\/retour-sur-la-reussite-de-nos-etudiantes-et-etudiants-en-gestion-publique-en-contexte-autochtone-avant-la-pause-estivale\/#primaryimage\"},\"image\":{\"@id\":\"https:\/\/www.uqac.ca\/uqactualites\/2024\/06\/10\/retour-sur-la-reussite-de-nos-etudiantes-et-etudiants-en-gestion-publique-en-contexte-autochtone-avant-la-pause-estivale\/#primaryimage\"},\"thumbnailUrl\":\"https:\/\/www.uqac.ca\/uqactualites\/wp-content\/uploads\/2024\/06\/photo_blogue-scaled.jpg\",\"datePublished\":\"2024-06-10T20:44:19+00:00\",\"dateModified\":\"2024-07-23T13:37:06+00:00\",\"author\":{\"@id\":\"https:\/\/www.uqac.ca\/uqactualites\/#\/schema\/person\/ae2225f9f23eebff67a6e899225952fb\"},\"breadcrumb\":{\"@id\":\"https:\/\/www.uqac.ca\/uqactualites\/2024\/06\/10\/retour-sur-la-reussite-de-nos-etudiantes-et-etudiants-en-gestion-publique-en-contexte-autochtone-avant-la-pause-estivale\/#breadcrumb\"},\"inLanguage\":\"fr-CA\",\"potentialAction\":[{\"@type\":\"ReadAction\",\"target\":[\"https:\/\/www.uqac.ca\/uqactualites\/2024\/06\/10\/retour-sur-la-reussite-de-nos-etudiantes-et-etudiants-en-gestion-publique-en-contexte-autochtone-avant-la-pause-estivale\/\"]}]},{\"@type\":\"ImageObject\",\"inLanguage\":\"fr-CA\",\"@id\":\"https:\/\/www.uqac.ca\/uqactualites\/2024\/06\/10\/retour-sur-la-reussite-de-nos-etudiantes-et-etudiants-en-gestion-publique-en-contexte-autochtone-avant-la-pause-estivale\/#primaryimage\",\"url\":\"https:\/\/www.uqac.ca\/uqactualites\/wp-content\/uploads\/2024\/06\/photo_blogue-scaled.jpg\",\"contentUrl\":\"https:\/\/www.uqac.ca\/uqactualites\/wp-content\/uploads\/2024\/06\/photo_blogue-scaled.jpg\",\"width\":2560,\"height\":1662},{\"@type\":\"BreadcrumbList\",\"@id\":\"https:\/\/www.uqac.ca\/uqactualites\/2024\/06\/10\/retour-sur-la-reussite-de-nos-etudiantes-et-etudiants-en-gestion-publique-en-contexte-autochtone-avant-la-pause-estivale\/#breadcrumb\",\"itemListElement\":[{\"@type\":\"ListItem\",\"position\":1,\"name\":\"Home\",\"item\":\"https:\/\/www.uqac.ca\/uqactualites\/\"},{\"@type\":\"ListItem\",\"position\":2,\"name\":\"Retour sur la r\u00e9ussite de nos \u00e9tudiantes et \u00e9tudiants en gestion publique en contexte autochtone avant la pause estivale\"}]},{\"@type\":\"WebSite\",\"@id\":\"https:\/\/www.uqac.ca\/uqactualites\/#website\",\"url\":\"https:\/\/www.uqac.ca\/uqactualites\/\",\"name\":\"UQACtualit\u00e9s\",\"description\":\"Le portail des nouvelles de l&#039;UQAC\",\"potentialAction\":[{\"@type\":\"SearchAction\",\"target\":{\"@type\":\"EntryPoint\",\"urlTemplate\":\"https:\/\/www.uqac.ca\/uqactualites\/?s={search_term_string}\"},\"query-input\":{\"@type\":\"PropertyValueSpecification\",\"valueRequired\":true,\"valueName\":\"search_term_string\"}}],\"inLanguage\":\"fr-CA\"},{\"@type\":\"Person\",\"@id\":\"https:\/\/www.uqac.ca\/uqactualites\/#\/schema\/person\/ae2225f9f23eebff67a6e899225952fb\",\"name\":\"Ghislain Samson\",\"image\":{\"@type\":\"ImageObject\",\"inLanguage\":\"fr-CA\",\"@id\":\"https:\/\/www.uqac.ca\/uqactualites\/#\/schema\/person\/image\/\",\"url\":\"https:\/\/secure.gravatar.com\/avatar\/61ad9756d7707fefb25ed321388b2105?s=96&d=mm&r=g\",\"contentUrl\":\"https:\/\/secure.gravatar.com\/avatar\/61ad9756d7707fefb25ed321388b2105?s=96&d=mm&r=g\",\"caption\":\"Ghislain Samson\"},\"url\":\"https:\/\/www.uqac.ca\/uqactualites\/author\/gsamson\/\"}]}<\/script>\r\n<!-- \/ Yoast SEO plugin. -->","yoast_head_json":{"title":"Retour sur la r\u00e9ussite de nos \u00e9tudiantes et \u00e9tudiants en gestion publique en contexte autochtone avant la pause estivale - UQACtualit\u00e9s","robots":{"index":"index","follow":"follow","max-snippet":"max-snippet:-1","max-image-preview":"max-image-preview:large","max-video-preview":"max-video-preview:-1"},"canonical":"https:\/\/www.uqac.ca\/uqactualites\/2024\/06\/10\/retour-sur-la-reussite-de-nos-etudiantes-et-etudiants-en-gestion-publique-en-contexte-autochtone-avant-la-pause-estivale\/","og_locale":"fr_CA","og_type":"article","og_title":"Retour sur la r\u00e9ussite de nos \u00e9tudiantes et \u00e9tudiants en gestion publique en contexte autochtone avant la pause estivale - UQACtualit\u00e9s","og_description":"J\u2019ai prononc\u00e9 quelques mots ce vendredi lors d\u2019une c\u00e9r\u00e9monie visant \u00e0 souligner la r\u00e9ussite des \u00e9tudiantes et \u00e9tudiants des programmes de gestion publique en contexte autochtone que notre universit\u00e9 offre conjointement avec l\u2019\u00c9NAP et l\u2019UQAT. Depuis 2018, l\u2019UQAC est fi\u00e8re de prendre part \u00e0 cette initiative id\u00e9alis\u00e9e et cod\u00e9velopp\u00e9e avec le Conseil en \u00c9ducation des [&hellip;]","og_url":"https:\/\/www.uqac.ca\/uqactualites\/2024\/06\/10\/retour-sur-la-reussite-de-nos-etudiantes-et-etudiants-en-gestion-publique-en-contexte-autochtone-avant-la-pause-estivale\/","og_site_name":"UQACtualit\u00e9s","article_published_time":"2024-06-10T20:44:19+00:00","article_modified_time":"2024-07-23T13:37:06+00:00","og_image":[{"width":2560,"height":1662,"url":"https:\/\/www.uqac.ca\/uqactualites\/wp-content\/uploads\/2024\/06\/photo_blogue-scaled.jpg","type":"image\/jpeg"}],"author":"Ghislain Samson","twitter_card":"summary_large_image","twitter_misc":{"\u00c9crit par":"Ghislain Samson","Estimation du temps de lecture":"3 minutes"},"schema":{"@context":"https:\/\/schema.org","@graph":[{"@type":"WebPage","@id":"https:\/\/www.uqac.ca\/uqactualites\/2024\/06\/10\/retour-sur-la-reussite-de-nos-etudiantes-et-etudiants-en-gestion-publique-en-contexte-autochtone-avant-la-pause-estivale\/","url":"https:\/\/www.uqac.ca\/uqactualites\/2024\/06\/10\/retour-sur-la-reussite-de-nos-etudiantes-et-etudiants-en-gestion-publique-en-contexte-autochtone-avant-la-pause-estivale\/","name":"Retour sur la r\u00e9ussite de nos \u00e9tudiantes et \u00e9tudiants en gestion publique en contexte autochtone avant la pause estivale - UQACtualit\u00e9s","isPartOf":{"@id":"https:\/\/www.uqac.ca\/uqactualites\/#website"},"primaryImageOfPage":{"@id":"https:\/\/www.uqac.ca\/uqactualites\/2024\/06\/10\/retour-sur-la-reussite-de-nos-etudiantes-et-etudiants-en-gestion-publique-en-contexte-autochtone-avant-la-pause-estivale\/#primaryimage"},"image":{"@id":"https:\/\/www.uqac.ca\/uqactualites\/2024\/06\/10\/retour-sur-la-reussite-de-nos-etudiantes-et-etudiants-en-gestion-publique-en-contexte-autochtone-avant-la-pause-estivale\/#primaryimage"},"thumbnailUrl":"https:\/\/www.uqac.ca\/uqactualites\/wp-content\/uploads\/2024\/06\/photo_blogue-scaled.jpg","datePublished":"2024-06-10T20:44:19+00:00","dateModified":"2024-07-23T13:37:06+00:00","author":{"@id":"https:\/\/www.uqac.ca\/uqactualites\/#\/schema\/person\/ae2225f9f23eebff67a6e899225952fb"},"breadcrumb":{"@id":"https:\/\/www.uqac.ca\/uqactualites\/2024\/06\/10\/retour-sur-la-reussite-de-nos-etudiantes-et-etudiants-en-gestion-publique-en-contexte-autochtone-avant-la-pause-estivale\/#breadcrumb"},"inLanguage":"fr-CA","potentialAction":[{"@type":"ReadAction","target":["https:\/\/www.uqac.ca\/uqactualites\/2024\/06\/10\/retour-sur-la-reussite-de-nos-etudiantes-et-etudiants-en-gestion-publique-en-contexte-autochtone-avant-la-pause-estivale\/"]}]},{"@type":"ImageObject","inLanguage":"fr-CA","@id":"https:\/\/www.uqac.ca\/uqactualites\/2024\/06\/10\/retour-sur-la-reussite-de-nos-etudiantes-et-etudiants-en-gestion-publique-en-contexte-autochtone-avant-la-pause-estivale\/#primaryimage","url":"https:\/\/www.uqac.ca\/uqactualites\/wp-content\/uploads\/2024\/06\/photo_blogue-scaled.jpg","contentUrl":"https:\/\/www.uqac.ca\/uqactualites\/wp-content\/uploads\/2024\/06\/photo_blogue-scaled.jpg","width":2560,"height":1662},{"@type":"BreadcrumbList","@id":"https:\/\/www.uqac.ca\/uqactualites\/2024\/06\/10\/retour-sur-la-reussite-de-nos-etudiantes-et-etudiants-en-gestion-publique-en-contexte-autochtone-avant-la-pause-estivale\/#breadcrumb","itemListElement":[{"@type":"ListItem","position":1,"name":"Home","item":"https:\/\/www.uqac.ca\/uqactualites\/"},{"@type":"ListItem","position":2,"name":"Retour sur la r\u00e9ussite de nos \u00e9tudiantes et \u00e9tudiants en gestion publique en contexte autochtone avant la pause estivale"}]},{"@type":"WebSite","@id":"https:\/\/www.uqac.ca\/uqactualites\/#website","url":"https:\/\/www.uqac.ca\/uqactualites\/","name":"UQACtualit\u00e9s","description":"Le portail des nouvelles de l&#039;UQAC","potentialAction":[{"@type":"SearchAction","target":{"@type":"EntryPoint","urlTemplate":"https:\/\/www.uqac.ca\/uqactualites\/?s={search_term_string}"},"query-input":{"@type":"PropertyValueSpecification","valueRequired":true,"valueName":"search_term_string"}}],"inLanguage":"fr-CA"},{"@type":"Person","@id":"https:\/\/www.uqac.ca\/uqactualites\/#\/schema\/person\/ae2225f9f23eebff67a6e899225952fb","name":"Ghislain Samson","image":{"@type":"ImageObject","inLanguage":"fr-CA","@id":"https:\/\/www.uqac.ca\/uqactualites\/#\/schema\/person\/image\/","url":"https:\/\/secure.gravatar.com\/avatar\/61ad9756d7707fefb25ed321388b2105?s=96&d=mm&r=g","contentUrl":"https:\/\/secure.gravatar.com\/avatar\/61ad9756d7707fefb25ed321388b2105?s=96&d=mm&r=g","caption":"Ghislain Samson"},"url":"https:\/\/www.uqac.ca\/uqactualites\/author\/gsamson\/"}]}},"_links":{"self":[{"href":"https:\/\/www.uqac.ca\/uqactualites\/wp-json\/wp\/v2\/posts\/47649"}],"collection":[{"href":"https:\/\/www.uqac.ca\/uqactualites\/wp-json\/wp\/v2\/posts"}],"about":[{"href":"https:\/\/www.uqac.ca\/uqactualites\/wp-json\/wp\/v2\/types\/post"}],"author":[{"embeddable":true,"href":"https:\/\/www.uqac.ca\/uqactualites\/wp-json\/wp\/v2\/users\/10"}],"replies":[{"embeddable":true,"href":"https:\/\/www.uqac.ca\/uqactualites\/wp-json\/wp\/v2\/comments?post=47649"}],"version-history":[{"count":1,"href":"https:\/\/www.uqac.ca\/uqactualites\/wp-json\/wp\/v2\/posts\/47649\/revisions"}],"predecessor-version":[{"id":47651,"href":"https:\/\/www.uqac.ca\/uqactualites\/wp-json\/wp\/v2\/posts\/47649\/revisions\/47651"}],"wp:featuredmedia":[{"embeddable":true,"href":"https:\/\/www.uqac.ca\/uqactualites\/wp-json\/wp\/v2\/media\/47652"}],"wp:attachment":[{"href":"https:\/\/www.uqac.ca\/uqactualites\/wp-json\/wp\/v2\/media?parent=47649"}],"wp:term":[{"taxonomy":"category","embeddable":true,"href":"https:\/\/www.uqac.ca\/uqactualites\/wp-json\/wp\/v2\/categories?post=47649"},{"taxonomy":"post_tag","embeddable":true,"href":"https:\/\/www.uqac.ca\/uqactualites\/wp-json\/wp\/v2\/tags?post=47649"}],"curies":[{"name":"wp","href":"https:\/\/api.w.org\/{rel}","templated":true}]}}